{"id":38336,"date":"2026-09-01T15:33:00","date_gmt":"2026-09-01T18:33:00","guid":{"rendered":"https:\/\/www.correiobraziliense.com.br\/aqui\/?p=38336"},"modified":"2026-09-01T15:18:40","modified_gmt":"2026-09-01T18:18:40","slug":"entenda-a-atuacao-do-iml-e-da-pericia-em-investigacoes-policiais","status":"publish","type":"post","link":"https:\/\/www.correiobraziliense.com.br\/aqui\/2026\/09\/01\/entenda-a-atuacao-do-iml-e-da-pericia-em-investigacoes-policiais\/","title":{"rendered":"Entenda a atua\u00e7\u00e3o do IML e da per\u00edcia em investiga\u00e7\u00f5es policiais"},"content":{"rendered":"\n<p>Quando uma morte ocorre em circunst\u00e2ncias suspeitas ou violentas, institui\u00e7\u00f5es essenciais para a resolu\u00e7\u00e3o de crimes entram em cena: o Instituto M\u00e9dico Legal (IML) e a per\u00edcia criminal. S\u00e3o esses \u00f3rg\u00e3os que fornecem respostas cient\u00edficas que guiam toda a investiga\u00e7\u00e3o policial.<\/p>\n\n\n\n<p>O trabalho come\u00e7a no pr\u00f3prio local do fato. Peritos criminais isolam e examinam a cena em busca de vest\u00edgios, como impress\u00f5es digitais, fibras de tecido ou material gen\u00e9tico, enquanto o corpo \u00e9 removido para an\u00e1lise no IML. Essa an\u00e1lise detalhada \u00e9 fundamental para que a Pol\u00edcia Civil possa descartar ou confirmar hip\u00f3teses sobre a causa da morte, como suic\u00eddio, homic\u00eddio ou causas naturais que n\u00e3o foram previamente diagnosticadas.<\/p>\n\n\n\n<p>\u00c9 importante destacar que o trabalho do IML n\u00e3o se restringe a pessoas falecidas. Na verdade, a maior parte dos atendimentos envolve exames em pessoas vivas, como v\u00edtimas de agress\u00e3o ou de acidentes de tr\u00e2nsito. Al\u00e9m disso, casos de morte natural sem assist\u00eancia m\u00e9dica podem ser encaminhados ao Servi\u00e7o de Verifica\u00e7\u00e3o de \u00d3bito (SVO), e n\u00e3o ao IML.<\/p>\n\n\n\n<h2 class=\"wp-block-heading\">Os principais exames realizados pelo IML.<\/h2>\n\n\n\n<p>No IML, o corpo passa por uma s\u00e9rie de procedimentos para determinar a causa e a din\u00e2mica da morte. O exame mais conhecido \u00e9 a necropsia, que consiste em uma an\u00e1lise minuciosa, tanto externa quanto interna, em busca de les\u00f5es, sinais de doen\u00e7as ou qualquer outra anormalidade que possa ter levado ao \u00f3bito.<\/p>\n\n\n\n<p>Al\u00e9m disso, s\u00e3o coletadas amostras biol\u00f3gicas para outros exames complementares. Os principais s\u00e3o:<\/p>\n\n\n\n<ul class=\"wp-block-list\">\n<li><strong>Exame toxicol\u00f3gico:<\/strong> busca identificar a presen\u00e7a de subst\u00e2ncias como \u00e1lcool, drogas il\u00edcitas, venenos ou medicamentos em concentra\u00e7\u00f5es que possam ter causado a morte.<\/li>\n\n\n\n<li><strong>An\u00e1lise de DNA:<\/strong> utilizada para confirmar a identidade da v\u00edtima ou comparar material gen\u00e9tico encontrado na cena do crime com o do corpo ou de poss\u00edveis suspeitos.<\/li>\n<\/ul>\n\n\n\n<p>Ao final de todos os procedimentos, o IML emite o laudo cadav\u00e9rico, que geralmente leva cerca de 10 dias para ser conclu\u00eddo. Este documento oficial detalha todas as descobertas e aponta a causa da morte com base nas evid\u00eancias cient\u00edficas coletadas. O laudo \u00e9 uma pe\u00e7a-chave no inqu\u00e9rito policial, fornecendo as bases t\u00e9cnicas para que delegados e promotores possam direcionar as investiga\u00e7\u00f5es e, posteriormente, fundamentar uma den\u00fancia \u00e0 Justi\u00e7a.<\/p>\n","protected":false},"excerpt":{"rendered":"<p>Entenda como o IML utiliza procedimentos m\u00e9dicos e laboratoriais para determinar a causa exata de mortes investigadas pela pol\u00edcia.<\/p>\n","protected":false},"author":8,"featured_media":38337,"comment_status":"open","ping_status":"open","sticky":false,"template":"","format":"standard","meta":{"jnews-multi-image_gallery":[],"jnews_single_post":{"format":"standard"},"jnews_primary_category":[],"jnews_social_meta":[],"jnews_override_counter":[],"footnotes":""},"categories":[120],"tags":[1125,12484,12485,12483,8343],"class_list":["post-38336","post","type-post","status-publish","format-standard","has-post-thumbnail","hentry","category-curiosidades","tag-curiosidades","tag-iml","tag-instituto-medico-legal","tag-investigacoes-policiais","tag-pericia"],"yoast_head":"<!-- This site is optimized with the Yoast SEO plugin v25.1 - https:\/\/yoast.com\/wordpress\/plugins\/seo\/ -->\n<title>Entenda a atua\u00e7\u00e3o do IML e da per\u00edcia em investiga\u00e7\u00f5es policiais - Correio Braziliense - Aqui<\/title>\n<meta name=\"description\" content=\"Entenda como o IML utiliza procedimentos m\u00e9dicos e laboratoriais para determinar a causa exata de mortes investigadas pela pol\u00edcia.\" \/>\n<meta name=\"robots\" content=\"index, follow, max-snippet:-1, max-image-preview:large, max-video-preview:-1\" \/>\n<link rel=\"canonical\" href=\"https:\/\/www.correiobraziliense.com.br\/aqui\/2026\/09\/01\/entenda-a-atuacao-do-iml-e-da-pericia-em-investigacoes-policiais\/\" \/>\n<meta property=\"og:locale\" content=\"pt_BR\" \/>\n<meta property=\"og:type\" content=\"article\" \/>\n<meta property=\"og:title\" content=\"Entenda a atua\u00e7\u00e3o do IML e da per\u00edcia em investiga\u00e7\u00f5es policiais - Correio Braziliense - Aqui\" \/>\n<meta property=\"og:description\" content=\"Entenda como o IML utiliza procedimentos m\u00e9dicos e laboratoriais para determinar a causa exata de mortes investigadas pela pol\u00edcia.\" \/>\n<meta property=\"og:url\" content=\"https:\/\/www.correiobraziliense.com.br\/aqui\/2026\/09\/01\/entenda-a-atuacao-do-iml-e-da-pericia-em-investigacoes-policiais\/\" \/>\n<meta property=\"og:site_name\" content=\"Correio Braziliense - Aqui\" \/>\n<meta property=\"article:published_time\" content=\"2026-09-01T18:33:00+00:00\" \/>\n<meta property=\"og:image\" content=\"https:\/\/www.correiobraziliense.com.br\/aqui\/wp-content\/uploads\/2026\/09\/IML_1788286538963.jpg\" \/>\n\t<meta property=\"og:image:width\" content=\"1280\" \/>\n\t<meta property=\"og:image:height\" content=\"720\" \/>\n\t<meta property=\"og:image:type\" content=\"image\/jpeg\" \/>\n<meta name=\"author\" content=\"Lara\" \/>\n<meta name=\"twitter:card\" content=\"summary_large_image\" \/>\n<meta name=\"twitter:label1\" content=\"Escrito por\" \/>\n\t<meta name=\"twitter:data1\" content=\"Lara\" \/>\n\t<meta name=\"twitter:label2\" content=\"Est. tempo de leitura\" \/>\n\t<meta name=\"twitter:data2\" content=\"3 minutos\" \/>\n<!-- \/ Yoast SEO plugin. -->","yoast_head_json":{"title":"Entenda a atua\u00e7\u00e3o do IML e da per\u00edcia em investiga\u00e7\u00f5es policiais - Correio Braziliense - Aqui","description":"Entenda como o IML utiliza procedimentos m\u00e9dicos e laboratoriais para determinar a causa exata de mortes investigadas pela pol\u00edcia.","robots":{"index":"index","follow":"follow","max-snippet":"max-snippet:-1","max-image-preview":"max-image-preview:large","max-video-preview":"max-video-preview:-1"},"canonical":"https:\/\/www.correiobraziliense.com.br\/aqui\/2026\/09\/01\/entenda-a-atuacao-do-iml-e-da-pericia-em-investigacoes-policiais\/","og_locale":"pt_BR","og_type":"article","og_title":"Entenda a atua\u00e7\u00e3o do IML e da per\u00edcia em investiga\u00e7\u00f5es policiais - Correio Braziliense - Aqui","og_description":"Entenda como o IML utiliza procedimentos m\u00e9dicos e laboratoriais para determinar a causa exata de mortes investigadas pela pol\u00edcia.","og_url":"https:\/\/www.correiobraziliense.com.br\/aqui\/2026\/09\/01\/entenda-a-atuacao-do-iml-e-da-pericia-em-investigacoes-policiais\/","og_site_name":"Correio Braziliense - Aqui","article_published_time":"2026-09-01T18:33:00+00:00","og_image":[{"width":1280,"height":720,"url":"https:\/\/www.correiobraziliense.com.br\/aqui\/wp-content\/uploads\/2026\/09\/IML_1788286538963.jpg","type":"image\/jpeg"}],"author":"Lara","twitter_card":"summary_large_image","twitter_misc":{"Escrito por":"Lara","Est. tempo de leitura":"3 minutos"},"schema":{"@context":"https:\/\/schema.org","@graph":[{"@type":"WebPage","@id":"https:\/\/www.correiobraziliense.com.br\/aqui\/2026\/09\/01\/entenda-a-atuacao-do-iml-e-da-pericia-em-investigacoes-policiais\/","url":"https:\/\/www.correiobraziliense.com.br\/aqui\/2026\/09\/01\/entenda-a-atuacao-do-iml-e-da-pericia-em-investigacoes-policiais\/","name":"Entenda a atua\u00e7\u00e3o do IML e da per\u00edcia em investiga\u00e7\u00f5es policiais - Correio Braziliense - Aqui","isPartOf":{"@id":"https:\/\/www.correiobraziliense.com.br\/aqui\/#website"},"primaryImageOfPage":{"@id":"https:\/\/www.correiobraziliense.com.br\/aqui\/2026\/09\/01\/entenda-a-atuacao-do-iml-e-da-pericia-em-investigacoes-policiais\/#primaryimage"},"image":{"@id":"https:\/\/www.correiobraziliense.com.br\/aqui\/2026\/09\/01\/entenda-a-atuacao-do-iml-e-da-pericia-em-investigacoes-policiais\/#primaryimage"},"thumbnailUrl":"https:\/\/www.correiobraziliense.com.br\/aqui\/wp-content\/uploads\/2026\/09\/IML_1788286538963.jpg","datePublished":"2026-09-01T18:33:00+00:00","author":{"@id":"https:\/\/www.correiobraziliense.com.br\/aqui\/#\/schema\/person\/5d6e4d99fecc86ab1a7ed1a0369afb65"},"description":"Entenda como o IML utiliza procedimentos m\u00e9dicos e laboratoriais para determinar a causa exata de mortes investigadas pela pol\u00edcia.","breadcrumb":{"@id":"https:\/\/www.correiobraziliense.com.br\/aqui\/2026\/09\/01\/entenda-a-atuacao-do-iml-e-da-pericia-em-investigacoes-policiais\/#breadcrumb"},"inLanguage":"pt-BR","potentialAction":[{"@type":"ReadAction","target":["https:\/\/www.correiobraziliense.com.br\/aqui\/2026\/09\/01\/entenda-a-atuacao-do-iml-e-da-pericia-em-investigacoes-policiais\/"]}]},{"@type":"ImageObject","inLanguage":"pt-BR","@id":"https:\/\/www.correiobraziliense.com.br\/aqui\/2026\/09\/01\/entenda-a-atuacao-do-iml-e-da-pericia-em-investigacoes-policiais\/#primaryimage","url":"https:\/\/www.correiobraziliense.com.br\/aqui\/wp-content\/uploads\/2026\/09\/IML_1788286538963.jpg","contentUrl":"https:\/\/www.correiobraziliense.com.br\/aqui\/wp-content\/uploads\/2026\/09\/IML_1788286538963.jpg","width":1280,"height":720,"caption":"Cr\u00e9ditos: depositphotos.com \/ joasouza"},{"@type":"BreadcrumbList","@id":"https:\/\/www.correiobraziliense.com.br\/aqui\/2026\/09\/01\/entenda-a-atuacao-do-iml-e-da-pericia-em-investigacoes-policiais\/#breadcrumb","itemListElement":[{"@type":"ListItem","position":1,"name":"In\u00edcio","item":"https:\/\/www.correiobraziliense.com.br\/aqui\/"},{"@type":"ListItem","position":2,"name":"Entenda a atua\u00e7\u00e3o do IML e da per\u00edcia em investiga\u00e7\u00f5es policiais"}]},{"@type":"WebSite","@id":"https:\/\/www.correiobraziliense.com.br\/aqui\/#website","url":"https:\/\/www.correiobraziliense.com.br\/aqui\/","name":"Correio Braziliense - Aqui","description":"O Correio Braziliense (CB) \u00e9 o mais importante canal de not\u00edcias de Bras\u00edlia. Aqui voc\u00ea encontra as \u00faltimas not\u00edcias do DF, do Brasil e do mundo.","potentialAction":[{"@type":"SearchAction","target":{"@type":"EntryPoint","urlTemplate":"https:\/\/www.correiobraziliense.com.br\/aqui\/?s={search_term_string}"},"query-input":{"@type":"PropertyValueSpecification","valueRequired":true,"valueName":"search_term_string"}}],"inLanguage":"pt-BR"},{"@type":"Person","@id":"https:\/\/www.correiobraziliense.com.br\/aqui\/#\/schema\/person\/5d6e4d99fecc86ab1a7ed1a0369afb65","name":"Lara","image":{"@type":"ImageObject","inLanguage":"pt-BR","@id":"https:\/\/www.correiobraziliense.com.br\/aqui\/#\/schema\/person\/image\/","url":"https:\/\/secure.gravatar.com\/avatar\/57056c5c343a6d8a6669688d3d2c04916d9d280b352b6e50e66a8d39b2517e00?s=96&d=mm&r=g","contentUrl":"https:\/\/secure.gravatar.com\/avatar\/57056c5c343a6d8a6669688d3d2c04916d9d280b352b6e50e66a8d39b2517e00?s=96&d=mm&r=g","caption":"Lara"},"url":"https:\/\/www.correiobraziliense.com.br\/aqui\/author\/laraaqui\/"}]}},"_links":{"self":[{"href":"https:\/\/www.correiobraziliense.com.br\/aqui\/wp-json\/wp\/v2\/posts\/38336","targetHints":{"allow":["GET"]}}],"collection":[{"href":"https:\/\/www.correiobraziliense.com.br\/aqui\/wp-json\/wp\/v2\/posts"}],"about":[{"href":"https:\/\/www.correiobraziliense.com.br\/aqui\/wp-json\/wp\/v2\/types\/post"}],"author":[{"embeddable":true,"href":"https:\/\/www.correiobraziliense.com.br\/aqui\/wp-json\/wp\/v2\/users\/8"}],"replies":[{"embeddable":true,"href":"https:\/\/www.correiobraziliense.com.br\/aqui\/wp-json\/wp\/v2\/comments?post=38336"}],"version-history":[{"count":1,"href":"https:\/\/www.correiobraziliense.com.br\/aqui\/wp-json\/wp\/v2\/posts\/38336\/revisions"}],"predecessor-version":[{"id":38338,"href":"https:\/\/www.correiobraziliense.com.br\/aqui\/wp-json\/wp\/v2\/posts\/38336\/revisions\/38338"}],"wp:featuredmedia":[{"embeddable":true,"href":"https:\/\/www.correiobraziliense.com.br\/aqui\/wp-json\/wp\/v2\/media\/38337"}],"wp:attachment":[{"href":"https:\/\/www.correiobraziliense.com.br\/aqui\/wp-json\/wp\/v2\/media?parent=38336"}],"wp:term":[{"taxonomy":"category","embeddable":true,"href":"https:\/\/www.correiobraziliense.com.br\/aqui\/wp-json\/wp\/v2\/categories?post=38336"},{"taxonomy":"post_tag","embeddable":true,"href":"https:\/\/www.correiobraziliense.com.br\/aqui\/wp-json\/wp\/v2\/tags?post=38336"}],"curies":[{"name":"wp","href":"https:\/\/api.w.org\/{rel}","templated":true}]}}