{"id":38350,"date":"2026-09-01T17:23:00","date_gmt":"2026-09-01T20:23:00","guid":{"rendered":"https:\/\/www.correiobraziliense.com.br\/aqui\/?p=38350"},"modified":"2026-09-01T15:48:16","modified_gmt":"2026-09-01T18:48:16","slug":"ensaios-da-anitta-2027-como-planejar-viagens-para-os-shows","status":"publish","type":"post","link":"https:\/\/www.correiobraziliense.com.br\/aqui\/2026\/09\/01\/ensaios-da-anitta-2027-como-planejar-viagens-para-os-shows\/","title":{"rendered":"Ensaios da Anitta 2027: como planejar viagens para os shows"},"content":{"rendered":"\n<p>Com a pr\u00e9-venda dos ingressos para os &#8220;Ensaios da Anitta 2027&#8221; iniciada, muitos f\u00e3s j\u00e1 come\u00e7am a planejar as viagens para acompanhar a turn\u00ea. Com o tema &#8220;\u00c9 Festa no Brasil!&#8221;, a s\u00e9rie de shows pr\u00e9-carnavalescos acontecer\u00e1 em oito cidades brasileiras ao longo de janeiro de 2027: Bel\u00e9m, Recife, Belo Horizonte, Bras\u00edlia, Campinas, Rio de Janeiro, Curitiba e S\u00e3o Paulo. A organiza\u00e7\u00e3o antecipada \u00e9 fundamental para garantir uma experi\u00eancia mais tranquila e econ\u00f4mica, j\u00e1 que a venda geral de ingressos come\u00e7a no dia 2 de setembro.<\/p>\n\n\n\n<p>O planejamento financeiro e log\u00edstico com anteced\u00eancia pode fazer toda a diferen\u00e7a no bolso e evitar dores de cabe\u00e7a. Quem deixa para resolver tudo na \u00faltima hora corre o risco de encontrar passagens a\u00e9reas com <a target=\"_blank\" rel=\"noreferrer noopener\" href=\"https:\/\/www.correiobraziliense.com.br\/turismo\/2025\/08\/7226268-pesquisa-revela-8220semanas-secretas-8221-para-viajar-com-os-menores-precos-em-2025.html\">pre\u00e7os exorbitantes<\/a> e op\u00e7\u00f5es de hospedagem limitadas ou muito caras, especialmente em cidades com alta demanda tur\u00edstica.<\/p>\n\n\n\n<h2 class=\"wp-block-heading\">Como economizar nas passagens a\u00e9reas para ver os Ensaios da Anitta 2027<\/h2>\n\n\n\n<p>Garantir os bilhetes a\u00e9reos com anteced\u00eancia \u00e9 a principal estrat\u00e9gia para evitar pre\u00e7os elevados. Ferramentas online de compara\u00e7\u00e3o de pre\u00e7os ajudam a encontrar as melhores ofertas, e ter flexibilidade nas datas de ida e volta, viajando um ou dois dias antes ou depois do show, pode resultar em uma economia significativa.<\/p>\n\n\n\n<p>Outra dica \u00e9 pesquisar voos para aeroportos pr\u00f3ximos \u00e0 cidade do evento. Para os shows em S\u00e3o Paulo ou Campinas, por exemplo, vale a pena comparar os pre\u00e7os para os aeroportos de Guarulhos (GRU), Congonhas (CGH) e Viracopos (VCP), pois o custo combinado do voo e do <a target=\"_blank\" rel=\"noreferrer noopener\" href=\"https:\/\/www.correiobraziliense.com.br\/turismo\/2025\/04\/7121201-lady-gaga-no-rio-de-janeiro-5-dicas-para-quem-vai-de-onibus-curtir-o-show.html\">transporte terrestre<\/a> pode ser mais vantajoso.<\/p>\n\n\n\n<h2 class=\"wp-block-heading\">Dicas para encontrar a melhor hospedagem<\/h2>\n\n\n\n<p>A mesma l\u00f3gica das passagens vale para a hospedagem. Reservar o quanto antes aumenta as chances de encontrar vagas em locais bem-avaliados e com pre\u00e7os mais acess\u00edveis. Considere alternativas aos hot\u00e9is tradicionais, como apartamentos de temporada para grupos ou hostels para quem viaja sozinho.<\/p>\n\n\n\n<p>Antes de fechar a reserva, verifique a localiza\u00e7\u00e3o do im\u00f3vel em rela\u00e7\u00e3o ao local do show. Em Curitiba, por exemplo, o <a target=\"_blank\" rel=\"noreferrer noopener\" href=\"https:\/\/www.correiobraziliense.com.br\/diversao-e-arte\/2026\/08\/7490315-ensaios-da-anitta-ja-tem-data-e-local-para-acontecer-em-2027-confira.html\">evento est\u00e1 confirmado<\/a> para o Est\u00e1dio Durival de Britto, ent\u00e3o buscar hospedagem em bairros pr\u00f3ximos pode economizar tempo e dinheiro com deslocamentos. Leia sempre as avalia\u00e7\u00f5es de outros h\u00f3spedes para garantir que a escolha atende \u00e0s suas expectativas.<\/p>\n\n\n\n<h3 class=\"wp-block-heading\">Outras dicas para a viagem<\/h3>\n\n\n\n<p>Para uma experi\u00eancia completa e sem imprevistos, vale a pena organizar outros detalhes da viagem. Fazer um planejamento pr\u00e9vio ajuda a aproveitar o show e a cidade da melhor forma poss\u00edvel.<\/p>\n\n\n\n<ul class=\"wp-block-list\">\n<li><strong>Transporte local:<\/strong> pesquise as op\u00e7\u00f5es de transporte p\u00fablico da cidade ou calcule os custos m\u00e9dios de corridas por aplicativo entre o aeroporto, a hospedagem e o local do evento.<\/li>\n\n\n\n<li><strong>Or\u00e7amento extra:<\/strong> al\u00e9m dos custos principais, monte um or\u00e7amento di\u00e1rio para alimenta\u00e7\u00e3o, passeios e outras despesas que possam surgir durante a estadia.<\/li>\n\n\n\n<li><strong>Viagem em grupo:<\/strong> organizar a viagem com amigos pode ser uma forma de dividir custos, principalmente de hospedagem e de transporte dentro da cidade.<\/li>\n<\/ul>\n","protected":false},"excerpt":{"rendered":"<p>Ensaios da Anitta 2027 passar\u00e3o por oito cidades; veja dicas para garantir passagens e hospedagem com anteced\u00eancia.<\/p>\n","protected":false},"author":8,"featured_media":38351,"comment_status":"open","ping_status":"open","sticky":false,"template":"","format":"standard","meta":{"jnews-multi-image_gallery":[],"jnews_single_post":{"format":"standard"},"jnews_primary_category":[],"jnews_social_meta":[],"jnews_override_counter":[],"footnotes":""},"categories":[148],"tags":[12382,12491,12490,12492,146,8396,568],"class_list":["post-38350","post","type-post","status-publish","format-standard","has-post-thumbnail","hentry","category-turismo","tag-como-planejar","tag-ensaios-da-anitta","tag-ensaios-da-anitta-2027","tag-pre-carnaval","tag-turismo","tag-turne","tag-viagem"],"yoast_head":"<!-- This site is optimized with the Yoast SEO plugin v25.1 - https:\/\/yoast.com\/wordpress\/plugins\/seo\/ -->\n<title>Ensaios da Anitta 2027: como planejar viagens para os shows - Correio Braziliense - Aqui<\/title>\n<meta name=\"description\" content=\"Ensaios da Anitta 2027 passar\u00e3o por oito cidades; veja dicas para garantir passagens e hospedagem com anteced\u00eancia.\" \/>\n<meta name=\"robots\" content=\"index, follow, max-snippet:-1, max-image-preview:large, max-video-preview:-1\" \/>\n<link rel=\"canonical\" href=\"https:\/\/www.correiobraziliense.com.br\/aqui\/2026\/09\/01\/ensaios-da-anitta-2027-como-planejar-viagens-para-os-shows\/\" \/>\n<meta property=\"og:locale\" content=\"pt_BR\" \/>\n<meta property=\"og:type\" content=\"article\" \/>\n<meta property=\"og:title\" content=\"Ensaios da Anitta 2027: como planejar viagens para os shows - Correio Braziliense - Aqui\" \/>\n<meta property=\"og:description\" content=\"Ensaios da Anitta 2027 passar\u00e3o por oito cidades; veja dicas para garantir passagens e hospedagem com anteced\u00eancia.\" \/>\n<meta property=\"og:url\" content=\"https:\/\/www.correiobraziliense.com.br\/aqui\/2026\/09\/01\/ensaios-da-anitta-2027-como-planejar-viagens-para-os-shows\/\" \/>\n<meta property=\"og:site_name\" content=\"Correio Braziliense - Aqui\" \/>\n<meta property=\"article:published_time\" content=\"2026-09-01T20:23:00+00:00\" \/>\n<meta property=\"og:image\" content=\"https:\/\/www.correiobraziliense.com.br\/aqui\/wp-content\/uploads\/2026\/09\/anitta_1788288342267.jpg\" \/>\n\t<meta property=\"og:image:width\" content=\"1280\" \/>\n\t<meta property=\"og:image:height\" content=\"720\" \/>\n\t<meta property=\"og:image:type\" content=\"image\/jpeg\" \/>\n<meta name=\"author\" content=\"Lara\" \/>\n<meta name=\"twitter:card\" content=\"summary_large_image\" \/>\n<meta name=\"twitter:label1\" content=\"Escrito por\" \/>\n\t<meta name=\"twitter:data1\" content=\"Lara\" \/>\n\t<meta name=\"twitter:label2\" content=\"Est. tempo de leitura\" \/>\n\t<meta name=\"twitter:data2\" content=\"3 minutos\" \/>\n<!-- \/ Yoast SEO plugin. -->","yoast_head_json":{"title":"Ensaios da Anitta 2027: como planejar viagens para os shows - Correio Braziliense - Aqui","description":"Ensaios da Anitta 2027 passar\u00e3o por oito cidades; veja dicas para garantir passagens e hospedagem com anteced\u00eancia.","robots":{"index":"index","follow":"follow","max-snippet":"max-snippet:-1","max-image-preview":"max-image-preview:large","max-video-preview":"max-video-preview:-1"},"canonical":"https:\/\/www.correiobraziliense.com.br\/aqui\/2026\/09\/01\/ensaios-da-anitta-2027-como-planejar-viagens-para-os-shows\/","og_locale":"pt_BR","og_type":"article","og_title":"Ensaios da Anitta 2027: como planejar viagens para os shows - Correio Braziliense - Aqui","og_description":"Ensaios da Anitta 2027 passar\u00e3o por oito cidades; veja dicas para garantir passagens e hospedagem com anteced\u00eancia.","og_url":"https:\/\/www.correiobraziliense.com.br\/aqui\/2026\/09\/01\/ensaios-da-anitta-2027-como-planejar-viagens-para-os-shows\/","og_site_name":"Correio Braziliense - Aqui","article_published_time":"2026-09-01T20:23:00+00:00","og_image":[{"width":1280,"height":720,"url":"https:\/\/www.correiobraziliense.com.br\/aqui\/wp-content\/uploads\/2026\/09\/anitta_1788288342267.jpg","type":"image\/jpeg"}],"author":"Lara","twitter_card":"summary_large_image","twitter_misc":{"Escrito por":"Lara","Est. tempo de leitura":"3 minutos"},"schema":{"@context":"https:\/\/schema.org","@graph":[{"@type":"WebPage","@id":"https:\/\/www.correiobraziliense.com.br\/aqui\/2026\/09\/01\/ensaios-da-anitta-2027-como-planejar-viagens-para-os-shows\/","url":"https:\/\/www.correiobraziliense.com.br\/aqui\/2026\/09\/01\/ensaios-da-anitta-2027-como-planejar-viagens-para-os-shows\/","name":"Ensaios da Anitta 2027: como planejar viagens para os shows - Correio Braziliense - Aqui","isPartOf":{"@id":"https:\/\/www.correiobraziliense.com.br\/aqui\/#website"},"primaryImageOfPage":{"@id":"https:\/\/www.correiobraziliense.com.br\/aqui\/2026\/09\/01\/ensaios-da-anitta-2027-como-planejar-viagens-para-os-shows\/#primaryimage"},"image":{"@id":"https:\/\/www.correiobraziliense.com.br\/aqui\/2026\/09\/01\/ensaios-da-anitta-2027-como-planejar-viagens-para-os-shows\/#primaryimage"},"thumbnailUrl":"https:\/\/www.correiobraziliense.com.br\/aqui\/wp-content\/uploads\/2026\/09\/anitta_1788288342267.jpg","datePublished":"2026-09-01T20:23:00+00:00","author":{"@id":"https:\/\/www.correiobraziliense.com.br\/aqui\/#\/schema\/person\/5d6e4d99fecc86ab1a7ed1a0369afb65"},"description":"Ensaios da Anitta 2027 passar\u00e3o por oito cidades; veja dicas para garantir passagens e hospedagem com anteced\u00eancia.","breadcrumb":{"@id":"https:\/\/www.correiobraziliense.com.br\/aqui\/2026\/09\/01\/ensaios-da-anitta-2027-como-planejar-viagens-para-os-shows\/#breadcrumb"},"inLanguage":"pt-BR","potentialAction":[{"@type":"ReadAction","target":["https:\/\/www.correiobraziliense.com.br\/aqui\/2026\/09\/01\/ensaios-da-anitta-2027-como-planejar-viagens-para-os-shows\/"]}]},{"@type":"ImageObject","inLanguage":"pt-BR","@id":"https:\/\/www.correiobraziliense.com.br\/aqui\/2026\/09\/01\/ensaios-da-anitta-2027-como-planejar-viagens-para-os-shows\/#primaryimage","url":"https:\/\/www.correiobraziliense.com.br\/aqui\/wp-content\/uploads\/2026\/09\/anitta_1788288342267.jpg","contentUrl":"https:\/\/www.correiobraziliense.com.br\/aqui\/wp-content\/uploads\/2026\/09\/anitta_1788288342267.jpg","width":1280,"height":720,"caption":"Cr\u00e9ditos: depositphotos.com \/ thenews2.com"},{"@type":"BreadcrumbList","@id":"https:\/\/www.correiobraziliense.com.br\/aqui\/2026\/09\/01\/ensaios-da-anitta-2027-como-planejar-viagens-para-os-shows\/#breadcrumb","itemListElement":[{"@type":"ListItem","position":1,"name":"In\u00edcio","item":"https:\/\/www.correiobraziliense.com.br\/aqui\/"},{"@type":"ListItem","position":2,"name":"Ensaios da Anitta 2027: como planejar viagens para os shows"}]},{"@type":"WebSite","@id":"https:\/\/www.correiobraziliense.com.br\/aqui\/#website","url":"https:\/\/www.correiobraziliense.com.br\/aqui\/","name":"Correio Braziliense - Aqui","description":"O Correio Braziliense (CB) \u00e9 o mais importante canal de not\u00edcias de Bras\u00edlia. Aqui voc\u00ea encontra as \u00faltimas not\u00edcias do DF, do Brasil e do mundo.","potentialAction":[{"@type":"SearchAction","target":{"@type":"EntryPoint","urlTemplate":"https:\/\/www.correiobraziliense.com.br\/aqui\/?s={search_term_string}"},"query-input":{"@type":"PropertyValueSpecification","valueRequired":true,"valueName":"search_term_string"}}],"inLanguage":"pt-BR"},{"@type":"Person","@id":"https:\/\/www.correiobraziliense.com.br\/aqui\/#\/schema\/person\/5d6e4d99fecc86ab1a7ed1a0369afb65","name":"Lara","image":{"@type":"ImageObject","inLanguage":"pt-BR","@id":"https:\/\/www.correiobraziliense.com.br\/aqui\/#\/schema\/person\/image\/","url":"https:\/\/secure.gravatar.com\/avatar\/57056c5c343a6d8a6669688d3d2c04916d9d280b352b6e50e66a8d39b2517e00?s=96&d=mm&r=g","contentUrl":"https:\/\/secure.gravatar.com\/avatar\/57056c5c343a6d8a6669688d3d2c04916d9d280b352b6e50e66a8d39b2517e00?s=96&d=mm&r=g","caption":"Lara"},"url":"https:\/\/www.correiobraziliense.com.br\/aqui\/author\/laraaqui\/"}]}},"_links":{"self":[{"href":"https:\/\/www.correiobraziliense.com.br\/aqui\/wp-json\/wp\/v2\/posts\/38350","targetHints":{"allow":["GET"]}}],"collection":[{"href":"https:\/\/www.correiobraziliense.com.br\/aqui\/wp-json\/wp\/v2\/posts"}],"about":[{"href":"https:\/\/www.correiobraziliense.com.br\/aqui\/wp-json\/wp\/v2\/types\/post"}],"author":[{"embeddable":true,"href":"https:\/\/www.correiobraziliense.com.br\/aqui\/wp-json\/wp\/v2\/users\/8"}],"replies":[{"embeddable":true,"href":"https:\/\/www.correiobraziliense.com.br\/aqui\/wp-json\/wp\/v2\/comments?post=38350"}],"version-history":[{"count":1,"href":"https:\/\/www.correiobraziliense.com.br\/aqui\/wp-json\/wp\/v2\/posts\/38350\/revisions"}],"predecessor-version":[{"id":38352,"href":"https:\/\/www.correiobraziliense.com.br\/aqui\/wp-json\/wp\/v2\/posts\/38350\/revisions\/38352"}],"wp:featuredmedia":[{"embeddable":true,"href":"https:\/\/www.correiobraziliense.com.br\/aqui\/wp-json\/wp\/v2\/media\/38351"}],"wp:attachment":[{"href":"https:\/\/www.correiobraziliense.com.br\/aqui\/wp-json\/wp\/v2\/media?parent=38350"}],"wp:term":[{"taxonomy":"category","embeddable":true,"href":"https:\/\/www.correiobraziliense.com.br\/aqui\/wp-json\/wp\/v2\/categories?post=38350"},{"taxonomy":"post_tag","embeddable":true,"href":"https:\/\/www.correiobraziliense.com.br\/aqui\/wp-json\/wp\/v2\/tags?post=38350"}],"curies":[{"name":"wp","href":"https:\/\/api.w.org\/{rel}","templated":true}]}}