{"id":38356,"date":"2026-09-01T18:27:00","date_gmt":"2026-09-01T21:27:00","guid":{"rendered":"https:\/\/www.correiobraziliense.com.br\/aqui\/?p=38356"},"modified":"2026-09-01T16:00:28","modified_gmt":"2026-09-01T19:00:28","slug":"manutencao-preventiva-de-maquinas-de-lavar-como-se-tornar-tecnico","status":"publish","type":"post","link":"https:\/\/www.correiobraziliense.com.br\/aqui\/2026\/09\/01\/manutencao-preventiva-de-maquinas-de-lavar-como-se-tornar-tecnico\/","title":{"rendered":"Manuten\u00e7\u00e3o preventiva de m\u00e1quinas de lavar: como se tornar t\u00e9cnico"},"content":{"rendered":"\n<p>A crescente busca por reparos em eletrodom\u00e9sticos, especialmente em m\u00e1quinas de lavar, est\u00e1 criando um mercado promissor para novos profissionais. Impulsionado por um crescimento de 15% no n\u00famero de aparelhos consertados nos \u00faltimos cinco anos, e pela valoriza\u00e7\u00e3o do consumo consciente, consertar se tornou a primeira op\u00e7\u00e3o para muitas fam\u00edlias, abrindo uma excelente oportunidade de carreira.<\/p>\n\n\n\n<p>O trabalho de um t\u00e9cnico de lavadoras vai al\u00e9m de simplesmente trocar pe\u00e7as. A fun\u00e7\u00e3o exige um conhecimento integrado de mec\u00e2nica, el\u00e9trica e <a target=\"_blank\" rel=\"noreferrer noopener\" href=\"https:\/\/www.correiobraziliense.com.br\/colunistas\/fabiano-moraes\/2025\/06\/7176653-tecnologia-moderna-transforma-setor-de-manutencao-hidraulica.html\">hidr\u00e1ulica<\/a> para diagnosticar com precis\u00e3o a origem de um problema. Desde um vazamento de \u00e1gua at\u00e9 falhas eletr\u00f4nicas na placa de controle, o profissional precisa estar preparado para solucionar defeitos de diferentes n\u00edveis de complexidade.<\/p>\n\n\n\n<p>Com o avan\u00e7o da tecnologia, os modelos mais recentes de m\u00e1quinas de lavar incorporam recursos como automa\u00e7\u00e3o avan\u00e7ada, sensores inteligentes e conectividade com a internet. Essa evolu\u00e7\u00e3o torna a qualifica\u00e7\u00e3o cont\u00ednua um diferencial, pois os clientes buscam especialistas capazes de lidar com equipamentos cada vez mais sofisticados.<\/p>\n\n\n\n<h2 class=\"wp-block-heading\">Como come\u00e7ar na profiss\u00e3o de t\u00e9cnico em m\u00e1quinas de lavar<\/h2>\n\n\n\n<p>O primeiro passo para quem deseja ingressar na \u00e1rea \u00e9 buscar qualifica\u00e7\u00e3o. Existem diversas op\u00e7\u00f5es dispon\u00edveis, desde cursos profissionalizantes em institui\u00e7\u00f5es reconhecidas, como o Senai, at\u00e9 treinamentos online que oferecem flexibilidade e conte\u00fado focado nos problemas mais comuns do dia a dia.<\/p>\n\n\n\n<p>Ap\u00f3s a capacita\u00e7\u00e3o, \u00e9 necess\u00e1rio investir em um kit b\u00e1sico de ferramentas. Itens como alicates, mult\u00edmetro para testes el\u00e9tricos, chaves de fenda e de boca s\u00e3o essenciais para realizar os primeiros atendimentos. O investimento inicial costuma ser baixo e pode ser recuperado rapidamente com os primeiros servi\u00e7os.<\/p>\n\n\n\n<p>Para atuar de forma aut\u00f4noma, a formaliza\u00e7\u00e3o como Microempreendedor Individual (MEI) \u00e9 o caminho mais indicado. O registro \u00e9 simples, feito online, e permite a emiss\u00e3o de notas fiscais, al\u00e9m de garantir direitos previdenci\u00e1rios. Com o CNPJ ativo, o profissional pode divulgar seu trabalho em redes sociais e plataformas de servi\u00e7os para atrair clientes.<\/p>\n\n\n\n<p>A demanda n\u00e3o se limita a <a target=\"_blank\" rel=\"noreferrer noopener\" href=\"https:\/\/www.correiobraziliense.com.br\/colunistas\/fabiano-moraes\/2025\/07\/7195179-crescimento-dos-servicos-de-conserto-de-microondas-movimenta-bh.html\">consertos emergenciais<\/a>. Muitos clientes procuram por manuten\u00e7\u00e3o preventiva para prolongar a vida \u00fatil de seus aparelhos, o que garante uma fonte de renda recorrente. Dominar as particularidades de diferentes marcas e modelos pode posicionar o t\u00e9cnico como uma refer\u00eancia em sua regi\u00e3o.<\/p>\n","protected":false},"excerpt":{"rendered":"<p>Mercado de conserto de m\u00e1quinas de lavar cresce e abre oportunidades de trabalho; veja onde fazer cursos e como come\u00e7ar no setor.<\/p>\n","protected":false},"author":8,"featured_media":38357,"comment_status":"open","ping_status":"open","sticky":false,"template":"","format":"standard","meta":{"jnews-multi-image_gallery":[],"jnews_single_post":{"format":"standard"},"jnews_primary_category":[],"jnews_social_meta":[],"jnews_override_counter":[],"footnotes":""},"categories":[120],"tags":[1125,12495,12494,11646],"class_list":["post-38356","post","type-post","status-publish","format-standard","has-post-thumbnail","hentry","category-curiosidades","tag-curiosidades","tag-manutencao-preventiva","tag-maquinas-de-lavar","tag-tecnico"],"yoast_head":"<!-- This site is optimized with the Yoast SEO plugin v25.1 - https:\/\/yoast.com\/wordpress\/plugins\/seo\/ -->\n<title>Manuten\u00e7\u00e3o preventiva de m\u00e1quinas de lavar: como se tornar t\u00e9cnico - Correio Braziliense - Aqui<\/title>\n<meta name=\"description\" content=\"Mercado de conserto de m\u00e1quinas de lavar cresce e abre oportunidades de trabalho; veja onde fazer cursos e como come\u00e7ar no setor.\" \/>\n<meta name=\"robots\" content=\"index, follow, max-snippet:-1, max-image-preview:large, max-video-preview:-1\" \/>\n<link rel=\"canonical\" href=\"https:\/\/www.correiobraziliense.com.br\/aqui\/2026\/09\/01\/manutencao-preventiva-de-maquinas-de-lavar-como-se-tornar-tecnico\/\" \/>\n<meta property=\"og:locale\" content=\"pt_BR\" \/>\n<meta property=\"og:type\" content=\"article\" \/>\n<meta property=\"og:title\" content=\"Manuten\u00e7\u00e3o preventiva de m\u00e1quinas de lavar: como se tornar t\u00e9cnico - Correio Braziliense - Aqui\" \/>\n<meta property=\"og:description\" content=\"Mercado de conserto de m\u00e1quinas de lavar cresce e abre oportunidades de trabalho; veja onde fazer cursos e como come\u00e7ar no setor.\" \/>\n<meta property=\"og:url\" content=\"https:\/\/www.correiobraziliense.com.br\/aqui\/2026\/09\/01\/manutencao-preventiva-de-maquinas-de-lavar-como-se-tornar-tecnico\/\" \/>\n<meta property=\"og:site_name\" content=\"Correio Braziliense - Aqui\" \/>\n<meta property=\"article:published_time\" content=\"2026-09-01T21:27:00+00:00\" \/>\n<meta property=\"og:image\" content=\"https:\/\/www.correiobraziliense.com.br\/aqui\/wp-content\/uploads\/2026\/09\/maquinas-de-lavar_1788289126582.jpg\" \/>\n\t<meta property=\"og:image:width\" content=\"1280\" \/>\n\t<meta property=\"og:image:height\" content=\"720\" \/>\n\t<meta property=\"og:image:type\" content=\"image\/jpeg\" \/>\n<meta name=\"author\" content=\"Lara\" \/>\n<meta name=\"twitter:card\" content=\"summary_large_image\" \/>\n<meta name=\"twitter:label1\" content=\"Escrito por\" \/>\n\t<meta name=\"twitter:data1\" content=\"Lara\" \/>\n\t<meta name=\"twitter:label2\" content=\"Est. tempo de leitura\" \/>\n\t<meta name=\"twitter:data2\" content=\"3 minutos\" \/>\n<!-- \/ Yoast SEO plugin. -->","yoast_head_json":{"title":"Manuten\u00e7\u00e3o preventiva de m\u00e1quinas de lavar: como se tornar t\u00e9cnico - Correio Braziliense - Aqui","description":"Mercado de conserto de m\u00e1quinas de lavar cresce e abre oportunidades de trabalho; veja onde fazer cursos e como come\u00e7ar no setor.","robots":{"index":"index","follow":"follow","max-snippet":"max-snippet:-1","max-image-preview":"max-image-preview:large","max-video-preview":"max-video-preview:-1"},"canonical":"https:\/\/www.correiobraziliense.com.br\/aqui\/2026\/09\/01\/manutencao-preventiva-de-maquinas-de-lavar-como-se-tornar-tecnico\/","og_locale":"pt_BR","og_type":"article","og_title":"Manuten\u00e7\u00e3o preventiva de m\u00e1quinas de lavar: como se tornar t\u00e9cnico - Correio Braziliense - Aqui","og_description":"Mercado de conserto de m\u00e1quinas de lavar cresce e abre oportunidades de trabalho; veja onde fazer cursos e como come\u00e7ar no setor.","og_url":"https:\/\/www.correiobraziliense.com.br\/aqui\/2026\/09\/01\/manutencao-preventiva-de-maquinas-de-lavar-como-se-tornar-tecnico\/","og_site_name":"Correio Braziliense - Aqui","article_published_time":"2026-09-01T21:27:00+00:00","og_image":[{"width":1280,"height":720,"url":"https:\/\/www.correiobraziliense.com.br\/aqui\/wp-content\/uploads\/2026\/09\/maquinas-de-lavar_1788289126582.jpg","type":"image\/jpeg"}],"author":"Lara","twitter_card":"summary_large_image","twitter_misc":{"Escrito por":"Lara","Est. tempo de leitura":"3 minutos"},"schema":{"@context":"https:\/\/schema.org","@graph":[{"@type":"WebPage","@id":"https:\/\/www.correiobraziliense.com.br\/aqui\/2026\/09\/01\/manutencao-preventiva-de-maquinas-de-lavar-como-se-tornar-tecnico\/","url":"https:\/\/www.correiobraziliense.com.br\/aqui\/2026\/09\/01\/manutencao-preventiva-de-maquinas-de-lavar-como-se-tornar-tecnico\/","name":"Manuten\u00e7\u00e3o preventiva de m\u00e1quinas de lavar: como se tornar t\u00e9cnico - Correio Braziliense - Aqui","isPartOf":{"@id":"https:\/\/www.correiobraziliense.com.br\/aqui\/#website"},"primaryImageOfPage":{"@id":"https:\/\/www.correiobraziliense.com.br\/aqui\/2026\/09\/01\/manutencao-preventiva-de-maquinas-de-lavar-como-se-tornar-tecnico\/#primaryimage"},"image":{"@id":"https:\/\/www.correiobraziliense.com.br\/aqui\/2026\/09\/01\/manutencao-preventiva-de-maquinas-de-lavar-como-se-tornar-tecnico\/#primaryimage"},"thumbnailUrl":"https:\/\/www.correiobraziliense.com.br\/aqui\/wp-content\/uploads\/2026\/09\/maquinas-de-lavar_1788289126582.jpg","datePublished":"2026-09-01T21:27:00+00:00","author":{"@id":"https:\/\/www.correiobraziliense.com.br\/aqui\/#\/schema\/person\/5d6e4d99fecc86ab1a7ed1a0369afb65"},"description":"Mercado de conserto de m\u00e1quinas de lavar cresce e abre oportunidades de trabalho; veja onde fazer cursos e como come\u00e7ar no setor.","breadcrumb":{"@id":"https:\/\/www.correiobraziliense.com.br\/aqui\/2026\/09\/01\/manutencao-preventiva-de-maquinas-de-lavar-como-se-tornar-tecnico\/#breadcrumb"},"inLanguage":"pt-BR","potentialAction":[{"@type":"ReadAction","target":["https:\/\/www.correiobraziliense.com.br\/aqui\/2026\/09\/01\/manutencao-preventiva-de-maquinas-de-lavar-como-se-tornar-tecnico\/"]}]},{"@type":"ImageObject","inLanguage":"pt-BR","@id":"https:\/\/www.correiobraziliense.com.br\/aqui\/2026\/09\/01\/manutencao-preventiva-de-maquinas-de-lavar-como-se-tornar-tecnico\/#primaryimage","url":"https:\/\/www.correiobraziliense.com.br\/aqui\/wp-content\/uploads\/2026\/09\/maquinas-de-lavar_1788289126582.jpg","contentUrl":"https:\/\/www.correiobraziliense.com.br\/aqui\/wp-content\/uploads\/2026\/09\/maquinas-de-lavar_1788289126582.jpg","width":1280,"height":720,"caption":"Cr\u00e9ditos: depositphotos.com \/ AntonMatyukha"},{"@type":"BreadcrumbList","@id":"https:\/\/www.correiobraziliense.com.br\/aqui\/2026\/09\/01\/manutencao-preventiva-de-maquinas-de-lavar-como-se-tornar-tecnico\/#breadcrumb","itemListElement":[{"@type":"ListItem","position":1,"name":"In\u00edcio","item":"https:\/\/www.correiobraziliense.com.br\/aqui\/"},{"@type":"ListItem","position":2,"name":"Manuten\u00e7\u00e3o preventiva de m\u00e1quinas de lavar: como se tornar t\u00e9cnico"}]},{"@type":"WebSite","@id":"https:\/\/www.correiobraziliense.com.br\/aqui\/#website","url":"https:\/\/www.correiobraziliense.com.br\/aqui\/","name":"Correio Braziliense - Aqui","description":"O Correio Braziliense (CB) \u00e9 o mais importante canal de not\u00edcias de Bras\u00edlia. Aqui voc\u00ea encontra as \u00faltimas not\u00edcias do DF, do Brasil e do mundo.","potentialAction":[{"@type":"SearchAction","target":{"@type":"EntryPoint","urlTemplate":"https:\/\/www.correiobraziliense.com.br\/aqui\/?s={search_term_string}"},"query-input":{"@type":"PropertyValueSpecification","valueRequired":true,"valueName":"search_term_string"}}],"inLanguage":"pt-BR"},{"@type":"Person","@id":"https:\/\/www.correiobraziliense.com.br\/aqui\/#\/schema\/person\/5d6e4d99fecc86ab1a7ed1a0369afb65","name":"Lara","image":{"@type":"ImageObject","inLanguage":"pt-BR","@id":"https:\/\/www.correiobraziliense.com.br\/aqui\/#\/schema\/person\/image\/","url":"https:\/\/secure.gravatar.com\/avatar\/57056c5c343a6d8a6669688d3d2c04916d9d280b352b6e50e66a8d39b2517e00?s=96&d=mm&r=g","contentUrl":"https:\/\/secure.gravatar.com\/avatar\/57056c5c343a6d8a6669688d3d2c04916d9d280b352b6e50e66a8d39b2517e00?s=96&d=mm&r=g","caption":"Lara"},"url":"https:\/\/www.correiobraziliense.com.br\/aqui\/author\/laraaqui\/"}]}},"_links":{"self":[{"href":"https:\/\/www.correiobraziliense.com.br\/aqui\/wp-json\/wp\/v2\/posts\/38356","targetHints":{"allow":["GET"]}}],"collection":[{"href":"https:\/\/www.correiobraziliense.com.br\/aqui\/wp-json\/wp\/v2\/posts"}],"about":[{"href":"https:\/\/www.correiobraziliense.com.br\/aqui\/wp-json\/wp\/v2\/types\/post"}],"author":[{"embeddable":true,"href":"https:\/\/www.correiobraziliense.com.br\/aqui\/wp-json\/wp\/v2\/users\/8"}],"replies":[{"embeddable":true,"href":"https:\/\/www.correiobraziliense.com.br\/aqui\/wp-json\/wp\/v2\/comments?post=38356"}],"version-history":[{"count":1,"href":"https:\/\/www.correiobraziliense.com.br\/aqui\/wp-json\/wp\/v2\/posts\/38356\/revisions"}],"predecessor-version":[{"id":38358,"href":"https:\/\/www.correiobraziliense.com.br\/aqui\/wp-json\/wp\/v2\/posts\/38356\/revisions\/38358"}],"wp:featuredmedia":[{"embeddable":true,"href":"https:\/\/www.correiobraziliense.com.br\/aqui\/wp-json\/wp\/v2\/media\/38357"}],"wp:attachment":[{"href":"https:\/\/www.correiobraziliense.com.br\/aqui\/wp-json\/wp\/v2\/media?parent=38356"}],"wp:term":[{"taxonomy":"category","embeddable":true,"href":"https:\/\/www.correiobraziliense.com.br\/aqui\/wp-json\/wp\/v2\/categories?post=38356"},{"taxonomy":"post_tag","embeddable":true,"href":"https:\/\/www.correiobraziliense.com.br\/aqui\/wp-json\/wp\/v2\/tags?post=38356"}],"curies":[{"name":"wp","href":"https:\/\/api.w.org\/{rel}","templated":true}]}}