{"id":38359,"date":"2026-09-01T18:51:00","date_gmt":"2026-09-01T21:51:00","guid":{"rendered":"https:\/\/www.correiobraziliense.com.br\/aqui\/?p=38359"},"modified":"2026-09-01T16:09:29","modified_gmt":"2026-09-01T19:09:29","slug":"pagamento-ate-o-5o-dia-util-conheca-os-direitos-do-trabalhador-pela-clt","status":"publish","type":"post","link":"https:\/\/www.correiobraziliense.com.br\/aqui\/2026\/09\/01\/pagamento-ate-o-5o-dia-util-conheca-os-direitos-do-trabalhador-pela-clt\/","title":{"rendered":"Pagamento at\u00e9 o 5\u00ba dia \u00fatil: conhe\u00e7a os direitos do trabalhador pela CLT"},"content":{"rendered":"\n<p>O pagamento do sal\u00e1rio at\u00e9 o 5\u00ba dia \u00fatil do m\u00eas seguinte ao trabalhado \u00e9 um direito garantido pela Consolida\u00e7\u00e3o das Leis do Trabalho (CLT) a todos os trabalhadores com carteira assinada. Apesar de ser uma regra clara, o c\u00e1lculo da data limite ainda gera d\u00favidas, principalmente sobre a inclus\u00e3o do s\u00e1bado na contagem.<\/p>\n\n\n\n<p>De acordo com a legisla\u00e7\u00e3o, o <a target=\"_blank\" rel=\"noreferrer noopener\" href=\"https:\/\/www.correiobraziliense.com.br\/economia\/2025\/07\/7191139-quando-cai-o-5-dia-util-de-junho-de-2025.html\">prazo para o dep\u00f3sito do sal\u00e1rio<\/a> deve ser cumprido rigorosamente pelo empregador. A contagem correta considera os dias \u00fateis de segunda a s\u00e1bado, excluindo apenas os <a target=\"_blank\" rel=\"noreferrer noopener\" href=\"https:\/\/www.correiobraziliense.com.br\/direito-e-justica\/2025\/05\/7129849-trabalho-aos-domingos-e-feriados-qual-a-regra-vigente.html\">domingos e feriados<\/a>, sejam eles nacionais, estaduais ou municipais. Essa defini\u00e7\u00e3o \u00e9 fundamental para que o empregado possa verificar se a empresa est\u00e1 cumprindo suas obriga\u00e7\u00f5es.<\/p>\n\n\n\n<h2 class=\"wp-block-heading\">Como calcular o 5\u00ba dia \u00fatil<\/h2>\n\n\n\n<p>Para determinar a data exata do pagamento, o trabalhador deve seguir um c\u00e1lculo simples, sempre come\u00e7ando a contar a partir do primeiro dia do m\u00eas. Se o dia 1\u00ba cair em uma sexta-feira, por exemplo, a <a target=\"_blank\" rel=\"noreferrer noopener\" href=\"https:\/\/www.correiobraziliense.com.br\/cidades-df\/2026\/07\/7455658-quinto-dia-util-de-julho-cai-nesta-segunda-entenda-a-contagem-de-dias.html\">contagem dos dias \u00fateis<\/a> segue a seguinte l\u00f3gica:<\/p>\n\n\n\n<ul class=\"wp-block-list\">\n<li>Dia 1: sexta-feira (1\u00ba dia \u00fatil)<\/li>\n\n\n\n<li>Dia 2: s\u00e1bado (2\u00ba dia \u00fatil)<\/li>\n\n\n\n<li>Dia 3: domingo (n\u00e3o conta)<\/li>\n\n\n\n<li>Dia 4: segunda-feira (3\u00ba dia \u00fatil)<\/li>\n\n\n\n<li>Dia 5: ter\u00e7a-feira (4\u00ba dia \u00fatil)<\/li>\n\n\n\n<li>Dia 6: quarta-feira (5\u00ba dia \u00fatil)<\/li>\n<\/ul>\n\n\n\n<p>Neste cen\u00e1rio, o pagamento deveria ser realizado at\u00e9 a quarta-feira, dia 6. Caso haja um <a target=\"_blank\" rel=\"noreferrer noopener\" href=\"https:\/\/www.correiobraziliense.com.br\/economia\/2026\/06\/7432414-corpus-christi-como-fica-o-pagamento-no-quinto-dia-util-de-junho.html\">feriado no meio da semana<\/a>, ele tamb\u00e9m \u00e9 desconsiderado da contagem, e o prazo final \u00e9 adiado em um dia.<\/p>\n\n\n\n<h2 class=\"wp-block-heading\">O que acontece se a empresa atrasar o pagamento<\/h2>\n\n\n\n<p>A empresa que n\u00e3o cumpre o prazo estabelecido por lei fica em situa\u00e7\u00e3o de inadimpl\u00eancia com o funcion\u00e1rio. O atraso no pagamento, mesmo que de apenas um dia, gera consequ\u00eancias legais. Embora a CLT n\u00e3o defina um percentual de multa espec\u00edfico, o valor deve ser pago com corre\u00e7\u00e3o monet\u00e1ria. As penalidades, como multas, costumam ser definidas nas Conven\u00e7\u00f5es Coletivas de Trabalho (CCT) de cada categoria. Por isso, \u00e9 fundamental consultar o sindicato correspondente para conhecer os direitos espec\u00edficos em caso de atraso salarial.<\/p>\n\n\n\n<p>Em casos de atrasos recorrentes, a situa\u00e7\u00e3o pode ser considerada uma falta grave do empregador. Isso d\u00e1 ao trabalhador o direito de solicitar a rescis\u00e3o indireta do contrato de trabalho na Justi\u00e7a, o que equivale a uma demiss\u00e3o sem justa causa, garantindo o recebimento de todas as verbas rescis\u00f3rias, como aviso pr\u00e9vio e a multa de 40% do FGTS.<\/p>\n\n\n\n<p>Caso o dep\u00f3sito n\u00e3o seja feito na data correta, o primeiro passo \u00e9 procurar o setor de Recursos Humanos da empresa para buscar uma solu\u00e7\u00e3o. Se o problema n\u00e3o for resolvido, o empregado pode buscar o sindicato de sua categoria ou registrar uma den\u00fancia no Minist\u00e9rio do Trabalho e Emprego.<\/p>\n","protected":false},"excerpt":{"rendered":"<p>Entenda como calcular o prazo do 5\u00ba dia \u00fatil para o pagamento do sal\u00e1rio e conhe\u00e7a as penalidades para empresas inadimplentes.<\/p>\n","protected":false},"author":8,"featured_media":38361,"comment_status":"open","ping_status":"open","sticky":false,"template":"","format":"standard","meta":{"jnews-multi-image_gallery":[],"jnews_single_post":{"format":"standard"},"jnews_primary_category":[],"jnews_social_meta":[],"jnews_override_counter":[],"footnotes":""},"categories":[120],"tags":[12496,7847,7846,1125,12497,7168],"class_list":["post-38359","post","type-post","status-publish","format-standard","has-post-thumbnail","hentry","category-curiosidades","tag-5o-dia-util-2","tag-clt","tag-consolidacao-das-leis-do-trabalho","tag-curiosidades","tag-direitos-do-trabalhador","tag-pagamento"],"yoast_head":"<!-- This site is optimized with the Yoast SEO plugin v25.1 - https:\/\/yoast.com\/wordpress\/plugins\/seo\/ -->\n<title>Pagamento at\u00e9 o 5\u00ba dia \u00fatil: conhe\u00e7a os direitos do trabalhador pela CLT - Correio Braziliense - Aqui<\/title>\n<meta name=\"description\" content=\"Entenda como calcular o prazo do 5\u00ba dia \u00fatil para o pagamento do sal\u00e1rio e conhe\u00e7a as penalidades para empresas inadimplentes.\" \/>\n<meta name=\"robots\" content=\"index, follow, max-snippet:-1, max-image-preview:large, max-video-preview:-1\" \/>\n<link rel=\"canonical\" href=\"https:\/\/www.correiobraziliense.com.br\/aqui\/2026\/09\/01\/pagamento-ate-o-5o-dia-util-conheca-os-direitos-do-trabalhador-pela-clt\/\" \/>\n<meta property=\"og:locale\" content=\"pt_BR\" \/>\n<meta property=\"og:type\" content=\"article\" \/>\n<meta property=\"og:title\" content=\"Pagamento at\u00e9 o 5\u00ba dia \u00fatil: conhe\u00e7a os direitos do trabalhador pela CLT - Correio Braziliense - Aqui\" \/>\n<meta property=\"og:description\" content=\"Entenda como calcular o prazo do 5\u00ba dia \u00fatil para o pagamento do sal\u00e1rio e conhe\u00e7a as penalidades para empresas inadimplentes.\" \/>\n<meta property=\"og:url\" content=\"https:\/\/www.correiobraziliense.com.br\/aqui\/2026\/09\/01\/pagamento-ate-o-5o-dia-util-conheca-os-direitos-do-trabalhador-pela-clt\/\" \/>\n<meta property=\"og:site_name\" content=\"Correio Braziliense - Aqui\" \/>\n<meta property=\"article:published_time\" content=\"2026-09-01T21:51:00+00:00\" \/>\n<meta property=\"og:image\" content=\"https:\/\/www.correiobraziliense.com.br\/aqui\/wp-content\/uploads\/2026\/09\/clt-brasil_1788289697115.jpg\" \/>\n\t<meta property=\"og:image:width\" content=\"1280\" \/>\n\t<meta property=\"og:image:height\" content=\"720\" \/>\n\t<meta property=\"og:image:type\" content=\"image\/jpeg\" \/>\n<meta name=\"author\" content=\"Lara\" \/>\n<meta name=\"twitter:card\" content=\"summary_large_image\" \/>\n<meta name=\"twitter:label1\" content=\"Escrito por\" \/>\n\t<meta name=\"twitter:data1\" content=\"Lara\" \/>\n\t<meta name=\"twitter:label2\" content=\"Est. tempo de leitura\" \/>\n\t<meta name=\"twitter:data2\" content=\"3 minutos\" \/>\n<!-- \/ Yoast SEO plugin. -->","yoast_head_json":{"title":"Pagamento at\u00e9 o 5\u00ba dia \u00fatil: conhe\u00e7a os direitos do trabalhador pela CLT - Correio Braziliense - Aqui","description":"Entenda como calcular o prazo do 5\u00ba dia \u00fatil para o pagamento do sal\u00e1rio e conhe\u00e7a as penalidades para empresas inadimplentes.","robots":{"index":"index","follow":"follow","max-snippet":"max-snippet:-1","max-image-preview":"max-image-preview:large","max-video-preview":"max-video-preview:-1"},"canonical":"https:\/\/www.correiobraziliense.com.br\/aqui\/2026\/09\/01\/pagamento-ate-o-5o-dia-util-conheca-os-direitos-do-trabalhador-pela-clt\/","og_locale":"pt_BR","og_type":"article","og_title":"Pagamento at\u00e9 o 5\u00ba dia \u00fatil: conhe\u00e7a os direitos do trabalhador pela CLT - Correio Braziliense - Aqui","og_description":"Entenda como calcular o prazo do 5\u00ba dia \u00fatil para o pagamento do sal\u00e1rio e conhe\u00e7a as penalidades para empresas inadimplentes.","og_url":"https:\/\/www.correiobraziliense.com.br\/aqui\/2026\/09\/01\/pagamento-ate-o-5o-dia-util-conheca-os-direitos-do-trabalhador-pela-clt\/","og_site_name":"Correio Braziliense - Aqui","article_published_time":"2026-09-01T21:51:00+00:00","og_image":[{"width":1280,"height":720,"url":"https:\/\/www.correiobraziliense.com.br\/aqui\/wp-content\/uploads\/2026\/09\/clt-brasil_1788289697115.jpg","type":"image\/jpeg"}],"author":"Lara","twitter_card":"summary_large_image","twitter_misc":{"Escrito por":"Lara","Est. tempo de leitura":"3 minutos"},"schema":{"@context":"https:\/\/schema.org","@graph":[{"@type":"WebPage","@id":"https:\/\/www.correiobraziliense.com.br\/aqui\/2026\/09\/01\/pagamento-ate-o-5o-dia-util-conheca-os-direitos-do-trabalhador-pela-clt\/","url":"https:\/\/www.correiobraziliense.com.br\/aqui\/2026\/09\/01\/pagamento-ate-o-5o-dia-util-conheca-os-direitos-do-trabalhador-pela-clt\/","name":"Pagamento at\u00e9 o 5\u00ba dia \u00fatil: conhe\u00e7a os direitos do trabalhador pela CLT - Correio Braziliense - Aqui","isPartOf":{"@id":"https:\/\/www.correiobraziliense.com.br\/aqui\/#website"},"primaryImageOfPage":{"@id":"https:\/\/www.correiobraziliense.com.br\/aqui\/2026\/09\/01\/pagamento-ate-o-5o-dia-util-conheca-os-direitos-do-trabalhador-pela-clt\/#primaryimage"},"image":{"@id":"https:\/\/www.correiobraziliense.com.br\/aqui\/2026\/09\/01\/pagamento-ate-o-5o-dia-util-conheca-os-direitos-do-trabalhador-pela-clt\/#primaryimage"},"thumbnailUrl":"https:\/\/www.correiobraziliense.com.br\/aqui\/wp-content\/uploads\/2026\/09\/clt-brasil_1788289697115.jpg","datePublished":"2026-09-01T21:51:00+00:00","author":{"@id":"https:\/\/www.correiobraziliense.com.br\/aqui\/#\/schema\/person\/5d6e4d99fecc86ab1a7ed1a0369afb65"},"description":"Entenda como calcular o prazo do 5\u00ba dia \u00fatil para o pagamento do sal\u00e1rio e conhe\u00e7a as penalidades para empresas inadimplentes.","breadcrumb":{"@id":"https:\/\/www.correiobraziliense.com.br\/aqui\/2026\/09\/01\/pagamento-ate-o-5o-dia-util-conheca-os-direitos-do-trabalhador-pela-clt\/#breadcrumb"},"inLanguage":"pt-BR","potentialAction":[{"@type":"ReadAction","target":["https:\/\/www.correiobraziliense.com.br\/aqui\/2026\/09\/01\/pagamento-ate-o-5o-dia-util-conheca-os-direitos-do-trabalhador-pela-clt\/"]}]},{"@type":"ImageObject","inLanguage":"pt-BR","@id":"https:\/\/www.correiobraziliense.com.br\/aqui\/2026\/09\/01\/pagamento-ate-o-5o-dia-util-conheca-os-direitos-do-trabalhador-pela-clt\/#primaryimage","url":"https:\/\/www.correiobraziliense.com.br\/aqui\/wp-content\/uploads\/2026\/09\/clt-brasil_1788289697115.jpg","contentUrl":"https:\/\/www.correiobraziliense.com.br\/aqui\/wp-content\/uploads\/2026\/09\/clt-brasil_1788289697115.jpg","width":1280,"height":720,"caption":"Cr\u00e9ditos: depositphotos.com \/ rafapress"},{"@type":"BreadcrumbList","@id":"https:\/\/www.correiobraziliense.com.br\/aqui\/2026\/09\/01\/pagamento-ate-o-5o-dia-util-conheca-os-direitos-do-trabalhador-pela-clt\/#breadcrumb","itemListElement":[{"@type":"ListItem","position":1,"name":"In\u00edcio","item":"https:\/\/www.correiobraziliense.com.br\/aqui\/"},{"@type":"ListItem","position":2,"name":"Pagamento at\u00e9 o 5\u00ba dia \u00fatil: conhe\u00e7a os direitos do trabalhador pela CLT"}]},{"@type":"WebSite","@id":"https:\/\/www.correiobraziliense.com.br\/aqui\/#website","url":"https:\/\/www.correiobraziliense.com.br\/aqui\/","name":"Correio Braziliense - Aqui","description":"O Correio Braziliense (CB) \u00e9 o mais importante canal de not\u00edcias de Bras\u00edlia. Aqui voc\u00ea encontra as \u00faltimas not\u00edcias do DF, do Brasil e do mundo.","potentialAction":[{"@type":"SearchAction","target":{"@type":"EntryPoint","urlTemplate":"https:\/\/www.correiobraziliense.com.br\/aqui\/?s={search_term_string}"},"query-input":{"@type":"PropertyValueSpecification","valueRequired":true,"valueName":"search_term_string"}}],"inLanguage":"pt-BR"},{"@type":"Person","@id":"https:\/\/www.correiobraziliense.com.br\/aqui\/#\/schema\/person\/5d6e4d99fecc86ab1a7ed1a0369afb65","name":"Lara","image":{"@type":"ImageObject","inLanguage":"pt-BR","@id":"https:\/\/www.correiobraziliense.com.br\/aqui\/#\/schema\/person\/image\/","url":"https:\/\/secure.gravatar.com\/avatar\/57056c5c343a6d8a6669688d3d2c04916d9d280b352b6e50e66a8d39b2517e00?s=96&d=mm&r=g","contentUrl":"https:\/\/secure.gravatar.com\/avatar\/57056c5c343a6d8a6669688d3d2c04916d9d280b352b6e50e66a8d39b2517e00?s=96&d=mm&r=g","caption":"Lara"},"url":"https:\/\/www.correiobraziliense.com.br\/aqui\/author\/laraaqui\/"}]}},"_links":{"self":[{"href":"https:\/\/www.correiobraziliense.com.br\/aqui\/wp-json\/wp\/v2\/posts\/38359","targetHints":{"allow":["GET"]}}],"collection":[{"href":"https:\/\/www.correiobraziliense.com.br\/aqui\/wp-json\/wp\/v2\/posts"}],"about":[{"href":"https:\/\/www.correiobraziliense.com.br\/aqui\/wp-json\/wp\/v2\/types\/post"}],"author":[{"embeddable":true,"href":"https:\/\/www.correiobraziliense.com.br\/aqui\/wp-json\/wp\/v2\/users\/8"}],"replies":[{"embeddable":true,"href":"https:\/\/www.correiobraziliense.com.br\/aqui\/wp-json\/wp\/v2\/comments?post=38359"}],"version-history":[{"count":2,"href":"https:\/\/www.correiobraziliense.com.br\/aqui\/wp-json\/wp\/v2\/posts\/38359\/revisions"}],"predecessor-version":[{"id":38362,"href":"https:\/\/www.correiobraziliense.com.br\/aqui\/wp-json\/wp\/v2\/posts\/38359\/revisions\/38362"}],"wp:featuredmedia":[{"embeddable":true,"href":"https:\/\/www.correiobraziliense.com.br\/aqui\/wp-json\/wp\/v2\/media\/38361"}],"wp:attachment":[{"href":"https:\/\/www.correiobraziliense.com.br\/aqui\/wp-json\/wp\/v2\/media?parent=38359"}],"wp:term":[{"taxonomy":"category","embeddable":true,"href":"https:\/\/www.correiobraziliense.com.br\/aqui\/wp-json\/wp\/v2\/categories?post=38359"},{"taxonomy":"post_tag","embeddable":true,"href":"https:\/\/www.correiobraziliense.com.br\/aqui\/wp-json\/wp\/v2\/tags?post=38359"}],"curies":[{"name":"wp","href":"https:\/\/api.w.org\/{rel}","templated":true}]}}