{"id":38366,"date":"2026-09-01T20:45:00","date_gmt":"2026-09-01T23:45:00","guid":{"rendered":"https:\/\/www.correiobraziliense.com.br\/aqui\/?p=38366"},"modified":"2026-09-01T16:19:03","modified_gmt":"2026-09-01T19:19:03","slug":"como-lavar-roupas-economizando-energia-eletrica-no-fim-do-mes","status":"publish","type":"post","link":"https:\/\/www.correiobraziliense.com.br\/aqui\/2026\/09\/01\/como-lavar-roupas-economizando-energia-eletrica-no-fim-do-mes\/","title":{"rendered":"Como lavar roupas economizando energia el\u00e9trica no fim do m\u00eas"},"content":{"rendered":"\n<p>Lavar roupas pode pesar na conta de luz no final do m\u00eas, mas algumas mudan\u00e7as simples na rotina transformam a m\u00e1quina de lavar em uma aliada da economia. Pequenos ajustes no modo de usar o eletrodom\u00e9stico garantem roupas limpas sem sustos na fatura de energia.<\/p>\n\n\n\n<p>O primeiro passo \u00e9 sempre utilizar a capacidade m\u00e1xima da m\u00e1quina. Lavar poucas pe\u00e7as por vez gasta quase a mesma quantidade de energia e \u00e1gua que uma lavagem completa. Acumular roupas para encher o cesto otimiza o consumo e reduz o n\u00famero de ciclos semanais.<\/p>\n\n\n\n<p>Outra dica fundamental \u00e9 priorizar a lavagem com \u00e1gua fria. A maior parte da energia consumida por uma m\u00e1quina de lavar \u00e9 destinada ao aquecimento da \u00e1gua. Optar por ciclos frios para a maioria das roupas do dia a dia diminui drasticamente o <a target=\"_blank\" rel=\"noreferrer noopener\" href=\"https:\/\/www.correiobraziliense.com.br\/economia\/2025\/06\/7182497-truques-caseiros-que-realmente-ajudam-a-reduzir-a-conta-de-luz.html\">gasto energ\u00e9tico<\/a> sem comprometer a limpeza.<\/p>\n\n\n\n<p>A escolha do ciclo correto tamb\u00e9m impacta o consumo. Programas mais curtos ou espec\u00edficos para roupas pouco sujas s\u00e3o eficientes e mais econ\u00f4micos. Evite usar ciclos longos e pesados desnecessariamente, reservando-os apenas para pe\u00e7as que realmente precisam de uma limpeza mais intensa.<\/p>\n\n\n\n<h2 class=\"wp-block-heading\">O melhor hor\u00e1rio para lavar roupas<\/h2>\n\n\n\n<p>O momento do dia em que voc\u00ea lava a roupa pode fazer uma grande diferen\u00e7a na conta, especialmente para quem aderiu \u00e0 tarifa branca de energia. Vale lembrar que a tarifa branca \u00e9 uma op\u00e7\u00e3o dispon\u00edvel para consumidores de baixa tens\u00e3o, e a ades\u00e3o \u00e9 volunt\u00e1ria. Essa modalidade oferece pre\u00e7os diferentes conforme o dia e o hor\u00e1rio de consumo. A recomenda\u00e7\u00e3o geral \u00e9 evitar o chamado hor\u00e1rio de ponta.<\/p>\n\n\n\n<p>Normalmente, o per\u00edodo de pico de consumo ocorre no in\u00edcio da noite, entre 18h e 21h, embora esse hor\u00e1rio possa variar conforme a distribuidora de energia da sua regi\u00e3o. Neste intervalo, a demanda por eletricidade \u00e9 maior e, consequentemente, mais cara. Ligar a m\u00e1quina de lavar fora desse per\u00edodo j\u00e1 representa uma economia.<\/p>\n\n\n\n<p>Para aproveitar as tarifas mais baratas, o ideal \u00e9 programar a lavagem para o per\u00edodo da madrugada, in\u00edcio da manh\u00e3 ou durante os fins de semana e feriados nacionais. Nestes hor\u00e1rios, o custo da energia \u00e9 consideravelmente menor para os consumidores que optam pela tarifa branca, refletindo diretamente no valor final da fatura.<\/p>\n","protected":false},"excerpt":{"rendered":"<p>Veja dicas para economizar energia ao lavar roupas e descubra hor\u00e1rios com tarifas mais vantajosas no consumo di\u00e1rio.<\/p>\n","protected":false},"author":8,"featured_media":38367,"comment_status":"open","ping_status":"open","sticky":false,"template":"","format":"standard","meta":{"jnews-multi-image_gallery":[],"jnews_single_post":{"format":"standard"},"jnews_primary_category":[],"jnews_social_meta":[],"jnews_override_counter":[],"footnotes":""},"categories":[120],"tags":[5846,1125,473,7195,12500],"class_list":["post-38366","post","type-post","status-publish","format-standard","has-post-thumbnail","hentry","category-curiosidades","tag-como-economizar","tag-curiosidades","tag-economia","tag-energia-eletrica","tag-lavar-roupas"],"yoast_head":"<!-- This site is optimized with the Yoast SEO plugin v25.1 - https:\/\/yoast.com\/wordpress\/plugins\/seo\/ -->\n<title>Como lavar roupas economizando energia el\u00e9trica no fim do m\u00eas - Correio Braziliense - Aqui<\/title>\n<meta name=\"description\" content=\"Veja dicas para economizar energia ao lavar roupas e descubra hor\u00e1rios com tarifas mais vantajosas no consumo di\u00e1rio.\" \/>\n<meta name=\"robots\" content=\"index, follow, max-snippet:-1, max-image-preview:large, max-video-preview:-1\" \/>\n<link rel=\"canonical\" href=\"https:\/\/www.correiobraziliense.com.br\/aqui\/2026\/09\/01\/como-lavar-roupas-economizando-energia-eletrica-no-fim-do-mes\/\" \/>\n<meta property=\"og:locale\" content=\"pt_BR\" \/>\n<meta property=\"og:type\" content=\"article\" \/>\n<meta property=\"og:title\" content=\"Como lavar roupas economizando energia el\u00e9trica no fim do m\u00eas - Correio Braziliense - Aqui\" \/>\n<meta property=\"og:description\" content=\"Veja dicas para economizar energia ao lavar roupas e descubra hor\u00e1rios com tarifas mais vantajosas no consumo di\u00e1rio.\" \/>\n<meta property=\"og:url\" content=\"https:\/\/www.correiobraziliense.com.br\/aqui\/2026\/09\/01\/como-lavar-roupas-economizando-energia-eletrica-no-fim-do-mes\/\" \/>\n<meta property=\"og:site_name\" content=\"Correio Braziliense - Aqui\" \/>\n<meta property=\"article:published_time\" content=\"2026-09-01T23:45:00+00:00\" \/>\n<meta property=\"og:image\" content=\"https:\/\/www.correiobraziliense.com.br\/aqui\/wp-content\/uploads\/2026\/09\/lavar-roupas_1788290209695.jpg\" \/>\n\t<meta property=\"og:image:width\" content=\"1280\" \/>\n\t<meta property=\"og:image:height\" content=\"720\" \/>\n\t<meta property=\"og:image:type\" content=\"image\/jpeg\" \/>\n<meta name=\"author\" content=\"Lara\" \/>\n<meta name=\"twitter:card\" content=\"summary_large_image\" \/>\n<meta name=\"twitter:label1\" content=\"Escrito por\" \/>\n\t<meta name=\"twitter:data1\" content=\"Lara\" \/>\n\t<meta name=\"twitter:label2\" content=\"Est. tempo de leitura\" \/>\n\t<meta name=\"twitter:data2\" content=\"3 minutos\" \/>\n<!-- \/ Yoast SEO plugin. -->","yoast_head_json":{"title":"Como lavar roupas economizando energia el\u00e9trica no fim do m\u00eas - Correio Braziliense - Aqui","description":"Veja dicas para economizar energia ao lavar roupas e descubra hor\u00e1rios com tarifas mais vantajosas no consumo di\u00e1rio.","robots":{"index":"index","follow":"follow","max-snippet":"max-snippet:-1","max-image-preview":"max-image-preview:large","max-video-preview":"max-video-preview:-1"},"canonical":"https:\/\/www.correiobraziliense.com.br\/aqui\/2026\/09\/01\/como-lavar-roupas-economizando-energia-eletrica-no-fim-do-mes\/","og_locale":"pt_BR","og_type":"article","og_title":"Como lavar roupas economizando energia el\u00e9trica no fim do m\u00eas - Correio Braziliense - Aqui","og_description":"Veja dicas para economizar energia ao lavar roupas e descubra hor\u00e1rios com tarifas mais vantajosas no consumo di\u00e1rio.","og_url":"https:\/\/www.correiobraziliense.com.br\/aqui\/2026\/09\/01\/como-lavar-roupas-economizando-energia-eletrica-no-fim-do-mes\/","og_site_name":"Correio Braziliense - Aqui","article_published_time":"2026-09-01T23:45:00+00:00","og_image":[{"width":1280,"height":720,"url":"https:\/\/www.correiobraziliense.com.br\/aqui\/wp-content\/uploads\/2026\/09\/lavar-roupas_1788290209695.jpg","type":"image\/jpeg"}],"author":"Lara","twitter_card":"summary_large_image","twitter_misc":{"Escrito por":"Lara","Est. tempo de leitura":"3 minutos"},"schema":{"@context":"https:\/\/schema.org","@graph":[{"@type":"WebPage","@id":"https:\/\/www.correiobraziliense.com.br\/aqui\/2026\/09\/01\/como-lavar-roupas-economizando-energia-eletrica-no-fim-do-mes\/","url":"https:\/\/www.correiobraziliense.com.br\/aqui\/2026\/09\/01\/como-lavar-roupas-economizando-energia-eletrica-no-fim-do-mes\/","name":"Como lavar roupas economizando energia el\u00e9trica no fim do m\u00eas - Correio Braziliense - Aqui","isPartOf":{"@id":"https:\/\/www.correiobraziliense.com.br\/aqui\/#website"},"primaryImageOfPage":{"@id":"https:\/\/www.correiobraziliense.com.br\/aqui\/2026\/09\/01\/como-lavar-roupas-economizando-energia-eletrica-no-fim-do-mes\/#primaryimage"},"image":{"@id":"https:\/\/www.correiobraziliense.com.br\/aqui\/2026\/09\/01\/como-lavar-roupas-economizando-energia-eletrica-no-fim-do-mes\/#primaryimage"},"thumbnailUrl":"https:\/\/www.correiobraziliense.com.br\/aqui\/wp-content\/uploads\/2026\/09\/lavar-roupas_1788290209695.jpg","datePublished":"2026-09-01T23:45:00+00:00","author":{"@id":"https:\/\/www.correiobraziliense.com.br\/aqui\/#\/schema\/person\/5d6e4d99fecc86ab1a7ed1a0369afb65"},"description":"Veja dicas para economizar energia ao lavar roupas e descubra hor\u00e1rios com tarifas mais vantajosas no consumo di\u00e1rio.","breadcrumb":{"@id":"https:\/\/www.correiobraziliense.com.br\/aqui\/2026\/09\/01\/como-lavar-roupas-economizando-energia-eletrica-no-fim-do-mes\/#breadcrumb"},"inLanguage":"pt-BR","potentialAction":[{"@type":"ReadAction","target":["https:\/\/www.correiobraziliense.com.br\/aqui\/2026\/09\/01\/como-lavar-roupas-economizando-energia-eletrica-no-fim-do-mes\/"]}]},{"@type":"ImageObject","inLanguage":"pt-BR","@id":"https:\/\/www.correiobraziliense.com.br\/aqui\/2026\/09\/01\/como-lavar-roupas-economizando-energia-eletrica-no-fim-do-mes\/#primaryimage","url":"https:\/\/www.correiobraziliense.com.br\/aqui\/wp-content\/uploads\/2026\/09\/lavar-roupas_1788290209695.jpg","contentUrl":"https:\/\/www.correiobraziliense.com.br\/aqui\/wp-content\/uploads\/2026\/09\/lavar-roupas_1788290209695.jpg","width":1280,"height":720,"caption":"Cr\u00e9ditos: depositphotos.com \/ EdZbarzhyvetsky"},{"@type":"BreadcrumbList","@id":"https:\/\/www.correiobraziliense.com.br\/aqui\/2026\/09\/01\/como-lavar-roupas-economizando-energia-eletrica-no-fim-do-mes\/#breadcrumb","itemListElement":[{"@type":"ListItem","position":1,"name":"In\u00edcio","item":"https:\/\/www.correiobraziliense.com.br\/aqui\/"},{"@type":"ListItem","position":2,"name":"Como lavar roupas economizando energia el\u00e9trica no fim do m\u00eas"}]},{"@type":"WebSite","@id":"https:\/\/www.correiobraziliense.com.br\/aqui\/#website","url":"https:\/\/www.correiobraziliense.com.br\/aqui\/","name":"Correio Braziliense - Aqui","description":"O Correio Braziliense (CB) \u00e9 o mais importante canal de not\u00edcias de Bras\u00edlia. Aqui voc\u00ea encontra as \u00faltimas not\u00edcias do DF, do Brasil e do mundo.","potentialAction":[{"@type":"SearchAction","target":{"@type":"EntryPoint","urlTemplate":"https:\/\/www.correiobraziliense.com.br\/aqui\/?s={search_term_string}"},"query-input":{"@type":"PropertyValueSpecification","valueRequired":true,"valueName":"search_term_string"}}],"inLanguage":"pt-BR"},{"@type":"Person","@id":"https:\/\/www.correiobraziliense.com.br\/aqui\/#\/schema\/person\/5d6e4d99fecc86ab1a7ed1a0369afb65","name":"Lara","image":{"@type":"ImageObject","inLanguage":"pt-BR","@id":"https:\/\/www.correiobraziliense.com.br\/aqui\/#\/schema\/person\/image\/","url":"https:\/\/secure.gravatar.com\/avatar\/57056c5c343a6d8a6669688d3d2c04916d9d280b352b6e50e66a8d39b2517e00?s=96&d=mm&r=g","contentUrl":"https:\/\/secure.gravatar.com\/avatar\/57056c5c343a6d8a6669688d3d2c04916d9d280b352b6e50e66a8d39b2517e00?s=96&d=mm&r=g","caption":"Lara"},"url":"https:\/\/www.correiobraziliense.com.br\/aqui\/author\/laraaqui\/"}]}},"_links":{"self":[{"href":"https:\/\/www.correiobraziliense.com.br\/aqui\/wp-json\/wp\/v2\/posts\/38366","targetHints":{"allow":["GET"]}}],"collection":[{"href":"https:\/\/www.correiobraziliense.com.br\/aqui\/wp-json\/wp\/v2\/posts"}],"about":[{"href":"https:\/\/www.correiobraziliense.com.br\/aqui\/wp-json\/wp\/v2\/types\/post"}],"author":[{"embeddable":true,"href":"https:\/\/www.correiobraziliense.com.br\/aqui\/wp-json\/wp\/v2\/users\/8"}],"replies":[{"embeddable":true,"href":"https:\/\/www.correiobraziliense.com.br\/aqui\/wp-json\/wp\/v2\/comments?post=38366"}],"version-history":[{"count":1,"href":"https:\/\/www.correiobraziliense.com.br\/aqui\/wp-json\/wp\/v2\/posts\/38366\/revisions"}],"predecessor-version":[{"id":38368,"href":"https:\/\/www.correiobraziliense.com.br\/aqui\/wp-json\/wp\/v2\/posts\/38366\/revisions\/38368"}],"wp:featuredmedia":[{"embeddable":true,"href":"https:\/\/www.correiobraziliense.com.br\/aqui\/wp-json\/wp\/v2\/media\/38367"}],"wp:attachment":[{"href":"https:\/\/www.correiobraziliense.com.br\/aqui\/wp-json\/wp\/v2\/media?parent=38366"}],"wp:term":[{"taxonomy":"category","embeddable":true,"href":"https:\/\/www.correiobraziliense.com.br\/aqui\/wp-json\/wp\/v2\/categories?post=38366"},{"taxonomy":"post_tag","embeddable":true,"href":"https:\/\/www.correiobraziliense.com.br\/aqui\/wp-json\/wp\/v2\/tags?post=38366"}],"curies":[{"name":"wp","href":"https:\/\/api.w.org\/{rel}","templated":true}]}}