{"id":38382,"date":"2026-09-02T08:40:00","date_gmt":"2026-09-02T11:40:00","guid":{"rendered":"https:\/\/www.correiobraziliense.com.br\/aqui\/?p=38382"},"modified":"2026-09-01T22:17:15","modified_gmt":"2026-09-02T01:17:15","slug":"salario-minimo-de-r-1-741-e-o-impacto-no-seguro-desemprego","status":"publish","type":"post","link":"https:\/\/www.correiobraziliense.com.br\/aqui\/2026\/09\/02\/salario-minimo-de-r-1-741-e-o-impacto-no-seguro-desemprego\/","title":{"rendered":"Sal\u00e1rio m\u00ednimo de R$ 1.741 e o impacto no seguro-desemprego"},"content":{"rendered":"\n<p>A proposta de Or\u00e7amento do governo federal para 2027, enviada ao Congresso Nacional em 31 de agosto, estabelece um novo sal\u00e1rio m\u00ednimo de R$ 1.741. Vale ressaltar que o valor de R$ 1.741 ainda n\u00e3o \u00e9 definitivo, pois depende do resultado efetivo do INPC acumulado at\u00e9 novembro de 2026, que ser\u00e1 divulgado em dezembro. A confirma\u00e7\u00e3o deste valor impactar\u00e1 diretamente o bolso do trabalhador, alterando o c\u00e1lculo de benef\u00edcios como o seguro-desemprego, o abono salarial e contribui\u00e7\u00f5es previdenci\u00e1rias.<\/p>\n\n\n\n<p>Essa proje\u00e7\u00e3o faz parte do <a href=\"https:\/\/www.correiobraziliense.com.br\/economia\/2025\/04\/7111944-pldo-propoe-valor-do-salario-minimo-para-o-proximo-ano-de-rs-1.html\" target=\"_blank\" rel=\"noreferrer noopener\">Projeto de Lei Or\u00e7ament\u00e1ria Anual (PLOA)<\/a> e ainda precisa ser aprovada pelos parlamentares. A f\u00f3rmula de reajuste considera a varia\u00e7\u00e3o do INPC (\u00cdndice Nacional de Pre\u00e7os ao Consumidor) de 12 meses at\u00e9 novembro, mais um ganho real limitado a 2,5%, conforme estabelecido pelas regras do arcabou\u00e7o fiscal.<\/p>\n\n\n\n<h2 class=\"wp-block-heading\">Como o seguro-desemprego \u00e9 afetado<\/h2>\n\n\n\n<p>O valor do seguro-desemprego tem o sal\u00e1rio m\u00ednimo como piso. Isso significa que nenhum trabalhador demitido sem justa causa pode receber uma parcela do benef\u00edcio inferior ao piso nacional vigente. Portanto, se o valor for fixado em R$ 1.741, essa ser\u00e1 a quantia m\u00ednima paga aos benefici\u00e1rios.<\/p>\n\n\n\n<p>O c\u00e1lculo do benef\u00edcio leva em conta a m\u00e9dia dos \u00faltimos tr\u00eas sal\u00e1rios do trabalhador. A partir dessa m\u00e9dia, s\u00e3o aplicadas faixas de pagamento progressivas. Quem ganhava sal\u00e1rios mais altos recebe um percentual menor dessa m\u00e9dia como benef\u00edcio, sempre respeitando um teto.<\/p>\n\n\n\n<p>Com a eleva\u00e7\u00e3o do piso, toda a tabela de c\u00e1lculo do seguro-desemprego \u00e9 reajustada. O teto do benef\u00edcio, por exemplo, tamb\u00e9m \u00e9 corrigido anualmente para acompanhar as novas refer\u00eancias econ\u00f4micas e garantir a devida prote\u00e7\u00e3o ao trabalhador.<\/p>\n\n\n\n<h2 class=\"wp-block-heading\">Outros benef\u00edcios que mudam com o novo valor<\/h2>\n\n\n\n<p>A mudan\u00e7a no sal\u00e1rio m\u00ednimo n\u00e3o se restringe ao seguro-desemprego. O abono salarial do PIS\/Pasep, pago anualmente, tem seu valor m\u00e1ximo fixado em um sal\u00e1rio m\u00ednimo. Assim, quem trabalhou os 12 meses do ano-base receberia o valor integral de R$ 1.741.<\/p>\n\n\n\n<p>Benef\u00edcios previdenci\u00e1rios e assistenciais, como o Benef\u00edcio de Presta\u00e7\u00e3o Continuada (BPC), destinado a idosos e pessoas com defici\u00eancia de baixa renda, tamb\u00e9m s\u00e3o diretamente vinculados ao piso nacional. O mesmo vale para a contribui\u00e7\u00e3o mensal dos Microempreendedores Individuais (MEI) ao INSS.<\/p>\n","protected":false},"excerpt":{"rendered":"<p>Eleva\u00e7\u00e3o do piso nacional altera a tabela de pagamento dos benef\u00edcios trabalhistas e modifica o seguro-desemprego<\/p>\n","protected":false},"author":10,"featured_media":29010,"comment_status":"open","ping_status":"open","sticky":false,"template":"","format":"standard","meta":{"jnews-multi-image_gallery":[],"jnews_single_post":{"format":"standard"},"jnews_primary_category":[],"jnews_social_meta":[],"jnews_override_counter":[],"footnotes":""},"categories":[1512],"tags":[157,10978,12503],"class_list":["post-38382","post","type-post","status-publish","format-standard","has-post-thumbnail","hentry","category-economia","tag-brasil","tag-salario-minimo-3","tag-seguro-desemprego"],"yoast_head":"<!-- This site is optimized with the Yoast SEO plugin v25.1 - https:\/\/yoast.com\/wordpress\/plugins\/seo\/ -->\n<title>Sal\u00e1rio m\u00ednimo de R$ 1.741 e o impacto no seguro-desemprego - Correio Braziliense - Aqui<\/title>\n<meta name=\"description\" content=\"Eleva\u00e7\u00e3o do piso nacional altera a tabela de pagamento dos benef\u00edcios trabalhistas e modifica o seguro-desemprego\" \/>\n<meta name=\"robots\" content=\"index, follow, max-snippet:-1, max-image-preview:large, max-video-preview:-1\" \/>\n<link rel=\"canonical\" href=\"https:\/\/www.correiobraziliense.com.br\/aqui\/2026\/09\/02\/salario-minimo-de-r-1-741-e-o-impacto-no-seguro-desemprego\/\" \/>\n<meta property=\"og:locale\" content=\"pt_BR\" \/>\n<meta property=\"og:type\" content=\"article\" \/>\n<meta property=\"og:title\" content=\"Sal\u00e1rio m\u00ednimo de R$ 1.741 e o impacto no seguro-desemprego - Correio Braziliense - Aqui\" \/>\n<meta property=\"og:description\" content=\"Eleva\u00e7\u00e3o do piso nacional altera a tabela de pagamento dos benef\u00edcios trabalhistas e modifica o seguro-desemprego\" \/>\n<meta property=\"og:url\" content=\"https:\/\/www.correiobraziliense.com.br\/aqui\/2026\/09\/02\/salario-minimo-de-r-1-741-e-o-impacto-no-seguro-desemprego\/\" \/>\n<meta property=\"og:site_name\" content=\"Correio Braziliense - Aqui\" \/>\n<meta property=\"article:published_time\" content=\"2026-09-02T11:40:00+00:00\" \/>\n<meta property=\"og:image\" content=\"https:\/\/www.correiobraziliense.com.br\/aqui\/wp-content\/uploads\/2026\/05\/dinheiro-real_1778237676167.jpg\" \/>\n\t<meta property=\"og:image:width\" content=\"1280\" \/>\n\t<meta property=\"og:image:height\" content=\"720\" \/>\n\t<meta property=\"og:image:type\" content=\"image\/jpeg\" \/>\n<meta name=\"author\" content=\"Larissa\" \/>\n<meta name=\"twitter:card\" content=\"summary_large_image\" \/>\n<meta name=\"twitter:label1\" content=\"Escrito por\" \/>\n\t<meta name=\"twitter:data1\" content=\"Larissa\" \/>\n\t<meta name=\"twitter:label2\" content=\"Est. tempo de leitura\" \/>\n\t<meta name=\"twitter:data2\" content=\"3 minutos\" \/>\n<!-- \/ Yoast SEO plugin. -->","yoast_head_json":{"title":"Sal\u00e1rio m\u00ednimo de R$ 1.741 e o impacto no seguro-desemprego - Correio Braziliense - Aqui","description":"Eleva\u00e7\u00e3o do piso nacional altera a tabela de pagamento dos benef\u00edcios trabalhistas e modifica o seguro-desemprego","robots":{"index":"index","follow":"follow","max-snippet":"max-snippet:-1","max-image-preview":"max-image-preview:large","max-video-preview":"max-video-preview:-1"},"canonical":"https:\/\/www.correiobraziliense.com.br\/aqui\/2026\/09\/02\/salario-minimo-de-r-1-741-e-o-impacto-no-seguro-desemprego\/","og_locale":"pt_BR","og_type":"article","og_title":"Sal\u00e1rio m\u00ednimo de R$ 1.741 e o impacto no seguro-desemprego - Correio Braziliense - Aqui","og_description":"Eleva\u00e7\u00e3o do piso nacional altera a tabela de pagamento dos benef\u00edcios trabalhistas e modifica o seguro-desemprego","og_url":"https:\/\/www.correiobraziliense.com.br\/aqui\/2026\/09\/02\/salario-minimo-de-r-1-741-e-o-impacto-no-seguro-desemprego\/","og_site_name":"Correio Braziliense - Aqui","article_published_time":"2026-09-02T11:40:00+00:00","og_image":[{"width":1280,"height":720,"url":"https:\/\/www.correiobraziliense.com.br\/aqui\/wp-content\/uploads\/2026\/05\/dinheiro-real_1778237676167.jpg","type":"image\/jpeg"}],"author":"Larissa","twitter_card":"summary_large_image","twitter_misc":{"Escrito por":"Larissa","Est. tempo de leitura":"3 minutos"},"schema":{"@context":"https:\/\/schema.org","@graph":[{"@type":"WebPage","@id":"https:\/\/www.correiobraziliense.com.br\/aqui\/2026\/09\/02\/salario-minimo-de-r-1-741-e-o-impacto-no-seguro-desemprego\/","url":"https:\/\/www.correiobraziliense.com.br\/aqui\/2026\/09\/02\/salario-minimo-de-r-1-741-e-o-impacto-no-seguro-desemprego\/","name":"Sal\u00e1rio m\u00ednimo de R$ 1.741 e o impacto no seguro-desemprego - Correio Braziliense - Aqui","isPartOf":{"@id":"https:\/\/www.correiobraziliense.com.br\/aqui\/#website"},"primaryImageOfPage":{"@id":"https:\/\/www.correiobraziliense.com.br\/aqui\/2026\/09\/02\/salario-minimo-de-r-1-741-e-o-impacto-no-seguro-desemprego\/#primaryimage"},"image":{"@id":"https:\/\/www.correiobraziliense.com.br\/aqui\/2026\/09\/02\/salario-minimo-de-r-1-741-e-o-impacto-no-seguro-desemprego\/#primaryimage"},"thumbnailUrl":"https:\/\/www.correiobraziliense.com.br\/aqui\/wp-content\/uploads\/2026\/05\/dinheiro-real_1778237676167.jpg","datePublished":"2026-09-02T11:40:00+00:00","author":{"@id":"https:\/\/www.correiobraziliense.com.br\/aqui\/#\/schema\/person\/775f50a8c1ac31704d56816e99b29041"},"description":"Eleva\u00e7\u00e3o do piso nacional altera a tabela de pagamento dos benef\u00edcios trabalhistas e modifica o seguro-desemprego","breadcrumb":{"@id":"https:\/\/www.correiobraziliense.com.br\/aqui\/2026\/09\/02\/salario-minimo-de-r-1-741-e-o-impacto-no-seguro-desemprego\/#breadcrumb"},"inLanguage":"pt-BR","potentialAction":[{"@type":"ReadAction","target":["https:\/\/www.correiobraziliense.com.br\/aqui\/2026\/09\/02\/salario-minimo-de-r-1-741-e-o-impacto-no-seguro-desemprego\/"]}]},{"@type":"ImageObject","inLanguage":"pt-BR","@id":"https:\/\/www.correiobraziliense.com.br\/aqui\/2026\/09\/02\/salario-minimo-de-r-1-741-e-o-impacto-no-seguro-desemprego\/#primaryimage","url":"https:\/\/www.correiobraziliense.com.br\/aqui\/wp-content\/uploads\/2026\/05\/dinheiro-real_1778237676167.jpg","contentUrl":"https:\/\/www.correiobraziliense.com.br\/aqui\/wp-content\/uploads\/2026\/05\/dinheiro-real_1778237676167.jpg","width":1280,"height":720,"caption":"Cr\u00e9ditos: depositphotos.com \/ verganifotografia"},{"@type":"BreadcrumbList","@id":"https:\/\/www.correiobraziliense.com.br\/aqui\/2026\/09\/02\/salario-minimo-de-r-1-741-e-o-impacto-no-seguro-desemprego\/#breadcrumb","itemListElement":[{"@type":"ListItem","position":1,"name":"In\u00edcio","item":"https:\/\/www.correiobraziliense.com.br\/aqui\/"},{"@type":"ListItem","position":2,"name":"Sal\u00e1rio m\u00ednimo de R$ 1.741 e o impacto no seguro-desemprego"}]},{"@type":"WebSite","@id":"https:\/\/www.correiobraziliense.com.br\/aqui\/#website","url":"https:\/\/www.correiobraziliense.com.br\/aqui\/","name":"Correio Braziliense - Aqui","description":"O Correio Braziliense (CB) \u00e9 o mais importante canal de not\u00edcias de Bras\u00edlia. Aqui voc\u00ea encontra as \u00faltimas not\u00edcias do DF, do Brasil e do mundo.","potentialAction":[{"@type":"SearchAction","target":{"@type":"EntryPoint","urlTemplate":"https:\/\/www.correiobraziliense.com.br\/aqui\/?s={search_term_string}"},"query-input":{"@type":"PropertyValueSpecification","valueRequired":true,"valueName":"search_term_string"}}],"inLanguage":"pt-BR"},{"@type":"Person","@id":"https:\/\/www.correiobraziliense.com.br\/aqui\/#\/schema\/person\/775f50a8c1ac31704d56816e99b29041","name":"Larissa","image":{"@type":"ImageObject","inLanguage":"pt-BR","@id":"https:\/\/www.correiobraziliense.com.br\/aqui\/#\/schema\/person\/image\/","url":"https:\/\/secure.gravatar.com\/avatar\/62f5b2e99de671d075ab98e19f03c3c38c80a93f5d06f51075cf4431a4e76458?s=96&d=mm&r=g","contentUrl":"https:\/\/secure.gravatar.com\/avatar\/62f5b2e99de671d075ab98e19f03c3c38c80a93f5d06f51075cf4431a4e76458?s=96&d=mm&r=g","caption":"Larissa"},"url":"https:\/\/www.correiobraziliense.com.br\/aqui\/author\/larissaaqui\/"}]}},"_links":{"self":[{"href":"https:\/\/www.correiobraziliense.com.br\/aqui\/wp-json\/wp\/v2\/posts\/38382","targetHints":{"allow":["GET"]}}],"collection":[{"href":"https:\/\/www.correiobraziliense.com.br\/aqui\/wp-json\/wp\/v2\/posts"}],"about":[{"href":"https:\/\/www.correiobraziliense.com.br\/aqui\/wp-json\/wp\/v2\/types\/post"}],"author":[{"embeddable":true,"href":"https:\/\/www.correiobraziliense.com.br\/aqui\/wp-json\/wp\/v2\/users\/10"}],"replies":[{"embeddable":true,"href":"https:\/\/www.correiobraziliense.com.br\/aqui\/wp-json\/wp\/v2\/comments?post=38382"}],"version-history":[{"count":4,"href":"https:\/\/www.correiobraziliense.com.br\/aqui\/wp-json\/wp\/v2\/posts\/38382\/revisions"}],"predecessor-version":[{"id":38386,"href":"https:\/\/www.correiobraziliense.com.br\/aqui\/wp-json\/wp\/v2\/posts\/38382\/revisions\/38386"}],"wp:featuredmedia":[{"embeddable":true,"href":"https:\/\/www.correiobraziliense.com.br\/aqui\/wp-json\/wp\/v2\/media\/29010"}],"wp:attachment":[{"href":"https:\/\/www.correiobraziliense.com.br\/aqui\/wp-json\/wp\/v2\/media?parent=38382"}],"wp:term":[{"taxonomy":"category","embeddable":true,"href":"https:\/\/www.correiobraziliense.com.br\/aqui\/wp-json\/wp\/v2\/categories?post=38382"},{"taxonomy":"post_tag","embeddable":true,"href":"https:\/\/www.correiobraziliense.com.br\/aqui\/wp-json\/wp\/v2\/tags?post=38382"}],"curies":[{"name":"wp","href":"https:\/\/api.w.org\/{rel}","templated":true}]}}