{"id":38388,"date":"2026-09-02T09:30:00","date_gmt":"2026-09-02T12:30:00","guid":{"rendered":"https:\/\/www.correiobraziliense.com.br\/aqui\/?p=38388"},"modified":"2026-09-02T09:18:04","modified_gmt":"2026-09-02T12:18:04","slug":"estatuto-do-idoso-saiba-os-direitos-prioritarios-na-justica-e-na-vida","status":"publish","type":"post","link":"https:\/\/www.correiobraziliense.com.br\/aqui\/2026\/09\/02\/estatuto-do-idoso-saiba-os-direitos-prioritarios-na-justica-e-na-vida\/","title":{"rendered":"Estatuto do Idoso: saiba os direitos priorit\u00e1rios na Justi\u00e7a e na vida"},"content":{"rendered":"\n<p>O envelhecimento da popula\u00e7\u00e3o brasileira torna cada vez mais relevante a discuss\u00e3o sobre os direitos do idoso. A principal ferramenta para assegurar a dignidade e o bem-estar desse grupo \u00e9 o Estatuto do Idoso, uma legisla\u00e7\u00e3o que vai muito al\u00e9m da prioridade nos tribunais.<\/p>\n\n\n\n<p>A lei federal, em vigor desde 2003, assegura uma s\u00e9rie de <a target=\"_blank\" rel=\"noreferrer noopener\" href=\"https:\/\/www.correiobraziliense.com.br\/direito-e-justica\/2026\/06\/7440512-os-direitos-de-envelhecer-com-dignidade.html\">prote\u00e7\u00f5es para garantir o bem-estar e a dignidade<\/a> dessa parcela da popula\u00e7\u00e3o. A prioridade no andamento de processos judiciais \u00e9 um dos benef\u00edcios mais importantes, mas o atendimento preferencial se estende a diversas \u00e1reas do cotidiano, facilitando o acesso a servi\u00e7os essenciais.<\/p>\n\n\n\n<h2 class=\"wp-block-heading\">Principais direitos garantidos pelo Estatuto do Idoso<\/h2>\n\n\n\n<p>Conhecer os <a target=\"_blank\" rel=\"noreferrer noopener\" href=\"https:\/\/www.correiobraziliense.com.br\/revista-do-correio\/2025\/10\/7260487-7-direitos-dos-idosos-garantidos-por-lei.html\">benef\u00edcios previstos em lei<\/a> \u00e9 o primeiro passo para garantir que sejam respeitados. A legisla\u00e7\u00e3o abrange desde a sa\u00fade e o transporte at\u00e9 o lazer e o acesso \u00e0 Justi\u00e7a. Entender essas garantias \u00e9 fundamental para uma vida com mais qualidade e autonomia.<\/p>\n\n\n\n<p>Veja alguns dos principais direitos assegurados:<\/p>\n\n\n\n<ul class=\"wp-block-list\">\n<li><strong>Justi\u00e7a:<\/strong> prioridade na tramita\u00e7\u00e3o de processos judiciais e administrativos. Basta que a pessoa idosa ou seu advogado fa\u00e7a a solicita\u00e7\u00e3o, comprovando a idade com um documento oficial.<\/li>\n\n\n\n<li><strong>Sa\u00fade:<\/strong> atendimento preferencial no Sistema \u00danico de Sa\u00fade (SUS) e o direito a um acompanhante em tempo integral durante interna\u00e7\u00f5es hospitalares.<\/li>\n\n\n\n<li><strong>Transporte p\u00fablico:<\/strong> gratuidade nos transportes coletivos p\u00fablicos urbanos e semiurbanos para maiores de 65 anos. No transporte interestadual, s\u00e3o reservadas duas vagas gratuitas por ve\u00edculo para idosos com renda de at\u00e9 dois sal\u00e1rios m\u00ednimos e, para as vagas que excederem essa gratuidade, \u00e9 garantido um desconto de, no m\u00ednimo, 50%.<\/li>\n\n\n\n<li><strong>Moradia:<\/strong> em programas habitacionais p\u00fablicos, ao menos 3% das unidades devem ser reservadas para idosos, com projetos que considerem as necessidades de acessibilidade.<\/li>\n\n\n\n<li><strong>Cultura e lazer:<\/strong> desconto de pelo menos 50% em ingressos para eventos art\u00edsticos, culturais, esportivos e de lazer, al\u00e9m de acesso preferencial aos respectivos locais.<\/li>\n<\/ul>\n\n\n\n<h2 class=\"wp-block-heading\">Como pedir prioridade em processos judiciais?<\/h2>\n\n\n\n<p>O procedimento para solicitar o atendimento preferencial na Justi\u00e7a \u00e9 simples e r\u00e1pido. O objetivo \u00e9 garantir que as decis\u00f5es judiciais ocorram em tempo h\u00e1bil, considerando a expectativa de vida da pessoa envolvida no processo. O benef\u00edcio vale para qualquer tipo de a\u00e7\u00e3o, seja como autor, r\u00e9u ou parte interessada.<\/p>\n\n\n\n<p>O primeiro passo \u00e9 comunicar ao seu advogado sobre o direito \u00e0 prioridade. Ele far\u00e1 uma peti\u00e7\u00e3o simples ao juiz respons\u00e1vel pelo caso. Ser\u00e1 necess\u00e1rio apresentar um documento de identidade que comprove a idade igual ou superior a 60 anos. Ap\u00f3s o pedido ser aceito, o processo recebe uma identifica\u00e7\u00e3o visual, geralmente um selo ou etiqueta, para que todos os funcion\u00e1rios do f\u00f3rum saibam que ele deve tramitar com mais agilidade.<\/p>\n\n\n\n<p>Essa garantia se torna cada vez mais relevante em um pa\u00eds que envelhece rapidamente. Conhecer e exigir esses direitos \u00e9 fundamental para assegurar a dignidade e o bem-estar da popula\u00e7\u00e3o idosa.<\/p>\n","protected":false},"excerpt":{"rendered":"<p>Conhe\u00e7a os direitos garantidos por lei \u00e0 pessoa da terceira idade e veja como solicitar atendimento preferencial nos tribunais<\/p>\n","protected":false},"author":10,"featured_media":38390,"comment_status":"open","ping_status":"open","sticky":false,"template":"","format":"standard","meta":{"jnews-multi-image_gallery":[],"jnews_single_post":{"format":"standard"},"jnews_primary_category":[],"jnews_social_meta":[],"jnews_override_counter":[],"footnotes":""},"categories":[1279],"tags":[157,12504],"class_list":["post-38388","post","type-post","status-publish","format-standard","has-post-thumbnail","hentry","category-noticias","tag-brasil","tag-estatuto-do-idoso"],"yoast_head":"<!-- This site is optimized with the Yoast SEO plugin v25.1 - https:\/\/yoast.com\/wordpress\/plugins\/seo\/ -->\n<title>Estatuto do Idoso: saiba os direitos priorit\u00e1rios na Justi\u00e7a e na vida - Correio Braziliense - Aqui<\/title>\n<meta name=\"description\" content=\"Conhe\u00e7a os direitos garantidos por lei \u00e0 ao idoso e veja como solicitar atendimento preferencial nos tribunais\" \/>\n<meta name=\"robots\" content=\"index, follow, max-snippet:-1, max-image-preview:large, max-video-preview:-1\" \/>\n<link rel=\"canonical\" href=\"https:\/\/www.correiobraziliense.com.br\/aqui\/2026\/09\/02\/estatuto-do-idoso-saiba-os-direitos-prioritarios-na-justica-e-na-vida\/\" \/>\n<meta property=\"og:locale\" content=\"pt_BR\" \/>\n<meta property=\"og:type\" content=\"article\" \/>\n<meta property=\"og:title\" content=\"Estatuto do Idoso: saiba os direitos priorit\u00e1rios na Justi\u00e7a e na vida - Correio Braziliense - Aqui\" \/>\n<meta property=\"og:description\" content=\"Conhe\u00e7a os direitos garantidos por lei \u00e0 ao idoso e veja como solicitar atendimento preferencial nos tribunais\" \/>\n<meta property=\"og:url\" content=\"https:\/\/www.correiobraziliense.com.br\/aqui\/2026\/09\/02\/estatuto-do-idoso-saiba-os-direitos-prioritarios-na-justica-e-na-vida\/\" \/>\n<meta property=\"og:site_name\" content=\"Correio Braziliense - Aqui\" \/>\n<meta property=\"article:published_time\" content=\"2026-09-02T12:30:00+00:00\" \/>\n<meta property=\"og:image\" content=\"https:\/\/www.correiobraziliense.com.br\/aqui\/wp-content\/uploads\/2026\/09\/idosos_1788351334595.jpg\" \/>\n\t<meta property=\"og:image:width\" content=\"1280\" \/>\n\t<meta property=\"og:image:height\" content=\"720\" \/>\n\t<meta property=\"og:image:type\" content=\"image\/jpeg\" \/>\n<meta name=\"author\" content=\"Larissa\" \/>\n<meta name=\"twitter:card\" content=\"summary_large_image\" \/>\n<meta name=\"twitter:label1\" content=\"Escrito por\" \/>\n\t<meta name=\"twitter:data1\" content=\"Larissa\" \/>\n\t<meta name=\"twitter:label2\" content=\"Est. tempo de leitura\" \/>\n\t<meta name=\"twitter:data2\" content=\"3 minutos\" \/>\n<!-- \/ Yoast SEO plugin. -->","yoast_head_json":{"title":"Estatuto do Idoso: saiba os direitos priorit\u00e1rios na Justi\u00e7a e na vida - Correio Braziliense - Aqui","description":"Conhe\u00e7a os direitos garantidos por lei \u00e0 ao idoso e veja como solicitar atendimento preferencial nos tribunais","robots":{"index":"index","follow":"follow","max-snippet":"max-snippet:-1","max-image-preview":"max-image-preview:large","max-video-preview":"max-video-preview:-1"},"canonical":"https:\/\/www.correiobraziliense.com.br\/aqui\/2026\/09\/02\/estatuto-do-idoso-saiba-os-direitos-prioritarios-na-justica-e-na-vida\/","og_locale":"pt_BR","og_type":"article","og_title":"Estatuto do Idoso: saiba os direitos priorit\u00e1rios na Justi\u00e7a e na vida - Correio Braziliense - Aqui","og_description":"Conhe\u00e7a os direitos garantidos por lei \u00e0 ao idoso e veja como solicitar atendimento preferencial nos tribunais","og_url":"https:\/\/www.correiobraziliense.com.br\/aqui\/2026\/09\/02\/estatuto-do-idoso-saiba-os-direitos-prioritarios-na-justica-e-na-vida\/","og_site_name":"Correio Braziliense - Aqui","article_published_time":"2026-09-02T12:30:00+00:00","og_image":[{"width":1280,"height":720,"url":"https:\/\/www.correiobraziliense.com.br\/aqui\/wp-content\/uploads\/2026\/09\/idosos_1788351334595.jpg","type":"image\/jpeg"}],"author":"Larissa","twitter_card":"summary_large_image","twitter_misc":{"Escrito por":"Larissa","Est. tempo de leitura":"3 minutos"},"schema":{"@context":"https:\/\/schema.org","@graph":[{"@type":"WebPage","@id":"https:\/\/www.correiobraziliense.com.br\/aqui\/2026\/09\/02\/estatuto-do-idoso-saiba-os-direitos-prioritarios-na-justica-e-na-vida\/","url":"https:\/\/www.correiobraziliense.com.br\/aqui\/2026\/09\/02\/estatuto-do-idoso-saiba-os-direitos-prioritarios-na-justica-e-na-vida\/","name":"Estatuto do Idoso: saiba os direitos priorit\u00e1rios na Justi\u00e7a e na vida - Correio Braziliense - Aqui","isPartOf":{"@id":"https:\/\/www.correiobraziliense.com.br\/aqui\/#website"},"primaryImageOfPage":{"@id":"https:\/\/www.correiobraziliense.com.br\/aqui\/2026\/09\/02\/estatuto-do-idoso-saiba-os-direitos-prioritarios-na-justica-e-na-vida\/#primaryimage"},"image":{"@id":"https:\/\/www.correiobraziliense.com.br\/aqui\/2026\/09\/02\/estatuto-do-idoso-saiba-os-direitos-prioritarios-na-justica-e-na-vida\/#primaryimage"},"thumbnailUrl":"https:\/\/www.correiobraziliense.com.br\/aqui\/wp-content\/uploads\/2026\/09\/idosos_1788351334595.jpg","datePublished":"2026-09-02T12:30:00+00:00","author":{"@id":"https:\/\/www.correiobraziliense.com.br\/aqui\/#\/schema\/person\/775f50a8c1ac31704d56816e99b29041"},"description":"Conhe\u00e7a os direitos garantidos por lei \u00e0 ao idoso e veja como solicitar atendimento preferencial nos tribunais","breadcrumb":{"@id":"https:\/\/www.correiobraziliense.com.br\/aqui\/2026\/09\/02\/estatuto-do-idoso-saiba-os-direitos-prioritarios-na-justica-e-na-vida\/#breadcrumb"},"inLanguage":"pt-BR","potentialAction":[{"@type":"ReadAction","target":["https:\/\/www.correiobraziliense.com.br\/aqui\/2026\/09\/02\/estatuto-do-idoso-saiba-os-direitos-prioritarios-na-justica-e-na-vida\/"]}]},{"@type":"ImageObject","inLanguage":"pt-BR","@id":"https:\/\/www.correiobraziliense.com.br\/aqui\/2026\/09\/02\/estatuto-do-idoso-saiba-os-direitos-prioritarios-na-justica-e-na-vida\/#primaryimage","url":"https:\/\/www.correiobraziliense.com.br\/aqui\/wp-content\/uploads\/2026\/09\/idosos_1788351334595.jpg","contentUrl":"https:\/\/www.correiobraziliense.com.br\/aqui\/wp-content\/uploads\/2026\/09\/idosos_1788351334595.jpg","width":1280,"height":720,"caption":"Cr\u00e9ditos: depositphotos.com \/ diego_cervo"},{"@type":"BreadcrumbList","@id":"https:\/\/www.correiobraziliense.com.br\/aqui\/2026\/09\/02\/estatuto-do-idoso-saiba-os-direitos-prioritarios-na-justica-e-na-vida\/#breadcrumb","itemListElement":[{"@type":"ListItem","position":1,"name":"In\u00edcio","item":"https:\/\/www.correiobraziliense.com.br\/aqui\/"},{"@type":"ListItem","position":2,"name":"Estatuto do Idoso: saiba os direitos priorit\u00e1rios na Justi\u00e7a e na vida"}]},{"@type":"WebSite","@id":"https:\/\/www.correiobraziliense.com.br\/aqui\/#website","url":"https:\/\/www.correiobraziliense.com.br\/aqui\/","name":"Correio Braziliense - Aqui","description":"O Correio Braziliense (CB) \u00e9 o mais importante canal de not\u00edcias de Bras\u00edlia. Aqui voc\u00ea encontra as \u00faltimas not\u00edcias do DF, do Brasil e do mundo.","potentialAction":[{"@type":"SearchAction","target":{"@type":"EntryPoint","urlTemplate":"https:\/\/www.correiobraziliense.com.br\/aqui\/?s={search_term_string}"},"query-input":{"@type":"PropertyValueSpecification","valueRequired":true,"valueName":"search_term_string"}}],"inLanguage":"pt-BR"},{"@type":"Person","@id":"https:\/\/www.correiobraziliense.com.br\/aqui\/#\/schema\/person\/775f50a8c1ac31704d56816e99b29041","name":"Larissa","image":{"@type":"ImageObject","inLanguage":"pt-BR","@id":"https:\/\/www.correiobraziliense.com.br\/aqui\/#\/schema\/person\/image\/","url":"https:\/\/secure.gravatar.com\/avatar\/62f5b2e99de671d075ab98e19f03c3c38c80a93f5d06f51075cf4431a4e76458?s=96&d=mm&r=g","contentUrl":"https:\/\/secure.gravatar.com\/avatar\/62f5b2e99de671d075ab98e19f03c3c38c80a93f5d06f51075cf4431a4e76458?s=96&d=mm&r=g","caption":"Larissa"},"url":"https:\/\/www.correiobraziliense.com.br\/aqui\/author\/larissaaqui\/"}]}},"_links":{"self":[{"href":"https:\/\/www.correiobraziliense.com.br\/aqui\/wp-json\/wp\/v2\/posts\/38388","targetHints":{"allow":["GET"]}}],"collection":[{"href":"https:\/\/www.correiobraziliense.com.br\/aqui\/wp-json\/wp\/v2\/posts"}],"about":[{"href":"https:\/\/www.correiobraziliense.com.br\/aqui\/wp-json\/wp\/v2\/types\/post"}],"author":[{"embeddable":true,"href":"https:\/\/www.correiobraziliense.com.br\/aqui\/wp-json\/wp\/v2\/users\/10"}],"replies":[{"embeddable":true,"href":"https:\/\/www.correiobraziliense.com.br\/aqui\/wp-json\/wp\/v2\/comments?post=38388"}],"version-history":[{"count":3,"href":"https:\/\/www.correiobraziliense.com.br\/aqui\/wp-json\/wp\/v2\/posts\/38388\/revisions"}],"predecessor-version":[{"id":38392,"href":"https:\/\/www.correiobraziliense.com.br\/aqui\/wp-json\/wp\/v2\/posts\/38388\/revisions\/38392"}],"wp:featuredmedia":[{"embeddable":true,"href":"https:\/\/www.correiobraziliense.com.br\/aqui\/wp-json\/wp\/v2\/media\/38390"}],"wp:attachment":[{"href":"https:\/\/www.correiobraziliense.com.br\/aqui\/wp-json\/wp\/v2\/media?parent=38388"}],"wp:term":[{"taxonomy":"category","embeddable":true,"href":"https:\/\/www.correiobraziliense.com.br\/aqui\/wp-json\/wp\/v2\/categories?post=38388"},{"taxonomy":"post_tag","embeddable":true,"href":"https:\/\/www.correiobraziliense.com.br\/aqui\/wp-json\/wp\/v2\/tags?post=38388"}],"curies":[{"name":"wp","href":"https:\/\/api.w.org\/{rel}","templated":true}]}}