{"id":38402,"date":"2026-09-02T10:55:00","date_gmt":"2026-09-02T13:55:00","guid":{"rendered":"https:\/\/www.correiobraziliense.com.br\/aqui\/?p=38402"},"modified":"2026-09-02T10:03:54","modified_gmt":"2026-09-02T13:03:54","slug":"proteja-criancas-em-familias-recompostas-alerta-e-cuidados","status":"publish","type":"post","link":"https:\/\/www.correiobraziliense.com.br\/aqui\/2026\/09\/02\/proteja-criancas-em-familias-recompostas-alerta-e-cuidados\/","title":{"rendered":"Proteja crian\u00e7as em fam\u00edlias recompostas: alerta e cuidados"},"content":{"rendered":"\n<p>A forma\u00e7\u00e3o de uma nova fam\u00edlia \u00e9 um momento de adapta\u00e7\u00e3o para todos, especialmente para as crian\u00e7as. Embora a maioria das fam\u00edlias recompostas seja um ambiente de amor e seguran\u00e7a, \u00e9 fundamental que pais e m\u00e3es estejam atentos a sinais que possam indicar desconforto ou problemas, garantindo o bem-estar dos filhos nessa nova fase.<\/p>\n\n\n\n<p>O di\u00e1logo aberto \u00e9 a principal ferramenta de prote\u00e7\u00e3o. Criar um ambiente seguro, onde a crian\u00e7a se sinta \u00e0 vontade para <a target=\"_blank\" rel=\"noreferrer noopener\" href=\"https:\/\/www.correiobraziliense.com.br\/mundo\/2025\/04\/7107843-como-decifrar-as-angustias-das-criancas-dificuldade-em-matematica-pode-ser-ansiedade-com-contas-da-casa.html\">expressar medos e ang\u00fastias<\/a> sem ser julgada, \u00e9 fundamental. \u00c9 importante validar seus sentimentos, mesmo que pare\u00e7am exagerados, e observar se h\u00e1 <a target=\"_blank\" rel=\"noreferrer noopener\" href=\"https:\/\/www.correiobraziliense.com.br\/revista-do-correio\/2025\/09\/7256713-saiba-como-reconhecer-os-sinais-de-alienacao-parental.html\">relatos de regras excessivamente r\u00edgidas, puni\u00e7\u00f5es desproporcionais ou um tratamento diferente na aus\u00eancia do genitor<\/a>.<\/p>\n\n\n\n<h2 class=\"wp-block-heading\">Sinais de alerta no comportamento de crian\u00e7as<\/h2>\n\n\n\n<p>Mudan\u00e7as repentinas no comportamento s\u00e3o o principal indicativo de que algo n\u00e3o vai bem. Fique atento se a crian\u00e7a, antes extrovertida e falante, passa a se isolar ou demonstrar medo constante, principalmente na presen\u00e7a do novo parceiro(a) da fam\u00edlia. Outros sinais incluem:<\/p>\n\n\n\n<ul class=\"wp-block-list\">\n<li><strong>Agressividade ou irritabilidade:<\/strong> rea\u00e7\u00f5es hostis e sem motivo aparente podem ser uma forma de expressar ang\u00fastia.<\/li>\n\n\n\n<li><strong>Regress\u00e3o no desenvolvimento:<\/strong> voltar a fazer xixi na cama, chupar o dedo ou falar com voz infantilizada.<\/li>\n\n\n\n<li><a href=\"https:\/\/www.correiobraziliense.com.br\/revista-do-correio\/2025\/09\/7257545-9-sinais-que-indicam-que-a-crianca-esta-sofrendo-bullying-na-escola.html\" target=\"_blank\" rel=\"noreferrer noopener\"><strong>Queda no rendimento escolar<\/strong><\/a><strong>:<\/strong> dificuldade de concentra\u00e7\u00e3o e desinteresse repentino pelos estudos.<\/li>\n\n\n\n<li><strong>Altera\u00e7\u00f5es no sono e apetite:<\/strong> pesadelos frequentes, ins\u00f4nia ou perda de vontade de comer.<\/li>\n\n\n\n<li><strong>Queixas f\u00edsicas:<\/strong> dores de cabe\u00e7a ou de est\u00f4mago sem causa m\u00e9dica aparente.<\/li>\n<\/ul>\n\n\n\n<h2 class=\"wp-block-heading\">Como agir para proteger seu filho<\/h2>\n\n\n\n<p>Ao perceber qualquer um desses sinais, \u00e9 crucial agir com calma e estrat\u00e9gia. A primeira atitude \u00e9 fortalecer o v\u00ednculo com a crian\u00e7a, dedicando um tempo exclusivo para ela. Atividades juntos, conversas e demonstra\u00e7\u00f5es de afeto refor\u00e7am a <a target=\"_blank\" rel=\"noreferrer noopener\" href=\"https:\/\/www.correiobraziliense.com.br\/revista-do-correio\/2025\/06\/7187419-saiba-quando-o-adolescente-precisa-de-apoio-para-a-saude-mental.html\">confian\u00e7a e a seguran\u00e7a emocional<\/a>.<\/p>\n\n\n\n<p>Observe a intera\u00e7\u00e3o entre a crian\u00e7a e o parceiro(a). Preste aten\u00e7\u00e3o em como ele(a) se dirige a ela, se h\u00e1 controle excessivo, ci\u00fames da rela\u00e7\u00e3o entre genitor e filho(a), ou tentativas de isolar a crian\u00e7a do conv\u00edvio com outros familiares. Evite confrontar o parceiro(a) na frente da crian\u00e7a, pois isso pode aumentar a press\u00e3o sobre ela.<\/p>\n\n\n\n<p>Manter uma rede de apoio ativa, com av\u00f3s, tios e amigos pr\u00f3ximos, tamb\u00e9m \u00e9 uma medida protetiva. Essas pessoas podem ajudar a observar o comportamento da crian\u00e7a em diferentes contextos. Caso a desconfian\u00e7a persista ou se confirme, busque ajuda de autoridades competentes, como o Conselho Tutelar de sua cidade ou o Disque 100 (Disque Direitos Humanos), que oferece um canal de den\u00fancia an\u00f4nimo e seguro.<\/p>\n","protected":false},"excerpt":{"rendered":"<p>Mudan\u00e7as de comportamento, escuta ativa e fortalecimento do v\u00ednculo s\u00e3o chaves para a prote\u00e7\u00e3o infantil em novas configura\u00e7\u00f5es familiares<\/p>\n","protected":false},"author":10,"featured_media":38407,"comment_status":"open","ping_status":"open","sticky":false,"template":"","format":"standard","meta":{"jnews-multi-image_gallery":[],"jnews_single_post":{"format":"standard"},"jnews_primary_category":[],"jnews_social_meta":[],"jnews_override_counter":[],"footnotes":""},"categories":[199],"tags":[140,3998,1183],"class_list":["post-38402","post","type-post","status-publish","format-standard","has-post-thumbnail","hentry","category-bem-estar","tag-bem-estar","tag-criancas","tag-familia"],"yoast_head":"<!-- This site is optimized with the Yoast SEO plugin v25.1 - https:\/\/yoast.com\/wordpress\/plugins\/seo\/ -->\n<title>Proteja crian\u00e7as em fam\u00edlias recompostas: alerta e cuidados - Correio Braziliense - Aqui<\/title>\n<meta name=\"description\" content=\"Mudan\u00e7as de comportamento, escuta ativa e fortalecimento do v\u00ednculo s\u00e3o chaves para a prote\u00e7\u00e3o de crian\u00e7as em novas configura\u00e7\u00f5es familiares\" \/>\n<meta name=\"robots\" content=\"index, follow, max-snippet:-1, max-image-preview:large, max-video-preview:-1\" \/>\n<link rel=\"canonical\" href=\"https:\/\/www.correiobraziliense.com.br\/aqui\/2026\/09\/02\/proteja-criancas-em-familias-recompostas-alerta-e-cuidados\/\" \/>\n<meta property=\"og:locale\" content=\"pt_BR\" \/>\n<meta property=\"og:type\" content=\"article\" \/>\n<meta property=\"og:title\" content=\"Proteja crian\u00e7as em fam\u00edlias recompostas: alerta e cuidados - Correio Braziliense - Aqui\" \/>\n<meta property=\"og:description\" content=\"Mudan\u00e7as de comportamento, escuta ativa e fortalecimento do v\u00ednculo s\u00e3o chaves para a prote\u00e7\u00e3o de crian\u00e7as em novas configura\u00e7\u00f5es familiares\" \/>\n<meta property=\"og:url\" content=\"https:\/\/www.correiobraziliense.com.br\/aqui\/2026\/09\/02\/proteja-criancas-em-familias-recompostas-alerta-e-cuidados\/\" \/>\n<meta property=\"og:site_name\" content=\"Correio Braziliense - Aqui\" \/>\n<meta property=\"article:published_time\" content=\"2026-09-02T13:55:00+00:00\" \/>\n<meta property=\"og:image\" content=\"https:\/\/www.correiobraziliense.com.br\/aqui\/wp-content\/uploads\/2026\/09\/familia-e-crianca_1788354140111.jpg\" \/>\n\t<meta property=\"og:image:width\" content=\"1280\" \/>\n\t<meta property=\"og:image:height\" content=\"720\" \/>\n\t<meta property=\"og:image:type\" content=\"image\/jpeg\" \/>\n<meta name=\"author\" content=\"Larissa\" \/>\n<meta name=\"twitter:card\" content=\"summary_large_image\" \/>\n<meta name=\"twitter:label1\" content=\"Escrito por\" \/>\n\t<meta name=\"twitter:data1\" content=\"Larissa\" \/>\n\t<meta name=\"twitter:label2\" content=\"Est. tempo de leitura\" \/>\n\t<meta name=\"twitter:data2\" content=\"3 minutos\" \/>\n<!-- \/ Yoast SEO plugin. -->","yoast_head_json":{"title":"Proteja crian\u00e7as em fam\u00edlias recompostas: alerta e cuidados - Correio Braziliense - Aqui","description":"Mudan\u00e7as de comportamento, escuta ativa e fortalecimento do v\u00ednculo s\u00e3o chaves para a prote\u00e7\u00e3o de crian\u00e7as em novas configura\u00e7\u00f5es familiares","robots":{"index":"index","follow":"follow","max-snippet":"max-snippet:-1","max-image-preview":"max-image-preview:large","max-video-preview":"max-video-preview:-1"},"canonical":"https:\/\/www.correiobraziliense.com.br\/aqui\/2026\/09\/02\/proteja-criancas-em-familias-recompostas-alerta-e-cuidados\/","og_locale":"pt_BR","og_type":"article","og_title":"Proteja crian\u00e7as em fam\u00edlias recompostas: alerta e cuidados - Correio Braziliense - Aqui","og_description":"Mudan\u00e7as de comportamento, escuta ativa e fortalecimento do v\u00ednculo s\u00e3o chaves para a prote\u00e7\u00e3o de crian\u00e7as em novas configura\u00e7\u00f5es familiares","og_url":"https:\/\/www.correiobraziliense.com.br\/aqui\/2026\/09\/02\/proteja-criancas-em-familias-recompostas-alerta-e-cuidados\/","og_site_name":"Correio Braziliense - Aqui","article_published_time":"2026-09-02T13:55:00+00:00","og_image":[{"width":1280,"height":720,"url":"https:\/\/www.correiobraziliense.com.br\/aqui\/wp-content\/uploads\/2026\/09\/familia-e-crianca_1788354140111.jpg","type":"image\/jpeg"}],"author":"Larissa","twitter_card":"summary_large_image","twitter_misc":{"Escrito por":"Larissa","Est. tempo de leitura":"3 minutos"},"schema":{"@context":"https:\/\/schema.org","@graph":[{"@type":"WebPage","@id":"https:\/\/www.correiobraziliense.com.br\/aqui\/2026\/09\/02\/proteja-criancas-em-familias-recompostas-alerta-e-cuidados\/","url":"https:\/\/www.correiobraziliense.com.br\/aqui\/2026\/09\/02\/proteja-criancas-em-familias-recompostas-alerta-e-cuidados\/","name":"Proteja crian\u00e7as em fam\u00edlias recompostas: alerta e cuidados - Correio Braziliense - Aqui","isPartOf":{"@id":"https:\/\/www.correiobraziliense.com.br\/aqui\/#website"},"primaryImageOfPage":{"@id":"https:\/\/www.correiobraziliense.com.br\/aqui\/2026\/09\/02\/proteja-criancas-em-familias-recompostas-alerta-e-cuidados\/#primaryimage"},"image":{"@id":"https:\/\/www.correiobraziliense.com.br\/aqui\/2026\/09\/02\/proteja-criancas-em-familias-recompostas-alerta-e-cuidados\/#primaryimage"},"thumbnailUrl":"https:\/\/www.correiobraziliense.com.br\/aqui\/wp-content\/uploads\/2026\/09\/familia-e-crianca_1788354140111.jpg","datePublished":"2026-09-02T13:55:00+00:00","author":{"@id":"https:\/\/www.correiobraziliense.com.br\/aqui\/#\/schema\/person\/775f50a8c1ac31704d56816e99b29041"},"description":"Mudan\u00e7as de comportamento, escuta ativa e fortalecimento do v\u00ednculo s\u00e3o chaves para a prote\u00e7\u00e3o de crian\u00e7as em novas configura\u00e7\u00f5es familiares","breadcrumb":{"@id":"https:\/\/www.correiobraziliense.com.br\/aqui\/2026\/09\/02\/proteja-criancas-em-familias-recompostas-alerta-e-cuidados\/#breadcrumb"},"inLanguage":"pt-BR","potentialAction":[{"@type":"ReadAction","target":["https:\/\/www.correiobraziliense.com.br\/aqui\/2026\/09\/02\/proteja-criancas-em-familias-recompostas-alerta-e-cuidados\/"]}]},{"@type":"ImageObject","inLanguage":"pt-BR","@id":"https:\/\/www.correiobraziliense.com.br\/aqui\/2026\/09\/02\/proteja-criancas-em-familias-recompostas-alerta-e-cuidados\/#primaryimage","url":"https:\/\/www.correiobraziliense.com.br\/aqui\/wp-content\/uploads\/2026\/09\/familia-e-crianca_1788354140111.jpg","contentUrl":"https:\/\/www.correiobraziliense.com.br\/aqui\/wp-content\/uploads\/2026\/09\/familia-e-crianca_1788354140111.jpg","width":1280,"height":720,"caption":"Cr\u00e9ditos: depositphotos.com \/ ArturVerkhovetskiy"},{"@type":"BreadcrumbList","@id":"https:\/\/www.correiobraziliense.com.br\/aqui\/2026\/09\/02\/proteja-criancas-em-familias-recompostas-alerta-e-cuidados\/#breadcrumb","itemListElement":[{"@type":"ListItem","position":1,"name":"In\u00edcio","item":"https:\/\/www.correiobraziliense.com.br\/aqui\/"},{"@type":"ListItem","position":2,"name":"Proteja crian\u00e7as em fam\u00edlias recompostas: alerta e cuidados"}]},{"@type":"WebSite","@id":"https:\/\/www.correiobraziliense.com.br\/aqui\/#website","url":"https:\/\/www.correiobraziliense.com.br\/aqui\/","name":"Correio Braziliense - Aqui","description":"O Correio Braziliense (CB) \u00e9 o mais importante canal de not\u00edcias de Bras\u00edlia. Aqui voc\u00ea encontra as \u00faltimas not\u00edcias do DF, do Brasil e do mundo.","potentialAction":[{"@type":"SearchAction","target":{"@type":"EntryPoint","urlTemplate":"https:\/\/www.correiobraziliense.com.br\/aqui\/?s={search_term_string}"},"query-input":{"@type":"PropertyValueSpecification","valueRequired":true,"valueName":"search_term_string"}}],"inLanguage":"pt-BR"},{"@type":"Person","@id":"https:\/\/www.correiobraziliense.com.br\/aqui\/#\/schema\/person\/775f50a8c1ac31704d56816e99b29041","name":"Larissa","image":{"@type":"ImageObject","inLanguage":"pt-BR","@id":"https:\/\/www.correiobraziliense.com.br\/aqui\/#\/schema\/person\/image\/","url":"https:\/\/secure.gravatar.com\/avatar\/62f5b2e99de671d075ab98e19f03c3c38c80a93f5d06f51075cf4431a4e76458?s=96&d=mm&r=g","contentUrl":"https:\/\/secure.gravatar.com\/avatar\/62f5b2e99de671d075ab98e19f03c3c38c80a93f5d06f51075cf4431a4e76458?s=96&d=mm&r=g","caption":"Larissa"},"url":"https:\/\/www.correiobraziliense.com.br\/aqui\/author\/larissaaqui\/"}]}},"_links":{"self":[{"href":"https:\/\/www.correiobraziliense.com.br\/aqui\/wp-json\/wp\/v2\/posts\/38402","targetHints":{"allow":["GET"]}}],"collection":[{"href":"https:\/\/www.correiobraziliense.com.br\/aqui\/wp-json\/wp\/v2\/posts"}],"about":[{"href":"https:\/\/www.correiobraziliense.com.br\/aqui\/wp-json\/wp\/v2\/types\/post"}],"author":[{"embeddable":true,"href":"https:\/\/www.correiobraziliense.com.br\/aqui\/wp-json\/wp\/v2\/users\/10"}],"replies":[{"embeddable":true,"href":"https:\/\/www.correiobraziliense.com.br\/aqui\/wp-json\/wp\/v2\/comments?post=38402"}],"version-history":[{"count":5,"href":"https:\/\/www.correiobraziliense.com.br\/aqui\/wp-json\/wp\/v2\/posts\/38402\/revisions"}],"predecessor-version":[{"id":38408,"href":"https:\/\/www.correiobraziliense.com.br\/aqui\/wp-json\/wp\/v2\/posts\/38402\/revisions\/38408"}],"wp:featuredmedia":[{"embeddable":true,"href":"https:\/\/www.correiobraziliense.com.br\/aqui\/wp-json\/wp\/v2\/media\/38407"}],"wp:attachment":[{"href":"https:\/\/www.correiobraziliense.com.br\/aqui\/wp-json\/wp\/v2\/media?parent=38402"}],"wp:term":[{"taxonomy":"category","embeddable":true,"href":"https:\/\/www.correiobraziliense.com.br\/aqui\/wp-json\/wp\/v2\/categories?post=38402"},{"taxonomy":"post_tag","embeddable":true,"href":"https:\/\/www.correiobraziliense.com.br\/aqui\/wp-json\/wp\/v2\/tags?post=38402"}],"curies":[{"name":"wp","href":"https:\/\/api.w.org\/{rel}","templated":true}]}}