{"id":38409,"date":"2026-09-02T11:30:00","date_gmt":"2026-09-02T14:30:00","guid":{"rendered":"https:\/\/www.correiobraziliense.com.br\/aqui\/?p=38409"},"modified":"2026-09-02T10:15:39","modified_gmt":"2026-09-02T13:15:39","slug":"sargento-acusado-de-crime-pode-perder-cargo-entenda","status":"publish","type":"post","link":"https:\/\/www.correiobraziliense.com.br\/aqui\/2026\/09\/02\/sargento-acusado-de-crime-pode-perder-cargo-entenda\/","title":{"rendered":"Sargento acusado de crime pode perder cargo: entenda"},"content":{"rendered":"\n<p>A recente den\u00fancia formal do Minist\u00e9rio P\u00fablico contra um sargento da Pol\u00edcia Militar em Belo Horizonte, acusado de feminic\u00eddio, levanta uma quest\u00e3o central: um policial pode perder o cargo mesmo antes de uma condena\u00e7\u00e3o judicial definitiva? A resposta \u00e9 sim. As corpora\u00e7\u00f5es militares estaduais possuem mecanismos internos para expulsar agentes que cometem infra\u00e7\u00f5es graves, independentemente do andamento do processo na Justi\u00e7a comum.<\/p>\n\n\n\n<p>Para um policial militar, responder a um crime na esfera criminal n\u00e3o impede a abertura de um <a target=\"_blank\" rel=\"noreferrer noopener\" href=\"https:\/\/www.correiobraziliense.com.br\/economia\/2025\/12\/7321763-servidores-podem-ser-punidos-por-condutas-fora-do-trabalho.html\">procedimento administrativo disciplinar (PAD)<\/a>. S\u00e3o duas apura\u00e7\u00f5es que correm em paralelo. Enquanto a Justi\u00e7a busca provas para uma condena\u00e7\u00e3o penal, a pr\u00f3pria institui\u00e7\u00e3o avalia se a conduta do agente feriu a honra e o regulamento da corpora\u00e7\u00e3o a ponto de justificar sua exclus\u00e3o.<\/p>\n\n\n\n<p>Essa investiga\u00e7\u00e3o interna ocorre por meio de um Processo Administrativo Disciplinar (PAD) ou, em casos espec\u00edficos, por um Conselho de Disciplina, formado por outros oficiais que analisam as acusa\u00e7\u00f5es. Em ambos os casos, o policial acusado tem direito \u00e0 ampla defesa, podendo apresentar provas, testemunhas e ser representado por um advogado. O objetivo \u00e9 determinar se a perman\u00eancia do militar na corpora\u00e7\u00e3o \u00e9 compat\u00edvel com os princ\u00edpios \u00e9ticos e morais exigidos pela fun\u00e7\u00e3o.<\/p>\n\n\n\n<h2 class=\"wp-block-heading\">O que leva \u00e0 expuls\u00e3o?<\/h2>\n\n\n\n<p>A perda do cargo, conhecida como &#8220;<a target=\"_blank\" rel=\"noreferrer noopener\" href=\"https:\/\/www.correiobraziliense.com.br\/cidades-df\/2025\/12\/7314455-soldado-e-indiciado-pelo-feminicidio-de-maria-de-lourdes-e-outros-tres-crimes.html\">exclus\u00e3o a bem da disciplina<\/a>&#8220;, \u00e9 a puni\u00e7\u00e3o mais severa e geralmente aplicada em casos de crimes graves, como homic\u00eddio, corrup\u00e7\u00e3o, extors\u00e3o ou qualquer ato que cause grande abalo \u00e0 imagem da Pol\u00edcia Militar. A estabilidade, adquirida ap\u00f3s tr\u00eas anos de efetivo exerc\u00edcio, n\u00e3o protege o policial de ser expulso se for comprovada uma falta disciplinar de natureza grav\u00edssima.<\/p>\n\n\n\n<p>A decis\u00e3o final sobre a expuls\u00e3o \u00e9 do comando-geral da corpora\u00e7\u00e3o, baseada na recomenda\u00e7\u00e3o do conselho disciplinar. Uma vez exclu\u00eddo, o ex-policial perde o cargo, o sal\u00e1rio e todos os benef\u00edcios associados \u00e0 fun\u00e7\u00e3o. A medida pode ser tomada antes mesmo da conclus\u00e3o do julgamento criminal.<\/p>\n\n\n\n<p>Uma eventual absolvi\u00e7\u00e3o na Justi\u00e7a comum n\u00e3o garante automaticamente a reintegra\u00e7\u00e3o do agente. Isso ocorre porque <a target=\"_blank\" rel=\"noreferrer noopener\" href=\"https:\/\/www.correiobraziliense.com.br\/cidades-df\/2026\/01\/7333075-stj-definira-se-soldado-feminicida-sera-julgado-pela-justica-militar-ou-comum.html\">as esferas criminal e administrativa s\u00e3o independentes<\/a>. Se a absolvi\u00e7\u00e3o for por falta de provas, a decis\u00e3o administrativa de expuls\u00e3o pode ser mantida, pois a institui\u00e7\u00e3o considerou que, mesmo sem uma condena\u00e7\u00e3o penal, a conduta do militar foi inadequada para os padr\u00f5es da corpora\u00e7\u00e3o. A anula\u00e7\u00e3o da expuls\u00e3o s\u00f3 costuma ocorrer se a Justi\u00e7a comprovar que o crime n\u00e3o existiu ou que o policial n\u00e3o foi o autor.<\/p>\n\n\n\n<p><\/p>\n","protected":false},"excerpt":{"rendered":"<p>Processos administrativos e disciplinares na Pol\u00edcia Militar preveem expuls\u00e3o e perda de estabilidade para agentes denunciados por graves il\u00edcitos<\/p>\n","protected":false},"author":10,"featured_media":38413,"comment_status":"open","ping_status":"open","sticky":false,"template":"","format":"standard","meta":{"jnews-multi-image_gallery":[],"jnews_single_post":{"format":"standard"},"jnews_primary_category":[],"jnews_social_meta":[],"jnews_override_counter":[],"footnotes":""},"categories":[154],"tags":[157,1613,12505],"class_list":["post-38409","post","type-post","status-publish","format-standard","has-post-thumbnail","hentry","category-brasil","tag-brasil","tag-crime","tag-pm"],"yoast_head":"<!-- This site is optimized with the Yoast SEO plugin v25.1 - https:\/\/yoast.com\/wordpress\/plugins\/seo\/ -->\n<title>Sargento acusado de crime pode perder cargo: entenda - Correio Braziliense - Aqui<\/title>\n<meta name=\"description\" content=\"Processos administrativos e disciplinares na PM preveem expuls\u00e3o e perda de cargo para agentes denunciados por graves il\u00edcitos\" \/>\n<meta name=\"robots\" content=\"index, follow, max-snippet:-1, max-image-preview:large, max-video-preview:-1\" \/>\n<link rel=\"canonical\" href=\"https:\/\/www.correiobraziliense.com.br\/aqui\/2026\/09\/02\/sargento-acusado-de-crime-pode-perder-cargo-entenda\/\" \/>\n<meta property=\"og:locale\" content=\"pt_BR\" \/>\n<meta property=\"og:type\" content=\"article\" \/>\n<meta property=\"og:title\" content=\"Sargento acusado de crime pode perder cargo: entenda - Correio Braziliense - Aqui\" \/>\n<meta property=\"og:description\" content=\"Processos administrativos e disciplinares na PM preveem expuls\u00e3o e perda de cargo para agentes denunciados por graves il\u00edcitos\" \/>\n<meta property=\"og:url\" content=\"https:\/\/www.correiobraziliense.com.br\/aqui\/2026\/09\/02\/sargento-acusado-de-crime-pode-perder-cargo-entenda\/\" \/>\n<meta property=\"og:site_name\" content=\"Correio Braziliense - Aqui\" \/>\n<meta property=\"article:published_time\" content=\"2026-09-02T14:30:00+00:00\" \/>\n<meta property=\"og:image\" content=\"https:\/\/www.correiobraziliense.com.br\/aqui\/wp-content\/uploads\/2026\/09\/policia-militar-brasil_1788354586257.jpg\" \/>\n\t<meta property=\"og:image:width\" content=\"1280\" \/>\n\t<meta property=\"og:image:height\" content=\"720\" \/>\n\t<meta property=\"og:image:type\" content=\"image\/jpeg\" \/>\n<meta name=\"author\" content=\"Larissa\" \/>\n<meta name=\"twitter:card\" content=\"summary_large_image\" \/>\n<meta name=\"twitter:label1\" content=\"Escrito por\" \/>\n\t<meta name=\"twitter:data1\" content=\"Larissa\" \/>\n\t<meta name=\"twitter:label2\" content=\"Est. tempo de leitura\" \/>\n\t<meta name=\"twitter:data2\" content=\"3 minutos\" \/>\n<!-- \/ Yoast SEO plugin. -->","yoast_head_json":{"title":"Sargento acusado de crime pode perder cargo: entenda - Correio Braziliense - Aqui","description":"Processos administrativos e disciplinares na PM preveem expuls\u00e3o e perda de cargo para agentes denunciados por graves il\u00edcitos","robots":{"index":"index","follow":"follow","max-snippet":"max-snippet:-1","max-image-preview":"max-image-preview:large","max-video-preview":"max-video-preview:-1"},"canonical":"https:\/\/www.correiobraziliense.com.br\/aqui\/2026\/09\/02\/sargento-acusado-de-crime-pode-perder-cargo-entenda\/","og_locale":"pt_BR","og_type":"article","og_title":"Sargento acusado de crime pode perder cargo: entenda - Correio Braziliense - Aqui","og_description":"Processos administrativos e disciplinares na PM preveem expuls\u00e3o e perda de cargo para agentes denunciados por graves il\u00edcitos","og_url":"https:\/\/www.correiobraziliense.com.br\/aqui\/2026\/09\/02\/sargento-acusado-de-crime-pode-perder-cargo-entenda\/","og_site_name":"Correio Braziliense - Aqui","article_published_time":"2026-09-02T14:30:00+00:00","og_image":[{"width":1280,"height":720,"url":"https:\/\/www.correiobraziliense.com.br\/aqui\/wp-content\/uploads\/2026\/09\/policia-militar-brasil_1788354586257.jpg","type":"image\/jpeg"}],"author":"Larissa","twitter_card":"summary_large_image","twitter_misc":{"Escrito por":"Larissa","Est. tempo de leitura":"3 minutos"},"schema":{"@context":"https:\/\/schema.org","@graph":[{"@type":"WebPage","@id":"https:\/\/www.correiobraziliense.com.br\/aqui\/2026\/09\/02\/sargento-acusado-de-crime-pode-perder-cargo-entenda\/","url":"https:\/\/www.correiobraziliense.com.br\/aqui\/2026\/09\/02\/sargento-acusado-de-crime-pode-perder-cargo-entenda\/","name":"Sargento acusado de crime pode perder cargo: entenda - Correio Braziliense - Aqui","isPartOf":{"@id":"https:\/\/www.correiobraziliense.com.br\/aqui\/#website"},"primaryImageOfPage":{"@id":"https:\/\/www.correiobraziliense.com.br\/aqui\/2026\/09\/02\/sargento-acusado-de-crime-pode-perder-cargo-entenda\/#primaryimage"},"image":{"@id":"https:\/\/www.correiobraziliense.com.br\/aqui\/2026\/09\/02\/sargento-acusado-de-crime-pode-perder-cargo-entenda\/#primaryimage"},"thumbnailUrl":"https:\/\/www.correiobraziliense.com.br\/aqui\/wp-content\/uploads\/2026\/09\/policia-militar-brasil_1788354586257.jpg","datePublished":"2026-09-02T14:30:00+00:00","author":{"@id":"https:\/\/www.correiobraziliense.com.br\/aqui\/#\/schema\/person\/775f50a8c1ac31704d56816e99b29041"},"description":"Processos administrativos e disciplinares na PM preveem expuls\u00e3o e perda de cargo para agentes denunciados por graves il\u00edcitos","breadcrumb":{"@id":"https:\/\/www.correiobraziliense.com.br\/aqui\/2026\/09\/02\/sargento-acusado-de-crime-pode-perder-cargo-entenda\/#breadcrumb"},"inLanguage":"pt-BR","potentialAction":[{"@type":"ReadAction","target":["https:\/\/www.correiobraziliense.com.br\/aqui\/2026\/09\/02\/sargento-acusado-de-crime-pode-perder-cargo-entenda\/"]}]},{"@type":"ImageObject","inLanguage":"pt-BR","@id":"https:\/\/www.correiobraziliense.com.br\/aqui\/2026\/09\/02\/sargento-acusado-de-crime-pode-perder-cargo-entenda\/#primaryimage","url":"https:\/\/www.correiobraziliense.com.br\/aqui\/wp-content\/uploads\/2026\/09\/policia-militar-brasil_1788354586257.jpg","contentUrl":"https:\/\/www.correiobraziliense.com.br\/aqui\/wp-content\/uploads\/2026\/09\/policia-militar-brasil_1788354586257.jpg","width":1280,"height":720,"caption":"Cr\u00e9ditos: depositphotos.com \/ tgthales@gmail.com"},{"@type":"BreadcrumbList","@id":"https:\/\/www.correiobraziliense.com.br\/aqui\/2026\/09\/02\/sargento-acusado-de-crime-pode-perder-cargo-entenda\/#breadcrumb","itemListElement":[{"@type":"ListItem","position":1,"name":"In\u00edcio","item":"https:\/\/www.correiobraziliense.com.br\/aqui\/"},{"@type":"ListItem","position":2,"name":"Sargento acusado de crime pode perder cargo: entenda"}]},{"@type":"WebSite","@id":"https:\/\/www.correiobraziliense.com.br\/aqui\/#website","url":"https:\/\/www.correiobraziliense.com.br\/aqui\/","name":"Correio Braziliense - Aqui","description":"O Correio Braziliense (CB) \u00e9 o mais importante canal de not\u00edcias de Bras\u00edlia. Aqui voc\u00ea encontra as \u00faltimas not\u00edcias do DF, do Brasil e do mundo.","potentialAction":[{"@type":"SearchAction","target":{"@type":"EntryPoint","urlTemplate":"https:\/\/www.correiobraziliense.com.br\/aqui\/?s={search_term_string}"},"query-input":{"@type":"PropertyValueSpecification","valueRequired":true,"valueName":"search_term_string"}}],"inLanguage":"pt-BR"},{"@type":"Person","@id":"https:\/\/www.correiobraziliense.com.br\/aqui\/#\/schema\/person\/775f50a8c1ac31704d56816e99b29041","name":"Larissa","image":{"@type":"ImageObject","inLanguage":"pt-BR","@id":"https:\/\/www.correiobraziliense.com.br\/aqui\/#\/schema\/person\/image\/","url":"https:\/\/secure.gravatar.com\/avatar\/62f5b2e99de671d075ab98e19f03c3c38c80a93f5d06f51075cf4431a4e76458?s=96&d=mm&r=g","contentUrl":"https:\/\/secure.gravatar.com\/avatar\/62f5b2e99de671d075ab98e19f03c3c38c80a93f5d06f51075cf4431a4e76458?s=96&d=mm&r=g","caption":"Larissa"},"url":"https:\/\/www.correiobraziliense.com.br\/aqui\/author\/larissaaqui\/"}]}},"_links":{"self":[{"href":"https:\/\/www.correiobraziliense.com.br\/aqui\/wp-json\/wp\/v2\/posts\/38409","targetHints":{"allow":["GET"]}}],"collection":[{"href":"https:\/\/www.correiobraziliense.com.br\/aqui\/wp-json\/wp\/v2\/posts"}],"about":[{"href":"https:\/\/www.correiobraziliense.com.br\/aqui\/wp-json\/wp\/v2\/types\/post"}],"author":[{"embeddable":true,"href":"https:\/\/www.correiobraziliense.com.br\/aqui\/wp-json\/wp\/v2\/users\/10"}],"replies":[{"embeddable":true,"href":"https:\/\/www.correiobraziliense.com.br\/aqui\/wp-json\/wp\/v2\/comments?post=38409"}],"version-history":[{"count":6,"href":"https:\/\/www.correiobraziliense.com.br\/aqui\/wp-json\/wp\/v2\/posts\/38409\/revisions"}],"predecessor-version":[{"id":38416,"href":"https:\/\/www.correiobraziliense.com.br\/aqui\/wp-json\/wp\/v2\/posts\/38409\/revisions\/38416"}],"wp:featuredmedia":[{"embeddable":true,"href":"https:\/\/www.correiobraziliense.com.br\/aqui\/wp-json\/wp\/v2\/media\/38413"}],"wp:attachment":[{"href":"https:\/\/www.correiobraziliense.com.br\/aqui\/wp-json\/wp\/v2\/media?parent=38409"}],"wp:term":[{"taxonomy":"category","embeddable":true,"href":"https:\/\/www.correiobraziliense.com.br\/aqui\/wp-json\/wp\/v2\/categories?post=38409"},{"taxonomy":"post_tag","embeddable":true,"href":"https:\/\/www.correiobraziliense.com.br\/aqui\/wp-json\/wp\/v2\/tags?post=38409"}],"curies":[{"name":"wp","href":"https:\/\/api.w.org\/{rel}","templated":true}]}}