{"id":38425,"date":"2026-09-02T12:30:00","date_gmt":"2026-09-02T15:30:00","guid":{"rendered":"https:\/\/www.correiobraziliense.com.br\/aqui\/?p=38425"},"modified":"2026-09-02T13:09:13","modified_gmt":"2026-09-02T16:09:13","slug":"turismo-em-limeira-revela-fazendas-historicas-e-gastronomia","status":"publish","type":"post","link":"https:\/\/www.correiobraziliense.com.br\/aqui\/2026\/09\/02\/turismo-em-limeira-revela-fazendas-historicas-e-gastronomia\/","title":{"rendered":"Turismo em Limeira revela fazendas hist\u00f3ricas e gastronomia"},"content":{"rendered":"\n<p>Com a celebra\u00e7\u00e3o de seus 200 anos de funda\u00e7\u00e3o em andamento, Limeira, no interior de S\u00e3o Paulo, se consolida como um destino que une hist\u00f3ria, natureza e sabores marcantes. A cidade oferece um roteiro diversificado que vai de fazendas cafeeiras do s\u00e9culo 19 a trilhas ecol\u00f3gicas e uma rica culin\u00e1ria local, atraindo visitantes que buscam experi\u00eancias aut\u00eanticas e de f\u00e1cil acesso.<\/p>\n\n\n\n<p>O roteiro hist\u00f3rico \u00e9 um dos pontos altos da visita. Antigas propriedades rurais abrem suas portas para mostrar como era a vida durante o ciclo do caf\u00e9, com casar\u00f5es preservados, senzalas e maquin\u00e1rios de \u00e9poca. Esses locais oferecem visitas guiadas que contam a hist\u00f3ria da regi\u00e3o e o papel de Limeira na economia paulista, proporcionando uma imers\u00e3o cultural completa.<\/p>\n\n\n\n<p>Al\u00e9m da viagem ao passado, o munic\u00edpio tamb\u00e9m investe em seus espa\u00e7os verdes. O Horto Florestal \u00e9 uma op\u00e7\u00e3o para quem busca contato com a natureza sem sair da \u00e1rea urbana. O local oferece trilhas para caminhadas, \u00e1reas para piquenique e um ambiente tranquilo para fam\u00edlias e praticantes de atividades f\u00edsicas ao ar livre.<\/p>\n\n\n\n<h2 class=\"wp-block-heading\">O que comer em Limeira<\/h2>\n\n\n\n<p>A <a target=\"_blank\" rel=\"noreferrer noopener\" href=\"https:\/\/www.correiobraziliense.com.br\/turismo\/2025\/05\/7135687-menu-degustacao-do-bar-dona-onca-e-uma-ode-gastronomica-e-estandarte-do-brasil.html\">gastronomia local<\/a> reflete a diversidade cultural da cidade, com fortes influ\u00eancias da imigra\u00e7\u00e3o italiana e da tradi\u00e7\u00e3o tropeira. A culin\u00e1ria \u00e9 um convite para explorar novos paladares e pratos que contam um pouco da hist\u00f3ria de Limeira. Para quem visita a cidade, alguns itens s\u00e3o paradas obrigat\u00f3rias no roteiro gastron\u00f4mico.<\/p>\n\n\n\n<p>Confira algumas das especialidades que voc\u00ea encontra na cidade:<\/p>\n\n\n\n<ul class=\"wp-block-list\">\n<li><strong>Laranja e derivados:<\/strong> reconhecida pela produ\u00e7\u00e3o de laranjas de qualidade, Limeira oferece sucos, doces e licores feitos com a <a href=\"https:\/\/www.correiobraziliense.com.br\/revista-do-correio\/2025\/08\/7234763-6-tipos-de-limao-e-como-usa-los-em-receitas.html\" target=\"_blank\" rel=\"noreferrer noopener\">fruta<\/a>, que \u00e9 s\u00edmbolo da economia local.<\/li>\n\n\n\n<li><a href=\"https:\/\/www.correiobraziliense.com.br\/revista-do-correio\/2025\/07\/7210020-7-receitas-surpreendentes-e-praticas-com-jaca.html\" target=\"_blank\" rel=\"noreferrer noopener\"><strong>Coxinha de jaca<\/strong><\/a><strong>:<\/strong> uma vers\u00e3o criativa e vegetariana do tradicional salgado brasileiro, encontrada em diversos estabelecimentos locais.<\/li>\n\n\n\n<li><strong>Pratos da <\/strong><a href=\"https:\/\/www.correiobraziliense.com.br\/revista-do-correio\/2025\/05\/7135702-6-receitas-tipicas-do-sul-do-brasil.html\" target=\"_blank\" rel=\"noreferrer noopener\"><strong>culin\u00e1ria italiana<\/strong><\/a><strong>:<\/strong> a heran\u00e7a dos imigrantes est\u00e1 presente em massas frescas, polentas e molhos artesanais servidos em diversas cantinas e restaurantes.<\/li>\n\n\n\n<li><strong>Doces caseiros:<\/strong> compotas, geleias e bolos feitos com receitas de fam\u00edlia s\u00e3o facilmente encontrados em emp\u00f3rios e nas pr\u00f3prias fazendas hist\u00f3ricas, resgatando o sabor da cozinha afetiva.<\/li>\n<\/ul>\n\n\n\n<p><\/p>\n","protected":false},"excerpt":{"rendered":"<p>Guia pr\u00e1tico para visitantes explorarem o ecoturismo e os pontos culturais de Limeira. Cidade comemora 200 anos de funda\u00e7\u00e3o neste ano<\/p>\n","protected":false},"author":10,"featured_media":38427,"comment_status":"open","ping_status":"open","sticky":false,"template":"","format":"standard","meta":{"jnews-multi-image_gallery":[],"jnews_single_post":{"format":"standard"},"jnews_primary_category":[],"jnews_social_meta":[],"jnews_override_counter":[],"footnotes":""},"categories":[148],"tags":[12507,146],"class_list":["post-38425","post","type-post","status-publish","format-standard","has-post-thumbnail","hentry","category-turismo","tag-limeira","tag-turismo"],"yoast_head":"<!-- This site is optimized with the Yoast SEO plugin v25.1 - https:\/\/yoast.com\/wordpress\/plugins\/seo\/ -->\n<title>Turismo em Limeira revela fazendas hist\u00f3ricas e gastronomia - Correio Braziliense - Aqui<\/title>\n<meta name=\"description\" content=\"Guia pr\u00e1tico para visitantes explorarem o ecoturismo e os pontos culturais de Limeira. Cidade comemora 200 anos de funda\u00e7\u00e3o neste ano\" \/>\n<meta name=\"robots\" content=\"index, follow, max-snippet:-1, max-image-preview:large, max-video-preview:-1\" \/>\n<link rel=\"canonical\" href=\"https:\/\/www.correiobraziliense.com.br\/aqui\/2026\/09\/02\/turismo-em-limeira-revela-fazendas-historicas-e-gastronomia\/\" \/>\n<meta property=\"og:locale\" content=\"pt_BR\" \/>\n<meta property=\"og:type\" content=\"article\" \/>\n<meta property=\"og:title\" content=\"Turismo em Limeira revela fazendas hist\u00f3ricas e gastronomia - Correio Braziliense - Aqui\" \/>\n<meta property=\"og:description\" content=\"Guia pr\u00e1tico para visitantes explorarem o ecoturismo e os pontos culturais de Limeira. Cidade comemora 200 anos de funda\u00e7\u00e3o neste ano\" \/>\n<meta property=\"og:url\" content=\"https:\/\/www.correiobraziliense.com.br\/aqui\/2026\/09\/02\/turismo-em-limeira-revela-fazendas-historicas-e-gastronomia\/\" \/>\n<meta property=\"og:site_name\" content=\"Correio Braziliense - Aqui\" \/>\n<meta property=\"article:published_time\" content=\"2026-09-02T15:30:00+00:00\" \/>\n<meta property=\"article:modified_time\" content=\"2026-09-02T16:09:13+00:00\" \/>\n<meta property=\"og:image\" content=\"https:\/\/www.correiobraziliense.com.br\/aqui\/wp-content\/uploads\/2026\/09\/laranja-e-laranjeira_1788358424615.jpg\" \/>\n\t<meta property=\"og:image:width\" content=\"1280\" \/>\n\t<meta property=\"og:image:height\" content=\"720\" \/>\n\t<meta property=\"og:image:type\" content=\"image\/jpeg\" \/>\n<meta name=\"author\" content=\"Larissa\" \/>\n<meta name=\"twitter:card\" content=\"summary_large_image\" \/>\n<meta name=\"twitter:label1\" content=\"Escrito por\" \/>\n\t<meta name=\"twitter:data1\" content=\"Larissa\" \/>\n\t<meta name=\"twitter:label2\" content=\"Est. tempo de leitura\" \/>\n\t<meta name=\"twitter:data2\" content=\"3 minutos\" \/>\n<!-- \/ Yoast SEO plugin. -->","yoast_head_json":{"title":"Turismo em Limeira revela fazendas hist\u00f3ricas e gastronomia - Correio Braziliense - Aqui","description":"Guia pr\u00e1tico para visitantes explorarem o ecoturismo e os pontos culturais de Limeira. Cidade comemora 200 anos de funda\u00e7\u00e3o neste ano","robots":{"index":"index","follow":"follow","max-snippet":"max-snippet:-1","max-image-preview":"max-image-preview:large","max-video-preview":"max-video-preview:-1"},"canonical":"https:\/\/www.correiobraziliense.com.br\/aqui\/2026\/09\/02\/turismo-em-limeira-revela-fazendas-historicas-e-gastronomia\/","og_locale":"pt_BR","og_type":"article","og_title":"Turismo em Limeira revela fazendas hist\u00f3ricas e gastronomia - Correio Braziliense - Aqui","og_description":"Guia pr\u00e1tico para visitantes explorarem o ecoturismo e os pontos culturais de Limeira. Cidade comemora 200 anos de funda\u00e7\u00e3o neste ano","og_url":"https:\/\/www.correiobraziliense.com.br\/aqui\/2026\/09\/02\/turismo-em-limeira-revela-fazendas-historicas-e-gastronomia\/","og_site_name":"Correio Braziliense - Aqui","article_published_time":"2026-09-02T15:30:00+00:00","article_modified_time":"2026-09-02T16:09:13+00:00","og_image":[{"width":1280,"height":720,"url":"https:\/\/www.correiobraziliense.com.br\/aqui\/wp-content\/uploads\/2026\/09\/laranja-e-laranjeira_1788358424615.jpg","type":"image\/jpeg"}],"author":"Larissa","twitter_card":"summary_large_image","twitter_misc":{"Escrito por":"Larissa","Est. tempo de leitura":"3 minutos"},"schema":{"@context":"https:\/\/schema.org","@graph":[{"@type":"WebPage","@id":"https:\/\/www.correiobraziliense.com.br\/aqui\/2026\/09\/02\/turismo-em-limeira-revela-fazendas-historicas-e-gastronomia\/","url":"https:\/\/www.correiobraziliense.com.br\/aqui\/2026\/09\/02\/turismo-em-limeira-revela-fazendas-historicas-e-gastronomia\/","name":"Turismo em Limeira revela fazendas hist\u00f3ricas e gastronomia - Correio Braziliense - Aqui","isPartOf":{"@id":"https:\/\/www.correiobraziliense.com.br\/aqui\/#website"},"primaryImageOfPage":{"@id":"https:\/\/www.correiobraziliense.com.br\/aqui\/2026\/09\/02\/turismo-em-limeira-revela-fazendas-historicas-e-gastronomia\/#primaryimage"},"image":{"@id":"https:\/\/www.correiobraziliense.com.br\/aqui\/2026\/09\/02\/turismo-em-limeira-revela-fazendas-historicas-e-gastronomia\/#primaryimage"},"thumbnailUrl":"https:\/\/www.correiobraziliense.com.br\/aqui\/wp-content\/uploads\/2026\/09\/laranja-e-laranjeira_1788358424615.jpg","datePublished":"2026-09-02T15:30:00+00:00","dateModified":"2026-09-02T16:09:13+00:00","author":{"@id":"https:\/\/www.correiobraziliense.com.br\/aqui\/#\/schema\/person\/775f50a8c1ac31704d56816e99b29041"},"description":"Guia pr\u00e1tico para visitantes explorarem o ecoturismo e os pontos culturais de Limeira. Cidade comemora 200 anos de funda\u00e7\u00e3o neste ano","breadcrumb":{"@id":"https:\/\/www.correiobraziliense.com.br\/aqui\/2026\/09\/02\/turismo-em-limeira-revela-fazendas-historicas-e-gastronomia\/#breadcrumb"},"inLanguage":"pt-BR","potentialAction":[{"@type":"ReadAction","target":["https:\/\/www.correiobraziliense.com.br\/aqui\/2026\/09\/02\/turismo-em-limeira-revela-fazendas-historicas-e-gastronomia\/"]}]},{"@type":"ImageObject","inLanguage":"pt-BR","@id":"https:\/\/www.correiobraziliense.com.br\/aqui\/2026\/09\/02\/turismo-em-limeira-revela-fazendas-historicas-e-gastronomia\/#primaryimage","url":"https:\/\/www.correiobraziliense.com.br\/aqui\/wp-content\/uploads\/2026\/09\/laranja-e-laranjeira_1788358424615.jpg","contentUrl":"https:\/\/www.correiobraziliense.com.br\/aqui\/wp-content\/uploads\/2026\/09\/laranja-e-laranjeira_1788358424615.jpg","width":1280,"height":720,"caption":"Cr\u00e9ditos: depositphotos.com \/ sripfoto"},{"@type":"BreadcrumbList","@id":"https:\/\/www.correiobraziliense.com.br\/aqui\/2026\/09\/02\/turismo-em-limeira-revela-fazendas-historicas-e-gastronomia\/#breadcrumb","itemListElement":[{"@type":"ListItem","position":1,"name":"In\u00edcio","item":"https:\/\/www.correiobraziliense.com.br\/aqui\/"},{"@type":"ListItem","position":2,"name":"Turismo em Limeira revela fazendas hist\u00f3ricas e gastronomia"}]},{"@type":"WebSite","@id":"https:\/\/www.correiobraziliense.com.br\/aqui\/#website","url":"https:\/\/www.correiobraziliense.com.br\/aqui\/","name":"Correio Braziliense - Aqui","description":"O Correio Braziliense (CB) \u00e9 o mais importante canal de not\u00edcias de Bras\u00edlia. Aqui voc\u00ea encontra as \u00faltimas not\u00edcias do DF, do Brasil e do mundo.","potentialAction":[{"@type":"SearchAction","target":{"@type":"EntryPoint","urlTemplate":"https:\/\/www.correiobraziliense.com.br\/aqui\/?s={search_term_string}"},"query-input":{"@type":"PropertyValueSpecification","valueRequired":true,"valueName":"search_term_string"}}],"inLanguage":"pt-BR"},{"@type":"Person","@id":"https:\/\/www.correiobraziliense.com.br\/aqui\/#\/schema\/person\/775f50a8c1ac31704d56816e99b29041","name":"Larissa","image":{"@type":"ImageObject","inLanguage":"pt-BR","@id":"https:\/\/www.correiobraziliense.com.br\/aqui\/#\/schema\/person\/image\/","url":"https:\/\/secure.gravatar.com\/avatar\/62f5b2e99de671d075ab98e19f03c3c38c80a93f5d06f51075cf4431a4e76458?s=96&d=mm&r=g","contentUrl":"https:\/\/secure.gravatar.com\/avatar\/62f5b2e99de671d075ab98e19f03c3c38c80a93f5d06f51075cf4431a4e76458?s=96&d=mm&r=g","caption":"Larissa"},"url":"https:\/\/www.correiobraziliense.com.br\/aqui\/author\/larissaaqui\/"}]}},"_links":{"self":[{"href":"https:\/\/www.correiobraziliense.com.br\/aqui\/wp-json\/wp\/v2\/posts\/38425","targetHints":{"allow":["GET"]}}],"collection":[{"href":"https:\/\/www.correiobraziliense.com.br\/aqui\/wp-json\/wp\/v2\/posts"}],"about":[{"href":"https:\/\/www.correiobraziliense.com.br\/aqui\/wp-json\/wp\/v2\/types\/post"}],"author":[{"embeddable":true,"href":"https:\/\/www.correiobraziliense.com.br\/aqui\/wp-json\/wp\/v2\/users\/10"}],"replies":[{"embeddable":true,"href":"https:\/\/www.correiobraziliense.com.br\/aqui\/wp-json\/wp\/v2\/comments?post=38425"}],"version-history":[{"count":4,"href":"https:\/\/www.correiobraziliense.com.br\/aqui\/wp-json\/wp\/v2\/posts\/38425\/revisions"}],"predecessor-version":[{"id":38430,"href":"https:\/\/www.correiobraziliense.com.br\/aqui\/wp-json\/wp\/v2\/posts\/38425\/revisions\/38430"}],"wp:featuredmedia":[{"embeddable":true,"href":"https:\/\/www.correiobraziliense.com.br\/aqui\/wp-json\/wp\/v2\/media\/38427"}],"wp:attachment":[{"href":"https:\/\/www.correiobraziliense.com.br\/aqui\/wp-json\/wp\/v2\/media?parent=38425"}],"wp:term":[{"taxonomy":"category","embeddable":true,"href":"https:\/\/www.correiobraziliense.com.br\/aqui\/wp-json\/wp\/v2\/categories?post=38425"},{"taxonomy":"post_tag","embeddable":true,"href":"https:\/\/www.correiobraziliense.com.br\/aqui\/wp-json\/wp\/v2\/tags?post=38425"}],"curies":[{"name":"wp","href":"https:\/\/api.w.org\/{rel}","templated":true}]}}