{"id":38447,"date":"2026-09-02T16:59:00","date_gmt":"2026-09-02T19:59:00","guid":{"rendered":"https:\/\/www.correiobraziliense.com.br\/aqui\/?p=38447"},"modified":"2026-09-02T13:26:31","modified_gmt":"2026-09-02T16:26:31","slug":"como-o-fim-da-escala-6x1-pode-reduzir-casos-de-burnout-e-exaustao-mental","status":"publish","type":"post","link":"https:\/\/www.correiobraziliense.com.br\/aqui\/2026\/09\/02\/como-o-fim-da-escala-6x1-pode-reduzir-casos-de-burnout-e-exaustao-mental\/","title":{"rendered":"Como o fim da escala 6&#215;1 pode reduzir casos de burnout e exaust\u00e3o mental"},"content":{"rendered":"\n<p>A discuss\u00e3o sobre o fim da escala 6&#215;1 avan\u00e7a no Senado e coloca em pauta um tema crucial para milh\u00f5es de brasileiros: a sa\u00fade mental. A Proposta de Emenda \u00e0 Constitui\u00e7\u00e3o (PEC) 221\/2019, que prop\u00f5e a mudan\u00e7a, tem vota\u00e7\u00e3o prevista na Comiss\u00e3o de Constitui\u00e7\u00e3o e Justi\u00e7a (CCJ) e, se aprovada, pode alterar significativamente a rotina de muitos trabalhadores, principalmente nos setores de com\u00e9rcio e servi\u00e7os.<\/p>\n\n\n\n<p>O modelo 6&#215;1, que consiste em seis dias de trabalho consecutivos para um de folga, \u00e9 frequentemente associado ao aumento de casos de <a target=\"_blank\" rel=\"noreferrer noopener\" href=\"https:\/\/www.correiobraziliense.com.br\/cidades-df\/2026\/05\/7430306-quando-um-trabalhador-adoece-vamos-ter-mais-tres-adoecidos-afirma-psiquiatra.html\">esgotamento profissional<\/a>. A rotina imp\u00f5e um ciclo de exaust\u00e3o dif\u00edcil de quebrar. O \u00fanico dia livre muitas vezes \u00e9 consumido por tarefas dom\u00e9sticas e compromissos pessoais, impedindo um descanso efetivo e a desconex\u00e3o necess\u00e1ria para a recupera\u00e7\u00e3o f\u00edsica e mental.<\/p>\n\n\n\n<p>Essa falta de repouso adequado eleva os n\u00edveis de estresse de forma cont\u00ednua. O corpo se mant\u00e9m em estado de alerta, liberando horm\u00f4nios como cortisol e adrenalina, o que, a longo prazo, pode levar a <a target=\"_blank\" rel=\"noreferrer noopener\" href=\"https:\/\/www.correiobraziliense.com.br\/politica\/2025\/11\/7284594-deputado-defende-fim-da-jornada-6x1-mais-tempo-para-viver.html\">problemas de sa\u00fade como ansiedade, depress\u00e3o e doen\u00e7as cardiovasculares<\/a>. A sensa\u00e7\u00e3o de que a vida se resume ao trabalho se torna comum, minando a motiva\u00e7\u00e3o e o bem-estar.<\/p>\n\n\n\n<h2 class=\"wp-block-heading\">Fim da escala 6&#215;1: mais descanso, mais sa\u00fade<\/h2>\n\n\n\n<p>A transi\u00e7\u00e3o para jornadas com dois dias de folga semanais, como a 5&#215;2, oferece benef\u00edcios diretos e comprovados. O principal deles \u00e9 a preven\u00e7\u00e3o da <a target=\"_blank\" rel=\"noreferrer noopener\" href=\"https:\/\/www.correiobraziliense.com.br\/brasil\/2026\/06\/7438414-trabalhar-menos-para-viver-mais-o-que-fazer-com-uma-folga-extra-na-semana.html\">s\u00edndrome de burnout<\/a>, caracterizada pelo esgotamento f\u00edsico e mental extremo relacionado ao trabalho. Com mais tempo para si, o trabalhador consegue se dedicar a atividades de lazer, conv\u00edvio social e familiar, elementos fundamentais para o equil\u00edbrio psicol\u00f3gico.<\/p>\n\n\n\n<p>Um fim de semana prolongado permite que o c\u00e9rebro e o corpo realmente se recuperem. O sono melhora, a criatividade \u00e9 estimulada e a capacidade de concentra\u00e7\u00e3o aumenta. Contrariando a ideia de que menos dias de trabalho resultam em menor produtividade, um funcion\u00e1rio descansado tende a ser mais focado, engajado e eficiente em suas tarefas.<\/p>\n\n\n\n<p>A proposta em an\u00e1lise no <a target=\"_blank\" rel=\"noreferrer noopener\" href=\"https:\/\/www.correiobraziliense.com.br\/politica\/2026\/05\/7429617-camara-vota-fim-da-escala-6x1-em-plenario-nesta-quarta-feira.html\">Congresso Nacional<\/a>, que j\u00e1 teve dezenas de emendas rejeitadas pelo relator, busca alinhar a legisla\u00e7\u00e3o a uma realidade em que a qualidade de vida \u00e9 vista como um fator essencial para o desenvolvimento econ\u00f4mico e social. A mudan\u00e7a, defendida por movimentos de trabalhadores, pode representar um avan\u00e7o importante para a moderniza\u00e7\u00e3o das rela\u00e7\u00f5es de trabalho no Brasil, colocando a sa\u00fade do indiv\u00edduo como prioridade.<\/p>\n","protected":false},"excerpt":{"rendered":"<p>Especialistas apontam que o fim da escala 6&#215;1 pode ampliar o descanso semanal e beneficiar a sa\u00fade f\u00edsica e psicol\u00f3gica dos trabalhadores.<\/p>\n","protected":false},"author":8,"featured_media":38448,"comment_status":"open","ping_status":"open","sticky":false,"template":"","format":"standard","meta":{"jnews-multi-image_gallery":[],"jnews_single_post":{"format":"standard"},"jnews_primary_category":[],"jnews_social_meta":[],"jnews_override_counter":[],"footnotes":""},"categories":[123],"tags":[953,12516,12515,12357,141,234],"class_list":["post-38447","post","type-post","status-publish","format-standard","has-post-thumbnail","hentry","category-saude","tag-burnout","tag-esgotamento-profissional","tag-exaustao-mental","tag-fim-da-escala-6x1","tag-saude","tag-saude-mental"],"yoast_head":"<!-- This site is optimized with the Yoast SEO plugin v25.1 - https:\/\/yoast.com\/wordpress\/plugins\/seo\/ -->\n<title>Como o fim da escala 6x1 pode reduzir casos de burnout e exaust\u00e3o mental - Correio Braziliense - Aqui<\/title>\n<meta name=\"description\" content=\"Especialistas apontam que o fim da escala 6x1 pode ampliar o descanso semanal e beneficiar a sa\u00fade f\u00edsica e psicol\u00f3gica dos trabalhadores.\" \/>\n<meta name=\"robots\" content=\"index, follow, max-snippet:-1, max-image-preview:large, max-video-preview:-1\" \/>\n<link rel=\"canonical\" href=\"https:\/\/www.correiobraziliense.com.br\/aqui\/2026\/09\/02\/como-o-fim-da-escala-6x1-pode-reduzir-casos-de-burnout-e-exaustao-mental\/\" \/>\n<meta property=\"og:locale\" content=\"pt_BR\" \/>\n<meta property=\"og:type\" content=\"article\" \/>\n<meta property=\"og:title\" content=\"Como o fim da escala 6x1 pode reduzir casos de burnout e exaust\u00e3o mental - Correio Braziliense - Aqui\" \/>\n<meta property=\"og:description\" content=\"Especialistas apontam que o fim da escala 6x1 pode ampliar o descanso semanal e beneficiar a sa\u00fade f\u00edsica e psicol\u00f3gica dos trabalhadores.\" \/>\n<meta property=\"og:url\" content=\"https:\/\/www.correiobraziliense.com.br\/aqui\/2026\/09\/02\/como-o-fim-da-escala-6x1-pode-reduzir-casos-de-burnout-e-exaustao-mental\/\" \/>\n<meta property=\"og:site_name\" content=\"Correio Braziliense - Aqui\" \/>\n<meta property=\"article:published_time\" content=\"2026-09-02T19:59:00+00:00\" \/>\n<meta property=\"og:image\" content=\"https:\/\/www.correiobraziliense.com.br\/aqui\/wp-content\/uploads\/2026\/09\/burnout_1788366045048.jpg\" \/>\n\t<meta property=\"og:image:width\" content=\"1280\" \/>\n\t<meta property=\"og:image:height\" content=\"720\" \/>\n\t<meta property=\"og:image:type\" content=\"image\/jpeg\" \/>\n<meta name=\"author\" content=\"Lara\" \/>\n<meta name=\"twitter:card\" content=\"summary_large_image\" \/>\n<meta name=\"twitter:label1\" content=\"Escrito por\" \/>\n\t<meta name=\"twitter:data1\" content=\"Lara\" \/>\n\t<meta name=\"twitter:label2\" content=\"Est. tempo de leitura\" \/>\n\t<meta name=\"twitter:data2\" content=\"3 minutos\" \/>\n<!-- \/ Yoast SEO plugin. -->","yoast_head_json":{"title":"Como o fim da escala 6x1 pode reduzir casos de burnout e exaust\u00e3o mental - Correio Braziliense - Aqui","description":"Especialistas apontam que o fim da escala 6x1 pode ampliar o descanso semanal e beneficiar a sa\u00fade f\u00edsica e psicol\u00f3gica dos trabalhadores.","robots":{"index":"index","follow":"follow","max-snippet":"max-snippet:-1","max-image-preview":"max-image-preview:large","max-video-preview":"max-video-preview:-1"},"canonical":"https:\/\/www.correiobraziliense.com.br\/aqui\/2026\/09\/02\/como-o-fim-da-escala-6x1-pode-reduzir-casos-de-burnout-e-exaustao-mental\/","og_locale":"pt_BR","og_type":"article","og_title":"Como o fim da escala 6x1 pode reduzir casos de burnout e exaust\u00e3o mental - Correio Braziliense - Aqui","og_description":"Especialistas apontam que o fim da escala 6x1 pode ampliar o descanso semanal e beneficiar a sa\u00fade f\u00edsica e psicol\u00f3gica dos trabalhadores.","og_url":"https:\/\/www.correiobraziliense.com.br\/aqui\/2026\/09\/02\/como-o-fim-da-escala-6x1-pode-reduzir-casos-de-burnout-e-exaustao-mental\/","og_site_name":"Correio Braziliense - Aqui","article_published_time":"2026-09-02T19:59:00+00:00","og_image":[{"width":1280,"height":720,"url":"https:\/\/www.correiobraziliense.com.br\/aqui\/wp-content\/uploads\/2026\/09\/burnout_1788366045048.jpg","type":"image\/jpeg"}],"author":"Lara","twitter_card":"summary_large_image","twitter_misc":{"Escrito por":"Lara","Est. tempo de leitura":"3 minutos"},"schema":{"@context":"https:\/\/schema.org","@graph":[{"@type":"WebPage","@id":"https:\/\/www.correiobraziliense.com.br\/aqui\/2026\/09\/02\/como-o-fim-da-escala-6x1-pode-reduzir-casos-de-burnout-e-exaustao-mental\/","url":"https:\/\/www.correiobraziliense.com.br\/aqui\/2026\/09\/02\/como-o-fim-da-escala-6x1-pode-reduzir-casos-de-burnout-e-exaustao-mental\/","name":"Como o fim da escala 6x1 pode reduzir casos de burnout e exaust\u00e3o mental - Correio Braziliense - Aqui","isPartOf":{"@id":"https:\/\/www.correiobraziliense.com.br\/aqui\/#website"},"primaryImageOfPage":{"@id":"https:\/\/www.correiobraziliense.com.br\/aqui\/2026\/09\/02\/como-o-fim-da-escala-6x1-pode-reduzir-casos-de-burnout-e-exaustao-mental\/#primaryimage"},"image":{"@id":"https:\/\/www.correiobraziliense.com.br\/aqui\/2026\/09\/02\/como-o-fim-da-escala-6x1-pode-reduzir-casos-de-burnout-e-exaustao-mental\/#primaryimage"},"thumbnailUrl":"https:\/\/www.correiobraziliense.com.br\/aqui\/wp-content\/uploads\/2026\/09\/burnout_1788366045048.jpg","datePublished":"2026-09-02T19:59:00+00:00","author":{"@id":"https:\/\/www.correiobraziliense.com.br\/aqui\/#\/schema\/person\/5d6e4d99fecc86ab1a7ed1a0369afb65"},"description":"Especialistas apontam que o fim da escala 6x1 pode ampliar o descanso semanal e beneficiar a sa\u00fade f\u00edsica e psicol\u00f3gica dos trabalhadores.","breadcrumb":{"@id":"https:\/\/www.correiobraziliense.com.br\/aqui\/2026\/09\/02\/como-o-fim-da-escala-6x1-pode-reduzir-casos-de-burnout-e-exaustao-mental\/#breadcrumb"},"inLanguage":"pt-BR","potentialAction":[{"@type":"ReadAction","target":["https:\/\/www.correiobraziliense.com.br\/aqui\/2026\/09\/02\/como-o-fim-da-escala-6x1-pode-reduzir-casos-de-burnout-e-exaustao-mental\/"]}]},{"@type":"ImageObject","inLanguage":"pt-BR","@id":"https:\/\/www.correiobraziliense.com.br\/aqui\/2026\/09\/02\/como-o-fim-da-escala-6x1-pode-reduzir-casos-de-burnout-e-exaustao-mental\/#primaryimage","url":"https:\/\/www.correiobraziliense.com.br\/aqui\/wp-content\/uploads\/2026\/09\/burnout_1788366045048.jpg","contentUrl":"https:\/\/www.correiobraziliense.com.br\/aqui\/wp-content\/uploads\/2026\/09\/burnout_1788366045048.jpg","width":1280,"height":720,"caption":"Cr\u00e9ditos: depositphotos.com \/ grinvalds"},{"@type":"BreadcrumbList","@id":"https:\/\/www.correiobraziliense.com.br\/aqui\/2026\/09\/02\/como-o-fim-da-escala-6x1-pode-reduzir-casos-de-burnout-e-exaustao-mental\/#breadcrumb","itemListElement":[{"@type":"ListItem","position":1,"name":"In\u00edcio","item":"https:\/\/www.correiobraziliense.com.br\/aqui\/"},{"@type":"ListItem","position":2,"name":"Como o fim da escala 6&#215;1 pode reduzir casos de burnout e exaust\u00e3o mental"}]},{"@type":"WebSite","@id":"https:\/\/www.correiobraziliense.com.br\/aqui\/#website","url":"https:\/\/www.correiobraziliense.com.br\/aqui\/","name":"Correio Braziliense - Aqui","description":"O Correio Braziliense (CB) \u00e9 o mais importante canal de not\u00edcias de Bras\u00edlia. Aqui voc\u00ea encontra as \u00faltimas not\u00edcias do DF, do Brasil e do mundo.","potentialAction":[{"@type":"SearchAction","target":{"@type":"EntryPoint","urlTemplate":"https:\/\/www.correiobraziliense.com.br\/aqui\/?s={search_term_string}"},"query-input":{"@type":"PropertyValueSpecification","valueRequired":true,"valueName":"search_term_string"}}],"inLanguage":"pt-BR"},{"@type":"Person","@id":"https:\/\/www.correiobraziliense.com.br\/aqui\/#\/schema\/person\/5d6e4d99fecc86ab1a7ed1a0369afb65","name":"Lara","image":{"@type":"ImageObject","inLanguage":"pt-BR","@id":"https:\/\/www.correiobraziliense.com.br\/aqui\/#\/schema\/person\/image\/","url":"https:\/\/secure.gravatar.com\/avatar\/57056c5c343a6d8a6669688d3d2c04916d9d280b352b6e50e66a8d39b2517e00?s=96&d=mm&r=g","contentUrl":"https:\/\/secure.gravatar.com\/avatar\/57056c5c343a6d8a6669688d3d2c04916d9d280b352b6e50e66a8d39b2517e00?s=96&d=mm&r=g","caption":"Lara"},"url":"https:\/\/www.correiobraziliense.com.br\/aqui\/author\/laraaqui\/"}]}},"_links":{"self":[{"href":"https:\/\/www.correiobraziliense.com.br\/aqui\/wp-json\/wp\/v2\/posts\/38447","targetHints":{"allow":["GET"]}}],"collection":[{"href":"https:\/\/www.correiobraziliense.com.br\/aqui\/wp-json\/wp\/v2\/posts"}],"about":[{"href":"https:\/\/www.correiobraziliense.com.br\/aqui\/wp-json\/wp\/v2\/types\/post"}],"author":[{"embeddable":true,"href":"https:\/\/www.correiobraziliense.com.br\/aqui\/wp-json\/wp\/v2\/users\/8"}],"replies":[{"embeddable":true,"href":"https:\/\/www.correiobraziliense.com.br\/aqui\/wp-json\/wp\/v2\/comments?post=38447"}],"version-history":[{"count":1,"href":"https:\/\/www.correiobraziliense.com.br\/aqui\/wp-json\/wp\/v2\/posts\/38447\/revisions"}],"predecessor-version":[{"id":38449,"href":"https:\/\/www.correiobraziliense.com.br\/aqui\/wp-json\/wp\/v2\/posts\/38447\/revisions\/38449"}],"wp:featuredmedia":[{"embeddable":true,"href":"https:\/\/www.correiobraziliense.com.br\/aqui\/wp-json\/wp\/v2\/media\/38448"}],"wp:attachment":[{"href":"https:\/\/www.correiobraziliense.com.br\/aqui\/wp-json\/wp\/v2\/media?parent=38447"}],"wp:term":[{"taxonomy":"category","embeddable":true,"href":"https:\/\/www.correiobraziliense.com.br\/aqui\/wp-json\/wp\/v2\/categories?post=38447"},{"taxonomy":"post_tag","embeddable":true,"href":"https:\/\/www.correiobraziliense.com.br\/aqui\/wp-json\/wp\/v2\/tags?post=38447"}],"curies":[{"name":"wp","href":"https:\/\/api.w.org\/{rel}","templated":true}]}}