{"id":38450,"date":"2026-09-02T15:29:00","date_gmt":"2026-09-02T18:29:00","guid":{"rendered":"https:\/\/www.correiobraziliense.com.br\/aqui\/?p=38450"},"modified":"2026-09-02T13:35:16","modified_gmt":"2026-09-02T16:35:16","slug":"anvisa-suspende-fabrica-da-unilever-entenda-o-motivo-da-decisao","status":"publish","type":"post","link":"https:\/\/www.correiobraziliense.com.br\/aqui\/2026\/09\/02\/anvisa-suspende-fabrica-da-unilever-entenda-o-motivo-da-decisao\/","title":{"rendered":"Anvisa suspende f\u00e1brica da Unilever; entenda o motivo da decis\u00e3o"},"content":{"rendered":"\n<p>A Ag\u00eancia Nacional de Vigil\u00e2ncia Sanit\u00e1ria (Anvisa) suspendeu a fabrica\u00e7\u00e3o de produtos de limpeza na unidade da Unilever em Vinhedo (SP). A decis\u00e3o, publicada nesta quarta-feira (2\/9), tem car\u00e1ter preventivo.<\/p>\n\n\n\n<p>A medida foi adotada ap\u00f3s uma inspe\u00e7\u00e3o realizada entre 24 e 28 de agosto. O objetivo \u00e9 garantir que futuros lotes da empresa n\u00e3o representem risco \u00e0 sa\u00fade p\u00fablica.<\/p>\n\n\n\n<p>A fiscaliza\u00e7\u00e3o foi uma a\u00e7\u00e3o conjunta entre a Anvisa, o Centro de Vigil\u00e2ncia Sanit\u00e1ria do Estado de S\u00e3o Paulo e a <a target=\"_blank\" rel=\"noreferrer noopener\" href=\"https:\/\/www.correiobraziliense.com.br\/brasil\/2025\/07\/7191892-mais-de-30-clinicas-de-estetica-tem-irregularidades-sanitarias-diz-anvisa.html\">Vigil\u00e2ncia Sanit\u00e1ria<\/a> de Vinhedo.<\/p>\n\n\n\n<h2 class=\"wp-block-heading\">O que motivou a suspens\u00e3o da f\u00e1brica da Unilever<\/h2>\n\n\n\n<p>Durante a vistoria, os \u00f3rg\u00e3os identificaram falhas nas <a target=\"_blank\" rel=\"noreferrer noopener\" href=\"https:\/\/www.correiobraziliense.com.br\/cidades-df\/2025\/10\/7270306-vigilancia-sanitaria-fecha-fabrica-de-cosmeticos-naturais-no-df.html\">Boas Pr\u00e1ticas de Fabrica\u00e7\u00e3o (BPF)<\/a>. Esses requisitos asseguram que a produ\u00e7\u00e3o tenha sistemas adequados de controle de qualidade.<\/p>\n\n\n\n<p>Entre as inconsist\u00eancias encontradas na f\u00e1brica est\u00e3o:<\/p>\n\n\n\n<ul class=\"wp-block-list\">\n<li>falhas nos controles realizados durante a fabrica\u00e7\u00e3o e antes da libera\u00e7\u00e3o dos produtos;<\/li>\n\n\n\n<li>defici\u00eancias no monitoramento da \u00e1gua utilizada no processo produtivo;<\/li>\n\n\n\n<li>fragilidades na investiga\u00e7\u00e3o e corre\u00e7\u00e3o de problemas identificados pela pr\u00f3pria empresa.<\/li>\n<\/ul>\n\n\n\n<p>Apesar das falhas, a avalia\u00e7\u00e3o n\u00e3o apontou contamina\u00e7\u00e3o microbiol\u00f3gica ou outros problemas nos lotes j\u00e1 produzidos. Por essa raz\u00e3o, a Anvisa n\u00e3o determinou o recolhimento dos produtos que j\u00e1 est\u00e3o no mercado. A comercializa\u00e7\u00e3o, distribui\u00e7\u00e3o e uso continuam liberados.<\/p>\n\n\n\n<p>Essa vistoria integra um conjunto de a\u00e7\u00f5es de fiscaliza\u00e7\u00e3o sanit\u00e1ria em empresas <a target=\"_blank\" rel=\"noreferrer noopener\" href=\"https:\/\/www.correiobraziliense.com.br\/brasil\/2026\/08\/7478445-anvisa-proibe-12-produtos-de-limpeza-fabricados-sem-autorizacao.html\">fabricantes de saneantes<\/a>. Em 2026, j\u00e1 foram realizadas sete inspe\u00e7\u00f5es no setor, incluindo quatro dos maiores fabricantes do Brasil. O objetivo \u00e9 fortalecer a qualidade e a seguran\u00e7a dos produtos disponibilizados \u00e0 popula\u00e7\u00e3o, conforme a Resolu\u00e7\u00e3o 3.443\/2026, publicada no Di\u00e1rio Oficial da Uni\u00e3o.<\/p>\n","protected":false},"excerpt":{"rendered":"<p>Unilever adota medida preventiva ap\u00f3s inspe\u00e7\u00e3o identificar falhas na fabrica\u00e7\u00e3o; produtos no mercado n\u00e3o ser\u00e3o recolhidos pela ag\u00eancia.<\/p>\n","protected":false},"author":8,"featured_media":38451,"comment_status":"open","ping_status":"open","sticky":false,"template":"","format":"standard","meta":{"jnews-multi-image_gallery":[],"jnews_single_post":{"format":"standard"},"jnews_primary_category":[],"jnews_social_meta":[],"jnews_override_counter":[],"footnotes":""},"categories":[154],"tags":[6356,666,157,12518,12519,12517],"class_list":["post-38450","post","type-post","status-publish","format-standard","has-post-thumbnail","hentry","category-brasil","tag-agencia-nacional-de-vigilancia-sanitaria","tag-anvisa","tag-brasil","tag-fabrica-da-unilever","tag-motivo","tag-unilever"],"yoast_head":"<!-- This site is optimized with the Yoast SEO plugin v25.1 - https:\/\/yoast.com\/wordpress\/plugins\/seo\/ -->\n<title>Anvisa suspende f\u00e1brica da Unilever; entenda o motivo da decis\u00e3o - Correio Braziliense - Aqui<\/title>\n<meta name=\"description\" content=\"Unilever adota medida preventiva ap\u00f3s inspe\u00e7\u00e3o identificar falhas na fabrica\u00e7\u00e3o; produtos no mercado n\u00e3o ser\u00e3o recolhidos pela ag\u00eancia.\" \/>\n<meta name=\"robots\" content=\"index, follow, max-snippet:-1, max-image-preview:large, max-video-preview:-1\" \/>\n<link rel=\"canonical\" href=\"https:\/\/www.correiobraziliense.com.br\/aqui\/2026\/09\/02\/anvisa-suspende-fabrica-da-unilever-entenda-o-motivo-da-decisao\/\" \/>\n<meta property=\"og:locale\" content=\"pt_BR\" \/>\n<meta property=\"og:type\" content=\"article\" \/>\n<meta property=\"og:title\" content=\"Anvisa suspende f\u00e1brica da Unilever; entenda o motivo da decis\u00e3o - Correio Braziliense - Aqui\" \/>\n<meta property=\"og:description\" content=\"Unilever adota medida preventiva ap\u00f3s inspe\u00e7\u00e3o identificar falhas na fabrica\u00e7\u00e3o; produtos no mercado n\u00e3o ser\u00e3o recolhidos pela ag\u00eancia.\" \/>\n<meta property=\"og:url\" content=\"https:\/\/www.correiobraziliense.com.br\/aqui\/2026\/09\/02\/anvisa-suspende-fabrica-da-unilever-entenda-o-motivo-da-decisao\/\" \/>\n<meta property=\"og:site_name\" content=\"Correio Braziliense - Aqui\" \/>\n<meta property=\"article:published_time\" content=\"2026-09-02T18:29:00+00:00\" \/>\n<meta property=\"og:image\" content=\"https:\/\/www.correiobraziliense.com.br\/aqui\/wp-content\/uploads\/2026\/09\/Unilever_1788366799978.jpg\" \/>\n\t<meta property=\"og:image:width\" content=\"1280\" \/>\n\t<meta property=\"og:image:height\" content=\"720\" \/>\n\t<meta property=\"og:image:type\" content=\"image\/jpeg\" \/>\n<meta name=\"author\" content=\"Lara\" \/>\n<meta name=\"twitter:card\" content=\"summary_large_image\" \/>\n<meta name=\"twitter:label1\" content=\"Escrito por\" \/>\n\t<meta name=\"twitter:data1\" content=\"Lara\" \/>\n\t<meta name=\"twitter:label2\" content=\"Est. tempo de leitura\" \/>\n\t<meta name=\"twitter:data2\" content=\"2 minutos\" \/>\n<!-- \/ Yoast SEO plugin. -->","yoast_head_json":{"title":"Anvisa suspende f\u00e1brica da Unilever; entenda o motivo da decis\u00e3o - Correio Braziliense - Aqui","description":"Unilever adota medida preventiva ap\u00f3s inspe\u00e7\u00e3o identificar falhas na fabrica\u00e7\u00e3o; produtos no mercado n\u00e3o ser\u00e3o recolhidos pela ag\u00eancia.","robots":{"index":"index","follow":"follow","max-snippet":"max-snippet:-1","max-image-preview":"max-image-preview:large","max-video-preview":"max-video-preview:-1"},"canonical":"https:\/\/www.correiobraziliense.com.br\/aqui\/2026\/09\/02\/anvisa-suspende-fabrica-da-unilever-entenda-o-motivo-da-decisao\/","og_locale":"pt_BR","og_type":"article","og_title":"Anvisa suspende f\u00e1brica da Unilever; entenda o motivo da decis\u00e3o - Correio Braziliense - Aqui","og_description":"Unilever adota medida preventiva ap\u00f3s inspe\u00e7\u00e3o identificar falhas na fabrica\u00e7\u00e3o; produtos no mercado n\u00e3o ser\u00e3o recolhidos pela ag\u00eancia.","og_url":"https:\/\/www.correiobraziliense.com.br\/aqui\/2026\/09\/02\/anvisa-suspende-fabrica-da-unilever-entenda-o-motivo-da-decisao\/","og_site_name":"Correio Braziliense - Aqui","article_published_time":"2026-09-02T18:29:00+00:00","og_image":[{"width":1280,"height":720,"url":"https:\/\/www.correiobraziliense.com.br\/aqui\/wp-content\/uploads\/2026\/09\/Unilever_1788366799978.jpg","type":"image\/jpeg"}],"author":"Lara","twitter_card":"summary_large_image","twitter_misc":{"Escrito por":"Lara","Est. tempo de leitura":"2 minutos"},"schema":{"@context":"https:\/\/schema.org","@graph":[{"@type":"WebPage","@id":"https:\/\/www.correiobraziliense.com.br\/aqui\/2026\/09\/02\/anvisa-suspende-fabrica-da-unilever-entenda-o-motivo-da-decisao\/","url":"https:\/\/www.correiobraziliense.com.br\/aqui\/2026\/09\/02\/anvisa-suspende-fabrica-da-unilever-entenda-o-motivo-da-decisao\/","name":"Anvisa suspende f\u00e1brica da Unilever; entenda o motivo da decis\u00e3o - Correio Braziliense - Aqui","isPartOf":{"@id":"https:\/\/www.correiobraziliense.com.br\/aqui\/#website"},"primaryImageOfPage":{"@id":"https:\/\/www.correiobraziliense.com.br\/aqui\/2026\/09\/02\/anvisa-suspende-fabrica-da-unilever-entenda-o-motivo-da-decisao\/#primaryimage"},"image":{"@id":"https:\/\/www.correiobraziliense.com.br\/aqui\/2026\/09\/02\/anvisa-suspende-fabrica-da-unilever-entenda-o-motivo-da-decisao\/#primaryimage"},"thumbnailUrl":"https:\/\/www.correiobraziliense.com.br\/aqui\/wp-content\/uploads\/2026\/09\/Unilever_1788366799978.jpg","datePublished":"2026-09-02T18:29:00+00:00","author":{"@id":"https:\/\/www.correiobraziliense.com.br\/aqui\/#\/schema\/person\/5d6e4d99fecc86ab1a7ed1a0369afb65"},"description":"Unilever adota medida preventiva ap\u00f3s inspe\u00e7\u00e3o identificar falhas na fabrica\u00e7\u00e3o; produtos no mercado n\u00e3o ser\u00e3o recolhidos pela ag\u00eancia.","breadcrumb":{"@id":"https:\/\/www.correiobraziliense.com.br\/aqui\/2026\/09\/02\/anvisa-suspende-fabrica-da-unilever-entenda-o-motivo-da-decisao\/#breadcrumb"},"inLanguage":"pt-BR","potentialAction":[{"@type":"ReadAction","target":["https:\/\/www.correiobraziliense.com.br\/aqui\/2026\/09\/02\/anvisa-suspende-fabrica-da-unilever-entenda-o-motivo-da-decisao\/"]}]},{"@type":"ImageObject","inLanguage":"pt-BR","@id":"https:\/\/www.correiobraziliense.com.br\/aqui\/2026\/09\/02\/anvisa-suspende-fabrica-da-unilever-entenda-o-motivo-da-decisao\/#primaryimage","url":"https:\/\/www.correiobraziliense.com.br\/aqui\/wp-content\/uploads\/2026\/09\/Unilever_1788366799978.jpg","contentUrl":"https:\/\/www.correiobraziliense.com.br\/aqui\/wp-content\/uploads\/2026\/09\/Unilever_1788366799978.jpg","width":1280,"height":720,"caption":"Cr\u00e9ditos: depositphotos.com \/ Joeppoulssen"},{"@type":"BreadcrumbList","@id":"https:\/\/www.correiobraziliense.com.br\/aqui\/2026\/09\/02\/anvisa-suspende-fabrica-da-unilever-entenda-o-motivo-da-decisao\/#breadcrumb","itemListElement":[{"@type":"ListItem","position":1,"name":"In\u00edcio","item":"https:\/\/www.correiobraziliense.com.br\/aqui\/"},{"@type":"ListItem","position":2,"name":"Anvisa suspende f\u00e1brica da Unilever; entenda o motivo da decis\u00e3o"}]},{"@type":"WebSite","@id":"https:\/\/www.correiobraziliense.com.br\/aqui\/#website","url":"https:\/\/www.correiobraziliense.com.br\/aqui\/","name":"Correio Braziliense - Aqui","description":"O Correio Braziliense (CB) \u00e9 o mais importante canal de not\u00edcias de Bras\u00edlia. Aqui voc\u00ea encontra as \u00faltimas not\u00edcias do DF, do Brasil e do mundo.","potentialAction":[{"@type":"SearchAction","target":{"@type":"EntryPoint","urlTemplate":"https:\/\/www.correiobraziliense.com.br\/aqui\/?s={search_term_string}"},"query-input":{"@type":"PropertyValueSpecification","valueRequired":true,"valueName":"search_term_string"}}],"inLanguage":"pt-BR"},{"@type":"Person","@id":"https:\/\/www.correiobraziliense.com.br\/aqui\/#\/schema\/person\/5d6e4d99fecc86ab1a7ed1a0369afb65","name":"Lara","image":{"@type":"ImageObject","inLanguage":"pt-BR","@id":"https:\/\/www.correiobraziliense.com.br\/aqui\/#\/schema\/person\/image\/","url":"https:\/\/secure.gravatar.com\/avatar\/57056c5c343a6d8a6669688d3d2c04916d9d280b352b6e50e66a8d39b2517e00?s=96&d=mm&r=g","contentUrl":"https:\/\/secure.gravatar.com\/avatar\/57056c5c343a6d8a6669688d3d2c04916d9d280b352b6e50e66a8d39b2517e00?s=96&d=mm&r=g","caption":"Lara"},"url":"https:\/\/www.correiobraziliense.com.br\/aqui\/author\/laraaqui\/"}]}},"_links":{"self":[{"href":"https:\/\/www.correiobraziliense.com.br\/aqui\/wp-json\/wp\/v2\/posts\/38450","targetHints":{"allow":["GET"]}}],"collection":[{"href":"https:\/\/www.correiobraziliense.com.br\/aqui\/wp-json\/wp\/v2\/posts"}],"about":[{"href":"https:\/\/www.correiobraziliense.com.br\/aqui\/wp-json\/wp\/v2\/types\/post"}],"author":[{"embeddable":true,"href":"https:\/\/www.correiobraziliense.com.br\/aqui\/wp-json\/wp\/v2\/users\/8"}],"replies":[{"embeddable":true,"href":"https:\/\/www.correiobraziliense.com.br\/aqui\/wp-json\/wp\/v2\/comments?post=38450"}],"version-history":[{"count":1,"href":"https:\/\/www.correiobraziliense.com.br\/aqui\/wp-json\/wp\/v2\/posts\/38450\/revisions"}],"predecessor-version":[{"id":38452,"href":"https:\/\/www.correiobraziliense.com.br\/aqui\/wp-json\/wp\/v2\/posts\/38450\/revisions\/38452"}],"wp:featuredmedia":[{"embeddable":true,"href":"https:\/\/www.correiobraziliense.com.br\/aqui\/wp-json\/wp\/v2\/media\/38451"}],"wp:attachment":[{"href":"https:\/\/www.correiobraziliense.com.br\/aqui\/wp-json\/wp\/v2\/media?parent=38450"}],"wp:term":[{"taxonomy":"category","embeddable":true,"href":"https:\/\/www.correiobraziliense.com.br\/aqui\/wp-json\/wp\/v2\/categories?post=38450"},{"taxonomy":"post_tag","embeddable":true,"href":"https:\/\/www.correiobraziliense.com.br\/aqui\/wp-json\/wp\/v2\/tags?post=38450"}],"curies":[{"name":"wp","href":"https:\/\/api.w.org\/{rel}","templated":true}]}}