{"id":38456,"date":"2026-09-02T18:31:00","date_gmt":"2026-09-02T21:31:00","guid":{"rendered":"https:\/\/www.correiobraziliense.com.br\/aqui\/?p=38456"},"modified":"2026-09-02T13:49:37","modified_gmt":"2026-09-02T16:49:37","slug":"agua-mineral-em-casa-veja-os-cuidados-ao-armazenar-e-escolher-a-bebida","status":"publish","type":"post","link":"https:\/\/www.correiobraziliense.com.br\/aqui\/2026\/09\/02\/agua-mineral-em-casa-veja-os-cuidados-ao-armazenar-e-escolher-a-bebida\/","title":{"rendered":"\u00c1gua mineral em casa: veja os cuidados ao armazenar e escolher a bebida"},"content":{"rendered":"\n<p>A recente interdi\u00e7\u00e3o de um lote de \u00e1gua mineral da marca Vitoriosa por contamina\u00e7\u00e3o acendeu um alerta sobre a forma como armazenamos e consumimos a bebida em casa. A medida, determinada pela Anvisa ap\u00f3s a detec\u00e7\u00e3o de coliformes totais, refor\u00e7a a import\u00e2ncia de cuidados b\u00e1sicos que v\u00e3o desde a escolha no supermercado at\u00e9 a higiene do bebedouro, garantindo que a \u00e1gua chegue ao copo livre de riscos \u00e0 sa\u00fade.<\/p>\n\n\n\n<p>Manter a qualidade da \u00e1gua mineral depende diretamente do armazenamento. O ideal \u00e9 guardar os garraf\u00f5es em locais frescos, arejados e, principalmente, longe da luz solar direta. O calor excessivo e a exposi\u00e7\u00e3o ao sol podem favorecer a <a target=\"_blank\" rel=\"noreferrer noopener\" href=\"https:\/\/www.correiobraziliense.com.br\/ciencia-e-saude\/2026\/06\/7434137-pseudomonas-entenda-os-riscos-da-bacteria-encontrada-em-agua-mineral.html\">prolifera\u00e7\u00e3o de microrganismos<\/a>, al\u00e9m de alterar o sabor da bebida.<\/p>\n\n\n\n<p>Outro ponto fundamental \u00e9 a dist\u00e2ncia de produtos de limpeza, combust\u00edveis ou qualquer item com cheiro forte. O pl\u00e1stico do garraf\u00e3o pode, em certas condi\u00e7\u00f5es, absorver odores do ambiente, contaminando a \u00e1gua. Antes de trocar o gal\u00e3o no bebedouro, limpe a parte externa com um pano \u00famido e \u00e1lcool 70% para evitar que sujeiras entrem em contato com o reservat\u00f3rio.<\/p>\n\n\n\n<h2 class=\"wp-block-heading\">Como escolher a \u00e1gua mineral ideal<\/h2>\n\n\n\n<p>A aten\u00e7\u00e3o come\u00e7a j\u00e1 na prateleira. Verificar a integridade da embalagem \u00e9 o primeiro passo. Certifique-se de que o lacre n\u00e3o foi violado e que o garraf\u00e3o n\u00e3o apresenta rachaduras ou amassados. Observe tamb\u00e9m a data de validade impressa no r\u00f3tulo, pois o produto tem prazo de validade.<\/p>\n\n\n\n<p>A leitura do r\u00f3tulo fornece informa\u00e7\u00f5es valiosas sobre a qualidade do produto. Nele, voc\u00ea encontra a fonte de onde a \u00e1gua foi extra\u00edda e sua composi\u00e7\u00e3o qu\u00edmica. Dados como o pH podem indicar se a \u00e1gua \u00e9 mais alcalina (acima de 7), neutra (igual a 7) ou \u00e1cida (abaixo de 7). A quantidade de s\u00f3dio tamb\u00e9m \u00e9 um fator importante para quem segue dietas com restri\u00e7\u00e3o desse mineral.<\/p>\n\n\n\n<p>Ao seguir essas orienta\u00e7\u00f5es, voc\u00ea aumenta a seguran\u00e7a e aproveita todos os benef\u00edcios da hidrata\u00e7\u00e3o. A <a target=\"_blank\" rel=\"noreferrer noopener\" href=\"https:\/\/www.correiobraziliense.com.br\/mundo\/2025\/04\/7102828-voce-esta-limpando-sua-garrafa-de-agua-o-suficiente-entenda-a-melhor-forma-de-fazer-isso.html\">higiene do bebedouro<\/a> tamb\u00e9m \u00e9 essencial: lave o aparelho periodicamente, seguindo as instru\u00e7\u00f5es do fabricante, para evitar o ac\u00famulo de biofilme, uma comunidade de microrganismos que adere \u00e0s superf\u00edcies e pode contaminar a \u00e1gua.<\/p>\n","protected":false},"excerpt":{"rendered":"<p>Confira orienta\u00e7\u00f5es para evitar a prolifera\u00e7\u00e3o de microrganismos em garraf\u00f5es e saiba interpretar o r\u00f3tulo da \u00e1gua mineral<\/p>\n","protected":false},"author":8,"featured_media":38457,"comment_status":"open","ping_status":"open","sticky":false,"template":"","format":"standard","meta":{"jnews-multi-image_gallery":[],"jnews_single_post":{"format":"standard"},"jnews_primary_category":[],"jnews_social_meta":[],"jnews_override_counter":[],"footnotes":""},"categories":[121],"tags":[10174,5508,12523,1138,12521,119,12522],"class_list":["post-38456","post","type-post","status-publish","format-standard","has-post-thumbnail","hentry","category-gastronomia","tag-agua-mineral","tag-armazenamento","tag-coliformes-totais","tag-cuidados","tag-escolher-a-bebida","tag-gastronomia","tag-vitoriosa"],"yoast_head":"<!-- This site is optimized with the Yoast SEO plugin v25.1 - https:\/\/yoast.com\/wordpress\/plugins\/seo\/ -->\n<title>\u00c1gua mineral em casa: veja os cuidados ao armazenar e escolher a bebida - Correio Braziliense - Aqui<\/title>\n<meta name=\"description\" content=\"Confira orienta\u00e7\u00f5es para evitar a prolifera\u00e7\u00e3o de microrganismos em garraf\u00f5es e saiba interpretar o r\u00f3tulo da \u00e1gua mineral\" \/>\n<meta name=\"robots\" content=\"index, follow, max-snippet:-1, max-image-preview:large, max-video-preview:-1\" \/>\n<link rel=\"canonical\" href=\"https:\/\/www.correiobraziliense.com.br\/aqui\/2026\/09\/02\/agua-mineral-em-casa-veja-os-cuidados-ao-armazenar-e-escolher-a-bebida\/\" \/>\n<meta property=\"og:locale\" content=\"pt_BR\" \/>\n<meta property=\"og:type\" content=\"article\" \/>\n<meta property=\"og:title\" content=\"\u00c1gua mineral em casa: veja os cuidados ao armazenar e escolher a bebida - Correio Braziliense - Aqui\" \/>\n<meta property=\"og:description\" content=\"Confira orienta\u00e7\u00f5es para evitar a prolifera\u00e7\u00e3o de microrganismos em garraf\u00f5es e saiba interpretar o r\u00f3tulo da \u00e1gua mineral\" \/>\n<meta property=\"og:url\" content=\"https:\/\/www.correiobraziliense.com.br\/aqui\/2026\/09\/02\/agua-mineral-em-casa-veja-os-cuidados-ao-armazenar-e-escolher-a-bebida\/\" \/>\n<meta property=\"og:site_name\" content=\"Correio Braziliense - Aqui\" \/>\n<meta property=\"article:published_time\" content=\"2026-09-02T21:31:00+00:00\" \/>\n<meta property=\"og:image\" content=\"https:\/\/www.correiobraziliense.com.br\/aqui\/wp-content\/uploads\/2026\/09\/agua-mineral_1788367529429.jpg\" \/>\n\t<meta property=\"og:image:width\" content=\"1280\" \/>\n\t<meta property=\"og:image:height\" content=\"720\" \/>\n\t<meta property=\"og:image:type\" content=\"image\/jpeg\" \/>\n<meta name=\"author\" content=\"Lara\" \/>\n<meta name=\"twitter:card\" content=\"summary_large_image\" \/>\n<meta name=\"twitter:label1\" content=\"Escrito por\" \/>\n\t<meta name=\"twitter:data1\" content=\"Lara\" \/>\n\t<meta name=\"twitter:label2\" content=\"Est. tempo de leitura\" \/>\n\t<meta name=\"twitter:data2\" content=\"3 minutos\" \/>\n<!-- \/ Yoast SEO plugin. -->","yoast_head_json":{"title":"\u00c1gua mineral em casa: veja os cuidados ao armazenar e escolher a bebida - Correio Braziliense - Aqui","description":"Confira orienta\u00e7\u00f5es para evitar a prolifera\u00e7\u00e3o de microrganismos em garraf\u00f5es e saiba interpretar o r\u00f3tulo da \u00e1gua mineral","robots":{"index":"index","follow":"follow","max-snippet":"max-snippet:-1","max-image-preview":"max-image-preview:large","max-video-preview":"max-video-preview:-1"},"canonical":"https:\/\/www.correiobraziliense.com.br\/aqui\/2026\/09\/02\/agua-mineral-em-casa-veja-os-cuidados-ao-armazenar-e-escolher-a-bebida\/","og_locale":"pt_BR","og_type":"article","og_title":"\u00c1gua mineral em casa: veja os cuidados ao armazenar e escolher a bebida - Correio Braziliense - Aqui","og_description":"Confira orienta\u00e7\u00f5es para evitar a prolifera\u00e7\u00e3o de microrganismos em garraf\u00f5es e saiba interpretar o r\u00f3tulo da \u00e1gua mineral","og_url":"https:\/\/www.correiobraziliense.com.br\/aqui\/2026\/09\/02\/agua-mineral-em-casa-veja-os-cuidados-ao-armazenar-e-escolher-a-bebida\/","og_site_name":"Correio Braziliense - Aqui","article_published_time":"2026-09-02T21:31:00+00:00","og_image":[{"width":1280,"height":720,"url":"https:\/\/www.correiobraziliense.com.br\/aqui\/wp-content\/uploads\/2026\/09\/agua-mineral_1788367529429.jpg","type":"image\/jpeg"}],"author":"Lara","twitter_card":"summary_large_image","twitter_misc":{"Escrito por":"Lara","Est. tempo de leitura":"3 minutos"},"schema":{"@context":"https:\/\/schema.org","@graph":[{"@type":"WebPage","@id":"https:\/\/www.correiobraziliense.com.br\/aqui\/2026\/09\/02\/agua-mineral-em-casa-veja-os-cuidados-ao-armazenar-e-escolher-a-bebida\/","url":"https:\/\/www.correiobraziliense.com.br\/aqui\/2026\/09\/02\/agua-mineral-em-casa-veja-os-cuidados-ao-armazenar-e-escolher-a-bebida\/","name":"\u00c1gua mineral em casa: veja os cuidados ao armazenar e escolher a bebida - Correio Braziliense - Aqui","isPartOf":{"@id":"https:\/\/www.correiobraziliense.com.br\/aqui\/#website"},"primaryImageOfPage":{"@id":"https:\/\/www.correiobraziliense.com.br\/aqui\/2026\/09\/02\/agua-mineral-em-casa-veja-os-cuidados-ao-armazenar-e-escolher-a-bebida\/#primaryimage"},"image":{"@id":"https:\/\/www.correiobraziliense.com.br\/aqui\/2026\/09\/02\/agua-mineral-em-casa-veja-os-cuidados-ao-armazenar-e-escolher-a-bebida\/#primaryimage"},"thumbnailUrl":"https:\/\/www.correiobraziliense.com.br\/aqui\/wp-content\/uploads\/2026\/09\/agua-mineral_1788367529429.jpg","datePublished":"2026-09-02T21:31:00+00:00","author":{"@id":"https:\/\/www.correiobraziliense.com.br\/aqui\/#\/schema\/person\/5d6e4d99fecc86ab1a7ed1a0369afb65"},"description":"Confira orienta\u00e7\u00f5es para evitar a prolifera\u00e7\u00e3o de microrganismos em garraf\u00f5es e saiba interpretar o r\u00f3tulo da \u00e1gua mineral","breadcrumb":{"@id":"https:\/\/www.correiobraziliense.com.br\/aqui\/2026\/09\/02\/agua-mineral-em-casa-veja-os-cuidados-ao-armazenar-e-escolher-a-bebida\/#breadcrumb"},"inLanguage":"pt-BR","potentialAction":[{"@type":"ReadAction","target":["https:\/\/www.correiobraziliense.com.br\/aqui\/2026\/09\/02\/agua-mineral-em-casa-veja-os-cuidados-ao-armazenar-e-escolher-a-bebida\/"]}]},{"@type":"ImageObject","inLanguage":"pt-BR","@id":"https:\/\/www.correiobraziliense.com.br\/aqui\/2026\/09\/02\/agua-mineral-em-casa-veja-os-cuidados-ao-armazenar-e-escolher-a-bebida\/#primaryimage","url":"https:\/\/www.correiobraziliense.com.br\/aqui\/wp-content\/uploads\/2026\/09\/agua-mineral_1788367529429.jpg","contentUrl":"https:\/\/www.correiobraziliense.com.br\/aqui\/wp-content\/uploads\/2026\/09\/agua-mineral_1788367529429.jpg","width":1280,"height":720,"caption":"Cr\u00e9ditos: depositphotos.com \/ gdolgikh"},{"@type":"BreadcrumbList","@id":"https:\/\/www.correiobraziliense.com.br\/aqui\/2026\/09\/02\/agua-mineral-em-casa-veja-os-cuidados-ao-armazenar-e-escolher-a-bebida\/#breadcrumb","itemListElement":[{"@type":"ListItem","position":1,"name":"In\u00edcio","item":"https:\/\/www.correiobraziliense.com.br\/aqui\/"},{"@type":"ListItem","position":2,"name":"\u00c1gua mineral em casa: veja os cuidados ao armazenar e escolher a bebida"}]},{"@type":"WebSite","@id":"https:\/\/www.correiobraziliense.com.br\/aqui\/#website","url":"https:\/\/www.correiobraziliense.com.br\/aqui\/","name":"Correio Braziliense - Aqui","description":"O Correio Braziliense (CB) \u00e9 o mais importante canal de not\u00edcias de Bras\u00edlia. Aqui voc\u00ea encontra as \u00faltimas not\u00edcias do DF, do Brasil e do mundo.","potentialAction":[{"@type":"SearchAction","target":{"@type":"EntryPoint","urlTemplate":"https:\/\/www.correiobraziliense.com.br\/aqui\/?s={search_term_string}"},"query-input":{"@type":"PropertyValueSpecification","valueRequired":true,"valueName":"search_term_string"}}],"inLanguage":"pt-BR"},{"@type":"Person","@id":"https:\/\/www.correiobraziliense.com.br\/aqui\/#\/schema\/person\/5d6e4d99fecc86ab1a7ed1a0369afb65","name":"Lara","image":{"@type":"ImageObject","inLanguage":"pt-BR","@id":"https:\/\/www.correiobraziliense.com.br\/aqui\/#\/schema\/person\/image\/","url":"https:\/\/secure.gravatar.com\/avatar\/57056c5c343a6d8a6669688d3d2c04916d9d280b352b6e50e66a8d39b2517e00?s=96&d=mm&r=g","contentUrl":"https:\/\/secure.gravatar.com\/avatar\/57056c5c343a6d8a6669688d3d2c04916d9d280b352b6e50e66a8d39b2517e00?s=96&d=mm&r=g","caption":"Lara"},"url":"https:\/\/www.correiobraziliense.com.br\/aqui\/author\/laraaqui\/"}]}},"_links":{"self":[{"href":"https:\/\/www.correiobraziliense.com.br\/aqui\/wp-json\/wp\/v2\/posts\/38456","targetHints":{"allow":["GET"]}}],"collection":[{"href":"https:\/\/www.correiobraziliense.com.br\/aqui\/wp-json\/wp\/v2\/posts"}],"about":[{"href":"https:\/\/www.correiobraziliense.com.br\/aqui\/wp-json\/wp\/v2\/types\/post"}],"author":[{"embeddable":true,"href":"https:\/\/www.correiobraziliense.com.br\/aqui\/wp-json\/wp\/v2\/users\/8"}],"replies":[{"embeddable":true,"href":"https:\/\/www.correiobraziliense.com.br\/aqui\/wp-json\/wp\/v2\/comments?post=38456"}],"version-history":[{"count":1,"href":"https:\/\/www.correiobraziliense.com.br\/aqui\/wp-json\/wp\/v2\/posts\/38456\/revisions"}],"predecessor-version":[{"id":38458,"href":"https:\/\/www.correiobraziliense.com.br\/aqui\/wp-json\/wp\/v2\/posts\/38456\/revisions\/38458"}],"wp:featuredmedia":[{"embeddable":true,"href":"https:\/\/www.correiobraziliense.com.br\/aqui\/wp-json\/wp\/v2\/media\/38457"}],"wp:attachment":[{"href":"https:\/\/www.correiobraziliense.com.br\/aqui\/wp-json\/wp\/v2\/media?parent=38456"}],"wp:term":[{"taxonomy":"category","embeddable":true,"href":"https:\/\/www.correiobraziliense.com.br\/aqui\/wp-json\/wp\/v2\/categories?post=38456"},{"taxonomy":"post_tag","embeddable":true,"href":"https:\/\/www.correiobraziliense.com.br\/aqui\/wp-json\/wp\/v2\/tags?post=38456"}],"curies":[{"name":"wp","href":"https:\/\/api.w.org\/{rel}","templated":true}]}}