{"id":38473,"date":"2026-09-02T19:57:00","date_gmt":"2026-09-02T22:57:00","guid":{"rendered":"https:\/\/www.correiobraziliense.com.br\/aqui\/?p=38473"},"modified":"2026-09-02T14:12:27","modified_gmt":"2026-09-02T17:12:27","slug":"fui-aprovado-na-lista-de-espera-do-prouni-qual-e-o-proximo-passo-agora","status":"publish","type":"post","link":"https:\/\/www.correiobraziliense.com.br\/aqui\/2026\/09\/02\/fui-aprovado-na-lista-de-espera-do-prouni-qual-e-o-proximo-passo-agora\/","title":{"rendered":"Fui aprovado na lista de espera do ProUni: qual \u00e9 o pr\u00f3ximo passo agora"},"content":{"rendered":"\n<p>O resultado da lista de espera do Programa Universidade para Todos (ProUni), referente ao processo seletivo do segundo semestre de 2026, j\u00e1 est\u00e1 dispon\u00edvel para consulta. Se o seu nome foi pr\u00e9-selecionado, a etapa mais importante come\u00e7a agora: a comprova\u00e7\u00e3o das informa\u00e7\u00f5es fornecidas durante a inscri\u00e7\u00e3o. Este \u00e9 o momento decisivo para garantir a bolsa de estudos no ensino superior.<\/p>\n\n\n\n<p>O primeiro passo \u00e9 entrar em contato imediatamente com a institui\u00e7\u00e3o de ensino para a qual voc\u00ea foi aprovado. \u00c9 fundamental verificar como os documentos devem ser entregues, se de forma presencial ou online, e qual o prazo final. Para o processo seletivo atual, a data limite para a entrega da documenta\u00e7\u00e3o \u00e9 <strong>14 de setembro de 2026<\/strong>. Perder esse prazo significa a desclassifica\u00e7\u00e3o autom\u00e1tica do processo.<\/p>\n\n\n\n<p>Cada universidade ou faculdade pode ter pequenas varia\u00e7\u00f5es na lista de exig\u00eancias, mas a base documental solicitada pelo <a target=\"_blank\" rel=\"noreferrer noopener\" href=\"https:\/\/www.correiobraziliense.com.br\/euestudante\/ensino-superior\/2026\/07\/7453944-prouni-prazos-do-edital-do-segundo-semestre.html\">Minist\u00e9rio da Educa\u00e7\u00e3o (MEC)<\/a> \u00e9 a mesma. Organize tudo com anteced\u00eancia para evitar qualquer imprevisto.<\/p>\n\n\n\n<h2 class=\"wp-block-heading\">Quais documentos apresentar no ProUni?<\/h2>\n\n\n\n<p>A documenta\u00e7\u00e3o serve para que a institui\u00e7\u00e3o confirme se voc\u00ea atende a todos os <a target=\"_blank\" rel=\"noreferrer noopener\" href=\"https:\/\/www.correiobraziliense.com.br\/euestudante\/ensino-superior\/2026\/01\/7337202-prouni-2026-mais-de-590-mil-vagas.html\">crit\u00e9rios do programa<\/a>, principalmente os de renda familiar e de forma\u00e7\u00e3o escolar. Os comprovantes precisam ser de todos os integrantes do grupo familiar declarado na <a target=\"_blank\" rel=\"noreferrer noopener\" href=\"https:\/\/www.correiobraziliense.com.br\/euestudante\/ensino-superior\/2026\/07\/7455928-prouni-inscricoes-gratuitas-para-o-segundo-semestre-comecam-nesta-terca-feira.html\">inscri\u00e7\u00e3o<\/a>.<\/p>\n\n\n\n<p>Os principais itens que voc\u00ea precisa separar s\u00e3o:<\/p>\n\n\n\n<ul class=\"wp-block-list\">\n<li><strong>Documentos de identifica\u00e7\u00e3o:<\/strong> c\u00f3pia do RG e CPF de todos os membros da fam\u00edlia.<\/li>\n\n\n\n<li><strong>Comprovante de resid\u00eancia:<\/strong> uma conta recente de \u00e1gua, luz, telefone ou contrato de aluguel em nome de algum dos integrantes da fam\u00edlia.<\/li>\n\n\n\n<li><strong>Comprovante de rendimentos:<\/strong> holerites, carteira de trabalho ou declara\u00e7\u00e3o de imposto de renda s\u00e3o alguns dos documentos aceitos para comprovar a renda de cada pessoa do grupo familiar.<\/li>\n\n\n\n<li><strong>Comprovante de escolaridade:<\/strong> hist\u00f3rico escolar que comprove a conclus\u00e3o do ensino m\u00e9dio em escola da rede p\u00fablica ou como bolsista integral em escola da rede particular.<\/li>\n<\/ul>\n\n\n\n<p>Ap\u00f3s a entrega, a institui\u00e7\u00e3o de ensino far\u00e1 a an\u00e1lise de toda a papelada. Se n\u00e3o houver nenhuma pend\u00eancia e todas as informa\u00e7\u00f5es estiverem corretas, a institui\u00e7\u00e3o emitir\u00e1 o Termo de Concess\u00e3o da Bolsa, formalizando o benef\u00edcio. A partir da\u00ed, basta seguir as orienta\u00e7\u00f5es para realizar a matr\u00edcula e iniciar as aulas.<\/p>\n\n\n\n<p>\u00c9 importante ressaltar que a entrega da documenta\u00e7\u00e3o e a aprova\u00e7\u00e3o nesta etapa garantem apenas a expectativa de direito \u00e0 bolsa. A concess\u00e3o final est\u00e1 condicionada \u00e0 exist\u00eancia de <a target=\"_blank\" rel=\"noreferrer noopener\" href=\"https:\/\/www.correiobraziliense.com.br\/euestudante\/2026\/08\/7487832-prazo-para-lista-de-espera-do-prouni-2026-em-brasilia-termina-amanha.html\">bolsas remanescentes<\/a> e \u00e0 forma\u00e7\u00e3o de turma no curso para o qual o candidato foi pr\u00e9-selecionado.<\/p>\n","protected":false},"excerpt":{"rendered":"<p>ProUni: confira o guia para reunir os comprovantes exigidos e garantir sua bolsa de estudos no ensino superior dentro dos prazos.<\/p>\n","protected":false},"author":8,"featured_media":38474,"comment_status":"open","ping_status":"open","sticky":false,"template":"","format":"standard","meta":{"jnews-multi-image_gallery":[],"jnews_single_post":{"format":"standard"},"jnews_primary_category":[],"jnews_social_meta":[],"jnews_override_counter":[],"footnotes":""},"categories":[154],"tags":[157,5564,7668,12534,12535,7951],"class_list":["post-38473","post","type-post","status-publish","format-standard","has-post-thumbnail","hentry","category-brasil","tag-brasil","tag-enem","tag-faculdade","tag-lista-do-prouni","tag-programa-universidade-para-todos","tag-prouni"],"yoast_head":"<!-- This site is optimized with the Yoast SEO plugin v25.1 - https:\/\/yoast.com\/wordpress\/plugins\/seo\/ -->\n<title>Fui aprovado na lista de espera do ProUni: qual \u00e9 o pr\u00f3ximo passo agora - Correio Braziliense - Aqui<\/title>\n<meta name=\"description\" content=\"ProUni: confira o guia para reunir os comprovantes exigidos e garantir sua bolsa de estudos no ensino superior dentro dos prazos.\" \/>\n<meta name=\"robots\" content=\"index, follow, max-snippet:-1, max-image-preview:large, max-video-preview:-1\" \/>\n<link rel=\"canonical\" href=\"https:\/\/www.correiobraziliense.com.br\/aqui\/2026\/09\/02\/fui-aprovado-na-lista-de-espera-do-prouni-qual-e-o-proximo-passo-agora\/\" \/>\n<meta property=\"og:locale\" content=\"pt_BR\" \/>\n<meta property=\"og:type\" content=\"article\" \/>\n<meta property=\"og:title\" content=\"Fui aprovado na lista de espera do ProUni: qual \u00e9 o pr\u00f3ximo passo agora - Correio Braziliense - Aqui\" \/>\n<meta property=\"og:description\" content=\"ProUni: confira o guia para reunir os comprovantes exigidos e garantir sua bolsa de estudos no ensino superior dentro dos prazos.\" \/>\n<meta property=\"og:url\" content=\"https:\/\/www.correiobraziliense.com.br\/aqui\/2026\/09\/02\/fui-aprovado-na-lista-de-espera-do-prouni-qual-e-o-proximo-passo-agora\/\" \/>\n<meta property=\"og:site_name\" content=\"Correio Braziliense - Aqui\" \/>\n<meta property=\"article:published_time\" content=\"2026-09-02T22:57:00+00:00\" \/>\n<meta property=\"og:image\" content=\"https:\/\/www.correiobraziliense.com.br\/aqui\/wp-content\/uploads\/2026\/09\/faculdade_1788368956783.jpg\" \/>\n\t<meta property=\"og:image:width\" content=\"1280\" \/>\n\t<meta property=\"og:image:height\" content=\"720\" \/>\n\t<meta property=\"og:image:type\" content=\"image\/jpeg\" \/>\n<meta name=\"author\" content=\"Lara\" \/>\n<meta name=\"twitter:card\" content=\"summary_large_image\" \/>\n<meta name=\"twitter:label1\" content=\"Escrito por\" \/>\n\t<meta name=\"twitter:data1\" content=\"Lara\" \/>\n\t<meta name=\"twitter:label2\" content=\"Est. tempo de leitura\" \/>\n\t<meta name=\"twitter:data2\" content=\"3 minutos\" \/>\n<!-- \/ Yoast SEO plugin. -->","yoast_head_json":{"title":"Fui aprovado na lista de espera do ProUni: qual \u00e9 o pr\u00f3ximo passo agora - Correio Braziliense - Aqui","description":"ProUni: confira o guia para reunir os comprovantes exigidos e garantir sua bolsa de estudos no ensino superior dentro dos prazos.","robots":{"index":"index","follow":"follow","max-snippet":"max-snippet:-1","max-image-preview":"max-image-preview:large","max-video-preview":"max-video-preview:-1"},"canonical":"https:\/\/www.correiobraziliense.com.br\/aqui\/2026\/09\/02\/fui-aprovado-na-lista-de-espera-do-prouni-qual-e-o-proximo-passo-agora\/","og_locale":"pt_BR","og_type":"article","og_title":"Fui aprovado na lista de espera do ProUni: qual \u00e9 o pr\u00f3ximo passo agora - Correio Braziliense - Aqui","og_description":"ProUni: confira o guia para reunir os comprovantes exigidos e garantir sua bolsa de estudos no ensino superior dentro dos prazos.","og_url":"https:\/\/www.correiobraziliense.com.br\/aqui\/2026\/09\/02\/fui-aprovado-na-lista-de-espera-do-prouni-qual-e-o-proximo-passo-agora\/","og_site_name":"Correio Braziliense - Aqui","article_published_time":"2026-09-02T22:57:00+00:00","og_image":[{"width":1280,"height":720,"url":"https:\/\/www.correiobraziliense.com.br\/aqui\/wp-content\/uploads\/2026\/09\/faculdade_1788368956783.jpg","type":"image\/jpeg"}],"author":"Lara","twitter_card":"summary_large_image","twitter_misc":{"Escrito por":"Lara","Est. tempo de leitura":"3 minutos"},"schema":{"@context":"https:\/\/schema.org","@graph":[{"@type":"WebPage","@id":"https:\/\/www.correiobraziliense.com.br\/aqui\/2026\/09\/02\/fui-aprovado-na-lista-de-espera-do-prouni-qual-e-o-proximo-passo-agora\/","url":"https:\/\/www.correiobraziliense.com.br\/aqui\/2026\/09\/02\/fui-aprovado-na-lista-de-espera-do-prouni-qual-e-o-proximo-passo-agora\/","name":"Fui aprovado na lista de espera do ProUni: qual \u00e9 o pr\u00f3ximo passo agora - Correio Braziliense - Aqui","isPartOf":{"@id":"https:\/\/www.correiobraziliense.com.br\/aqui\/#website"},"primaryImageOfPage":{"@id":"https:\/\/www.correiobraziliense.com.br\/aqui\/2026\/09\/02\/fui-aprovado-na-lista-de-espera-do-prouni-qual-e-o-proximo-passo-agora\/#primaryimage"},"image":{"@id":"https:\/\/www.correiobraziliense.com.br\/aqui\/2026\/09\/02\/fui-aprovado-na-lista-de-espera-do-prouni-qual-e-o-proximo-passo-agora\/#primaryimage"},"thumbnailUrl":"https:\/\/www.correiobraziliense.com.br\/aqui\/wp-content\/uploads\/2026\/09\/faculdade_1788368956783.jpg","datePublished":"2026-09-02T22:57:00+00:00","author":{"@id":"https:\/\/www.correiobraziliense.com.br\/aqui\/#\/schema\/person\/5d6e4d99fecc86ab1a7ed1a0369afb65"},"description":"ProUni: confira o guia para reunir os comprovantes exigidos e garantir sua bolsa de estudos no ensino superior dentro dos prazos.","breadcrumb":{"@id":"https:\/\/www.correiobraziliense.com.br\/aqui\/2026\/09\/02\/fui-aprovado-na-lista-de-espera-do-prouni-qual-e-o-proximo-passo-agora\/#breadcrumb"},"inLanguage":"pt-BR","potentialAction":[{"@type":"ReadAction","target":["https:\/\/www.correiobraziliense.com.br\/aqui\/2026\/09\/02\/fui-aprovado-na-lista-de-espera-do-prouni-qual-e-o-proximo-passo-agora\/"]}]},{"@type":"ImageObject","inLanguage":"pt-BR","@id":"https:\/\/www.correiobraziliense.com.br\/aqui\/2026\/09\/02\/fui-aprovado-na-lista-de-espera-do-prouni-qual-e-o-proximo-passo-agora\/#primaryimage","url":"https:\/\/www.correiobraziliense.com.br\/aqui\/wp-content\/uploads\/2026\/09\/faculdade_1788368956783.jpg","contentUrl":"https:\/\/www.correiobraziliense.com.br\/aqui\/wp-content\/uploads\/2026\/09\/faculdade_1788368956783.jpg","width":1280,"height":720,"caption":"Cr\u00e9ditos: depositphotos.com \/ aremafoto"},{"@type":"BreadcrumbList","@id":"https:\/\/www.correiobraziliense.com.br\/aqui\/2026\/09\/02\/fui-aprovado-na-lista-de-espera-do-prouni-qual-e-o-proximo-passo-agora\/#breadcrumb","itemListElement":[{"@type":"ListItem","position":1,"name":"In\u00edcio","item":"https:\/\/www.correiobraziliense.com.br\/aqui\/"},{"@type":"ListItem","position":2,"name":"Fui aprovado na lista de espera do ProUni: qual \u00e9 o pr\u00f3ximo passo agora"}]},{"@type":"WebSite","@id":"https:\/\/www.correiobraziliense.com.br\/aqui\/#website","url":"https:\/\/www.correiobraziliense.com.br\/aqui\/","name":"Correio Braziliense - Aqui","description":"O Correio Braziliense (CB) \u00e9 o mais importante canal de not\u00edcias de Bras\u00edlia. Aqui voc\u00ea encontra as \u00faltimas not\u00edcias do DF, do Brasil e do mundo.","potentialAction":[{"@type":"SearchAction","target":{"@type":"EntryPoint","urlTemplate":"https:\/\/www.correiobraziliense.com.br\/aqui\/?s={search_term_string}"},"query-input":{"@type":"PropertyValueSpecification","valueRequired":true,"valueName":"search_term_string"}}],"inLanguage":"pt-BR"},{"@type":"Person","@id":"https:\/\/www.correiobraziliense.com.br\/aqui\/#\/schema\/person\/5d6e4d99fecc86ab1a7ed1a0369afb65","name":"Lara","image":{"@type":"ImageObject","inLanguage":"pt-BR","@id":"https:\/\/www.correiobraziliense.com.br\/aqui\/#\/schema\/person\/image\/","url":"https:\/\/secure.gravatar.com\/avatar\/57056c5c343a6d8a6669688d3d2c04916d9d280b352b6e50e66a8d39b2517e00?s=96&d=mm&r=g","contentUrl":"https:\/\/secure.gravatar.com\/avatar\/57056c5c343a6d8a6669688d3d2c04916d9d280b352b6e50e66a8d39b2517e00?s=96&d=mm&r=g","caption":"Lara"},"url":"https:\/\/www.correiobraziliense.com.br\/aqui\/author\/laraaqui\/"}]}},"_links":{"self":[{"href":"https:\/\/www.correiobraziliense.com.br\/aqui\/wp-json\/wp\/v2\/posts\/38473","targetHints":{"allow":["GET"]}}],"collection":[{"href":"https:\/\/www.correiobraziliense.com.br\/aqui\/wp-json\/wp\/v2\/posts"}],"about":[{"href":"https:\/\/www.correiobraziliense.com.br\/aqui\/wp-json\/wp\/v2\/types\/post"}],"author":[{"embeddable":true,"href":"https:\/\/www.correiobraziliense.com.br\/aqui\/wp-json\/wp\/v2\/users\/8"}],"replies":[{"embeddable":true,"href":"https:\/\/www.correiobraziliense.com.br\/aqui\/wp-json\/wp\/v2\/comments?post=38473"}],"version-history":[{"count":1,"href":"https:\/\/www.correiobraziliense.com.br\/aqui\/wp-json\/wp\/v2\/posts\/38473\/revisions"}],"predecessor-version":[{"id":38475,"href":"https:\/\/www.correiobraziliense.com.br\/aqui\/wp-json\/wp\/v2\/posts\/38473\/revisions\/38475"}],"wp:featuredmedia":[{"embeddable":true,"href":"https:\/\/www.correiobraziliense.com.br\/aqui\/wp-json\/wp\/v2\/media\/38474"}],"wp:attachment":[{"href":"https:\/\/www.correiobraziliense.com.br\/aqui\/wp-json\/wp\/v2\/media?parent=38473"}],"wp:term":[{"taxonomy":"category","embeddable":true,"href":"https:\/\/www.correiobraziliense.com.br\/aqui\/wp-json\/wp\/v2\/categories?post=38473"},{"taxonomy":"post_tag","embeddable":true,"href":"https:\/\/www.correiobraziliense.com.br\/aqui\/wp-json\/wp\/v2\/tags?post=38473"}],"curies":[{"name":"wp","href":"https:\/\/api.w.org\/{rel}","templated":true}]}}