{"id":38476,"date":"2026-09-03T07:40:00","date_gmt":"2026-09-03T10:40:00","guid":{"rendered":"https:\/\/www.correiobraziliense.com.br\/aqui\/?p=38476"},"modified":"2026-09-03T00:29:09","modified_gmt":"2026-09-03T03:29:09","slug":"como-as-defesas-civis-agem-em-alertas-de-tempestades-extremas","status":"publish","type":"post","link":"https:\/\/www.correiobraziliense.com.br\/aqui\/2026\/09\/03\/como-as-defesas-civis-agem-em-alertas-de-tempestades-extremas\/","title":{"rendered":"Como as defesas civis agem em alertas de tempestades extremas"},"content":{"rendered":"\n<p>A chegada de frentes frias e tempestades extremas, como as que frequentemente afetam diferentes regi\u00f5es do pa\u00eds, mobiliza um sistema de resposta r\u00e1pida das defesas civis em todo o Brasil. As a\u00e7\u00f5es, coordenadas entre munic\u00edpios e estados, seguem um protocolo que come\u00e7a muito antes das primeiras gotas de chuva e visa principalmente prevenir desastres e proteger a popula\u00e7\u00e3o.<\/p>\n\n\n\n<p>O trabalho \u00e9 dividido em etapas claras que v\u00e3o do monitoramento constante \u00e0 resposta em campo. O objetivo \u00e9 reduzir os impactos de eventos clim\u00e1ticos severos, como ventanias, chuvas intensas e quedas bruscas de temperatura.<\/p>\n\n\n\n<h2 class=\"wp-block-heading\">Monitoramento e emiss\u00e3o de alertas<\/h2>\n\n\n\n<p>Tudo come\u00e7a com a vigil\u00e2ncia meteorol\u00f3gica. \u00d3rg\u00e3os como o Instituto Nacional de Meteorologia (Inmet) e centros de previs\u00e3o estaduais monitoram a atmosfera 24 horas por dia. Ao identificar a forma\u00e7\u00e3o de um sistema clim\u00e1tico adverso, eles emitem boletins t\u00e9cnicos para as defesas civis.<\/p>\n\n\n\n<p>Com base nessas informa\u00e7\u00f5es, a Defesa Civil traduz os dados t\u00e9cnicos em uma linguagem acess\u00edvel e dispara <a target=\"_blank\" rel=\"noreferrer noopener\" href=\"https:\/\/www.correiobraziliense.com.br\/cidades-df\/2025\/09\/7254191-celulares-do-df-receberao-alerta-de-teste-da-defesa-civil-no-sabado-27-9.html\">alertas<\/a> para a popula\u00e7\u00e3o, que s\u00e3o classificados por n\u00edveis de severidade (amarelo, laranja e vermelho). Um dos principais canais \u00e9 o <a target=\"_blank\" rel=\"noreferrer noopener\" href=\"https:\/\/www.correiobraziliense.com.br\/cidades-df\/2026\/06\/7450462-como-funciona-o-defesa-civil-alerta-que-envia-mensagens-de-emergencia.html\">servi\u00e7o de SMS<\/a>. Para se cadastrar, os cidad\u00e3os devem <a target=\"_blank\" rel=\"noreferrer noopener\" href=\"https:\/\/www.correiobraziliense.com.br\/cidades-df\/2026\/08\/7481199-defesa-civil-do-df-saiba-como-acionar-em-caso-de-emergencia.html\">consultar o site oficial da Defesa Civil nacional ou estadual<\/a> para obter o n\u00famero e as instru\u00e7\u00f5es atualizadas. Os avisos tamb\u00e9m s\u00e3o divulgados pela imprensa, redes sociais e, em \u00e1reas de alto risco, por meio de sirenes.<\/p>\n\n\n\n<h2 class=\"wp-block-heading\">A\u00e7\u00f5es preventivas<\/h2>\n\n\n\n<p>Com o alerta em m\u00e3os, as equipes iniciam a fase de preven\u00e7\u00e3o. As prefeituras s\u00e3o acionadas para realizar vistorias em \u00e1reas de risco, como encostas e margens de rios, e notificar os moradores sobre a necessidade de evacua\u00e7\u00e3o preventiva, se for o caso.<\/p>\n\n\n\n<p>Outras medidas incluem a poda ou remo\u00e7\u00e3o de \u00e1rvores com risco de queda sobre redes el\u00e9tricas e resid\u00eancias, al\u00e9m da limpeza e desobstru\u00e7\u00e3o de bueiros e c\u00f3rregos para minimizar o risco de alagamentos.<\/p>\n\n\n\n<h2 class=\"wp-block-heading\">Atua\u00e7\u00e3o durante a emerg\u00eancia<\/h2>\n\n\n\n<p>Quando a tempestade atinge uma regi\u00e3o, a opera\u00e7\u00e3o se concentra em um centro de controle integrado. Desse local, as equipes s\u00e3o enviadas para atender \u00e0s ocorr\u00eancias, como deslizamentos, inunda\u00e7\u00f5es e desabamentos. O trabalho \u00e9 feito em conjunto com o Corpo de Bombeiros, a pol\u00edcia e secretarias de assist\u00eancia social.<\/p>\n\n\n\n<p>Essa coordena\u00e7\u00e3o garante o resgate de v\u00edtimas, o isolamento de locais perigosos e o encaminhamento de pessoas desabrigadas ou desalojadas para abrigos tempor\u00e1rios. Ap\u00f3s a passagem do evento clim\u00e1tico, o trabalho continua com a avalia\u00e7\u00e3o dos danos e o aux\u00edlio \u00e0s fam\u00edlias atingidas para o restabelecimento da normalidade.<\/p>\n","protected":false},"excerpt":{"rendered":"<p>Entenda os protocolos de preven\u00e7\u00e3o e de conting\u00eancia acionados por estados brasileiros diante da chegada de frentes frias com chuvas intensas e ventos fortes<\/p>\n","protected":false},"author":10,"featured_media":35993,"comment_status":"open","ping_status":"open","sticky":false,"template":"","format":"standard","meta":{"jnews-multi-image_gallery":[],"jnews_single_post":{"format":"standard"},"jnews_primary_category":[],"jnews_social_meta":[],"jnews_override_counter":[],"footnotes":""},"categories":[4861],"tags":[157,8793],"class_list":["post-38476","post","type-post","status-publish","format-standard","has-post-thumbnail","hentry","category-clima","tag-brasil","tag-defesa-civil"],"yoast_head":"<!-- This site is optimized with the Yoast SEO plugin v25.1 - https:\/\/yoast.com\/wordpress\/plugins\/seo\/ -->\n<title>Como as defesas civis agem em alertas de tempestades extremas - Correio Braziliense - Aqui<\/title>\n<meta name=\"description\" content=\"Entenda os protocolos de preven\u00e7\u00e3o e de conting\u00eancia usados pelas defesas civis diante da chegada de chuvas intensas e ventos fortes\" \/>\n<meta name=\"robots\" content=\"index, follow, max-snippet:-1, max-image-preview:large, max-video-preview:-1\" \/>\n<link rel=\"canonical\" href=\"https:\/\/www.correiobraziliense.com.br\/aqui\/2026\/09\/03\/como-as-defesas-civis-agem-em-alertas-de-tempestades-extremas\/\" \/>\n<meta property=\"og:locale\" content=\"pt_BR\" \/>\n<meta property=\"og:type\" content=\"article\" \/>\n<meta property=\"og:title\" content=\"Como as defesas civis agem em alertas de tempestades extremas - Correio Braziliense - Aqui\" \/>\n<meta property=\"og:description\" content=\"Entenda os protocolos de preven\u00e7\u00e3o e de conting\u00eancia usados pelas defesas civis diante da chegada de chuvas intensas e ventos fortes\" \/>\n<meta property=\"og:url\" content=\"https:\/\/www.correiobraziliense.com.br\/aqui\/2026\/09\/03\/como-as-defesas-civis-agem-em-alertas-de-tempestades-extremas\/\" \/>\n<meta property=\"og:site_name\" content=\"Correio Braziliense - Aqui\" \/>\n<meta property=\"article:published_time\" content=\"2026-09-03T10:40:00+00:00\" \/>\n<meta property=\"og:image\" content=\"https:\/\/www.correiobraziliense.com.br\/aqui\/wp-content\/uploads\/2026\/08\/ventania_1785847553939.jpg\" \/>\n\t<meta property=\"og:image:width\" content=\"1280\" \/>\n\t<meta property=\"og:image:height\" content=\"720\" \/>\n\t<meta property=\"og:image:type\" content=\"image\/jpeg\" \/>\n<meta name=\"author\" content=\"Larissa\" \/>\n<meta name=\"twitter:card\" content=\"summary_large_image\" \/>\n<meta name=\"twitter:label1\" content=\"Escrito por\" \/>\n\t<meta name=\"twitter:data1\" content=\"Larissa\" \/>\n\t<meta name=\"twitter:label2\" content=\"Est. tempo de leitura\" \/>\n\t<meta name=\"twitter:data2\" content=\"3 minutos\" \/>\n<!-- \/ Yoast SEO plugin. -->","yoast_head_json":{"title":"Como as defesas civis agem em alertas de tempestades extremas - Correio Braziliense - Aqui","description":"Entenda os protocolos de preven\u00e7\u00e3o e de conting\u00eancia usados pelas defesas civis diante da chegada de chuvas intensas e ventos fortes","robots":{"index":"index","follow":"follow","max-snippet":"max-snippet:-1","max-image-preview":"max-image-preview:large","max-video-preview":"max-video-preview:-1"},"canonical":"https:\/\/www.correiobraziliense.com.br\/aqui\/2026\/09\/03\/como-as-defesas-civis-agem-em-alertas-de-tempestades-extremas\/","og_locale":"pt_BR","og_type":"article","og_title":"Como as defesas civis agem em alertas de tempestades extremas - Correio Braziliense - Aqui","og_description":"Entenda os protocolos de preven\u00e7\u00e3o e de conting\u00eancia usados pelas defesas civis diante da chegada de chuvas intensas e ventos fortes","og_url":"https:\/\/www.correiobraziliense.com.br\/aqui\/2026\/09\/03\/como-as-defesas-civis-agem-em-alertas-de-tempestades-extremas\/","og_site_name":"Correio Braziliense - Aqui","article_published_time":"2026-09-03T10:40:00+00:00","og_image":[{"width":1280,"height":720,"url":"https:\/\/www.correiobraziliense.com.br\/aqui\/wp-content\/uploads\/2026\/08\/ventania_1785847553939.jpg","type":"image\/jpeg"}],"author":"Larissa","twitter_card":"summary_large_image","twitter_misc":{"Escrito por":"Larissa","Est. tempo de leitura":"3 minutos"},"schema":{"@context":"https:\/\/schema.org","@graph":[{"@type":"WebPage","@id":"https:\/\/www.correiobraziliense.com.br\/aqui\/2026\/09\/03\/como-as-defesas-civis-agem-em-alertas-de-tempestades-extremas\/","url":"https:\/\/www.correiobraziliense.com.br\/aqui\/2026\/09\/03\/como-as-defesas-civis-agem-em-alertas-de-tempestades-extremas\/","name":"Como as defesas civis agem em alertas de tempestades extremas - Correio Braziliense - Aqui","isPartOf":{"@id":"https:\/\/www.correiobraziliense.com.br\/aqui\/#website"},"primaryImageOfPage":{"@id":"https:\/\/www.correiobraziliense.com.br\/aqui\/2026\/09\/03\/como-as-defesas-civis-agem-em-alertas-de-tempestades-extremas\/#primaryimage"},"image":{"@id":"https:\/\/www.correiobraziliense.com.br\/aqui\/2026\/09\/03\/como-as-defesas-civis-agem-em-alertas-de-tempestades-extremas\/#primaryimage"},"thumbnailUrl":"https:\/\/www.correiobraziliense.com.br\/aqui\/wp-content\/uploads\/2026\/08\/ventania_1785847553939.jpg","datePublished":"2026-09-03T10:40:00+00:00","author":{"@id":"https:\/\/www.correiobraziliense.com.br\/aqui\/#\/schema\/person\/775f50a8c1ac31704d56816e99b29041"},"description":"Entenda os protocolos de preven\u00e7\u00e3o e de conting\u00eancia usados pelas defesas civis diante da chegada de chuvas intensas e ventos fortes","breadcrumb":{"@id":"https:\/\/www.correiobraziliense.com.br\/aqui\/2026\/09\/03\/como-as-defesas-civis-agem-em-alertas-de-tempestades-extremas\/#breadcrumb"},"inLanguage":"pt-BR","potentialAction":[{"@type":"ReadAction","target":["https:\/\/www.correiobraziliense.com.br\/aqui\/2026\/09\/03\/como-as-defesas-civis-agem-em-alertas-de-tempestades-extremas\/"]}]},{"@type":"ImageObject","inLanguage":"pt-BR","@id":"https:\/\/www.correiobraziliense.com.br\/aqui\/2026\/09\/03\/como-as-defesas-civis-agem-em-alertas-de-tempestades-extremas\/#primaryimage","url":"https:\/\/www.correiobraziliense.com.br\/aqui\/wp-content\/uploads\/2026\/08\/ventania_1785847553939.jpg","contentUrl":"https:\/\/www.correiobraziliense.com.br\/aqui\/wp-content\/uploads\/2026\/08\/ventania_1785847553939.jpg","width":1280,"height":720,"caption":"Cr\u00e9ditos: depositphotos.com \/ zstockphotos"},{"@type":"BreadcrumbList","@id":"https:\/\/www.correiobraziliense.com.br\/aqui\/2026\/09\/03\/como-as-defesas-civis-agem-em-alertas-de-tempestades-extremas\/#breadcrumb","itemListElement":[{"@type":"ListItem","position":1,"name":"In\u00edcio","item":"https:\/\/www.correiobraziliense.com.br\/aqui\/"},{"@type":"ListItem","position":2,"name":"Como as defesas civis agem em alertas de tempestades extremas"}]},{"@type":"WebSite","@id":"https:\/\/www.correiobraziliense.com.br\/aqui\/#website","url":"https:\/\/www.correiobraziliense.com.br\/aqui\/","name":"Correio Braziliense - Aqui","description":"O Correio Braziliense (CB) \u00e9 o mais importante canal de not\u00edcias de Bras\u00edlia. Aqui voc\u00ea encontra as \u00faltimas not\u00edcias do DF, do Brasil e do mundo.","potentialAction":[{"@type":"SearchAction","target":{"@type":"EntryPoint","urlTemplate":"https:\/\/www.correiobraziliense.com.br\/aqui\/?s={search_term_string}"},"query-input":{"@type":"PropertyValueSpecification","valueRequired":true,"valueName":"search_term_string"}}],"inLanguage":"pt-BR"},{"@type":"Person","@id":"https:\/\/www.correiobraziliense.com.br\/aqui\/#\/schema\/person\/775f50a8c1ac31704d56816e99b29041","name":"Larissa","image":{"@type":"ImageObject","inLanguage":"pt-BR","@id":"https:\/\/www.correiobraziliense.com.br\/aqui\/#\/schema\/person\/image\/","url":"https:\/\/secure.gravatar.com\/avatar\/62f5b2e99de671d075ab98e19f03c3c38c80a93f5d06f51075cf4431a4e76458?s=96&d=mm&r=g","contentUrl":"https:\/\/secure.gravatar.com\/avatar\/62f5b2e99de671d075ab98e19f03c3c38c80a93f5d06f51075cf4431a4e76458?s=96&d=mm&r=g","caption":"Larissa"},"url":"https:\/\/www.correiobraziliense.com.br\/aqui\/author\/larissaaqui\/"}]}},"_links":{"self":[{"href":"https:\/\/www.correiobraziliense.com.br\/aqui\/wp-json\/wp\/v2\/posts\/38476","targetHints":{"allow":["GET"]}}],"collection":[{"href":"https:\/\/www.correiobraziliense.com.br\/aqui\/wp-json\/wp\/v2\/posts"}],"about":[{"href":"https:\/\/www.correiobraziliense.com.br\/aqui\/wp-json\/wp\/v2\/types\/post"}],"author":[{"embeddable":true,"href":"https:\/\/www.correiobraziliense.com.br\/aqui\/wp-json\/wp\/v2\/users\/10"}],"replies":[{"embeddable":true,"href":"https:\/\/www.correiobraziliense.com.br\/aqui\/wp-json\/wp\/v2\/comments?post=38476"}],"version-history":[{"count":3,"href":"https:\/\/www.correiobraziliense.com.br\/aqui\/wp-json\/wp\/v2\/posts\/38476\/revisions"}],"predecessor-version":[{"id":38479,"href":"https:\/\/www.correiobraziliense.com.br\/aqui\/wp-json\/wp\/v2\/posts\/38476\/revisions\/38479"}],"wp:featuredmedia":[{"embeddable":true,"href":"https:\/\/www.correiobraziliense.com.br\/aqui\/wp-json\/wp\/v2\/media\/35993"}],"wp:attachment":[{"href":"https:\/\/www.correiobraziliense.com.br\/aqui\/wp-json\/wp\/v2\/media?parent=38476"}],"wp:term":[{"taxonomy":"category","embeddable":true,"href":"https:\/\/www.correiobraziliense.com.br\/aqui\/wp-json\/wp\/v2\/categories?post=38476"},{"taxonomy":"post_tag","embeddable":true,"href":"https:\/\/www.correiobraziliense.com.br\/aqui\/wp-json\/wp\/v2\/tags?post=38476"}],"curies":[{"name":"wp","href":"https:\/\/api.w.org\/{rel}","templated":true}]}}