{"id":38493,"date":"2026-09-03T10:25:00","date_gmt":"2026-09-03T13:25:00","guid":{"rendered":"https:\/\/www.correiobraziliense.com.br\/aqui\/?p=38493"},"modified":"2026-09-03T10:09:41","modified_gmt":"2026-09-03T13:09:41","slug":"quem-pode-tomar-a-vacina-contra-o-herpes-zoster-no-sus","status":"publish","type":"post","link":"https:\/\/www.correiobraziliense.com.br\/aqui\/2026\/09\/03\/quem-pode-tomar-a-vacina-contra-o-herpes-zoster-no-sus\/","title":{"rendered":"Quem pode tomar a vacina contra o herpes zoster no SUS"},"content":{"rendered":"\n<p>A vacina contra o herpes zoster poder\u00e1 ser oferecida gratuitamente pelo Sistema \u00danico de Sa\u00fade (SUS) em breve. A Comiss\u00e3o de Assuntos Sociais (CAS) do Senado aprovou o projeto que inclui o imunizante no Calend\u00e1rio Nacional de Vacina\u00e7\u00e3o, tornando o acesso mais amplo para grupos de risco em todo o pa\u00eds.<\/p>\n\n\n\n<p>O <a target=\"_blank\" rel=\"noreferrer noopener\" href=\"https:\/\/www.correiobraziliense.com.br\/cidades-df\/2025\/04\/7111805-saiba-quais-sao-os-perigos-do-herpes-zoster-e-as-formas-de-prevencao.html\">herpes zoster<\/a>, popularmente conhecido como cobreiro, \u00e9 uma infec\u00e7\u00e3o causada pela reativa\u00e7\u00e3o do v\u00edrus da catapora, o varicela-zoster. A doen\u00e7a provoca erup\u00e7\u00f5es dolorosas na pele e pode levar a complica\u00e7\u00f5es s\u00e9rias, como a neuralgia p\u00f3s-herp\u00e9tica, uma dor cr\u00f4nica que persiste por meses ou anos.<\/p>\n\n\n\n<p>Atualmente, a vacina est\u00e1 dispon\u00edvel apenas na rede privada, com custo elevado, o que limita o acesso para a maior parte da popula\u00e7\u00e3o. A inclus\u00e3o no SUS representa um avan\u00e7o significativo na <a target=\"_blank\" rel=\"noreferrer noopener\" href=\"https:\/\/www.correiobraziliense.com.br\/ciencia-e-saude\/2026\/01\/7336194-vacina-contra-herpes-zoster-pode-retardar-envelhecimento.html\">preven\u00e7\u00e3o da doen\u00e7a<\/a> e de suas consequ\u00eancias.<\/p>\n\n\n\n<h2 class=\"wp-block-heading\">Quem poder\u00e1 receber a vacina no SUS?<\/h2>\n\n\n\n<p>O projeto de lei define dois grupos priorit\u00e1rios para receber o imunizante de forma gratuita assim que a medida for implementada. A defini\u00e7\u00e3o dos p\u00fablicos-alvo foi baseada na maior incid\u00eancia e no risco de complica\u00e7\u00f5es da doen\u00e7a. Confira quem s\u00e3o:<\/p>\n\n\n\n<ul class=\"wp-block-list\">\n<li><a href=\"https:\/\/www.correiobraziliense.com.br\/revista-do-correio\/2025\/04\/7102467-vacinacao-para-herpes-zoster-pode-proteger-idosos-contra-alzheimer.html\" target=\"_blank\" rel=\"noreferrer noopener\"><strong>Pessoas com 50 anos ou mais<\/strong><\/a><strong>:<\/strong> este grupo et\u00e1rio representa a maior parte dos casos da doen\u00e7a, pois a imunidade contra o v\u00edrus tende a diminuir com a idade.<\/li>\n\n\n\n<li><strong>Maiores de 18 anos imunossuprimidos:<\/strong> pessoas com o sistema imunol\u00f3gico enfraquecido por doen\u00e7as como HIV\/aids e c\u00e2ncer, ou em tratamento com medicamentos que afetam a imunidade, como quimioter\u00e1picos e imunossupressores.<\/li>\n<\/ul>\n\n\n\n<h2 class=\"wp-block-heading\">Quando a vacina estar\u00e1 dispon\u00edvel?<\/h2>\n\n\n\n<p>A aprova\u00e7\u00e3o na comiss\u00e3o \u00e9 um passo importante, mas o texto ainda precisar\u00e1 ser confirmado em um turno suplementar na comiss\u00e3o. Ap\u00f3s essa etapa, caso n\u00e3o haja requerimento para vota\u00e7\u00e3o no plen\u00e1rio do Senado, o projeto pode seguir diretamente para a C\u00e2mara dos Deputados. Somente ap\u00f3s a aprova\u00e7\u00e3o em ambas as casas legislativas e a san\u00e7\u00e3o presidencial, a medida se tornar\u00e1 lei.<\/p>\n\n\n\n<p>Uma vez que a lei entre em vigor, caber\u00e1 ao Minist\u00e9rio da Sa\u00fade definir os detalhes da implementa\u00e7\u00e3o. A pasta ser\u00e1 respons\u00e1vel por adquirir as doses e organizar a log\u00edstica de distribui\u00e7\u00e3o para os postos de sa\u00fade em todo o pa\u00eds. Ainda n\u00e3o h\u00e1 uma previs\u00e3o oficial para o in\u00edcio da vacina\u00e7\u00e3o.<\/p>\n","protected":false},"excerpt":{"rendered":"<p>Veja os crit\u00e9rios de idade, as condi\u00e7\u00f5es de sa\u00fade exigidas para grupos priorit\u00e1rios e a previs\u00e3o para a distribui\u00e7\u00e3o das doses nos postos<\/p>\n","protected":false},"author":10,"featured_media":27740,"comment_status":"open","ping_status":"open","sticky":false,"template":"","format":"standard","meta":{"jnews-multi-image_gallery":[],"jnews_single_post":{"format":"standard"},"jnews_primary_category":[],"jnews_social_meta":[],"jnews_override_counter":[],"footnotes":""},"categories":[123],"tags":[157,6117,141],"class_list":["post-38493","post","type-post","status-publish","format-standard","has-post-thumbnail","hentry","category-saude","tag-brasil","tag-herpes-zoster","tag-saude"],"yoast_head":"<!-- This site is optimized with the Yoast SEO plugin v25.1 - https:\/\/yoast.com\/wordpress\/plugins\/seo\/ -->\n<title>Quem pode tomar a vacina contra o herpes zoster no SUS - Correio Braziliense - Aqui<\/title>\n<meta name=\"description\" content=\"Vacina da herpes zoster: crit\u00e9rios de idade, as condi\u00e7\u00f5es de sa\u00fade para grupos priorit\u00e1rios e a previs\u00e3o de distribui\u00e7\u00e3o das doses nos postos\" \/>\n<meta name=\"robots\" content=\"index, follow, max-snippet:-1, max-image-preview:large, max-video-preview:-1\" \/>\n<link rel=\"canonical\" href=\"https:\/\/www.correiobraziliense.com.br\/aqui\/2026\/09\/03\/quem-pode-tomar-a-vacina-contra-o-herpes-zoster-no-sus\/\" \/>\n<meta property=\"og:locale\" content=\"pt_BR\" \/>\n<meta property=\"og:type\" content=\"article\" \/>\n<meta property=\"og:title\" content=\"Quem pode tomar a vacina contra o herpes zoster no SUS - Correio Braziliense - Aqui\" \/>\n<meta property=\"og:description\" content=\"Vacina da herpes zoster: crit\u00e9rios de idade, as condi\u00e7\u00f5es de sa\u00fade para grupos priorit\u00e1rios e a previs\u00e3o de distribui\u00e7\u00e3o das doses nos postos\" \/>\n<meta property=\"og:url\" content=\"https:\/\/www.correiobraziliense.com.br\/aqui\/2026\/09\/03\/quem-pode-tomar-a-vacina-contra-o-herpes-zoster-no-sus\/\" \/>\n<meta property=\"og:site_name\" content=\"Correio Braziliense - Aqui\" \/>\n<meta property=\"article:published_time\" content=\"2026-09-03T13:25:00+00:00\" \/>\n<meta property=\"og:image\" content=\"https:\/\/www.correiobraziliense.com.br\/aqui\/wp-content\/uploads\/2026\/04\/vacina_1776862139579.jpg\" \/>\n\t<meta property=\"og:image:width\" content=\"1280\" \/>\n\t<meta property=\"og:image:height\" content=\"720\" \/>\n\t<meta property=\"og:image:type\" content=\"image\/jpeg\" \/>\n<meta name=\"author\" content=\"Larissa\" \/>\n<meta name=\"twitter:card\" content=\"summary_large_image\" \/>\n<meta name=\"twitter:label1\" content=\"Escrito por\" \/>\n\t<meta name=\"twitter:data1\" content=\"Larissa\" \/>\n\t<meta name=\"twitter:label2\" content=\"Est. tempo de leitura\" \/>\n\t<meta name=\"twitter:data2\" content=\"3 minutos\" \/>\n<!-- \/ Yoast SEO plugin. -->","yoast_head_json":{"title":"Quem pode tomar a vacina contra o herpes zoster no SUS - Correio Braziliense - Aqui","description":"Vacina da herpes zoster: crit\u00e9rios de idade, as condi\u00e7\u00f5es de sa\u00fade para grupos priorit\u00e1rios e a previs\u00e3o de distribui\u00e7\u00e3o das doses nos postos","robots":{"index":"index","follow":"follow","max-snippet":"max-snippet:-1","max-image-preview":"max-image-preview:large","max-video-preview":"max-video-preview:-1"},"canonical":"https:\/\/www.correiobraziliense.com.br\/aqui\/2026\/09\/03\/quem-pode-tomar-a-vacina-contra-o-herpes-zoster-no-sus\/","og_locale":"pt_BR","og_type":"article","og_title":"Quem pode tomar a vacina contra o herpes zoster no SUS - Correio Braziliense - Aqui","og_description":"Vacina da herpes zoster: crit\u00e9rios de idade, as condi\u00e7\u00f5es de sa\u00fade para grupos priorit\u00e1rios e a previs\u00e3o de distribui\u00e7\u00e3o das doses nos postos","og_url":"https:\/\/www.correiobraziliense.com.br\/aqui\/2026\/09\/03\/quem-pode-tomar-a-vacina-contra-o-herpes-zoster-no-sus\/","og_site_name":"Correio Braziliense - Aqui","article_published_time":"2026-09-03T13:25:00+00:00","og_image":[{"width":1280,"height":720,"url":"https:\/\/www.correiobraziliense.com.br\/aqui\/wp-content\/uploads\/2026\/04\/vacina_1776862139579.jpg","type":"image\/jpeg"}],"author":"Larissa","twitter_card":"summary_large_image","twitter_misc":{"Escrito por":"Larissa","Est. tempo de leitura":"3 minutos"},"schema":{"@context":"https:\/\/schema.org","@graph":[{"@type":"WebPage","@id":"https:\/\/www.correiobraziliense.com.br\/aqui\/2026\/09\/03\/quem-pode-tomar-a-vacina-contra-o-herpes-zoster-no-sus\/","url":"https:\/\/www.correiobraziliense.com.br\/aqui\/2026\/09\/03\/quem-pode-tomar-a-vacina-contra-o-herpes-zoster-no-sus\/","name":"Quem pode tomar a vacina contra o herpes zoster no SUS - Correio Braziliense - Aqui","isPartOf":{"@id":"https:\/\/www.correiobraziliense.com.br\/aqui\/#website"},"primaryImageOfPage":{"@id":"https:\/\/www.correiobraziliense.com.br\/aqui\/2026\/09\/03\/quem-pode-tomar-a-vacina-contra-o-herpes-zoster-no-sus\/#primaryimage"},"image":{"@id":"https:\/\/www.correiobraziliense.com.br\/aqui\/2026\/09\/03\/quem-pode-tomar-a-vacina-contra-o-herpes-zoster-no-sus\/#primaryimage"},"thumbnailUrl":"https:\/\/www.correiobraziliense.com.br\/aqui\/wp-content\/uploads\/2026\/04\/vacina_1776862139579.jpg","datePublished":"2026-09-03T13:25:00+00:00","author":{"@id":"https:\/\/www.correiobraziliense.com.br\/aqui\/#\/schema\/person\/775f50a8c1ac31704d56816e99b29041"},"description":"Vacina da herpes zoster: crit\u00e9rios de idade, as condi\u00e7\u00f5es de sa\u00fade para grupos priorit\u00e1rios e a previs\u00e3o de distribui\u00e7\u00e3o das doses nos postos","breadcrumb":{"@id":"https:\/\/www.correiobraziliense.com.br\/aqui\/2026\/09\/03\/quem-pode-tomar-a-vacina-contra-o-herpes-zoster-no-sus\/#breadcrumb"},"inLanguage":"pt-BR","potentialAction":[{"@type":"ReadAction","target":["https:\/\/www.correiobraziliense.com.br\/aqui\/2026\/09\/03\/quem-pode-tomar-a-vacina-contra-o-herpes-zoster-no-sus\/"]}]},{"@type":"ImageObject","inLanguage":"pt-BR","@id":"https:\/\/www.correiobraziliense.com.br\/aqui\/2026\/09\/03\/quem-pode-tomar-a-vacina-contra-o-herpes-zoster-no-sus\/#primaryimage","url":"https:\/\/www.correiobraziliense.com.br\/aqui\/wp-content\/uploads\/2026\/04\/vacina_1776862139579.jpg","contentUrl":"https:\/\/www.correiobraziliense.com.br\/aqui\/wp-content\/uploads\/2026\/04\/vacina_1776862139579.jpg","width":1280,"height":720,"caption":"Cr\u00e9ditos: depositphotos.com \/ Seasonpost"},{"@type":"BreadcrumbList","@id":"https:\/\/www.correiobraziliense.com.br\/aqui\/2026\/09\/03\/quem-pode-tomar-a-vacina-contra-o-herpes-zoster-no-sus\/#breadcrumb","itemListElement":[{"@type":"ListItem","position":1,"name":"In\u00edcio","item":"https:\/\/www.correiobraziliense.com.br\/aqui\/"},{"@type":"ListItem","position":2,"name":"Quem pode tomar a vacina contra o herpes zoster no SUS"}]},{"@type":"WebSite","@id":"https:\/\/www.correiobraziliense.com.br\/aqui\/#website","url":"https:\/\/www.correiobraziliense.com.br\/aqui\/","name":"Correio Braziliense - Aqui","description":"O Correio Braziliense (CB) \u00e9 o mais importante canal de not\u00edcias de Bras\u00edlia. Aqui voc\u00ea encontra as \u00faltimas not\u00edcias do DF, do Brasil e do mundo.","potentialAction":[{"@type":"SearchAction","target":{"@type":"EntryPoint","urlTemplate":"https:\/\/www.correiobraziliense.com.br\/aqui\/?s={search_term_string}"},"query-input":{"@type":"PropertyValueSpecification","valueRequired":true,"valueName":"search_term_string"}}],"inLanguage":"pt-BR"},{"@type":"Person","@id":"https:\/\/www.correiobraziliense.com.br\/aqui\/#\/schema\/person\/775f50a8c1ac31704d56816e99b29041","name":"Larissa","image":{"@type":"ImageObject","inLanguage":"pt-BR","@id":"https:\/\/www.correiobraziliense.com.br\/aqui\/#\/schema\/person\/image\/","url":"https:\/\/secure.gravatar.com\/avatar\/62f5b2e99de671d075ab98e19f03c3c38c80a93f5d06f51075cf4431a4e76458?s=96&d=mm&r=g","contentUrl":"https:\/\/secure.gravatar.com\/avatar\/62f5b2e99de671d075ab98e19f03c3c38c80a93f5d06f51075cf4431a4e76458?s=96&d=mm&r=g","caption":"Larissa"},"url":"https:\/\/www.correiobraziliense.com.br\/aqui\/author\/larissaaqui\/"}]}},"_links":{"self":[{"href":"https:\/\/www.correiobraziliense.com.br\/aqui\/wp-json\/wp\/v2\/posts\/38493","targetHints":{"allow":["GET"]}}],"collection":[{"href":"https:\/\/www.correiobraziliense.com.br\/aqui\/wp-json\/wp\/v2\/posts"}],"about":[{"href":"https:\/\/www.correiobraziliense.com.br\/aqui\/wp-json\/wp\/v2\/types\/post"}],"author":[{"embeddable":true,"href":"https:\/\/www.correiobraziliense.com.br\/aqui\/wp-json\/wp\/v2\/users\/10"}],"replies":[{"embeddable":true,"href":"https:\/\/www.correiobraziliense.com.br\/aqui\/wp-json\/wp\/v2\/comments?post=38493"}],"version-history":[{"count":3,"href":"https:\/\/www.correiobraziliense.com.br\/aqui\/wp-json\/wp\/v2\/posts\/38493\/revisions"}],"predecessor-version":[{"id":38496,"href":"https:\/\/www.correiobraziliense.com.br\/aqui\/wp-json\/wp\/v2\/posts\/38493\/revisions\/38496"}],"wp:featuredmedia":[{"embeddable":true,"href":"https:\/\/www.correiobraziliense.com.br\/aqui\/wp-json\/wp\/v2\/media\/27740"}],"wp:attachment":[{"href":"https:\/\/www.correiobraziliense.com.br\/aqui\/wp-json\/wp\/v2\/media?parent=38493"}],"wp:term":[{"taxonomy":"category","embeddable":true,"href":"https:\/\/www.correiobraziliense.com.br\/aqui\/wp-json\/wp\/v2\/categories?post=38493"},{"taxonomy":"post_tag","embeddable":true,"href":"https:\/\/www.correiobraziliense.com.br\/aqui\/wp-json\/wp\/v2\/tags?post=38493"}],"curies":[{"name":"wp","href":"https:\/\/api.w.org\/{rel}","templated":true}]}}