{"id":38505,"date":"2026-09-03T11:50:00","date_gmt":"2026-09-03T14:50:00","guid":{"rendered":"https:\/\/www.correiobraziliense.com.br\/aqui\/?p=38505"},"modified":"2026-09-03T10:35:38","modified_gmt":"2026-09-03T13:35:38","slug":"fim-da-escala-6x1-entenda-os-impactos-economicos-2","status":"publish","type":"post","link":"https:\/\/www.correiobraziliense.com.br\/aqui\/2026\/09\/03\/fim-da-escala-6x1-entenda-os-impactos-economicos-2\/","title":{"rendered":"Fim da escala 6&#215;1: entenda os impactos econ\u00f4micos"},"content":{"rendered":"\n<p>A discuss\u00e3o sobre o fim da escala de trabalho 6&#215;1 ganha for\u00e7a no Congresso e divide opini\u00f5es, principalmente sobre seus impactos econ\u00f4micos. A proposta, que visa garantir dois dias de folga semanal remunerada, tem gerado cr\u00edticas de setores empresariais e parlamentares sobre poss\u00edveis impactos nos custos operacionais e na infla\u00e7\u00e3o.<\/p>\n\n\n\n<p>O principal argumento dos cr\u00edticos \u00e0 proposta do fim da escala 6&#215;1 \u00e9 o aumento direto na folha de pagamento. Com a <a href=\"https:\/\/www.correiobraziliense.com.br\/revista-do-correio\/2026\/06\/7442336-fim-da-escala-6-2151-tire-suas-duvidas-sobre-a-reducao-da-jornada-de-trabalho.html\" target=\"_blank\" rel=\"noreferrer noopener\">redu\u00e7\u00e3o da jornada semanal<\/a>, as empresas, especialmente as que operam de forma cont\u00ednua ou com atendimento ao p\u00fablico em fins de semana, precisariam contratar mais funcion\u00e1rios para cobrir os mesmos postos de trabalho. A alternativa seria pagar mais horas extras, o que tamb\u00e9m encarece a opera\u00e7\u00e3o.<\/p>\n\n\n\n<p>Setores como o com\u00e9rcio, servi\u00e7os, <a target=\"_blank\" rel=\"noreferrer noopener\" href=\"https:\/\/www.correiobraziliense.com.br\/mundo\/2026\/05\/7430286-fim-da-escala-6x1-com-transicao-curta-e-inviavel-diz-dono-de-pizzaria-como-eu-faco-para-ter-um-chef-em-60-dias.html\">bares, restaurantes<\/a> e hospitais seriam os mais afetados. Essas \u00e1reas dependem intensamente da m\u00e3o de obra e operam com margens que podem ser sens\u00edveis a qualquer aumento de despesa. A preocupa\u00e7\u00e3o \u00e9 que esse custo adicional seja repassado aos consumidores.<\/p>\n\n\n\n<h2 class=\"wp-block-heading\">Como isso afeta o seu bolso?<\/h2>\n\n\n\n<p>O temor de um reflexo nos pre\u00e7os \u00e9 o ponto central do debate econ\u00f4mico. Quando os custos de produ\u00e7\u00e3o sobem, as empresas tendem a reajustar o valor de seus produtos e servi\u00e7os para manter a lucratividade. Esse movimento, se generalizado, contribui para o aumento da infla\u00e7\u00e3o, diminuindo o poder de compra da popula\u00e7\u00e3o.<\/p>\n\n\n\n<p>A l\u00f3gica \u00e9 simples: um restaurante que precisa contratar mais um gar\u00e7om ou pagar mais horas extras para manter o atendimento no domingo pode aumentar o pre\u00e7o dos pratos em seu card\u00e1pio. Da mesma forma, uma loja em um shopping pode embutir o custo extra no valor das mercadorias vendidas.<\/p>\n\n\n\n<p>Por outro lado, defensores da medida argumentam que a mudan\u00e7a pode trazer benef\u00edcios indiretos \u00e0 economia. Trabalhadores com mais tempo livre tendem a consumir mais em lazer, cultura e turismo, aquecendo outras partes do mercado. Al\u00e9m disso, a melhoria na qualidade de vida pode resultar em <a target=\"_blank\" rel=\"noreferrer noopener\" href=\"https:\/\/www.correiobraziliense.com.br\/economia\/2026\/01\/7337534-fim-da-escala-6x1-deve-elevar-produtividade-defende-boulos.html\">maior produtividade<\/a> e menor \u00edndice de afastamentos por motivos de sa\u00fade.<\/p>\n\n\n\n<p>A <a target=\"_blank\" rel=\"noreferrer noopener\" href=\"https:\/\/www.correiobraziliense.com.br\/politica\/2026\/06\/7433801-fim-da-escala-6x1-veja-o-que-muda-para-trabalhadores.html\">Proposta de Emenda \u00e0 Constitui\u00e7\u00e3o (PEC)<\/a> ainda precisa tramitar por comiss\u00f5es e ser votada nos plen\u00e1rios da C\u00e2mara e do Senado. O desafio dos parlamentares ser\u00e1 encontrar um equil\u00edbrio entre a demanda por melhores condi\u00e7\u00f5es de trabalho e a necessidade de preservar a sa\u00fade financeira das empresas e controlar a infla\u00e7\u00e3o.<\/p>\n","protected":false},"excerpt":{"rendered":"<p>Mudan\u00e7a na jornada de trabalho gera debates sobre custos produtivos, folha de pagamento das empresas e poss\u00edveis reflexos nos pre\u00e7os ao consumidor<\/p>\n","protected":false},"author":10,"featured_media":26932,"comment_status":"open","ping_status":"open","sticky":false,"template":"","format":"standard","meta":{"jnews-multi-image_gallery":[],"jnews_single_post":{"format":"standard"},"jnews_primary_category":[],"jnews_social_meta":[],"jnews_override_counter":[],"footnotes":""},"categories":[1512],"tags":[157,473,12357],"class_list":["post-38505","post","type-post","status-publish","format-standard","has-post-thumbnail","hentry","category-economia","tag-brasil","tag-economia","tag-fim-da-escala-6x1"],"yoast_head":"<!-- This site is optimized with the Yoast SEO plugin v25.1 - https:\/\/yoast.com\/wordpress\/plugins\/seo\/ -->\n<title>Fim da escala 6x1: entenda os impactos econ\u00f4micos - Correio Braziliense - Aqui<\/title>\n<meta name=\"description\" content=\"Fim da escala 6x1 gera debates sobre custos produtivos, folha de pagamento das empresas e poss\u00edveis reflexos nos pre\u00e7os ao consumidor\" \/>\n<meta name=\"robots\" content=\"index, follow, max-snippet:-1, max-image-preview:large, max-video-preview:-1\" \/>\n<link rel=\"canonical\" href=\"https:\/\/www.correiobraziliense.com.br\/aqui\/2026\/09\/03\/fim-da-escala-6x1-entenda-os-impactos-economicos-2\/\" \/>\n<meta property=\"og:locale\" content=\"pt_BR\" \/>\n<meta property=\"og:type\" content=\"article\" \/>\n<meta property=\"og:title\" content=\"Fim da escala 6x1: entenda os impactos econ\u00f4micos - Correio Braziliense - Aqui\" \/>\n<meta property=\"og:description\" content=\"Fim da escala 6x1 gera debates sobre custos produtivos, folha de pagamento das empresas e poss\u00edveis reflexos nos pre\u00e7os ao consumidor\" \/>\n<meta property=\"og:url\" content=\"https:\/\/www.correiobraziliense.com.br\/aqui\/2026\/09\/03\/fim-da-escala-6x1-entenda-os-impactos-economicos-2\/\" \/>\n<meta property=\"og:site_name\" content=\"Correio Braziliense - Aqui\" \/>\n<meta property=\"article:published_time\" content=\"2026-09-03T14:50:00+00:00\" \/>\n<meta property=\"og:image\" content=\"https:\/\/www.correiobraziliense.com.br\/aqui\/wp-content\/uploads\/2026\/04\/trabalhador_1776087264986.jpg\" \/>\n\t<meta property=\"og:image:width\" content=\"1280\" \/>\n\t<meta property=\"og:image:height\" content=\"720\" \/>\n\t<meta property=\"og:image:type\" content=\"image\/jpeg\" \/>\n<meta name=\"author\" content=\"Larissa\" \/>\n<meta name=\"twitter:card\" content=\"summary_large_image\" \/>\n<meta name=\"twitter:label1\" content=\"Escrito por\" \/>\n\t<meta name=\"twitter:data1\" content=\"Larissa\" \/>\n\t<meta name=\"twitter:label2\" content=\"Est. tempo de leitura\" \/>\n\t<meta name=\"twitter:data2\" content=\"3 minutos\" \/>\n<!-- \/ Yoast SEO plugin. -->","yoast_head_json":{"title":"Fim da escala 6x1: entenda os impactos econ\u00f4micos - Correio Braziliense - Aqui","description":"Fim da escala 6x1 gera debates sobre custos produtivos, folha de pagamento das empresas e poss\u00edveis reflexos nos pre\u00e7os ao consumidor","robots":{"index":"index","follow":"follow","max-snippet":"max-snippet:-1","max-image-preview":"max-image-preview:large","max-video-preview":"max-video-preview:-1"},"canonical":"https:\/\/www.correiobraziliense.com.br\/aqui\/2026\/09\/03\/fim-da-escala-6x1-entenda-os-impactos-economicos-2\/","og_locale":"pt_BR","og_type":"article","og_title":"Fim da escala 6x1: entenda os impactos econ\u00f4micos - Correio Braziliense - Aqui","og_description":"Fim da escala 6x1 gera debates sobre custos produtivos, folha de pagamento das empresas e poss\u00edveis reflexos nos pre\u00e7os ao consumidor","og_url":"https:\/\/www.correiobraziliense.com.br\/aqui\/2026\/09\/03\/fim-da-escala-6x1-entenda-os-impactos-economicos-2\/","og_site_name":"Correio Braziliense - Aqui","article_published_time":"2026-09-03T14:50:00+00:00","og_image":[{"width":1280,"height":720,"url":"https:\/\/www.correiobraziliense.com.br\/aqui\/wp-content\/uploads\/2026\/04\/trabalhador_1776087264986.jpg","type":"image\/jpeg"}],"author":"Larissa","twitter_card":"summary_large_image","twitter_misc":{"Escrito por":"Larissa","Est. tempo de leitura":"3 minutos"},"schema":{"@context":"https:\/\/schema.org","@graph":[{"@type":"WebPage","@id":"https:\/\/www.correiobraziliense.com.br\/aqui\/2026\/09\/03\/fim-da-escala-6x1-entenda-os-impactos-economicos-2\/","url":"https:\/\/www.correiobraziliense.com.br\/aqui\/2026\/09\/03\/fim-da-escala-6x1-entenda-os-impactos-economicos-2\/","name":"Fim da escala 6x1: entenda os impactos econ\u00f4micos - Correio Braziliense - Aqui","isPartOf":{"@id":"https:\/\/www.correiobraziliense.com.br\/aqui\/#website"},"primaryImageOfPage":{"@id":"https:\/\/www.correiobraziliense.com.br\/aqui\/2026\/09\/03\/fim-da-escala-6x1-entenda-os-impactos-economicos-2\/#primaryimage"},"image":{"@id":"https:\/\/www.correiobraziliense.com.br\/aqui\/2026\/09\/03\/fim-da-escala-6x1-entenda-os-impactos-economicos-2\/#primaryimage"},"thumbnailUrl":"https:\/\/www.correiobraziliense.com.br\/aqui\/wp-content\/uploads\/2026\/04\/trabalhador_1776087264986.jpg","datePublished":"2026-09-03T14:50:00+00:00","author":{"@id":"https:\/\/www.correiobraziliense.com.br\/aqui\/#\/schema\/person\/775f50a8c1ac31704d56816e99b29041"},"description":"Fim da escala 6x1 gera debates sobre custos produtivos, folha de pagamento das empresas e poss\u00edveis reflexos nos pre\u00e7os ao consumidor","breadcrumb":{"@id":"https:\/\/www.correiobraziliense.com.br\/aqui\/2026\/09\/03\/fim-da-escala-6x1-entenda-os-impactos-economicos-2\/#breadcrumb"},"inLanguage":"pt-BR","potentialAction":[{"@type":"ReadAction","target":["https:\/\/www.correiobraziliense.com.br\/aqui\/2026\/09\/03\/fim-da-escala-6x1-entenda-os-impactos-economicos-2\/"]}]},{"@type":"ImageObject","inLanguage":"pt-BR","@id":"https:\/\/www.correiobraziliense.com.br\/aqui\/2026\/09\/03\/fim-da-escala-6x1-entenda-os-impactos-economicos-2\/#primaryimage","url":"https:\/\/www.correiobraziliense.com.br\/aqui\/wp-content\/uploads\/2026\/04\/trabalhador_1776087264986.jpg","contentUrl":"https:\/\/www.correiobraziliense.com.br\/aqui\/wp-content\/uploads\/2026\/04\/trabalhador_1776087264986.jpg","width":1280,"height":720,"caption":"Cr\u00e9ditos: depositphotos.com \/ akarelias"},{"@type":"BreadcrumbList","@id":"https:\/\/www.correiobraziliense.com.br\/aqui\/2026\/09\/03\/fim-da-escala-6x1-entenda-os-impactos-economicos-2\/#breadcrumb","itemListElement":[{"@type":"ListItem","position":1,"name":"In\u00edcio","item":"https:\/\/www.correiobraziliense.com.br\/aqui\/"},{"@type":"ListItem","position":2,"name":"Fim da escala 6&#215;1: entenda os impactos econ\u00f4micos"}]},{"@type":"WebSite","@id":"https:\/\/www.correiobraziliense.com.br\/aqui\/#website","url":"https:\/\/www.correiobraziliense.com.br\/aqui\/","name":"Correio Braziliense - Aqui","description":"O Correio Braziliense (CB) \u00e9 o mais importante canal de not\u00edcias de Bras\u00edlia. Aqui voc\u00ea encontra as \u00faltimas not\u00edcias do DF, do Brasil e do mundo.","potentialAction":[{"@type":"SearchAction","target":{"@type":"EntryPoint","urlTemplate":"https:\/\/www.correiobraziliense.com.br\/aqui\/?s={search_term_string}"},"query-input":{"@type":"PropertyValueSpecification","valueRequired":true,"valueName":"search_term_string"}}],"inLanguage":"pt-BR"},{"@type":"Person","@id":"https:\/\/www.correiobraziliense.com.br\/aqui\/#\/schema\/person\/775f50a8c1ac31704d56816e99b29041","name":"Larissa","image":{"@type":"ImageObject","inLanguage":"pt-BR","@id":"https:\/\/www.correiobraziliense.com.br\/aqui\/#\/schema\/person\/image\/","url":"https:\/\/secure.gravatar.com\/avatar\/62f5b2e99de671d075ab98e19f03c3c38c80a93f5d06f51075cf4431a4e76458?s=96&d=mm&r=g","contentUrl":"https:\/\/secure.gravatar.com\/avatar\/62f5b2e99de671d075ab98e19f03c3c38c80a93f5d06f51075cf4431a4e76458?s=96&d=mm&r=g","caption":"Larissa"},"url":"https:\/\/www.correiobraziliense.com.br\/aqui\/author\/larissaaqui\/"}]}},"_links":{"self":[{"href":"https:\/\/www.correiobraziliense.com.br\/aqui\/wp-json\/wp\/v2\/posts\/38505","targetHints":{"allow":["GET"]}}],"collection":[{"href":"https:\/\/www.correiobraziliense.com.br\/aqui\/wp-json\/wp\/v2\/posts"}],"about":[{"href":"https:\/\/www.correiobraziliense.com.br\/aqui\/wp-json\/wp\/v2\/types\/post"}],"author":[{"embeddable":true,"href":"https:\/\/www.correiobraziliense.com.br\/aqui\/wp-json\/wp\/v2\/users\/10"}],"replies":[{"embeddable":true,"href":"https:\/\/www.correiobraziliense.com.br\/aqui\/wp-json\/wp\/v2\/comments?post=38505"}],"version-history":[{"count":5,"href":"https:\/\/www.correiobraziliense.com.br\/aqui\/wp-json\/wp\/v2\/posts\/38505\/revisions"}],"predecessor-version":[{"id":38510,"href":"https:\/\/www.correiobraziliense.com.br\/aqui\/wp-json\/wp\/v2\/posts\/38505\/revisions\/38510"}],"wp:featuredmedia":[{"embeddable":true,"href":"https:\/\/www.correiobraziliense.com.br\/aqui\/wp-json\/wp\/v2\/media\/26932"}],"wp:attachment":[{"href":"https:\/\/www.correiobraziliense.com.br\/aqui\/wp-json\/wp\/v2\/media?parent=38505"}],"wp:term":[{"taxonomy":"category","embeddable":true,"href":"https:\/\/www.correiobraziliense.com.br\/aqui\/wp-json\/wp\/v2\/categories?post=38505"},{"taxonomy":"post_tag","embeddable":true,"href":"https:\/\/www.correiobraziliense.com.br\/aqui\/wp-json\/wp\/v2\/tags?post=38505"}],"curies":[{"name":"wp","href":"https:\/\/api.w.org\/{rel}","templated":true}]}}