{"id":38511,"date":"2026-09-03T12:12:00","date_gmt":"2026-09-03T15:12:00","guid":{"rendered":"https:\/\/www.correiobraziliense.com.br\/aqui\/?p=38511"},"modified":"2026-09-03T11:23:29","modified_gmt":"2026-09-03T14:23:29","slug":"como-o-virus-da-catapora-exige-vacina-contra-herpes-zoster","status":"publish","type":"post","link":"https:\/\/www.correiobraziliense.com.br\/aqui\/2026\/09\/03\/como-o-virus-da-catapora-exige-vacina-contra-herpes-zoster\/","title":{"rendered":"Como o v\u00edrus da catapora exige vacina contra herpes zoster"},"content":{"rendered":"\n<p>A recente aprova\u00e7\u00e3o no Senado de um projeto para incluir a vacina contra o herpes zoster no SUS coloca em destaque uma d\u00favida comum: qual a rela\u00e7\u00e3o da doen\u00e7a com a catapora? A resposta est\u00e1 em um \u00fanico agente, o v\u00edrus Varicela-Z\u00f3ster, que permanece no corpo por toda a vida ap\u00f3s a primeira infec\u00e7\u00e3o, geralmente na inf\u00e2ncia.<\/p>\n\n\n\n<p>Depois que uma pessoa se cura da catapora, o sistema imunol\u00f3gico n\u00e3o elimina completamente o v\u00edrus. Em vez disso, ele se aloja de forma inativa, ou latente, nos g\u00e2nglios nervosos, que s\u00e3o agrupamentos de c\u00e9lulas nervosas localizados pr\u00f3ximos \u00e0 medula espinhal e ao c\u00e9rebro. L\u00e1, ele pode permanecer silencioso por d\u00e9cadas.<\/p>\n\n\n\n<p>O problema surge quando a imunidade do corpo diminui. Essa queda nas defesas, comum com o avan\u00e7o da idade, especialmente a partir dos 50 anos, ou em pessoas com o sistema imunol\u00f3gico comprometido, cria uma oportunidade para o v\u00edrus &#8220;acordar&#8221;.<\/p>\n\n\n\n<h2 class=\"wp-block-heading\">A reativa\u00e7\u00e3o do v\u00edrus no corpo<\/h2>\n\n\n\n<p>Ao se reativar, o Varicela-Z\u00f3ster viaja pelos nervos at\u00e9 atingir a pele. O resultado \u00e9 o <a href=\"https:\/\/www.correiobraziliense.com.br\/cidades-df\/2025\/04\/7111805-saiba-quais-sao-os-perigos-do-herpes-zoster-e-as-formas-de-prevencao.html\" target=\"_blank\" rel=\"noreferrer noopener\">herpes zoster, popularmente conhecido como cobreiro<\/a>. A doen\u00e7a se manifesta com les\u00f5es e bolhas dolorosas, que geralmente aparecem em uma faixa em apenas um lado do corpo, seguindo o trajeto do nervo afetado.<\/p>\n\n\n\n<p>A dor intensa, descrita como queima\u00e7\u00e3o ou pontadas, \u00e9 um dos principais sintomas e pode persistir por meses ou at\u00e9 anos ap\u00f3s o desaparecimento das les\u00f5es, uma complica\u00e7\u00e3o chamada neuralgia p\u00f3s-herp\u00e9tica.<\/p>\n\n\n\n<h2 class=\"wp-block-heading\">A import\u00e2ncia da imuniza\u00e7\u00e3o<\/h2>\n\n\n\n<p>A <a href=\"https:\/\/www.correiobraziliense.com.br\/ciencia-e-saude\/2026\/01\/7336194-vacina-contra-herpes-zoster-pode-retardar-envelhecimento.html\" target=\"_blank\" rel=\"noreferrer noopener\">vacina contra o herpes zoster<\/a> funciona como um refor\u00e7o para o sistema imunol\u00f3gico. Ela estimula a produ\u00e7\u00e3o de defesas espec\u00edficas contra o v\u00edrus Varicela-Z\u00f3ster, mantendo a imunidade em n\u00edveis altos o suficiente para impedir que o agente adormecido se reative. Geralmente administrada em um esquema de duas doses, sua efic\u00e1cia \u00e9 alta na preven\u00e7\u00e3o da doen\u00e7a e de suas complica\u00e7\u00f5es.<\/p>\n\n\n\n<p>Com a aprova\u00e7\u00e3o do Projeto de Lei 4.426\/2025 na Comiss\u00e3o de Assuntos Sociais (CAS) do Senado, em 1\u00ba de setembro de 2026, a <a href=\"https:\/\/www.correiobraziliense.com.br\/brasil\/2026\/01\/7332027-governo-barra-incorporacao-da-vacina-contra-herpes-zoster-no-sus.html\" target=\"_blank\" rel=\"noreferrer noopener\">vacina contra o herpes zoster no SUS<\/a> para pessoas a partir de 50 anos e para maiores de 18 anos com imunossupress\u00e3o. O texto, no entanto, ainda precisa passar por turno suplementar na comiss\u00e3o antes de seguir sua tramita\u00e7\u00e3o. A medida \u00e9 fundamental para prevenir n\u00e3o apenas as les\u00f5es de pele, mas principalmente as complica\u00e7\u00f5es dolorosas e incapacitantes associadas \u00e0 doen\u00e7a.<\/p>\n","protected":false},"excerpt":{"rendered":"<p>Explica\u00e7\u00e3o biol\u00f3gica ideal para estudantes sobre o v\u00edrus Varicela-Z\u00f3ster; a dorm\u00eancia nos g\u00e2nglios e o mecanismo de a\u00e7\u00e3o da imuniza\u00e7\u00e3o<\/p>\n","protected":false},"author":10,"featured_media":38515,"comment_status":"open","ping_status":"open","sticky":false,"template":"","format":"standard","meta":{"jnews-multi-image_gallery":[],"jnews_single_post":{"format":"standard"},"jnews_primary_category":[],"jnews_social_meta":[],"jnews_override_counter":[],"footnotes":""},"categories":[123],"tags":[7755,6117,141],"class_list":["post-38511","post","type-post","status-publish","format-standard","has-post-thumbnail","hentry","category-saude","tag-catapora","tag-herpes-zoster","tag-saude"],"yoast_head":"<!-- This site is optimized with the Yoast SEO plugin v25.1 - https:\/\/yoast.com\/wordpress\/plugins\/seo\/ -->\n<title>Como o v\u00edrus da catapora exige vacina contra herpes zoster - Correio Braziliense - Aqui<\/title>\n<meta name=\"description\" content=\"Herpes zoster: explica\u00e7\u00e3o biol\u00f3gica ideal sobre o v\u00edrus Varicela-Z\u00f3ster, a dorm\u00eancia nos g\u00e2nglios e o mecanismo de a\u00e7\u00e3o da imuniza\u00e7\u00e3o\" \/>\n<meta name=\"robots\" content=\"index, follow, max-snippet:-1, max-image-preview:large, max-video-preview:-1\" \/>\n<link rel=\"canonical\" href=\"https:\/\/www.correiobraziliense.com.br\/aqui\/2026\/09\/03\/como-o-virus-da-catapora-exige-vacina-contra-herpes-zoster\/\" \/>\n<meta property=\"og:locale\" content=\"pt_BR\" \/>\n<meta property=\"og:type\" content=\"article\" \/>\n<meta property=\"og:title\" content=\"Como o v\u00edrus da catapora exige vacina contra herpes zoster - Correio Braziliense - Aqui\" \/>\n<meta property=\"og:description\" content=\"Herpes zoster: explica\u00e7\u00e3o biol\u00f3gica ideal sobre o v\u00edrus Varicela-Z\u00f3ster, a dorm\u00eancia nos g\u00e2nglios e o mecanismo de a\u00e7\u00e3o da imuniza\u00e7\u00e3o\" \/>\n<meta property=\"og:url\" content=\"https:\/\/www.correiobraziliense.com.br\/aqui\/2026\/09\/03\/como-o-virus-da-catapora-exige-vacina-contra-herpes-zoster\/\" \/>\n<meta property=\"og:site_name\" content=\"Correio Braziliense - Aqui\" \/>\n<meta property=\"article:published_time\" content=\"2026-09-03T15:12:00+00:00\" \/>\n<meta property=\"og:image\" content=\"https:\/\/www.correiobraziliense.com.br\/aqui\/wp-content\/uploads\/2026\/09\/Ccatapora_1788444176727.jpg\" \/>\n\t<meta property=\"og:image:width\" content=\"1280\" \/>\n\t<meta property=\"og:image:height\" content=\"720\" \/>\n\t<meta property=\"og:image:type\" content=\"image\/jpeg\" \/>\n<meta name=\"author\" content=\"Larissa\" \/>\n<meta name=\"twitter:card\" content=\"summary_large_image\" \/>\n<meta name=\"twitter:label1\" content=\"Escrito por\" \/>\n\t<meta name=\"twitter:data1\" content=\"Larissa\" \/>\n\t<meta name=\"twitter:label2\" content=\"Est. tempo de leitura\" \/>\n\t<meta name=\"twitter:data2\" content=\"3 minutos\" \/>\n<!-- \/ Yoast SEO plugin. -->","yoast_head_json":{"title":"Como o v\u00edrus da catapora exige vacina contra herpes zoster - Correio Braziliense - Aqui","description":"Herpes zoster: explica\u00e7\u00e3o biol\u00f3gica ideal sobre o v\u00edrus Varicela-Z\u00f3ster, a dorm\u00eancia nos g\u00e2nglios e o mecanismo de a\u00e7\u00e3o da imuniza\u00e7\u00e3o","robots":{"index":"index","follow":"follow","max-snippet":"max-snippet:-1","max-image-preview":"max-image-preview:large","max-video-preview":"max-video-preview:-1"},"canonical":"https:\/\/www.correiobraziliense.com.br\/aqui\/2026\/09\/03\/como-o-virus-da-catapora-exige-vacina-contra-herpes-zoster\/","og_locale":"pt_BR","og_type":"article","og_title":"Como o v\u00edrus da catapora exige vacina contra herpes zoster - Correio Braziliense - Aqui","og_description":"Herpes zoster: explica\u00e7\u00e3o biol\u00f3gica ideal sobre o v\u00edrus Varicela-Z\u00f3ster, a dorm\u00eancia nos g\u00e2nglios e o mecanismo de a\u00e7\u00e3o da imuniza\u00e7\u00e3o","og_url":"https:\/\/www.correiobraziliense.com.br\/aqui\/2026\/09\/03\/como-o-virus-da-catapora-exige-vacina-contra-herpes-zoster\/","og_site_name":"Correio Braziliense - Aqui","article_published_time":"2026-09-03T15:12:00+00:00","og_image":[{"width":1280,"height":720,"url":"https:\/\/www.correiobraziliense.com.br\/aqui\/wp-content\/uploads\/2026\/09\/Ccatapora_1788444176727.jpg","type":"image\/jpeg"}],"author":"Larissa","twitter_card":"summary_large_image","twitter_misc":{"Escrito por":"Larissa","Est. tempo de leitura":"3 minutos"},"schema":{"@context":"https:\/\/schema.org","@graph":[{"@type":"WebPage","@id":"https:\/\/www.correiobraziliense.com.br\/aqui\/2026\/09\/03\/como-o-virus-da-catapora-exige-vacina-contra-herpes-zoster\/","url":"https:\/\/www.correiobraziliense.com.br\/aqui\/2026\/09\/03\/como-o-virus-da-catapora-exige-vacina-contra-herpes-zoster\/","name":"Como o v\u00edrus da catapora exige vacina contra herpes zoster - Correio Braziliense - Aqui","isPartOf":{"@id":"https:\/\/www.correiobraziliense.com.br\/aqui\/#website"},"primaryImageOfPage":{"@id":"https:\/\/www.correiobraziliense.com.br\/aqui\/2026\/09\/03\/como-o-virus-da-catapora-exige-vacina-contra-herpes-zoster\/#primaryimage"},"image":{"@id":"https:\/\/www.correiobraziliense.com.br\/aqui\/2026\/09\/03\/como-o-virus-da-catapora-exige-vacina-contra-herpes-zoster\/#primaryimage"},"thumbnailUrl":"https:\/\/www.correiobraziliense.com.br\/aqui\/wp-content\/uploads\/2026\/09\/Ccatapora_1788444176727.jpg","datePublished":"2026-09-03T15:12:00+00:00","author":{"@id":"https:\/\/www.correiobraziliense.com.br\/aqui\/#\/schema\/person\/775f50a8c1ac31704d56816e99b29041"},"description":"Herpes zoster: explica\u00e7\u00e3o biol\u00f3gica ideal sobre o v\u00edrus Varicela-Z\u00f3ster, a dorm\u00eancia nos g\u00e2nglios e o mecanismo de a\u00e7\u00e3o da imuniza\u00e7\u00e3o","breadcrumb":{"@id":"https:\/\/www.correiobraziliense.com.br\/aqui\/2026\/09\/03\/como-o-virus-da-catapora-exige-vacina-contra-herpes-zoster\/#breadcrumb"},"inLanguage":"pt-BR","potentialAction":[{"@type":"ReadAction","target":["https:\/\/www.correiobraziliense.com.br\/aqui\/2026\/09\/03\/como-o-virus-da-catapora-exige-vacina-contra-herpes-zoster\/"]}]},{"@type":"ImageObject","inLanguage":"pt-BR","@id":"https:\/\/www.correiobraziliense.com.br\/aqui\/2026\/09\/03\/como-o-virus-da-catapora-exige-vacina-contra-herpes-zoster\/#primaryimage","url":"https:\/\/www.correiobraziliense.com.br\/aqui\/wp-content\/uploads\/2026\/09\/Ccatapora_1788444176727.jpg","contentUrl":"https:\/\/www.correiobraziliense.com.br\/aqui\/wp-content\/uploads\/2026\/09\/Ccatapora_1788444176727.jpg","width":1280,"height":720,"caption":"Cr\u00e9ditos: depositphotos.com \/ benedamiroslav"},{"@type":"BreadcrumbList","@id":"https:\/\/www.correiobraziliense.com.br\/aqui\/2026\/09\/03\/como-o-virus-da-catapora-exige-vacina-contra-herpes-zoster\/#breadcrumb","itemListElement":[{"@type":"ListItem","position":1,"name":"In\u00edcio","item":"https:\/\/www.correiobraziliense.com.br\/aqui\/"},{"@type":"ListItem","position":2,"name":"Como o v\u00edrus da catapora exige vacina contra herpes zoster"}]},{"@type":"WebSite","@id":"https:\/\/www.correiobraziliense.com.br\/aqui\/#website","url":"https:\/\/www.correiobraziliense.com.br\/aqui\/","name":"Correio Braziliense - Aqui","description":"O Correio Braziliense (CB) \u00e9 o mais importante canal de not\u00edcias de Bras\u00edlia. Aqui voc\u00ea encontra as \u00faltimas not\u00edcias do DF, do Brasil e do mundo.","potentialAction":[{"@type":"SearchAction","target":{"@type":"EntryPoint","urlTemplate":"https:\/\/www.correiobraziliense.com.br\/aqui\/?s={search_term_string}"},"query-input":{"@type":"PropertyValueSpecification","valueRequired":true,"valueName":"search_term_string"}}],"inLanguage":"pt-BR"},{"@type":"Person","@id":"https:\/\/www.correiobraziliense.com.br\/aqui\/#\/schema\/person\/775f50a8c1ac31704d56816e99b29041","name":"Larissa","image":{"@type":"ImageObject","inLanguage":"pt-BR","@id":"https:\/\/www.correiobraziliense.com.br\/aqui\/#\/schema\/person\/image\/","url":"https:\/\/secure.gravatar.com\/avatar\/62f5b2e99de671d075ab98e19f03c3c38c80a93f5d06f51075cf4431a4e76458?s=96&d=mm&r=g","contentUrl":"https:\/\/secure.gravatar.com\/avatar\/62f5b2e99de671d075ab98e19f03c3c38c80a93f5d06f51075cf4431a4e76458?s=96&d=mm&r=g","caption":"Larissa"},"url":"https:\/\/www.correiobraziliense.com.br\/aqui\/author\/larissaaqui\/"}]}},"_links":{"self":[{"href":"https:\/\/www.correiobraziliense.com.br\/aqui\/wp-json\/wp\/v2\/posts\/38511","targetHints":{"allow":["GET"]}}],"collection":[{"href":"https:\/\/www.correiobraziliense.com.br\/aqui\/wp-json\/wp\/v2\/posts"}],"about":[{"href":"https:\/\/www.correiobraziliense.com.br\/aqui\/wp-json\/wp\/v2\/types\/post"}],"author":[{"embeddable":true,"href":"https:\/\/www.correiobraziliense.com.br\/aqui\/wp-json\/wp\/v2\/users\/10"}],"replies":[{"embeddable":true,"href":"https:\/\/www.correiobraziliense.com.br\/aqui\/wp-json\/wp\/v2\/comments?post=38511"}],"version-history":[{"count":4,"href":"https:\/\/www.correiobraziliense.com.br\/aqui\/wp-json\/wp\/v2\/posts\/38511\/revisions"}],"predecessor-version":[{"id":38516,"href":"https:\/\/www.correiobraziliense.com.br\/aqui\/wp-json\/wp\/v2\/posts\/38511\/revisions\/38516"}],"wp:featuredmedia":[{"embeddable":true,"href":"https:\/\/www.correiobraziliense.com.br\/aqui\/wp-json\/wp\/v2\/media\/38515"}],"wp:attachment":[{"href":"https:\/\/www.correiobraziliense.com.br\/aqui\/wp-json\/wp\/v2\/media?parent=38511"}],"wp:term":[{"taxonomy":"category","embeddable":true,"href":"https:\/\/www.correiobraziliense.com.br\/aqui\/wp-json\/wp\/v2\/categories?post=38511"},{"taxonomy":"post_tag","embeddable":true,"href":"https:\/\/www.correiobraziliense.com.br\/aqui\/wp-json\/wp\/v2\/tags?post=38511"}],"curies":[{"name":"wp","href":"https:\/\/api.w.org\/{rel}","templated":true}]}}