{"id":38522,"date":"2026-09-05T11:00:00","date_gmt":"2026-09-05T14:00:00","guid":{"rendered":"https:\/\/www.correiobraziliense.com.br\/aqui\/?p=38522"},"modified":"2026-09-03T11:21:12","modified_gmt":"2026-09-03T14:21:12","slug":"viagens-curtas-ganham-forca-e-aquecem-turismo-no-brasil","status":"publish","type":"post","link":"https:\/\/www.correiobraziliense.com.br\/aqui\/2026\/09\/05\/viagens-curtas-ganham-forca-e-aquecem-turismo-no-brasil\/","title":{"rendered":"Viagens curtas ganham for\u00e7a e aquecem turismo no Brasil"},"content":{"rendered":"\n<p>A busca por pausas r\u00e1pidas e acess\u00edveis na rotina tem impulsionado o turismo de proximidade no Brasil. Cada vez mais pessoas optam por viagens curtas de fim de semana para destinos localizados a poucas horas de carro dos grandes centros urbanos, valorizando o descanso sem a necessidade de um planejamento complexo ou de grandes investimentos.<\/p>\n\n\n\n<p>Essa tend\u00eancia fortalece a economia de cidades menores, que se tornam as protagonistas desses roteiros. O movimento aquece o setor hoteleiro, restaurantes e o com\u00e9rcio local, gerando renda e movimentando destinos que antes dependiam apenas de feriados prolongados para atrair visitantes.<\/p>\n\n\n\n<p>Com o aumento da procura, alguns perfis de destinos se destacam como os preferidos para quem deseja aproveitar ao m\u00e1ximo uma escapada r\u00e1pida. A escolha geralmente varia conforme a proximidade e o tipo de experi\u00eancia que o viajante procura, desde tranquilidade em meio \u00e0 natureza at\u00e9 agito cultural.<\/p>\n\n\n\n<h2 class=\"wp-block-heading\">Destinos em alta para viagens curtas<\/h2>\n\n\n\n<p><strong>Cidades serranas:<\/strong> locais como <a href=\"https:\/\/www.correiobraziliense.com.br\/aqui\/2025\/07\/15\/campos-do-jordao-atracoes-da-cidade-mais-alta-do-brasil\/\">Campos do Jord\u00e3o<\/a> (SP), Monte Verde (MG) e Petr\u00f3polis (RJ) atraem pelo clima ameno, pela gastronomia e pelas paisagens montanhosas. S\u00e3o ideais para quem busca um ambiente rom\u00e2ntico ou simplesmente um ref\u00fagio do calor e da agita\u00e7\u00e3o das metr\u00f3poles.<\/p>\n\n\n\n<p><strong>Litoral pr\u00f3ximo:<\/strong> para quem n\u00e3o abre m\u00e3o do mar, praias de f\u00e1cil acesso se tornam a op\u00e7\u00e3o perfeita. Destinos como Ubatuba e Guaruj\u00e1, no litoral paulista, ou B\u00fazios e Arraial do Cabo, na Regi\u00e3o dos Lagos fluminense, registram alta ocupa\u00e7\u00e3o hoteleira nesses per\u00edodos.<\/p>\n\n\n\n<p><strong>Turismo rural e de aventura:<\/strong> o interior tamb\u00e9m ganha for\u00e7a com cidades como Brotas (SP), conhecida pelos esportes radicais, e Holambra (SP), famosa por seus campos de flores. O contato com a natureza e a tranquilidade da vida no campo s\u00e3o os principais atrativos para fam\u00edlias e casais.<\/p>\n\n\n\n<p><strong>Passeios hist\u00f3ricos:<\/strong> cidades como Tiradentes (MG), Paraty (RJ) e Embu das Artes (SP) oferecem uma imers\u00e3o na cultura e na hist\u00f3ria do Brasil. Suas ruas de pedra, casar\u00f5es coloniais e feiras de artesanato criam o cen\u00e1rio ideal para um fim de semana culturalmente rico e relaxante.<\/p>\n\n\n\n<p>O fortalecimento do turismo de curta dist\u00e2ncia mostra uma mudan\u00e7a no comportamento do viajante, que agora valoriza experi\u00eancias mais frequentes e diversificadas ao longo do ano, consolidando esses destinos como op\u00e7\u00f5es populares para al\u00e9m das f\u00e9rias tradicionais.<\/p>\n","protected":false},"excerpt":{"rendered":"<p>Busca por descanso e praticidade estimula escapadas de fim de semana, fortalecendo a economia de cidades pr\u00f3ximas aos grandes centros. Veja os destinos mais procurados.<\/p>\n","protected":false},"author":10,"featured_media":37885,"comment_status":"open","ping_status":"open","sticky":false,"template":"","format":"standard","meta":{"jnews-multi-image_gallery":[],"jnews_single_post":{"format":"standard"},"jnews_primary_category":[],"jnews_social_meta":[],"jnews_override_counter":[],"footnotes":""},"categories":[148],"tags":[157,146],"class_list":["post-38522","post","type-post","status-publish","format-standard","has-post-thumbnail","hentry","category-turismo","tag-brasil","tag-turismo"],"yoast_head":"<!-- This site is optimized with the Yoast SEO plugin v25.1 - https:\/\/yoast.com\/wordpress\/plugins\/seo\/ -->\n<title>Viagens curtas ganham for\u00e7a e aquecem turismo no Brasil - Correio Braziliense - Aqui<\/title>\n<meta name=\"description\" content=\"Busca por descanso em viagens curtas e escapadas de fim de semana fortalecem a economia de cidades pr\u00f3ximas aos grandes centros.\" \/>\n<meta name=\"robots\" content=\"index, follow, max-snippet:-1, max-image-preview:large, max-video-preview:-1\" \/>\n<link rel=\"canonical\" href=\"https:\/\/www.correiobraziliense.com.br\/aqui\/2026\/09\/05\/viagens-curtas-ganham-forca-e-aquecem-turismo-no-brasil\/\" \/>\n<meta property=\"og:locale\" content=\"pt_BR\" \/>\n<meta property=\"og:type\" content=\"article\" \/>\n<meta property=\"og:title\" content=\"Viagens curtas ganham for\u00e7a e aquecem turismo no Brasil - Correio Braziliense - Aqui\" \/>\n<meta property=\"og:description\" content=\"Busca por descanso em viagens curtas e escapadas de fim de semana fortalecem a economia de cidades pr\u00f3ximas aos grandes centros.\" \/>\n<meta property=\"og:url\" content=\"https:\/\/www.correiobraziliense.com.br\/aqui\/2026\/09\/05\/viagens-curtas-ganham-forca-e-aquecem-turismo-no-brasil\/\" \/>\n<meta property=\"og:site_name\" content=\"Correio Braziliense - Aqui\" \/>\n<meta property=\"article:published_time\" content=\"2026-09-05T14:00:00+00:00\" \/>\n<meta property=\"og:image\" content=\"https:\/\/www.correiobraziliense.com.br\/aqui\/wp-content\/uploads\/2026\/08\/campos-do-jordao_1787750116243.jpg\" \/>\n\t<meta property=\"og:image:width\" content=\"1280\" \/>\n\t<meta property=\"og:image:height\" content=\"720\" \/>\n\t<meta property=\"og:image:type\" content=\"image\/jpeg\" \/>\n<meta name=\"author\" content=\"Larissa\" \/>\n<meta name=\"twitter:card\" content=\"summary_large_image\" \/>\n<meta name=\"twitter:label1\" content=\"Escrito por\" \/>\n\t<meta name=\"twitter:data1\" content=\"Larissa\" \/>\n\t<meta name=\"twitter:label2\" content=\"Est. tempo de leitura\" \/>\n\t<meta name=\"twitter:data2\" content=\"3 minutos\" \/>\n<!-- \/ Yoast SEO plugin. -->","yoast_head_json":{"title":"Viagens curtas ganham for\u00e7a e aquecem turismo no Brasil - Correio Braziliense - Aqui","description":"Busca por descanso em viagens curtas e escapadas de fim de semana fortalecem a economia de cidades pr\u00f3ximas aos grandes centros.","robots":{"index":"index","follow":"follow","max-snippet":"max-snippet:-1","max-image-preview":"max-image-preview:large","max-video-preview":"max-video-preview:-1"},"canonical":"https:\/\/www.correiobraziliense.com.br\/aqui\/2026\/09\/05\/viagens-curtas-ganham-forca-e-aquecem-turismo-no-brasil\/","og_locale":"pt_BR","og_type":"article","og_title":"Viagens curtas ganham for\u00e7a e aquecem turismo no Brasil - Correio Braziliense - Aqui","og_description":"Busca por descanso em viagens curtas e escapadas de fim de semana fortalecem a economia de cidades pr\u00f3ximas aos grandes centros.","og_url":"https:\/\/www.correiobraziliense.com.br\/aqui\/2026\/09\/05\/viagens-curtas-ganham-forca-e-aquecem-turismo-no-brasil\/","og_site_name":"Correio Braziliense - Aqui","article_published_time":"2026-09-05T14:00:00+00:00","og_image":[{"width":1280,"height":720,"url":"https:\/\/www.correiobraziliense.com.br\/aqui\/wp-content\/uploads\/2026\/08\/campos-do-jordao_1787750116243.jpg","type":"image\/jpeg"}],"author":"Larissa","twitter_card":"summary_large_image","twitter_misc":{"Escrito por":"Larissa","Est. tempo de leitura":"3 minutos"},"schema":{"@context":"https:\/\/schema.org","@graph":[{"@type":"WebPage","@id":"https:\/\/www.correiobraziliense.com.br\/aqui\/2026\/09\/05\/viagens-curtas-ganham-forca-e-aquecem-turismo-no-brasil\/","url":"https:\/\/www.correiobraziliense.com.br\/aqui\/2026\/09\/05\/viagens-curtas-ganham-forca-e-aquecem-turismo-no-brasil\/","name":"Viagens curtas ganham for\u00e7a e aquecem turismo no Brasil - Correio Braziliense - Aqui","isPartOf":{"@id":"https:\/\/www.correiobraziliense.com.br\/aqui\/#website"},"primaryImageOfPage":{"@id":"https:\/\/www.correiobraziliense.com.br\/aqui\/2026\/09\/05\/viagens-curtas-ganham-forca-e-aquecem-turismo-no-brasil\/#primaryimage"},"image":{"@id":"https:\/\/www.correiobraziliense.com.br\/aqui\/2026\/09\/05\/viagens-curtas-ganham-forca-e-aquecem-turismo-no-brasil\/#primaryimage"},"thumbnailUrl":"https:\/\/www.correiobraziliense.com.br\/aqui\/wp-content\/uploads\/2026\/08\/campos-do-jordao_1787750116243.jpg","datePublished":"2026-09-05T14:00:00+00:00","author":{"@id":"https:\/\/www.correiobraziliense.com.br\/aqui\/#\/schema\/person\/775f50a8c1ac31704d56816e99b29041"},"description":"Busca por descanso em viagens curtas e escapadas de fim de semana fortalecem a economia de cidades pr\u00f3ximas aos grandes centros.","breadcrumb":{"@id":"https:\/\/www.correiobraziliense.com.br\/aqui\/2026\/09\/05\/viagens-curtas-ganham-forca-e-aquecem-turismo-no-brasil\/#breadcrumb"},"inLanguage":"pt-BR","potentialAction":[{"@type":"ReadAction","target":["https:\/\/www.correiobraziliense.com.br\/aqui\/2026\/09\/05\/viagens-curtas-ganham-forca-e-aquecem-turismo-no-brasil\/"]}]},{"@type":"ImageObject","inLanguage":"pt-BR","@id":"https:\/\/www.correiobraziliense.com.br\/aqui\/2026\/09\/05\/viagens-curtas-ganham-forca-e-aquecem-turismo-no-brasil\/#primaryimage","url":"https:\/\/www.correiobraziliense.com.br\/aqui\/wp-content\/uploads\/2026\/08\/campos-do-jordao_1787750116243.jpg","contentUrl":"https:\/\/www.correiobraziliense.com.br\/aqui\/wp-content\/uploads\/2026\/08\/campos-do-jordao_1787750116243.jpg","width":1280,"height":720,"caption":"Cr\u00e9ditos: depositphotos.com \/ julioricco"},{"@type":"BreadcrumbList","@id":"https:\/\/www.correiobraziliense.com.br\/aqui\/2026\/09\/05\/viagens-curtas-ganham-forca-e-aquecem-turismo-no-brasil\/#breadcrumb","itemListElement":[{"@type":"ListItem","position":1,"name":"In\u00edcio","item":"https:\/\/www.correiobraziliense.com.br\/aqui\/"},{"@type":"ListItem","position":2,"name":"Viagens curtas ganham for\u00e7a e aquecem turismo no Brasil"}]},{"@type":"WebSite","@id":"https:\/\/www.correiobraziliense.com.br\/aqui\/#website","url":"https:\/\/www.correiobraziliense.com.br\/aqui\/","name":"Correio Braziliense - Aqui","description":"O Correio Braziliense (CB) \u00e9 o mais importante canal de not\u00edcias de Bras\u00edlia. Aqui voc\u00ea encontra as \u00faltimas not\u00edcias do DF, do Brasil e do mundo.","potentialAction":[{"@type":"SearchAction","target":{"@type":"EntryPoint","urlTemplate":"https:\/\/www.correiobraziliense.com.br\/aqui\/?s={search_term_string}"},"query-input":{"@type":"PropertyValueSpecification","valueRequired":true,"valueName":"search_term_string"}}],"inLanguage":"pt-BR"},{"@type":"Person","@id":"https:\/\/www.correiobraziliense.com.br\/aqui\/#\/schema\/person\/775f50a8c1ac31704d56816e99b29041","name":"Larissa","image":{"@type":"ImageObject","inLanguage":"pt-BR","@id":"https:\/\/www.correiobraziliense.com.br\/aqui\/#\/schema\/person\/image\/","url":"https:\/\/secure.gravatar.com\/avatar\/62f5b2e99de671d075ab98e19f03c3c38c80a93f5d06f51075cf4431a4e76458?s=96&d=mm&r=g","contentUrl":"https:\/\/secure.gravatar.com\/avatar\/62f5b2e99de671d075ab98e19f03c3c38c80a93f5d06f51075cf4431a4e76458?s=96&d=mm&r=g","caption":"Larissa"},"url":"https:\/\/www.correiobraziliense.com.br\/aqui\/author\/larissaaqui\/"}]}},"_links":{"self":[{"href":"https:\/\/www.correiobraziliense.com.br\/aqui\/wp-json\/wp\/v2\/posts\/38522","targetHints":{"allow":["GET"]}}],"collection":[{"href":"https:\/\/www.correiobraziliense.com.br\/aqui\/wp-json\/wp\/v2\/posts"}],"about":[{"href":"https:\/\/www.correiobraziliense.com.br\/aqui\/wp-json\/wp\/v2\/types\/post"}],"author":[{"embeddable":true,"href":"https:\/\/www.correiobraziliense.com.br\/aqui\/wp-json\/wp\/v2\/users\/10"}],"replies":[{"embeddable":true,"href":"https:\/\/www.correiobraziliense.com.br\/aqui\/wp-json\/wp\/v2\/comments?post=38522"}],"version-history":[{"count":6,"href":"https:\/\/www.correiobraziliense.com.br\/aqui\/wp-json\/wp\/v2\/posts\/38522\/revisions"}],"predecessor-version":[{"id":38528,"href":"https:\/\/www.correiobraziliense.com.br\/aqui\/wp-json\/wp\/v2\/posts\/38522\/revisions\/38528"}],"wp:featuredmedia":[{"embeddable":true,"href":"https:\/\/www.correiobraziliense.com.br\/aqui\/wp-json\/wp\/v2\/media\/37885"}],"wp:attachment":[{"href":"https:\/\/www.correiobraziliense.com.br\/aqui\/wp-json\/wp\/v2\/media?parent=38522"}],"wp:term":[{"taxonomy":"category","embeddable":true,"href":"https:\/\/www.correiobraziliense.com.br\/aqui\/wp-json\/wp\/v2\/categories?post=38522"},{"taxonomy":"post_tag","embeddable":true,"href":"https:\/\/www.correiobraziliense.com.br\/aqui\/wp-json\/wp\/v2\/tags?post=38522"}],"curies":[{"name":"wp","href":"https:\/\/api.w.org\/{rel}","templated":true}]}}