{"id":38529,"date":"2026-09-03T15:30:00","date_gmt":"2026-09-03T18:30:00","guid":{"rendered":"https:\/\/www.correiobraziliense.com.br\/aqui\/?p=38529"},"modified":"2026-09-03T15:24:49","modified_gmt":"2026-09-03T18:24:49","slug":"instabilidades-tecnologicas-no-trabalho-podem-gerar-picos-de-estresse","status":"publish","type":"post","link":"https:\/\/www.correiobraziliense.com.br\/aqui\/2026\/09\/03\/instabilidades-tecnologicas-no-trabalho-podem-gerar-picos-de-estresse\/","title":{"rendered":"Instabilidades tecnol\u00f3gicas no trabalho podem gerar picos de estresse"},"content":{"rendered":"\n<p>A cena \u00e9 familiar para muitos brasileiros: um prazo apertado, uma transa\u00e7\u00e3o urgente para realizar e, de repente, o aplicativo do banco deixa de funcionar. Situa\u00e7\u00f5es de instabilidade em servi\u00e7os digitais mostram como a depend\u00eancia tecnol\u00f3gica no ambiente de trabalho pode se tornar um gatilho para picos de estresse e ansiedade. Embora problemas dessa natureza sejam geralmente pontuais, quando ocorrem em momentos de press\u00e3o podem aumentar a sensa\u00e7\u00e3o de inseguran\u00e7a e dificultar a rotina profissional.<\/p>\n\n\n\n<p>Quando uma ferramenta digital essencial falha, o impacto vai al\u00e9m do simples inconveniente. O corpo humano reage a essa perda de controle e \u00e0 press\u00e3o s\u00fabita liberando cortisol, o horm\u00f4nio do estresse. A sensa\u00e7\u00e3o de impot\u00eancia diante de uma tela de erro enquanto as obriga\u00e7\u00f5es se acumulam cria um cen\u00e1rio de tens\u00e3o aguda, que afeta a produtividade e o bem-estar mental. Segundo registros de monitoramento como o Downdetector, incidentes assim t\u00eam se tornado mais frequentes com a <a href=\"https:\/\/www.correiobraziliense.com.br\/revista-do-correio\/2025\/04\/7104053-veja-como-a-hiperconectividade-afeta-a-saude-mental.html\" target=\"_blank\" rel=\"noreferrer noopener\">digitaliza\u00e7\u00e3o massiva dos servi\u00e7os<\/a>.<\/p>\n\n\n\n<p>Essa rea\u00e7\u00e3o n\u00e3o \u00e9 um exagero. O c\u00e9rebro interpreta a impossibilidade de completar uma tarefa crucial como uma amea\u00e7a. A falha de um aplicativo pode significar o atraso no pagamento de fornecedores, a perda de uma oportunidade de neg\u00f3cio ou o descumprimento de um compromisso financeiro, gerando um efeito domin\u00f3 de consequ\u00eancias negativas.<\/p>\n\n\n\n<h2 class=\"wp-block-heading\">Como a tecnologia se tornou um gatilho de estresse<\/h2>\n\n\n\n<p>A transforma\u00e7\u00e3o digital integrou ferramentas online de tal forma \u00e0 rotina profissional que a interrup\u00e7\u00e3o delas causa uma paralisia instant\u00e2nea. Diferente de um problema mec\u00e2nico do passado, onde talvez houvesse uma alternativa manual, hoje a aus\u00eancia de conex\u00e3o ou o mau funcionamento de um software pode simplesmente impedir que o trabalho continue.<\/p>\n\n\n\n<p>Essa depend\u00eancia cria uma vulnerabilidade constante. A cada nova atualiza\u00e7\u00e3o ou mudan\u00e7a de sistema, surge a incerteza sobre a estabilidade da plataforma. Pequenos e repetidos epis\u00f3dios de instabilidade, mesmo que breves, mant\u00eam os n\u00edveis de cortisol elevados, contribuindo para um quadro de estresse cr\u00f4nico e at\u00e9 mesmo para o desenvolvimento da <a target=\"_blank\" rel=\"noreferrer noopener\" href=\"https:\/\/www.correiobraziliense.com.br\/euestudante\/trabalho-e-formacao\/2026\/07\/7464139-em-tempos-de-burnout-digital-produtora-do-df-cria-conteudos-que-curam.html\">s\u00edndrome de burnout<\/a>.<\/p>\n\n\n\n<h2 class=\"wp-block-heading\">O que fazer para minimizar o impacto<\/h2>\n\n\n\n<p>Embora n\u00e3o seja poss\u00edvel controlar a estabilidade dos servi\u00e7os, algumas atitudes podem ajudar a gerenciar a ansiedade durante uma crise tecnol\u00f3gica. Adotar uma postura proativa em vez de reativa faz toda a diferen\u00e7a para manter a calma e encontrar solu\u00e7\u00f5es.<\/p>\n\n\n\n<ul class=\"wp-block-list\">\n<li><strong>Comunique a falha imediatamente:<\/strong> informe sua equipe, gestor ou clientes sobre o problema. Dividir a situa\u00e7\u00e3o alivia a press\u00e3o individual e permite que outras pessoas ajudem a buscar alternativas.<\/li>\n\n\n\n<li><strong>Tenha um plano B:<\/strong> sempre que poss\u00edvel, conhe\u00e7a os canais de atendimento alternativos, como o telefone do gerente da conta ou o suporte t\u00e9cnico. Saber a quem recorrer agiliza a resolu\u00e7\u00e3o.<\/li>\n\n\n\n<li><strong>Organize informa\u00e7\u00f5es de acesso:<\/strong> mantenha senhas e dados de contato de suporte organizados em um local seguro e alternativo, para n\u00e3o depender de um \u00fanico dispositivo em caso de falha.<\/li>\n\n\n\n<li><strong>Fa\u00e7a uma pausa estrat\u00e9gica:<\/strong> insistir em atualizar a p\u00e1gina ou tentar fazer login repetidamente s\u00f3 aumenta a frustra\u00e7\u00e3o. Levante-se, beba uma \u00e1gua e respire fundo por alguns minutos para diminuir a tens\u00e3o.<\/li>\n\n\n\n<li><strong>Documente o erro:<\/strong> capture telas da falha. Ter um registro do problema \u00e9 \u00fatil para solicitar suporte t\u00e9cnico e serve como comprova\u00e7\u00e3o de que o atraso n\u00e3o foi causado por neglig\u00eancia sua.<\/li>\n<\/ul>\n","protected":false},"excerpt":{"rendered":"<p>Especialistas explicam como imprevistos em aplicativos de servi\u00e7os essenciais podem elevar o estresse, o cortisol e a ansiedade.<\/p>\n","protected":false},"author":8,"featured_media":38530,"comment_status":"open","ping_status":"open","sticky":false,"template":"","format":"standard","meta":{"jnews-multi-image_gallery":[],"jnews_single_post":{"format":"standard"},"jnews_primary_category":[],"jnews_social_meta":[],"jnews_override_counter":[],"footnotes":""},"categories":[123],"tags":[1646,12537,12536,141],"class_list":["post-38529","post","type-post","status-publish","format-standard","has-post-thumbnail","hentry","category-saude","tag-estresse","tag-instabilidades-tecnologicas","tag-pico-de-estresse","tag-saude"],"yoast_head":"<!-- This site is optimized with the Yoast SEO plugin v25.1 - https:\/\/yoast.com\/wordpress\/plugins\/seo\/ -->\n<title>Instabilidades tecnol\u00f3gicas no trabalho podem gerar picos de estresse - Correio Braziliense - Aqui<\/title>\n<meta name=\"description\" content=\"Especialistas explicam como imprevistos em aplicativos de servi\u00e7os essenciais podem elevar o estresse, o cortisol e a ansiedade.\" \/>\n<meta name=\"robots\" content=\"index, follow, max-snippet:-1, max-image-preview:large, max-video-preview:-1\" \/>\n<link rel=\"canonical\" href=\"https:\/\/www.correiobraziliense.com.br\/aqui\/2026\/09\/03\/instabilidades-tecnologicas-no-trabalho-podem-gerar-picos-de-estresse\/\" \/>\n<meta property=\"og:locale\" content=\"pt_BR\" \/>\n<meta property=\"og:type\" content=\"article\" \/>\n<meta property=\"og:title\" content=\"Instabilidades tecnol\u00f3gicas no trabalho podem gerar picos de estresse - Correio Braziliense - Aqui\" \/>\n<meta property=\"og:description\" content=\"Especialistas explicam como imprevistos em aplicativos de servi\u00e7os essenciais podem elevar o estresse, o cortisol e a ansiedade.\" \/>\n<meta property=\"og:url\" content=\"https:\/\/www.correiobraziliense.com.br\/aqui\/2026\/09\/03\/instabilidades-tecnologicas-no-trabalho-podem-gerar-picos-de-estresse\/\" \/>\n<meta property=\"og:site_name\" content=\"Correio Braziliense - Aqui\" \/>\n<meta property=\"article:published_time\" content=\"2026-09-03T18:30:00+00:00\" \/>\n<meta property=\"og:image\" content=\"https:\/\/www.correiobraziliense.com.br\/aqui\/wp-content\/uploads\/2026\/09\/estresse_1788459603952.jpg\" \/>\n\t<meta property=\"og:image:width\" content=\"1280\" \/>\n\t<meta property=\"og:image:height\" content=\"720\" \/>\n\t<meta property=\"og:image:type\" content=\"image\/jpeg\" \/>\n<meta name=\"author\" content=\"Lara\" \/>\n<meta name=\"twitter:card\" content=\"summary_large_image\" \/>\n<meta name=\"twitter:label1\" content=\"Escrito por\" \/>\n\t<meta name=\"twitter:data1\" content=\"Lara\" \/>\n\t<meta name=\"twitter:label2\" content=\"Est. tempo de leitura\" \/>\n\t<meta name=\"twitter:data2\" content=\"4 minutos\" \/>\n<!-- \/ Yoast SEO plugin. -->","yoast_head_json":{"title":"Instabilidades tecnol\u00f3gicas no trabalho podem gerar picos de estresse - Correio Braziliense - Aqui","description":"Especialistas explicam como imprevistos em aplicativos de servi\u00e7os essenciais podem elevar o estresse, o cortisol e a ansiedade.","robots":{"index":"index","follow":"follow","max-snippet":"max-snippet:-1","max-image-preview":"max-image-preview:large","max-video-preview":"max-video-preview:-1"},"canonical":"https:\/\/www.correiobraziliense.com.br\/aqui\/2026\/09\/03\/instabilidades-tecnologicas-no-trabalho-podem-gerar-picos-de-estresse\/","og_locale":"pt_BR","og_type":"article","og_title":"Instabilidades tecnol\u00f3gicas no trabalho podem gerar picos de estresse - Correio Braziliense - Aqui","og_description":"Especialistas explicam como imprevistos em aplicativos de servi\u00e7os essenciais podem elevar o estresse, o cortisol e a ansiedade.","og_url":"https:\/\/www.correiobraziliense.com.br\/aqui\/2026\/09\/03\/instabilidades-tecnologicas-no-trabalho-podem-gerar-picos-de-estresse\/","og_site_name":"Correio Braziliense - Aqui","article_published_time":"2026-09-03T18:30:00+00:00","og_image":[{"width":1280,"height":720,"url":"https:\/\/www.correiobraziliense.com.br\/aqui\/wp-content\/uploads\/2026\/09\/estresse_1788459603952.jpg","type":"image\/jpeg"}],"author":"Lara","twitter_card":"summary_large_image","twitter_misc":{"Escrito por":"Lara","Est. tempo de leitura":"4 minutos"},"schema":{"@context":"https:\/\/schema.org","@graph":[{"@type":"WebPage","@id":"https:\/\/www.correiobraziliense.com.br\/aqui\/2026\/09\/03\/instabilidades-tecnologicas-no-trabalho-podem-gerar-picos-de-estresse\/","url":"https:\/\/www.correiobraziliense.com.br\/aqui\/2026\/09\/03\/instabilidades-tecnologicas-no-trabalho-podem-gerar-picos-de-estresse\/","name":"Instabilidades tecnol\u00f3gicas no trabalho podem gerar picos de estresse - Correio Braziliense - Aqui","isPartOf":{"@id":"https:\/\/www.correiobraziliense.com.br\/aqui\/#website"},"primaryImageOfPage":{"@id":"https:\/\/www.correiobraziliense.com.br\/aqui\/2026\/09\/03\/instabilidades-tecnologicas-no-trabalho-podem-gerar-picos-de-estresse\/#primaryimage"},"image":{"@id":"https:\/\/www.correiobraziliense.com.br\/aqui\/2026\/09\/03\/instabilidades-tecnologicas-no-trabalho-podem-gerar-picos-de-estresse\/#primaryimage"},"thumbnailUrl":"https:\/\/www.correiobraziliense.com.br\/aqui\/wp-content\/uploads\/2026\/09\/estresse_1788459603952.jpg","datePublished":"2026-09-03T18:30:00+00:00","author":{"@id":"https:\/\/www.correiobraziliense.com.br\/aqui\/#\/schema\/person\/5d6e4d99fecc86ab1a7ed1a0369afb65"},"description":"Especialistas explicam como imprevistos em aplicativos de servi\u00e7os essenciais podem elevar o estresse, o cortisol e a ansiedade.","breadcrumb":{"@id":"https:\/\/www.correiobraziliense.com.br\/aqui\/2026\/09\/03\/instabilidades-tecnologicas-no-trabalho-podem-gerar-picos-de-estresse\/#breadcrumb"},"inLanguage":"pt-BR","potentialAction":[{"@type":"ReadAction","target":["https:\/\/www.correiobraziliense.com.br\/aqui\/2026\/09\/03\/instabilidades-tecnologicas-no-trabalho-podem-gerar-picos-de-estresse\/"]}]},{"@type":"ImageObject","inLanguage":"pt-BR","@id":"https:\/\/www.correiobraziliense.com.br\/aqui\/2026\/09\/03\/instabilidades-tecnologicas-no-trabalho-podem-gerar-picos-de-estresse\/#primaryimage","url":"https:\/\/www.correiobraziliense.com.br\/aqui\/wp-content\/uploads\/2026\/09\/estresse_1788459603952.jpg","contentUrl":"https:\/\/www.correiobraziliense.com.br\/aqui\/wp-content\/uploads\/2026\/09\/estresse_1788459603952.jpg","width":1280,"height":720,"caption":"Cr\u00e9ditos: depositphotos.com \/ .shock"},{"@type":"BreadcrumbList","@id":"https:\/\/www.correiobraziliense.com.br\/aqui\/2026\/09\/03\/instabilidades-tecnologicas-no-trabalho-podem-gerar-picos-de-estresse\/#breadcrumb","itemListElement":[{"@type":"ListItem","position":1,"name":"In\u00edcio","item":"https:\/\/www.correiobraziliense.com.br\/aqui\/"},{"@type":"ListItem","position":2,"name":"Instabilidades tecnol\u00f3gicas no trabalho podem gerar picos de estresse"}]},{"@type":"WebSite","@id":"https:\/\/www.correiobraziliense.com.br\/aqui\/#website","url":"https:\/\/www.correiobraziliense.com.br\/aqui\/","name":"Correio Braziliense - Aqui","description":"O Correio Braziliense (CB) \u00e9 o mais importante canal de not\u00edcias de Bras\u00edlia. Aqui voc\u00ea encontra as \u00faltimas not\u00edcias do DF, do Brasil e do mundo.","potentialAction":[{"@type":"SearchAction","target":{"@type":"EntryPoint","urlTemplate":"https:\/\/www.correiobraziliense.com.br\/aqui\/?s={search_term_string}"},"query-input":{"@type":"PropertyValueSpecification","valueRequired":true,"valueName":"search_term_string"}}],"inLanguage":"pt-BR"},{"@type":"Person","@id":"https:\/\/www.correiobraziliense.com.br\/aqui\/#\/schema\/person\/5d6e4d99fecc86ab1a7ed1a0369afb65","name":"Lara","image":{"@type":"ImageObject","inLanguage":"pt-BR","@id":"https:\/\/www.correiobraziliense.com.br\/aqui\/#\/schema\/person\/image\/","url":"https:\/\/secure.gravatar.com\/avatar\/57056c5c343a6d8a6669688d3d2c04916d9d280b352b6e50e66a8d39b2517e00?s=96&d=mm&r=g","contentUrl":"https:\/\/secure.gravatar.com\/avatar\/57056c5c343a6d8a6669688d3d2c04916d9d280b352b6e50e66a8d39b2517e00?s=96&d=mm&r=g","caption":"Lara"},"url":"https:\/\/www.correiobraziliense.com.br\/aqui\/author\/laraaqui\/"}]}},"_links":{"self":[{"href":"https:\/\/www.correiobraziliense.com.br\/aqui\/wp-json\/wp\/v2\/posts\/38529","targetHints":{"allow":["GET"]}}],"collection":[{"href":"https:\/\/www.correiobraziliense.com.br\/aqui\/wp-json\/wp\/v2\/posts"}],"about":[{"href":"https:\/\/www.correiobraziliense.com.br\/aqui\/wp-json\/wp\/v2\/types\/post"}],"author":[{"embeddable":true,"href":"https:\/\/www.correiobraziliense.com.br\/aqui\/wp-json\/wp\/v2\/users\/8"}],"replies":[{"embeddable":true,"href":"https:\/\/www.correiobraziliense.com.br\/aqui\/wp-json\/wp\/v2\/comments?post=38529"}],"version-history":[{"count":2,"href":"https:\/\/www.correiobraziliense.com.br\/aqui\/wp-json\/wp\/v2\/posts\/38529\/revisions"}],"predecessor-version":[{"id":38532,"href":"https:\/\/www.correiobraziliense.com.br\/aqui\/wp-json\/wp\/v2\/posts\/38529\/revisions\/38532"}],"wp:featuredmedia":[{"embeddable":true,"href":"https:\/\/www.correiobraziliense.com.br\/aqui\/wp-json\/wp\/v2\/media\/38530"}],"wp:attachment":[{"href":"https:\/\/www.correiobraziliense.com.br\/aqui\/wp-json\/wp\/v2\/media?parent=38529"}],"wp:term":[{"taxonomy":"category","embeddable":true,"href":"https:\/\/www.correiobraziliense.com.br\/aqui\/wp-json\/wp\/v2\/categories?post=38529"},{"taxonomy":"post_tag","embeddable":true,"href":"https:\/\/www.correiobraziliense.com.br\/aqui\/wp-json\/wp\/v2\/tags?post=38529"}],"curies":[{"name":"wp","href":"https:\/\/api.w.org\/{rel}","templated":true}]}}