{"id":38533,"date":"2026-09-03T15:57:00","date_gmt":"2026-09-03T18:57:00","guid":{"rendered":"https:\/\/www.correiobraziliense.com.br\/aqui\/?p=38533"},"modified":"2026-09-03T15:40:11","modified_gmt":"2026-09-03T18:40:11","slug":"saiba-como-286-dias-no-mar-afetam-a-saude-mental-de-marinheiros","status":"publish","type":"post","link":"https:\/\/www.correiobraziliense.com.br\/aqui\/2026\/09\/03\/saiba-como-286-dias-no-mar-afetam-a-saude-mental-de-marinheiros\/","title":{"rendered":"Saiba como 286 dias no mar afetam a sa\u00fade mental de marinheiros"},"content":{"rendered":"\n<p>A imagem do porta-avi\u00f5es norte-americano USS Abraham Lincoln atracando na Tail\u00e2ndia, coberto de ferrugem, revelou um desafio maior que o desgaste do metal: o impacto de 286 dias consecutivos no mar na sa\u00fade mental de sua tripula\u00e7\u00e3o. O epis\u00f3dio chamou a aten\u00e7\u00e3o para as consequ\u00eancias do isolamento extremo e da press\u00e3o constante vividos por militares em miss\u00f5es prolongadas.<\/p>\n\n\n\n<p>Viver confinado em um espa\u00e7o limitado, longe da fam\u00edlia e sob uma rotina de alta performance, cria um ambiente prop\u00edcio ao esgotamento. A aus\u00eancia de um horizonte claro para o fim da miss\u00e3o e a exposi\u00e7\u00e3o cont\u00ednua a situa\u00e7\u00f5es de risco potencializam os n\u00edveis de estresse, afetando diretamente o <a target=\"_blank\" rel=\"noreferrer noopener\" href=\"https:\/\/www.correiobraziliense.com.br\/revista-do-correio\/2025\/08\/7235656-5-sinais-de-que-a-sua-saude-mental-esta-pedindo-atencao.html\">equil\u00edbrio psicol\u00f3gico<\/a> dos marinheiros.<\/p>\n\n\n\n<p>A rotina a bordo \u00e9 repetitiva e exigente, com pouca ou nenhuma privacidade. O ciclo de sono \u00e9 frequentemente interrompido, e a desconex\u00e3o com o mundo exterior agrava a sensa\u00e7\u00e3o de solid\u00e3o. Essa combina\u00e7\u00e3o de fatores pode desencadear uma s\u00e9rie de <a target=\"_blank\" rel=\"noreferrer noopener\" href=\"https:\/\/www.correiobraziliense.com.br\/direito-e-justica\/2025\/09\/7241023-transtornos-mentais-revelam-falhas-no-mundo-do-trabalho.html\">transtornos<\/a>, comprometendo n\u00e3o apenas o bem-estar individual, mas tamb\u00e9m a seguran\u00e7a operacional da embarca\u00e7\u00e3o.<\/p>\n\n\n\n<h2 class=\"wp-block-heading\">Sa\u00fade mental: Principais desafios psicol\u00f3gicos da tripula\u00e7\u00e3o<\/h2>\n\n\n\n<p>O ambiente de uma miss\u00e3o naval prolongada exp\u00f5e a tripula\u00e7\u00e3o a um conjunto \u00fanico de press\u00f5es. Os sintomas mais comuns observados em marinheiros nessas condi\u00e7\u00f5es incluem:<\/p>\n\n\n\n<ul class=\"wp-block-list\">\n<li><a href=\"https:\/\/www.correiobraziliense.com.br\/revista-do-correio\/2025\/09\/7255504-ansiedade-o-desafio-de-quem-sente-e-de-quem-convive.html\" target=\"_blank\" rel=\"noreferrer noopener\"><strong>Ansiedade<\/strong><\/a><strong>:<\/strong> a incerteza constante sobre a dura\u00e7\u00e3o da miss\u00e3o e os perigos envolvidos gera um estado de alerta permanente, que pode evoluir para quadros de ansiedade generalizada.<\/li>\n\n\n\n<li><strong>Depress\u00e3o:<\/strong> a falta de luz solar, o distanciamento de entes queridos e a monotonia da rotina s\u00e3o gatilhos conhecidos para sintomas depressivos, como apatia e perda de interesse.<\/li>\n\n\n\n<li><strong>Estresse cr\u00f4nico:<\/strong> a press\u00e3o para executar tarefas complexas sem falhas, somada ao confinamento, leva a um desgaste cont\u00ednuo, que afeta a capacidade de relaxar e se recuperar.<\/li>\n\n\n\n<li><strong>Esgotamento (<\/strong><a href=\"https:\/\/www.correiobraziliense.com.br\/mundo\/2025\/04\/7125794-os-sinais-de-alerta-de-burnout-que-voce-nao-deve-ignorar.html\" target=\"_blank\" rel=\"noreferrer noopener\"><strong>Burnout<\/strong><\/a><strong>):<\/strong> a combina\u00e7\u00e3o de longas jornadas de trabalho com a carga emocional da miss\u00e3o resulta em exaust\u00e3o f\u00edsica e mental, caracterizando o burnout.<\/li>\n\n\n\n<li><strong>Conflitos interpessoais:<\/strong> a conviv\u00eancia for\u00e7ada em um espa\u00e7o reduzido aumenta a probabilidade de atritos e desentendimentos, tornando o ambiente ainda mais tenso.<\/li>\n<\/ul>\n\n\n\n<p>O esgotamento mental n\u00e3o afeta apenas o bem-estar individual. Marinheiros exaustos podem ter o tempo de rea\u00e7\u00e3o comprometido e a capacidade de tomar decis\u00f5es complexas reduzida, o que representa um risco significativo em opera\u00e7\u00f5es militares que exigem precis\u00e3o e agilidade.<\/p>\n\n\n\n<p>For\u00e7as armadas em todo o mundo reconhecem o problema e investem em programas de apoio psicol\u00f3gico, incluindo a presen\u00e7a de profissionais de sa\u00fade mental a bordo e canais de comunica\u00e7\u00e3o com a fam\u00edlia. No entanto, o ambiente extremo de uma miss\u00e3o naval de longa dura\u00e7\u00e3o continua a ser um dos maiores testes para a resili\u00eancia humana.<\/p>\n","protected":false},"excerpt":{"rendered":"<p>M\u00e9dicos analisam os efeitos do estresse extremo e do isolamento na sa\u00fade mental durante miss\u00f5es longas em ambientes fechados.<\/p>\n","protected":false},"author":8,"featured_media":38534,"comment_status":"open","ping_status":"open","sticky":false,"template":"","format":"standard","meta":{"jnews-multi-image_gallery":[],"jnews_single_post":{"format":"standard"},"jnews_primary_category":[],"jnews_social_meta":[],"jnews_override_counter":[],"footnotes":""},"categories":[123],"tags":[12539,12538,141,234,1708,12540],"class_list":["post-38533","post","type-post","status-publish","format-standard","has-post-thumbnail","hentry","category-saude","tag-marinheiros","tag-porta-avioes-norte-americano","tag-saude","tag-saude-mental","tag-tailandia","tag-uss-abraham-lincoln"],"yoast_head":"<!-- This site is optimized with the Yoast SEO plugin v25.1 - https:\/\/yoast.com\/wordpress\/plugins\/seo\/ -->\n<title>Saiba como 286 dias no mar afetam a sa\u00fade mental de marinheiros - Correio Braziliense - Aqui<\/title>\n<meta name=\"description\" content=\"M\u00e9dicos analisam os efeitos do estresse extremo e do isolamento na sa\u00fade mental durante miss\u00f5es longas em ambientes fechados.\" \/>\n<meta name=\"robots\" content=\"index, follow, max-snippet:-1, max-image-preview:large, max-video-preview:-1\" \/>\n<link rel=\"canonical\" href=\"https:\/\/www.correiobraziliense.com.br\/aqui\/2026\/09\/03\/saiba-como-286-dias-no-mar-afetam-a-saude-mental-de-marinheiros\/\" \/>\n<meta property=\"og:locale\" content=\"pt_BR\" \/>\n<meta property=\"og:type\" content=\"article\" \/>\n<meta property=\"og:title\" content=\"Saiba como 286 dias no mar afetam a sa\u00fade mental de marinheiros - Correio Braziliense - Aqui\" \/>\n<meta property=\"og:description\" content=\"M\u00e9dicos analisam os efeitos do estresse extremo e do isolamento na sa\u00fade mental durante miss\u00f5es longas em ambientes fechados.\" \/>\n<meta property=\"og:url\" content=\"https:\/\/www.correiobraziliense.com.br\/aqui\/2026\/09\/03\/saiba-como-286-dias-no-mar-afetam-a-saude-mental-de-marinheiros\/\" \/>\n<meta property=\"og:site_name\" content=\"Correio Braziliense - Aqui\" \/>\n<meta property=\"article:published_time\" content=\"2026-09-03T18:57:00+00:00\" \/>\n<meta property=\"og:image\" content=\"https:\/\/www.correiobraziliense.com.br\/aqui\/wp-content\/uploads\/2026\/09\/marinheiros_1788460687548.jpg\" \/>\n\t<meta property=\"og:image:width\" content=\"1280\" \/>\n\t<meta property=\"og:image:height\" content=\"720\" \/>\n\t<meta property=\"og:image:type\" content=\"image\/jpeg\" \/>\n<meta name=\"author\" content=\"Lara\" \/>\n<meta name=\"twitter:card\" content=\"summary_large_image\" \/>\n<meta name=\"twitter:label1\" content=\"Escrito por\" \/>\n\t<meta name=\"twitter:data1\" content=\"Lara\" \/>\n\t<meta name=\"twitter:label2\" content=\"Est. tempo de leitura\" \/>\n\t<meta name=\"twitter:data2\" content=\"3 minutos\" \/>\n<!-- \/ Yoast SEO plugin. -->","yoast_head_json":{"title":"Saiba como 286 dias no mar afetam a sa\u00fade mental de marinheiros - Correio Braziliense - Aqui","description":"M\u00e9dicos analisam os efeitos do estresse extremo e do isolamento na sa\u00fade mental durante miss\u00f5es longas em ambientes fechados.","robots":{"index":"index","follow":"follow","max-snippet":"max-snippet:-1","max-image-preview":"max-image-preview:large","max-video-preview":"max-video-preview:-1"},"canonical":"https:\/\/www.correiobraziliense.com.br\/aqui\/2026\/09\/03\/saiba-como-286-dias-no-mar-afetam-a-saude-mental-de-marinheiros\/","og_locale":"pt_BR","og_type":"article","og_title":"Saiba como 286 dias no mar afetam a sa\u00fade mental de marinheiros - Correio Braziliense - Aqui","og_description":"M\u00e9dicos analisam os efeitos do estresse extremo e do isolamento na sa\u00fade mental durante miss\u00f5es longas em ambientes fechados.","og_url":"https:\/\/www.correiobraziliense.com.br\/aqui\/2026\/09\/03\/saiba-como-286-dias-no-mar-afetam-a-saude-mental-de-marinheiros\/","og_site_name":"Correio Braziliense - Aqui","article_published_time":"2026-09-03T18:57:00+00:00","og_image":[{"width":1280,"height":720,"url":"https:\/\/www.correiobraziliense.com.br\/aqui\/wp-content\/uploads\/2026\/09\/marinheiros_1788460687548.jpg","type":"image\/jpeg"}],"author":"Lara","twitter_card":"summary_large_image","twitter_misc":{"Escrito por":"Lara","Est. tempo de leitura":"3 minutos"},"schema":{"@context":"https:\/\/schema.org","@graph":[{"@type":"WebPage","@id":"https:\/\/www.correiobraziliense.com.br\/aqui\/2026\/09\/03\/saiba-como-286-dias-no-mar-afetam-a-saude-mental-de-marinheiros\/","url":"https:\/\/www.correiobraziliense.com.br\/aqui\/2026\/09\/03\/saiba-como-286-dias-no-mar-afetam-a-saude-mental-de-marinheiros\/","name":"Saiba como 286 dias no mar afetam a sa\u00fade mental de marinheiros - Correio Braziliense - Aqui","isPartOf":{"@id":"https:\/\/www.correiobraziliense.com.br\/aqui\/#website"},"primaryImageOfPage":{"@id":"https:\/\/www.correiobraziliense.com.br\/aqui\/2026\/09\/03\/saiba-como-286-dias-no-mar-afetam-a-saude-mental-de-marinheiros\/#primaryimage"},"image":{"@id":"https:\/\/www.correiobraziliense.com.br\/aqui\/2026\/09\/03\/saiba-como-286-dias-no-mar-afetam-a-saude-mental-de-marinheiros\/#primaryimage"},"thumbnailUrl":"https:\/\/www.correiobraziliense.com.br\/aqui\/wp-content\/uploads\/2026\/09\/marinheiros_1788460687548.jpg","datePublished":"2026-09-03T18:57:00+00:00","author":{"@id":"https:\/\/www.correiobraziliense.com.br\/aqui\/#\/schema\/person\/5d6e4d99fecc86ab1a7ed1a0369afb65"},"description":"M\u00e9dicos analisam os efeitos do estresse extremo e do isolamento na sa\u00fade mental durante miss\u00f5es longas em ambientes fechados.","breadcrumb":{"@id":"https:\/\/www.correiobraziliense.com.br\/aqui\/2026\/09\/03\/saiba-como-286-dias-no-mar-afetam-a-saude-mental-de-marinheiros\/#breadcrumb"},"inLanguage":"pt-BR","potentialAction":[{"@type":"ReadAction","target":["https:\/\/www.correiobraziliense.com.br\/aqui\/2026\/09\/03\/saiba-como-286-dias-no-mar-afetam-a-saude-mental-de-marinheiros\/"]}]},{"@type":"ImageObject","inLanguage":"pt-BR","@id":"https:\/\/www.correiobraziliense.com.br\/aqui\/2026\/09\/03\/saiba-como-286-dias-no-mar-afetam-a-saude-mental-de-marinheiros\/#primaryimage","url":"https:\/\/www.correiobraziliense.com.br\/aqui\/wp-content\/uploads\/2026\/09\/marinheiros_1788460687548.jpg","contentUrl":"https:\/\/www.correiobraziliense.com.br\/aqui\/wp-content\/uploads\/2026\/09\/marinheiros_1788460687548.jpg","width":1280,"height":720,"caption":"Cr\u00e9ditos: depositphotos.com \/ RyanFletcher"},{"@type":"BreadcrumbList","@id":"https:\/\/www.correiobraziliense.com.br\/aqui\/2026\/09\/03\/saiba-como-286-dias-no-mar-afetam-a-saude-mental-de-marinheiros\/#breadcrumb","itemListElement":[{"@type":"ListItem","position":1,"name":"In\u00edcio","item":"https:\/\/www.correiobraziliense.com.br\/aqui\/"},{"@type":"ListItem","position":2,"name":"Saiba como 286 dias no mar afetam a sa\u00fade mental de marinheiros"}]},{"@type":"WebSite","@id":"https:\/\/www.correiobraziliense.com.br\/aqui\/#website","url":"https:\/\/www.correiobraziliense.com.br\/aqui\/","name":"Correio Braziliense - Aqui","description":"O Correio Braziliense (CB) \u00e9 o mais importante canal de not\u00edcias de Bras\u00edlia. Aqui voc\u00ea encontra as \u00faltimas not\u00edcias do DF, do Brasil e do mundo.","potentialAction":[{"@type":"SearchAction","target":{"@type":"EntryPoint","urlTemplate":"https:\/\/www.correiobraziliense.com.br\/aqui\/?s={search_term_string}"},"query-input":{"@type":"PropertyValueSpecification","valueRequired":true,"valueName":"search_term_string"}}],"inLanguage":"pt-BR"},{"@type":"Person","@id":"https:\/\/www.correiobraziliense.com.br\/aqui\/#\/schema\/person\/5d6e4d99fecc86ab1a7ed1a0369afb65","name":"Lara","image":{"@type":"ImageObject","inLanguage":"pt-BR","@id":"https:\/\/www.correiobraziliense.com.br\/aqui\/#\/schema\/person\/image\/","url":"https:\/\/secure.gravatar.com\/avatar\/57056c5c343a6d8a6669688d3d2c04916d9d280b352b6e50e66a8d39b2517e00?s=96&d=mm&r=g","contentUrl":"https:\/\/secure.gravatar.com\/avatar\/57056c5c343a6d8a6669688d3d2c04916d9d280b352b6e50e66a8d39b2517e00?s=96&d=mm&r=g","caption":"Lara"},"url":"https:\/\/www.correiobraziliense.com.br\/aqui\/author\/laraaqui\/"}]}},"_links":{"self":[{"href":"https:\/\/www.correiobraziliense.com.br\/aqui\/wp-json\/wp\/v2\/posts\/38533","targetHints":{"allow":["GET"]}}],"collection":[{"href":"https:\/\/www.correiobraziliense.com.br\/aqui\/wp-json\/wp\/v2\/posts"}],"about":[{"href":"https:\/\/www.correiobraziliense.com.br\/aqui\/wp-json\/wp\/v2\/types\/post"}],"author":[{"embeddable":true,"href":"https:\/\/www.correiobraziliense.com.br\/aqui\/wp-json\/wp\/v2\/users\/8"}],"replies":[{"embeddable":true,"href":"https:\/\/www.correiobraziliense.com.br\/aqui\/wp-json\/wp\/v2\/comments?post=38533"}],"version-history":[{"count":1,"href":"https:\/\/www.correiobraziliense.com.br\/aqui\/wp-json\/wp\/v2\/posts\/38533\/revisions"}],"predecessor-version":[{"id":38535,"href":"https:\/\/www.correiobraziliense.com.br\/aqui\/wp-json\/wp\/v2\/posts\/38533\/revisions\/38535"}],"wp:featuredmedia":[{"embeddable":true,"href":"https:\/\/www.correiobraziliense.com.br\/aqui\/wp-json\/wp\/v2\/media\/38534"}],"wp:attachment":[{"href":"https:\/\/www.correiobraziliense.com.br\/aqui\/wp-json\/wp\/v2\/media?parent=38533"}],"wp:term":[{"taxonomy":"category","embeddable":true,"href":"https:\/\/www.correiobraziliense.com.br\/aqui\/wp-json\/wp\/v2\/categories?post=38533"},{"taxonomy":"post_tag","embeddable":true,"href":"https:\/\/www.correiobraziliense.com.br\/aqui\/wp-json\/wp\/v2\/tags?post=38533"}],"curies":[{"name":"wp","href":"https:\/\/api.w.org\/{rel}","templated":true}]}}