{"id":38539,"date":"2026-09-03T16:59:00","date_gmt":"2026-09-03T19:59:00","guid":{"rendered":"https:\/\/www.correiobraziliense.com.br\/aqui\/?p=38539"},"modified":"2026-09-03T15:57:43","modified_gmt":"2026-09-03T18:57:43","slug":"como-a-dependencia-quimica-de-crack-afeta-a-saude-mental-e-o-cerebro","status":"publish","type":"post","link":"https:\/\/www.correiobraziliense.com.br\/aqui\/2026\/09\/03\/como-a-dependencia-quimica-de-crack-afeta-a-saude-mental-e-o-cerebro\/","title":{"rendered":"Como a depend\u00eancia qu\u00edmica de crack afeta a sa\u00fade mental e o c\u00e9rebro"},"content":{"rendered":"\n<p>A depend\u00eancia em crack devasta vidas e fam\u00edlias, deixando um rastro de consequ\u00eancias f\u00edsicas e mentais profundas. O recente caso do ex-jogador de futebol R\u00e9gis Pitbull, encontrado em situa\u00e7\u00e3o de rua em S\u00e3o Paulo, evidencia um problema que afeta o c\u00e9rebro de forma r\u00e1pida e agressiva, tornando a busca por tratamento um desafio complexo.<\/p>\n\n\n\n<p>O crack atua diretamente no sistema de recompensa do c\u00e9rebro, provocando a libera\u00e7\u00e3o massiva de dopamina, um neurotransmissor ligado ao prazer. Essa descarga \u00e9 t\u00e3o intensa que gera uma euforia quase instant\u00e2nea, mas extremamente curta, durando apenas alguns minutos.<\/p>\n\n\n\n<p>Logo ap\u00f3s o pico, os n\u00edveis de dopamina despencam, causando uma sensa\u00e7\u00e3o profunda de depress\u00e3o, irritabilidade e fissura, a vontade incontrol\u00e1vel de usar a droga novamente. \u00c9 esse ciclo de euforia e queda abrupta que fortalece o v\u00edcio em tempo recorde, muitas vezes ap\u00f3s os primeiros usos.<\/p>\n\n\n\n<h2 class=\"wp-block-heading\">Danos cerebrais e mentais do crack a longo prazo<\/h2>\n\n\n\n<p>O uso cont\u00ednuo de crack altera a estrutura e a qu\u00edmica cerebral. Regi\u00f5es como o c\u00f3rtex pr\u00e9-frontal, respons\u00e1vel pelo controle de impulsos, planejamento e tomada de decis\u00f5es, s\u00e3o severamente afetadas. Isso explica a dificuldade do dependente em avaliar riscos e frear o comportamento compulsivo.<\/p>\n\n\n\n<p>A <a target=\"_blank\" rel=\"noreferrer noopener\" href=\"https:\/\/www.correiobraziliense.com.br\/mundo\/2026\/01\/7334970-conheci-a-sensacao-de-paz-pela-primeira-vez-o-debate-sobre-a-prescricao-de-cogumelos-alucinogenos-no-sus-britanico.html\">sa\u00fade mental<\/a> \u00e9 uma das primeiras v\u00edtimas. O v\u00edcio frequentemente desencadeia ou agrava quadros de paranoia, ansiedade, depress\u00e3o profunda e psicose, caracterizada por alucina\u00e7\u00f5es e del\u00edrios. O isolamento social se intensifica, pois o c\u00e9rebro passa a priorizar o consumo da subst\u00e2ncia acima de tudo: alimenta\u00e7\u00e3o, sono, la\u00e7os afetivos e seguran\u00e7a. Nesse contexto, o suporte da rede de apoio familiar e social torna-se um pilar fundamental para a recupera\u00e7\u00e3o.<\/p>\n\n\n\n<h2 class=\"wp-block-heading\">Como funciona o tratamento?<\/h2>\n\n\n\n<p>A <a target=\"_blank\" rel=\"noreferrer noopener\" href=\"https:\/\/www.correiobraziliense.com.br\/colunistas\/fabiano-moraes\/2025\/07\/7209592-alta-procura-por-reabilitacao-revela-novo-olhar-sobre-saude-mental.html\">recupera\u00e7\u00e3o da depend\u00eancia<\/a> em crack exige uma abordagem multidisciplinar e, geralmente, de longo prazo. N\u00e3o existe uma solu\u00e7\u00e3o \u00fanica, mas sim uma combina\u00e7\u00e3o de estrat\u00e9gias personalizadas para cada indiv\u00edduo, que podem incluir interna\u00e7\u00e3o em casos mais graves. No Brasil, servi\u00e7os p\u00fablicos como os Centros de Aten\u00e7\u00e3o Psicossocial \u2013 \u00c1lcool e Drogas (CAPS-AD) oferecem suporte gratuito e especializado.<\/p>\n\n\n\n<p>O primeiro passo costuma ser a desintoxica\u00e7\u00e3o, um processo que precisa de acompanhamento m\u00e9dico para lidar com a crise de abstin\u00eancia de forma segura. Durante essa fase, o corpo reage \u00e0 aus\u00eancia da droga com sintomas como ansiedade intensa, tremores, sudorese e agita\u00e7\u00e3o. O suporte psiqui\u00e1trico tamb\u00e9m \u00e9 crucial para tratar transtornos mentais associados ao uso da subst\u00e2ncia.<\/p>\n\n\n\n<p>Em seguida, a terapia \u00e9 fundamental. Abordagens como a Terapia Cognitivo-Comportamental (TCC) ajudam o paciente a identificar gatilhos, aprender a lidar com a fissura e desenvolver estrat\u00e9gias para evitar <a target=\"_blank\" rel=\"noreferrer noopener\" href=\"https:\/\/www.correiobraziliense.com.br\/ciencia-e-saude\/2025\/09\/7242623-semaglutida-tem-potencial-para-reduzir-o-uso-de-cocaina-revela-estudo.html\">reca\u00eddas<\/a>. Grupos de apoio e o fortalecimento de v\u00ednculos familiares e sociais tamb\u00e9m s\u00e3o pilares importantes, pois criam uma rede de suporte essencial para manter a sobriedade. \u00c9 importante ressaltar que a recupera\u00e7\u00e3o \u00e9 um processo cont\u00ednuo e que reca\u00eddas podem ocorrer, mas a persist\u00eancia no tratamento aumenta significativamente as chances de sucesso a longo prazo.<\/p>\n","protected":false},"excerpt":{"rendered":"<p>Entenda os efeitos neurol\u00f3gicos do v\u00edcio em crack e conhe\u00e7a os caminhos m\u00e9dicos e terap\u00eauticos indicados para apoiar a recupera\u00e7\u00e3o.<\/p>\n","protected":false},"author":8,"featured_media":38540,"comment_status":"open","ping_status":"open","sticky":false,"template":"","format":"standard","meta":{"jnews-multi-image_gallery":[],"jnews_single_post":{"format":"standard"},"jnews_primary_category":[],"jnews_social_meta":[],"jnews_override_counter":[],"footnotes":""},"categories":[123],"tags":[12543,11923,141,4480,234],"class_list":["post-38539","post","type-post","status-publish","format-standard","has-post-thumbnail","hentry","category-saude","tag-crack","tag-dependencia-quimica","tag-saude","tag-saude-do-cerebro","tag-saude-mental"],"yoast_head":"<!-- This site is optimized with the Yoast SEO plugin v25.1 - https:\/\/yoast.com\/wordpress\/plugins\/seo\/ -->\n<title>Como a depend\u00eancia qu\u00edmica de crack afeta a sa\u00fade mental e o c\u00e9rebro - Correio Braziliense - Aqui<\/title>\n<meta name=\"description\" content=\"Entenda os efeitos neurol\u00f3gicos do v\u00edcio em crack e conhe\u00e7a os caminhos m\u00e9dicos e terap\u00eauticos indicados para apoiar a recupera\u00e7\u00e3o.\" \/>\n<meta name=\"robots\" content=\"index, follow, max-snippet:-1, max-image-preview:large, max-video-preview:-1\" \/>\n<link rel=\"canonical\" href=\"https:\/\/www.correiobraziliense.com.br\/aqui\/2026\/09\/03\/como-a-dependencia-quimica-de-crack-afeta-a-saude-mental-e-o-cerebro\/\" \/>\n<meta property=\"og:locale\" content=\"pt_BR\" \/>\n<meta property=\"og:type\" content=\"article\" \/>\n<meta property=\"og:title\" content=\"Como a depend\u00eancia qu\u00edmica de crack afeta a sa\u00fade mental e o c\u00e9rebro - Correio Braziliense - Aqui\" \/>\n<meta property=\"og:description\" content=\"Entenda os efeitos neurol\u00f3gicos do v\u00edcio em crack e conhe\u00e7a os caminhos m\u00e9dicos e terap\u00eauticos indicados para apoiar a recupera\u00e7\u00e3o.\" \/>\n<meta property=\"og:url\" content=\"https:\/\/www.correiobraziliense.com.br\/aqui\/2026\/09\/03\/como-a-dependencia-quimica-de-crack-afeta-a-saude-mental-e-o-cerebro\/\" \/>\n<meta property=\"og:site_name\" content=\"Correio Braziliense - Aqui\" \/>\n<meta property=\"article:published_time\" content=\"2026-09-03T19:59:00+00:00\" \/>\n<meta property=\"og:image\" content=\"https:\/\/www.correiobraziliense.com.br\/aqui\/wp-content\/uploads\/2026\/09\/crack-drugs_1788461723566.jpg\" \/>\n\t<meta property=\"og:image:width\" content=\"1280\" \/>\n\t<meta property=\"og:image:height\" content=\"720\" \/>\n\t<meta property=\"og:image:type\" content=\"image\/jpeg\" \/>\n<meta name=\"author\" content=\"Lara\" \/>\n<meta name=\"twitter:card\" content=\"summary_large_image\" \/>\n<meta name=\"twitter:label1\" content=\"Escrito por\" \/>\n\t<meta name=\"twitter:data1\" content=\"Lara\" \/>\n\t<meta name=\"twitter:label2\" content=\"Est. tempo de leitura\" \/>\n\t<meta name=\"twitter:data2\" content=\"3 minutos\" \/>\n<!-- \/ Yoast SEO plugin. -->","yoast_head_json":{"title":"Como a depend\u00eancia qu\u00edmica de crack afeta a sa\u00fade mental e o c\u00e9rebro - Correio Braziliense - Aqui","description":"Entenda os efeitos neurol\u00f3gicos do v\u00edcio em crack e conhe\u00e7a os caminhos m\u00e9dicos e terap\u00eauticos indicados para apoiar a recupera\u00e7\u00e3o.","robots":{"index":"index","follow":"follow","max-snippet":"max-snippet:-1","max-image-preview":"max-image-preview:large","max-video-preview":"max-video-preview:-1"},"canonical":"https:\/\/www.correiobraziliense.com.br\/aqui\/2026\/09\/03\/como-a-dependencia-quimica-de-crack-afeta-a-saude-mental-e-o-cerebro\/","og_locale":"pt_BR","og_type":"article","og_title":"Como a depend\u00eancia qu\u00edmica de crack afeta a sa\u00fade mental e o c\u00e9rebro - Correio Braziliense - Aqui","og_description":"Entenda os efeitos neurol\u00f3gicos do v\u00edcio em crack e conhe\u00e7a os caminhos m\u00e9dicos e terap\u00eauticos indicados para apoiar a recupera\u00e7\u00e3o.","og_url":"https:\/\/www.correiobraziliense.com.br\/aqui\/2026\/09\/03\/como-a-dependencia-quimica-de-crack-afeta-a-saude-mental-e-o-cerebro\/","og_site_name":"Correio Braziliense - Aqui","article_published_time":"2026-09-03T19:59:00+00:00","og_image":[{"width":1280,"height":720,"url":"https:\/\/www.correiobraziliense.com.br\/aqui\/wp-content\/uploads\/2026\/09\/crack-drugs_1788461723566.jpg","type":"image\/jpeg"}],"author":"Lara","twitter_card":"summary_large_image","twitter_misc":{"Escrito por":"Lara","Est. tempo de leitura":"3 minutos"},"schema":{"@context":"https:\/\/schema.org","@graph":[{"@type":"WebPage","@id":"https:\/\/www.correiobraziliense.com.br\/aqui\/2026\/09\/03\/como-a-dependencia-quimica-de-crack-afeta-a-saude-mental-e-o-cerebro\/","url":"https:\/\/www.correiobraziliense.com.br\/aqui\/2026\/09\/03\/como-a-dependencia-quimica-de-crack-afeta-a-saude-mental-e-o-cerebro\/","name":"Como a depend\u00eancia qu\u00edmica de crack afeta a sa\u00fade mental e o c\u00e9rebro - Correio Braziliense - Aqui","isPartOf":{"@id":"https:\/\/www.correiobraziliense.com.br\/aqui\/#website"},"primaryImageOfPage":{"@id":"https:\/\/www.correiobraziliense.com.br\/aqui\/2026\/09\/03\/como-a-dependencia-quimica-de-crack-afeta-a-saude-mental-e-o-cerebro\/#primaryimage"},"image":{"@id":"https:\/\/www.correiobraziliense.com.br\/aqui\/2026\/09\/03\/como-a-dependencia-quimica-de-crack-afeta-a-saude-mental-e-o-cerebro\/#primaryimage"},"thumbnailUrl":"https:\/\/www.correiobraziliense.com.br\/aqui\/wp-content\/uploads\/2026\/09\/crack-drugs_1788461723566.jpg","datePublished":"2026-09-03T19:59:00+00:00","author":{"@id":"https:\/\/www.correiobraziliense.com.br\/aqui\/#\/schema\/person\/5d6e4d99fecc86ab1a7ed1a0369afb65"},"description":"Entenda os efeitos neurol\u00f3gicos do v\u00edcio em crack e conhe\u00e7a os caminhos m\u00e9dicos e terap\u00eauticos indicados para apoiar a recupera\u00e7\u00e3o.","breadcrumb":{"@id":"https:\/\/www.correiobraziliense.com.br\/aqui\/2026\/09\/03\/como-a-dependencia-quimica-de-crack-afeta-a-saude-mental-e-o-cerebro\/#breadcrumb"},"inLanguage":"pt-BR","potentialAction":[{"@type":"ReadAction","target":["https:\/\/www.correiobraziliense.com.br\/aqui\/2026\/09\/03\/como-a-dependencia-quimica-de-crack-afeta-a-saude-mental-e-o-cerebro\/"]}]},{"@type":"ImageObject","inLanguage":"pt-BR","@id":"https:\/\/www.correiobraziliense.com.br\/aqui\/2026\/09\/03\/como-a-dependencia-quimica-de-crack-afeta-a-saude-mental-e-o-cerebro\/#primaryimage","url":"https:\/\/www.correiobraziliense.com.br\/aqui\/wp-content\/uploads\/2026\/09\/crack-drugs_1788461723566.jpg","contentUrl":"https:\/\/www.correiobraziliense.com.br\/aqui\/wp-content\/uploads\/2026\/09\/crack-drugs_1788461723566.jpg","width":1280,"height":720,"caption":"Cr\u00e9ditos: depositphotos.com \/ robeo123"},{"@type":"BreadcrumbList","@id":"https:\/\/www.correiobraziliense.com.br\/aqui\/2026\/09\/03\/como-a-dependencia-quimica-de-crack-afeta-a-saude-mental-e-o-cerebro\/#breadcrumb","itemListElement":[{"@type":"ListItem","position":1,"name":"In\u00edcio","item":"https:\/\/www.correiobraziliense.com.br\/aqui\/"},{"@type":"ListItem","position":2,"name":"Como a depend\u00eancia qu\u00edmica de crack afeta a sa\u00fade mental e o c\u00e9rebro"}]},{"@type":"WebSite","@id":"https:\/\/www.correiobraziliense.com.br\/aqui\/#website","url":"https:\/\/www.correiobraziliense.com.br\/aqui\/","name":"Correio Braziliense - Aqui","description":"O Correio Braziliense (CB) \u00e9 o mais importante canal de not\u00edcias de Bras\u00edlia. Aqui voc\u00ea encontra as \u00faltimas not\u00edcias do DF, do Brasil e do mundo.","potentialAction":[{"@type":"SearchAction","target":{"@type":"EntryPoint","urlTemplate":"https:\/\/www.correiobraziliense.com.br\/aqui\/?s={search_term_string}"},"query-input":{"@type":"PropertyValueSpecification","valueRequired":true,"valueName":"search_term_string"}}],"inLanguage":"pt-BR"},{"@type":"Person","@id":"https:\/\/www.correiobraziliense.com.br\/aqui\/#\/schema\/person\/5d6e4d99fecc86ab1a7ed1a0369afb65","name":"Lara","image":{"@type":"ImageObject","inLanguage":"pt-BR","@id":"https:\/\/www.correiobraziliense.com.br\/aqui\/#\/schema\/person\/image\/","url":"https:\/\/secure.gravatar.com\/avatar\/57056c5c343a6d8a6669688d3d2c04916d9d280b352b6e50e66a8d39b2517e00?s=96&d=mm&r=g","contentUrl":"https:\/\/secure.gravatar.com\/avatar\/57056c5c343a6d8a6669688d3d2c04916d9d280b352b6e50e66a8d39b2517e00?s=96&d=mm&r=g","caption":"Lara"},"url":"https:\/\/www.correiobraziliense.com.br\/aqui\/author\/laraaqui\/"}]}},"_links":{"self":[{"href":"https:\/\/www.correiobraziliense.com.br\/aqui\/wp-json\/wp\/v2\/posts\/38539","targetHints":{"allow":["GET"]}}],"collection":[{"href":"https:\/\/www.correiobraziliense.com.br\/aqui\/wp-json\/wp\/v2\/posts"}],"about":[{"href":"https:\/\/www.correiobraziliense.com.br\/aqui\/wp-json\/wp\/v2\/types\/post"}],"author":[{"embeddable":true,"href":"https:\/\/www.correiobraziliense.com.br\/aqui\/wp-json\/wp\/v2\/users\/8"}],"replies":[{"embeddable":true,"href":"https:\/\/www.correiobraziliense.com.br\/aqui\/wp-json\/wp\/v2\/comments?post=38539"}],"version-history":[{"count":1,"href":"https:\/\/www.correiobraziliense.com.br\/aqui\/wp-json\/wp\/v2\/posts\/38539\/revisions"}],"predecessor-version":[{"id":38541,"href":"https:\/\/www.correiobraziliense.com.br\/aqui\/wp-json\/wp\/v2\/posts\/38539\/revisions\/38541"}],"wp:featuredmedia":[{"embeddable":true,"href":"https:\/\/www.correiobraziliense.com.br\/aqui\/wp-json\/wp\/v2\/media\/38540"}],"wp:attachment":[{"href":"https:\/\/www.correiobraziliense.com.br\/aqui\/wp-json\/wp\/v2\/media?parent=38539"}],"wp:term":[{"taxonomy":"category","embeddable":true,"href":"https:\/\/www.correiobraziliense.com.br\/aqui\/wp-json\/wp\/v2\/categories?post=38539"},{"taxonomy":"post_tag","embeddable":true,"href":"https:\/\/www.correiobraziliense.com.br\/aqui\/wp-json\/wp\/v2\/tags?post=38539"}],"curies":[{"name":"wp","href":"https:\/\/api.w.org\/{rel}","templated":true}]}}