{"id":38545,"date":"2026-09-03T17:53:00","date_gmt":"2026-09-03T20:53:00","guid":{"rendered":"https:\/\/www.correiobraziliense.com.br\/aqui\/?p=38545"},"modified":"2026-09-03T16:07:07","modified_gmt":"2026-09-03T19:07:07","slug":"rock-in-rio-2026-dicas-para-economizar-com-comida-e-bebida-no-evento","status":"publish","type":"post","link":"https:\/\/www.correiobraziliense.com.br\/aqui\/2026\/09\/03\/rock-in-rio-2026-dicas-para-economizar-com-comida-e-bebida-no-evento\/","title":{"rendered":"Rock in Rio 2026: dicas para economizar com comida e bebida no evento"},"content":{"rendered":"\n<p>O Rock in Rio 2026 come\u00e7a nesta semana, com shows programados entre os dias 4 e 7, e 11 e 13 de setembro. Com a Cidade do Rock pronta para receber milhares de f\u00e3s, uma das principais preocupa\u00e7\u00f5es do p\u00fablico \u00e9 como se alimentar sem estourar o or\u00e7amento. Embora os card\u00e1pios e pre\u00e7os espec\u00edficos para esta edi\u00e7\u00e3o sejam confirmados apenas no local, a experi\u00eancia de festivais anteriores oferece um guia valioso para se planejar.<\/p>\n\n\n\n<p>Como de costume em grandes eventos, a pra\u00e7a de alimenta\u00e7\u00e3o deve oferecer uma vasta gama de op\u00e7\u00f5es, desde hamb\u00fargueres e pizzas at\u00e9 pratos de culin\u00e1ria internacional e alternativas vegetarianas e veganas. No entanto, os valores tendem a ser mais elevados, o que torna o <a target=\"_blank\" rel=\"noreferrer noopener\" href=\"https:\/\/www.correiobraziliense.com.br\/turismo\/2026\/08\/7490072-rumo-a-cidade-do-rock-como-se-planejar-para-o-rock-in-rio-2026-sem-estresse-e-sem-estourar-o-orcamento.html\">planejamento financeiro essencial<\/a> para aproveitar os dias de festival com tranquilidade.<\/p>\n\n\n\n<h2 class=\"wp-block-heading\">Dicas para economizar durante o Rock in Rio 2026<\/h2>\n\n\n\n<p>Para quem busca controlar os gastos, algumas estrat\u00e9gias podem fazer a diferen\u00e7a. A mais importante \u00e9 verificar as regras oficiais no site do Rock in Rio sobre a entrada de alimentos. Geralmente, \u00e9 permitido levar pequenos lanches, como barras de cereal, biscoitos e frutas, desde que estejam em embalagens transparentes e lacradas. Al\u00e9m disso, fazer uma refei\u00e7\u00e3o refor\u00e7ada antes de entrar no evento ajuda a reduzir a necessidade de compras maiores l\u00e1 dentro.<\/p>\n\n\n\n<h3 class=\"wp-block-heading\">Hidrata\u00e7\u00e3o e planejamento s\u00e3o essenciais na Cidade do Rock<\/h3>\n\n\n\n<p>A hidrata\u00e7\u00e3o \u00e9 fundamental. Leve uma garrafa pl\u00e1stica vazia (sem tampa, conforme as regras de seguran\u00e7a) para reabastecer nos bebedouros de \u00e1gua pot\u00e1vel espalhados pelo parque. Essa pr\u00e1tica simples representa uma economia significativa ao longo do dia. Definir um or\u00e7amento di\u00e1rio para comida e bebida tamb\u00e9m ajuda a fazer escolhas mais conscientes e evitar surpresas. Se estiver em grupo, considere compartilhar por\u00e7\u00f5es maiores, como pizzas ou baldes de batata frita, que podem ter um custo-benef\u00edcio melhor do que pratos individuais.<\/p>\n","protected":false},"excerpt":{"rendered":"<p>Rock in Rio 2026 acontece de 4 a 13 de setembro; veja dicas para alimenta\u00e7\u00e3o e estrat\u00e9gias para controlar os gastos na Cidade do Rock.<\/p>\n","protected":false},"author":8,"featured_media":38546,"comment_status":"open","ping_status":"open","sticky":false,"template":"","format":"standard","meta":{"jnews-multi-image_gallery":[],"jnews_single_post":{"format":"standard"},"jnews_primary_category":[],"jnews_social_meta":[],"jnews_override_counter":[],"footnotes":""},"categories":[121],"tags":[2568,398,12473,12546,8043],"class_list":["post-38545","post","type-post","status-publish","format-standard","has-post-thumbnail","hentry","category-gastronomia","tag-bebida","tag-comida","tag-dicas-para-economizar","tag-rock-in-rio-2026","tag-valores"],"yoast_head":"<!-- This site is optimized with the Yoast SEO plugin v25.1 - https:\/\/yoast.com\/wordpress\/plugins\/seo\/ -->\n<title>Rock in Rio 2026: dicas para economizar com comida e bebida no evento - Correio Braziliense - Aqui<\/title>\n<meta name=\"description\" content=\"Rock in Rio 2026 acontece de 4 a 13 de setembro; veja dicas para alimenta\u00e7\u00e3o e estrat\u00e9gias para controlar os gastos na Cidade do Rock.\" \/>\n<meta name=\"robots\" content=\"index, follow, max-snippet:-1, max-image-preview:large, max-video-preview:-1\" \/>\n<link rel=\"canonical\" href=\"https:\/\/www.correiobraziliense.com.br\/aqui\/2026\/09\/03\/rock-in-rio-2026-dicas-para-economizar-com-comida-e-bebida-no-evento\/\" \/>\n<meta property=\"og:locale\" content=\"pt_BR\" \/>\n<meta property=\"og:type\" content=\"article\" \/>\n<meta property=\"og:title\" content=\"Rock in Rio 2026: dicas para economizar com comida e bebida no evento - Correio Braziliense - Aqui\" \/>\n<meta property=\"og:description\" content=\"Rock in Rio 2026 acontece de 4 a 13 de setembro; veja dicas para alimenta\u00e7\u00e3o e estrat\u00e9gias para controlar os gastos na Cidade do Rock.\" \/>\n<meta property=\"og:url\" content=\"https:\/\/www.correiobraziliense.com.br\/aqui\/2026\/09\/03\/rock-in-rio-2026-dicas-para-economizar-com-comida-e-bebida-no-evento\/\" \/>\n<meta property=\"og:site_name\" content=\"Correio Braziliense - Aqui\" \/>\n<meta property=\"article:published_time\" content=\"2026-09-03T20:53:00+00:00\" \/>\n<meta property=\"og:image\" content=\"https:\/\/www.correiobraziliense.com.br\/aqui\/wp-content\/uploads\/2026\/09\/rock-in-rio_1788462295942.jpg\" \/>\n\t<meta property=\"og:image:width\" content=\"1280\" \/>\n\t<meta property=\"og:image:height\" content=\"720\" \/>\n\t<meta property=\"og:image:type\" content=\"image\/jpeg\" \/>\n<meta name=\"author\" content=\"Lara\" \/>\n<meta name=\"twitter:card\" content=\"summary_large_image\" \/>\n<meta name=\"twitter:label1\" content=\"Escrito por\" \/>\n\t<meta name=\"twitter:data1\" content=\"Lara\" \/>\n\t<meta name=\"twitter:label2\" content=\"Est. tempo de leitura\" \/>\n\t<meta name=\"twitter:data2\" content=\"2 minutos\" \/>\n<!-- \/ Yoast SEO plugin. -->","yoast_head_json":{"title":"Rock in Rio 2026: dicas para economizar com comida e bebida no evento - Correio Braziliense - Aqui","description":"Rock in Rio 2026 acontece de 4 a 13 de setembro; veja dicas para alimenta\u00e7\u00e3o e estrat\u00e9gias para controlar os gastos na Cidade do Rock.","robots":{"index":"index","follow":"follow","max-snippet":"max-snippet:-1","max-image-preview":"max-image-preview:large","max-video-preview":"max-video-preview:-1"},"canonical":"https:\/\/www.correiobraziliense.com.br\/aqui\/2026\/09\/03\/rock-in-rio-2026-dicas-para-economizar-com-comida-e-bebida-no-evento\/","og_locale":"pt_BR","og_type":"article","og_title":"Rock in Rio 2026: dicas para economizar com comida e bebida no evento - Correio Braziliense - Aqui","og_description":"Rock in Rio 2026 acontece de 4 a 13 de setembro; veja dicas para alimenta\u00e7\u00e3o e estrat\u00e9gias para controlar os gastos na Cidade do Rock.","og_url":"https:\/\/www.correiobraziliense.com.br\/aqui\/2026\/09\/03\/rock-in-rio-2026-dicas-para-economizar-com-comida-e-bebida-no-evento\/","og_site_name":"Correio Braziliense - Aqui","article_published_time":"2026-09-03T20:53:00+00:00","og_image":[{"width":1280,"height":720,"url":"https:\/\/www.correiobraziliense.com.br\/aqui\/wp-content\/uploads\/2026\/09\/rock-in-rio_1788462295942.jpg","type":"image\/jpeg"}],"author":"Lara","twitter_card":"summary_large_image","twitter_misc":{"Escrito por":"Lara","Est. tempo de leitura":"2 minutos"},"schema":{"@context":"https:\/\/schema.org","@graph":[{"@type":"WebPage","@id":"https:\/\/www.correiobraziliense.com.br\/aqui\/2026\/09\/03\/rock-in-rio-2026-dicas-para-economizar-com-comida-e-bebida-no-evento\/","url":"https:\/\/www.correiobraziliense.com.br\/aqui\/2026\/09\/03\/rock-in-rio-2026-dicas-para-economizar-com-comida-e-bebida-no-evento\/","name":"Rock in Rio 2026: dicas para economizar com comida e bebida no evento - Correio Braziliense - Aqui","isPartOf":{"@id":"https:\/\/www.correiobraziliense.com.br\/aqui\/#website"},"primaryImageOfPage":{"@id":"https:\/\/www.correiobraziliense.com.br\/aqui\/2026\/09\/03\/rock-in-rio-2026-dicas-para-economizar-com-comida-e-bebida-no-evento\/#primaryimage"},"image":{"@id":"https:\/\/www.correiobraziliense.com.br\/aqui\/2026\/09\/03\/rock-in-rio-2026-dicas-para-economizar-com-comida-e-bebida-no-evento\/#primaryimage"},"thumbnailUrl":"https:\/\/www.correiobraziliense.com.br\/aqui\/wp-content\/uploads\/2026\/09\/rock-in-rio_1788462295942.jpg","datePublished":"2026-09-03T20:53:00+00:00","author":{"@id":"https:\/\/www.correiobraziliense.com.br\/aqui\/#\/schema\/person\/5d6e4d99fecc86ab1a7ed1a0369afb65"},"description":"Rock in Rio 2026 acontece de 4 a 13 de setembro; veja dicas para alimenta\u00e7\u00e3o e estrat\u00e9gias para controlar os gastos na Cidade do Rock.","breadcrumb":{"@id":"https:\/\/www.correiobraziliense.com.br\/aqui\/2026\/09\/03\/rock-in-rio-2026-dicas-para-economizar-com-comida-e-bebida-no-evento\/#breadcrumb"},"inLanguage":"pt-BR","potentialAction":[{"@type":"ReadAction","target":["https:\/\/www.correiobraziliense.com.br\/aqui\/2026\/09\/03\/rock-in-rio-2026-dicas-para-economizar-com-comida-e-bebida-no-evento\/"]}]},{"@type":"ImageObject","inLanguage":"pt-BR","@id":"https:\/\/www.correiobraziliense.com.br\/aqui\/2026\/09\/03\/rock-in-rio-2026-dicas-para-economizar-com-comida-e-bebida-no-evento\/#primaryimage","url":"https:\/\/www.correiobraziliense.com.br\/aqui\/wp-content\/uploads\/2026\/09\/rock-in-rio_1788462295942.jpg","contentUrl":"https:\/\/www.correiobraziliense.com.br\/aqui\/wp-content\/uploads\/2026\/09\/rock-in-rio_1788462295942.jpg","width":1280,"height":720,"caption":"Cr\u00e9ditos: depositphotos.com \/ rafapress"},{"@type":"BreadcrumbList","@id":"https:\/\/www.correiobraziliense.com.br\/aqui\/2026\/09\/03\/rock-in-rio-2026-dicas-para-economizar-com-comida-e-bebida-no-evento\/#breadcrumb","itemListElement":[{"@type":"ListItem","position":1,"name":"In\u00edcio","item":"https:\/\/www.correiobraziliense.com.br\/aqui\/"},{"@type":"ListItem","position":2,"name":"Rock in Rio 2026: dicas para economizar com comida e bebida no evento"}]},{"@type":"WebSite","@id":"https:\/\/www.correiobraziliense.com.br\/aqui\/#website","url":"https:\/\/www.correiobraziliense.com.br\/aqui\/","name":"Correio Braziliense - Aqui","description":"O Correio Braziliense (CB) \u00e9 o mais importante canal de not\u00edcias de Bras\u00edlia. Aqui voc\u00ea encontra as \u00faltimas not\u00edcias do DF, do Brasil e do mundo.","potentialAction":[{"@type":"SearchAction","target":{"@type":"EntryPoint","urlTemplate":"https:\/\/www.correiobraziliense.com.br\/aqui\/?s={search_term_string}"},"query-input":{"@type":"PropertyValueSpecification","valueRequired":true,"valueName":"search_term_string"}}],"inLanguage":"pt-BR"},{"@type":"Person","@id":"https:\/\/www.correiobraziliense.com.br\/aqui\/#\/schema\/person\/5d6e4d99fecc86ab1a7ed1a0369afb65","name":"Lara","image":{"@type":"ImageObject","inLanguage":"pt-BR","@id":"https:\/\/www.correiobraziliense.com.br\/aqui\/#\/schema\/person\/image\/","url":"https:\/\/secure.gravatar.com\/avatar\/57056c5c343a6d8a6669688d3d2c04916d9d280b352b6e50e66a8d39b2517e00?s=96&d=mm&r=g","contentUrl":"https:\/\/secure.gravatar.com\/avatar\/57056c5c343a6d8a6669688d3d2c04916d9d280b352b6e50e66a8d39b2517e00?s=96&d=mm&r=g","caption":"Lara"},"url":"https:\/\/www.correiobraziliense.com.br\/aqui\/author\/laraaqui\/"}]}},"_links":{"self":[{"href":"https:\/\/www.correiobraziliense.com.br\/aqui\/wp-json\/wp\/v2\/posts\/38545","targetHints":{"allow":["GET"]}}],"collection":[{"href":"https:\/\/www.correiobraziliense.com.br\/aqui\/wp-json\/wp\/v2\/posts"}],"about":[{"href":"https:\/\/www.correiobraziliense.com.br\/aqui\/wp-json\/wp\/v2\/types\/post"}],"author":[{"embeddable":true,"href":"https:\/\/www.correiobraziliense.com.br\/aqui\/wp-json\/wp\/v2\/users\/8"}],"replies":[{"embeddable":true,"href":"https:\/\/www.correiobraziliense.com.br\/aqui\/wp-json\/wp\/v2\/comments?post=38545"}],"version-history":[{"count":1,"href":"https:\/\/www.correiobraziliense.com.br\/aqui\/wp-json\/wp\/v2\/posts\/38545\/revisions"}],"predecessor-version":[{"id":38547,"href":"https:\/\/www.correiobraziliense.com.br\/aqui\/wp-json\/wp\/v2\/posts\/38545\/revisions\/38547"}],"wp:featuredmedia":[{"embeddable":true,"href":"https:\/\/www.correiobraziliense.com.br\/aqui\/wp-json\/wp\/v2\/media\/38546"}],"wp:attachment":[{"href":"https:\/\/www.correiobraziliense.com.br\/aqui\/wp-json\/wp\/v2\/media?parent=38545"}],"wp:term":[{"taxonomy":"category","embeddable":true,"href":"https:\/\/www.correiobraziliense.com.br\/aqui\/wp-json\/wp\/v2\/categories?post=38545"},{"taxonomy":"post_tag","embeddable":true,"href":"https:\/\/www.correiobraziliense.com.br\/aqui\/wp-json\/wp\/v2\/tags?post=38545"}],"curies":[{"name":"wp","href":"https:\/\/api.w.org\/{rel}","templated":true}]}}