{"id":38552,"date":"2026-09-03T18:57:00","date_gmt":"2026-09-03T21:57:00","guid":{"rendered":"https:\/\/www.correiobraziliense.com.br\/aqui\/?p=38552"},"modified":"2026-09-03T16:27:14","modified_gmt":"2026-09-03T19:27:14","slug":"como-a-pericia-da-policia-federal-recupera-audios-e-dados-de-celulares","status":"publish","type":"post","link":"https:\/\/www.correiobraziliense.com.br\/aqui\/2026\/09\/03\/como-a-pericia-da-policia-federal-recupera-audios-e-dados-de-celulares\/","title":{"rendered":"Como a per\u00edcia da Pol\u00edcia Federal recupera \u00e1udios e dados de celulares"},"content":{"rendered":"\n<p>A recente divulga\u00e7\u00e3o de \u00e1udios atribu\u00eddos ao deputado federal Nikolas Ferreira pela Pol\u00edcia Federal levanta uma d\u00favida comum: como as autoridades conseguem recuperar dados, at\u00e9 mesmo os apagados, de um celular? A resposta est\u00e1 em tecnologias forenses avan\u00e7adas que transformam o aparelho em uma fonte rica de informa\u00e7\u00f5es para investiga\u00e7\u00f5es.<\/p>\n\n\n\n<p>Quando um arquivo, como uma mensagem de \u00e1udio ou uma foto, \u00e9 deletado do celular, ele n\u00e3o desaparece imediatamente. O sistema operacional apenas marca aquele espa\u00e7o de mem\u00f3ria como dispon\u00edvel para ser sobrescrito. Enquanto novos dados n\u00e3o ocupam esse lugar, o conte\u00fado original permanece latente e <a target=\"_blank\" rel=\"noreferrer noopener\" href=\"https:\/\/www.correiobraziliense.com.br\/politica\/2025\/08\/7231983-nao-adianta-apagar-saiba-como-a-pf-recupera-dados-dos-celulares-apreendidos.html\">pode ser recuperado<\/a>.<\/p>\n\n\n\n<p>Para acessar essas informa\u00e7\u00f5es, os peritos criminais utilizam <a target=\"_blank\" rel=\"noreferrer noopener\" href=\"https:\/\/www.correiobraziliense.com.br\/politica\/2026\/09\/7492493-vazamento-do-celular-de-vorcaro-entendacomo-funciona-a-pericia-em-mensagens.html\">softwares e hardwares forenses espec\u00edficos<\/a>. Esses equipamentos s\u00e3o capazes de realizar uma varredura profunda no armazenamento do dispositivo, identificando fragmentos de arquivos deletados e reconstruindo o conte\u00fado original sempre que poss\u00edvel.<\/p>\n\n\n\n<h2 class=\"wp-block-heading\">Como funciona a extra\u00e7\u00e3o de dados realizada pela Pol\u00edcia Federal?<\/h2>\n\n\n\n<p>O primeiro passo de uma per\u00edcia, ap\u00f3s a devida autoriza\u00e7\u00e3o judicial, \u00e9 isolar o celular de qualquer rede para evitar que os dados sejam apagados remotamente. Isso \u00e9 feito colocando o aparelho em modo avi\u00e3o ou dentro de um inv\u00f3lucro especial, conhecido como gaiola de Faraday, que bloqueia todos os sinais.<\/p>\n\n\n\n<p>Em seguida, os peritos criam uma c\u00f3pia exata de toda a mem\u00f3ria do dispositivo, um processo chamado de imagem forense. Essa c\u00f3pia garante que a an\u00e1lise seja feita sem alterar o conte\u00fado original, preservando a integridade da prova. \u00c9 nessa imagem que os softwares de recupera\u00e7\u00e3o atuam.<\/p>\n\n\n\n<p>No caso de aplicativos como o WhatsApp, que utilizam criptografia de ponta a ponta, a per\u00edcia foca nos bancos de dados armazenados no pr\u00f3prio aparelho. Uma vez que o celular \u00e9 legalmente acessado, os peritos conseguem extrair as chaves de criptografia locais e decodificar as mensagens, \u00e1udios e m\u00eddias salvas no dispositivo.<\/p>\n\n\n\n<h2 class=\"wp-block-heading\">O que pode ser recuperado<\/h2>\n\n\n\n<p>A capacidade de recupera\u00e7\u00e3o \u00e9 vasta e vai muito al\u00e9m de conversas. As ferramentas forenses podem extrair uma s\u00e9rie de informa\u00e7\u00f5es que ajudam a montar o quebra-cabe\u00e7a de uma investiga\u00e7\u00e3o. Entre os principais dados que podem ser resgatados est\u00e3o:<\/p>\n\n\n\n<ul class=\"wp-block-list\">\n<li>Mensagens de texto e de aplicativos (WhatsApp, Telegram, etc.), incluindo as apagadas.<\/li>\n\n\n\n<li>Registros de chamadas realizadas, recebidas e perdidas.<\/li>\n\n\n\n<li>Fotos e v\u00eddeos, mesmo que tenham sido removidos da galeria.<\/li>\n\n\n\n<li>Hist\u00f3rico de localiza\u00e7\u00e3o e dados de GPS.<\/li>\n\n\n\n<li>Contatos, e-mails e hist\u00f3rico de navega\u00e7\u00e3o na internet.<\/li>\n\n\n\n<li>Arquivos ocultos e senhas salvas.<\/li>\n<\/ul>\n\n\n\n<p>Todo o procedimento \u00e9 documentado rigorosamente para garantir a chamada cadeia de cust\u00f3dia da prova, assegurando que o material n\u00e3o foi adulterado. Dessa forma, os dados extra\u00eddos <a target=\"_blank\" rel=\"noreferrer noopener\" href=\"https:\/\/www.correiobraziliense.com.br\/direito-e-justica\/2025\/07\/7196332-stf-valida-uso-de-provas-obtidas-de-celular-no-local-do-crime-sem-ordem-judicial-efeitos-prospectivos-da-decisao.html\">ganham validade jur\u00eddica e podem ser utilizados como evid\u00eancias em processos criminais<\/a>.<\/p>\n","protected":false},"excerpt":{"rendered":"<p>Saiba como a Pol\u00edcia Federal utiliza tecnologias avan\u00e7adas para extrair mensagens e m\u00eddias do WhatsApp em investiga\u00e7\u00f5es jur\u00eddicas.<\/p>\n","protected":false},"author":8,"featured_media":38553,"comment_status":"open","ping_status":"open","sticky":false,"template":"","format":"standard","meta":{"jnews-multi-image_gallery":[],"jnews_single_post":{"format":"standard"},"jnews_primary_category":[],"jnews_social_meta":[],"jnews_override_counter":[],"footnotes":""},"categories":[244],"tags":[8343,8942,12550,12551,366,224,1800],"class_list":["post-38552","post","type-post","status-publish","format-standard","has-post-thumbnail","hentry","category-tecnologia-2","tag-pericia","tag-policia-federal-2","tag-recuperacao-de-audios","tag-recuperacao-de-dados","tag-smartphones","tag-tecnologia","tag-whatsapp"],"yoast_head":"<!-- This site is optimized with the Yoast SEO plugin v25.1 - https:\/\/yoast.com\/wordpress\/plugins\/seo\/ -->\n<title>Como a per\u00edcia da Pol\u00edcia Federal recupera \u00e1udios e dados de celulares - Correio Braziliense - Aqui<\/title>\n<meta name=\"description\" content=\"Saiba como a Pol\u00edcia Federal utiliza tecnologias avan\u00e7adas para extrair mensagens e m\u00eddias do WhatsApp em investiga\u00e7\u00f5es jur\u00eddicas.\" \/>\n<meta name=\"robots\" content=\"index, follow, max-snippet:-1, max-image-preview:large, max-video-preview:-1\" \/>\n<link rel=\"canonical\" href=\"https:\/\/www.correiobraziliense.com.br\/aqui\/2026\/09\/03\/como-a-pericia-da-policia-federal-recupera-audios-e-dados-de-celulares\/\" \/>\n<meta property=\"og:locale\" content=\"pt_BR\" \/>\n<meta property=\"og:type\" content=\"article\" \/>\n<meta property=\"og:title\" content=\"Como a per\u00edcia da Pol\u00edcia Federal recupera \u00e1udios e dados de celulares - Correio Braziliense - Aqui\" \/>\n<meta property=\"og:description\" content=\"Saiba como a Pol\u00edcia Federal utiliza tecnologias avan\u00e7adas para extrair mensagens e m\u00eddias do WhatsApp em investiga\u00e7\u00f5es jur\u00eddicas.\" \/>\n<meta property=\"og:url\" content=\"https:\/\/www.correiobraziliense.com.br\/aqui\/2026\/09\/03\/como-a-pericia-da-policia-federal-recupera-audios-e-dados-de-celulares\/\" \/>\n<meta property=\"og:site_name\" content=\"Correio Braziliense - Aqui\" \/>\n<meta property=\"article:published_time\" content=\"2026-09-03T21:57:00+00:00\" \/>\n<meta property=\"og:image\" content=\"https:\/\/www.correiobraziliense.com.br\/aqui\/wp-content\/uploads\/2026\/09\/recuperacao-de-dados-celular_1788463202016.jpg\" \/>\n\t<meta property=\"og:image:width\" content=\"1280\" \/>\n\t<meta property=\"og:image:height\" content=\"720\" \/>\n\t<meta property=\"og:image:type\" content=\"image\/jpeg\" \/>\n<meta name=\"author\" content=\"Lara\" \/>\n<meta name=\"twitter:card\" content=\"summary_large_image\" \/>\n<meta name=\"twitter:label1\" content=\"Escrito por\" \/>\n\t<meta name=\"twitter:data1\" content=\"Lara\" \/>\n\t<meta name=\"twitter:label2\" content=\"Est. tempo de leitura\" \/>\n\t<meta name=\"twitter:data2\" content=\"3 minutos\" \/>\n<!-- \/ Yoast SEO plugin. -->","yoast_head_json":{"title":"Como a per\u00edcia da Pol\u00edcia Federal recupera \u00e1udios e dados de celulares - Correio Braziliense - Aqui","description":"Saiba como a Pol\u00edcia Federal utiliza tecnologias avan\u00e7adas para extrair mensagens e m\u00eddias do WhatsApp em investiga\u00e7\u00f5es jur\u00eddicas.","robots":{"index":"index","follow":"follow","max-snippet":"max-snippet:-1","max-image-preview":"max-image-preview:large","max-video-preview":"max-video-preview:-1"},"canonical":"https:\/\/www.correiobraziliense.com.br\/aqui\/2026\/09\/03\/como-a-pericia-da-policia-federal-recupera-audios-e-dados-de-celulares\/","og_locale":"pt_BR","og_type":"article","og_title":"Como a per\u00edcia da Pol\u00edcia Federal recupera \u00e1udios e dados de celulares - Correio Braziliense - Aqui","og_description":"Saiba como a Pol\u00edcia Federal utiliza tecnologias avan\u00e7adas para extrair mensagens e m\u00eddias do WhatsApp em investiga\u00e7\u00f5es jur\u00eddicas.","og_url":"https:\/\/www.correiobraziliense.com.br\/aqui\/2026\/09\/03\/como-a-pericia-da-policia-federal-recupera-audios-e-dados-de-celulares\/","og_site_name":"Correio Braziliense - Aqui","article_published_time":"2026-09-03T21:57:00+00:00","og_image":[{"width":1280,"height":720,"url":"https:\/\/www.correiobraziliense.com.br\/aqui\/wp-content\/uploads\/2026\/09\/recuperacao-de-dados-celular_1788463202016.jpg","type":"image\/jpeg"}],"author":"Lara","twitter_card":"summary_large_image","twitter_misc":{"Escrito por":"Lara","Est. tempo de leitura":"3 minutos"},"schema":{"@context":"https:\/\/schema.org","@graph":[{"@type":"WebPage","@id":"https:\/\/www.correiobraziliense.com.br\/aqui\/2026\/09\/03\/como-a-pericia-da-policia-federal-recupera-audios-e-dados-de-celulares\/","url":"https:\/\/www.correiobraziliense.com.br\/aqui\/2026\/09\/03\/como-a-pericia-da-policia-federal-recupera-audios-e-dados-de-celulares\/","name":"Como a per\u00edcia da Pol\u00edcia Federal recupera \u00e1udios e dados de celulares - Correio Braziliense - Aqui","isPartOf":{"@id":"https:\/\/www.correiobraziliense.com.br\/aqui\/#website"},"primaryImageOfPage":{"@id":"https:\/\/www.correiobraziliense.com.br\/aqui\/2026\/09\/03\/como-a-pericia-da-policia-federal-recupera-audios-e-dados-de-celulares\/#primaryimage"},"image":{"@id":"https:\/\/www.correiobraziliense.com.br\/aqui\/2026\/09\/03\/como-a-pericia-da-policia-federal-recupera-audios-e-dados-de-celulares\/#primaryimage"},"thumbnailUrl":"https:\/\/www.correiobraziliense.com.br\/aqui\/wp-content\/uploads\/2026\/09\/recuperacao-de-dados-celular_1788463202016.jpg","datePublished":"2026-09-03T21:57:00+00:00","author":{"@id":"https:\/\/www.correiobraziliense.com.br\/aqui\/#\/schema\/person\/5d6e4d99fecc86ab1a7ed1a0369afb65"},"description":"Saiba como a Pol\u00edcia Federal utiliza tecnologias avan\u00e7adas para extrair mensagens e m\u00eddias do WhatsApp em investiga\u00e7\u00f5es jur\u00eddicas.","breadcrumb":{"@id":"https:\/\/www.correiobraziliense.com.br\/aqui\/2026\/09\/03\/como-a-pericia-da-policia-federal-recupera-audios-e-dados-de-celulares\/#breadcrumb"},"inLanguage":"pt-BR","potentialAction":[{"@type":"ReadAction","target":["https:\/\/www.correiobraziliense.com.br\/aqui\/2026\/09\/03\/como-a-pericia-da-policia-federal-recupera-audios-e-dados-de-celulares\/"]}]},{"@type":"ImageObject","inLanguage":"pt-BR","@id":"https:\/\/www.correiobraziliense.com.br\/aqui\/2026\/09\/03\/como-a-pericia-da-policia-federal-recupera-audios-e-dados-de-celulares\/#primaryimage","url":"https:\/\/www.correiobraziliense.com.br\/aqui\/wp-content\/uploads\/2026\/09\/recuperacao-de-dados-celular_1788463202016.jpg","contentUrl":"https:\/\/www.correiobraziliense.com.br\/aqui\/wp-content\/uploads\/2026\/09\/recuperacao-de-dados-celular_1788463202016.jpg","width":1280,"height":720,"caption":"Cr\u00e9ditos: depositphotos.com \/ aoo8449"},{"@type":"BreadcrumbList","@id":"https:\/\/www.correiobraziliense.com.br\/aqui\/2026\/09\/03\/como-a-pericia-da-policia-federal-recupera-audios-e-dados-de-celulares\/#breadcrumb","itemListElement":[{"@type":"ListItem","position":1,"name":"In\u00edcio","item":"https:\/\/www.correiobraziliense.com.br\/aqui\/"},{"@type":"ListItem","position":2,"name":"Como a per\u00edcia da Pol\u00edcia Federal recupera \u00e1udios e dados de celulares"}]},{"@type":"WebSite","@id":"https:\/\/www.correiobraziliense.com.br\/aqui\/#website","url":"https:\/\/www.correiobraziliense.com.br\/aqui\/","name":"Correio Braziliense - Aqui","description":"O Correio Braziliense (CB) \u00e9 o mais importante canal de not\u00edcias de Bras\u00edlia. Aqui voc\u00ea encontra as \u00faltimas not\u00edcias do DF, do Brasil e do mundo.","potentialAction":[{"@type":"SearchAction","target":{"@type":"EntryPoint","urlTemplate":"https:\/\/www.correiobraziliense.com.br\/aqui\/?s={search_term_string}"},"query-input":{"@type":"PropertyValueSpecification","valueRequired":true,"valueName":"search_term_string"}}],"inLanguage":"pt-BR"},{"@type":"Person","@id":"https:\/\/www.correiobraziliense.com.br\/aqui\/#\/schema\/person\/5d6e4d99fecc86ab1a7ed1a0369afb65","name":"Lara","image":{"@type":"ImageObject","inLanguage":"pt-BR","@id":"https:\/\/www.correiobraziliense.com.br\/aqui\/#\/schema\/person\/image\/","url":"https:\/\/secure.gravatar.com\/avatar\/57056c5c343a6d8a6669688d3d2c04916d9d280b352b6e50e66a8d39b2517e00?s=96&d=mm&r=g","contentUrl":"https:\/\/secure.gravatar.com\/avatar\/57056c5c343a6d8a6669688d3d2c04916d9d280b352b6e50e66a8d39b2517e00?s=96&d=mm&r=g","caption":"Lara"},"url":"https:\/\/www.correiobraziliense.com.br\/aqui\/author\/laraaqui\/"}]}},"_links":{"self":[{"href":"https:\/\/www.correiobraziliense.com.br\/aqui\/wp-json\/wp\/v2\/posts\/38552","targetHints":{"allow":["GET"]}}],"collection":[{"href":"https:\/\/www.correiobraziliense.com.br\/aqui\/wp-json\/wp\/v2\/posts"}],"about":[{"href":"https:\/\/www.correiobraziliense.com.br\/aqui\/wp-json\/wp\/v2\/types\/post"}],"author":[{"embeddable":true,"href":"https:\/\/www.correiobraziliense.com.br\/aqui\/wp-json\/wp\/v2\/users\/8"}],"replies":[{"embeddable":true,"href":"https:\/\/www.correiobraziliense.com.br\/aqui\/wp-json\/wp\/v2\/comments?post=38552"}],"version-history":[{"count":1,"href":"https:\/\/www.correiobraziliense.com.br\/aqui\/wp-json\/wp\/v2\/posts\/38552\/revisions"}],"predecessor-version":[{"id":38554,"href":"https:\/\/www.correiobraziliense.com.br\/aqui\/wp-json\/wp\/v2\/posts\/38552\/revisions\/38554"}],"wp:featuredmedia":[{"embeddable":true,"href":"https:\/\/www.correiobraziliense.com.br\/aqui\/wp-json\/wp\/v2\/media\/38553"}],"wp:attachment":[{"href":"https:\/\/www.correiobraziliense.com.br\/aqui\/wp-json\/wp\/v2\/media?parent=38552"}],"wp:term":[{"taxonomy":"category","embeddable":true,"href":"https:\/\/www.correiobraziliense.com.br\/aqui\/wp-json\/wp\/v2\/categories?post=38552"},{"taxonomy":"post_tag","embeddable":true,"href":"https:\/\/www.correiobraziliense.com.br\/aqui\/wp-json\/wp\/v2\/tags?post=38552"}],"curies":[{"name":"wp","href":"https:\/\/api.w.org\/{rel}","templated":true}]}}