{"id":38567,"date":"2026-09-04T08:15:00","date_gmt":"2026-09-04T11:15:00","guid":{"rendered":"https:\/\/www.correiobraziliense.com.br\/aqui\/?p=38567"},"modified":"2026-09-04T00:00:13","modified_gmt":"2026-09-04T03:00:13","slug":"veja-os-direitos-do-passageiro-em-caso-de-cancelamento-de-voo","status":"publish","type":"post","link":"https:\/\/www.correiobraziliense.com.br\/aqui\/2026\/09\/04\/veja-os-direitos-do-passageiro-em-caso-de-cancelamento-de-voo\/","title":{"rendered":"Veja os direitos do passageiro em caso de cancelamento de voo"},"content":{"rendered":"\n<p>A recente notifica\u00e7\u00e3o da Ucr\u00e2nia \u00e0 Organiza\u00e7\u00e3o Internacional de Avia\u00e7\u00e3o Civil (ICAO) alertando que o espa\u00e7o a\u00e9reo russo n\u00e3o \u00e9 seguro devido \u00e0 atividade militar levanta quest\u00f5es para passageiros com viagens internacionais. A decis\u00e3o de alterar ou cancelar um voo \u00e0s companhias a\u00e9reas e, diante desse cen\u00e1rio, \u00e9 fundamental conhecer os <a href=\"https:\/\/www.correiobraziliense.com.br\/direito-e-justica\/2025\/10\/7281730-direitos-do-passageiro-o-que-a-lei-garante-em-caso-de-problemas-com-voos.html\" target=\"_blank\" rel=\"noreferrer noopener\">direitos do viajante<\/a> para evitar preju\u00edzos.<\/p>\n\n\n\n<p>Quando um voo \u00e9 <a target=\"_blank\" rel=\"noreferrer noopener\" href=\"https:\/\/www.correiobraziliense.com.br\/cidades-df\/2026\/01\/7320589-meu-voo-foi-cancelado-e-agora-veja-o-que-fazer.html\">cancelado por decis\u00e3o da companhia a\u00e9rea<\/a>, mesmo que por fatores externos como alertas de seguran\u00e7a em espa\u00e7os a\u00e9reos, o viajante fica amparado por regras claras da <a target=\"_blank\" rel=\"noreferrer noopener\" href=\"https:\/\/www.correiobraziliense.com.br\/turismo\/2025\/04\/7130418-voo-mais-seguro-aprenda-seus-direitos.html\">Ag\u00eancia Nacional de Avia\u00e7\u00e3o Civil (Anac)<\/a>. As op\u00e7\u00f5es devem ser oferecidas pela empresa e a escolha final \u00e9 sempre do passageiro.<\/p>\n\n\n\n<h2 class=\"wp-block-heading\">Reembolso integral<\/h2>\n\n\n\n<p>Se o voo for cancelado pela companhia a\u00e9rea, o passageiro tem direito ao reembolso integral do valor pago, incluindo a tarifa de embarque. A devolu\u00e7\u00e3o deve ser feita em at\u00e9 sete dias, contados a partir da solicita\u00e7\u00e3o do cliente.<\/p>\n\n\n\n<p>O valor ser\u00e1 creditado pelo mesmo meio de pagamento usado na compra. Se a passagem foi adquirida com milhas, elas devem ser devolvidas \u00e0 conta do passageiro sem custo, dentro do mesmo prazo.<\/p>\n\n\n\n<h2 class=\"wp-block-heading\">Reacomoda\u00e7\u00e3o ou rota alternativa<\/h2>\n\n\n\n<p>Outra op\u00e7\u00e3o \u00e9 a reacomoda\u00e7\u00e3o em outro voo. A companhia deve oferecer, sem custo adicional, um lugar no pr\u00f3ximo voo dispon\u00edvel da pr\u00f3pria empresa para o mesmo destino. Caso n\u00e3o haja voo pr\u00f3prio em um hor\u00e1rio conveniente, a empresa pode reacomodar o passageiro em um voo de outra companhia, se houver assentos dispon\u00edveis.<\/p>\n\n\n\n<p>O passageiro tamb\u00e9m pode optar por remarcar a viagem para uma nova data e hor\u00e1rio de sua prefer\u00eancia, sem pagar nenhuma taxa extra pela altera\u00e7\u00e3o. A escolha \u00e9 do cliente e n\u00e3o pode ser imposta pela empresa.<\/p>\n\n\n\n<h2 class=\"wp-block-heading\">Direitos a assist\u00eancia no aeroporto<\/h2>\n\n\n\n<p>Al\u00e9m das op\u00e7\u00f5es de reembolso ou reacomoda\u00e7\u00e3o, a empresa a\u00e9rea deve prestar <a target=\"_blank\" rel=\"noreferrer noopener\" href=\"https:\/\/www.correiobraziliense.com.br\/brasil\/2026\/08\/7478324-voo-atrasado-quando-o-passageiro-tem-direito-a-indenizacao.html\">assist\u00eancia material gratuita ao passageiro<\/a> no aeroporto. Os direitos variam conforme o tempo de espera:<\/p>\n\n\n\n<ul class=\"wp-block-list\">\n<li><strong>A partir de 1 hora:<\/strong> a companhia deve oferecer meios de comunica\u00e7\u00e3o, como acesso \u00e0 internet e telefone.<\/li>\n\n\n\n<li><strong>A partir de 2 horas:<\/strong> a empresa deve fornecer alimenta\u00e7\u00e3o, por meio de vouchers, lanches e bebidas.<\/li>\n\n\n\n<li><strong>A partir de 4 horas:<\/strong> se houver pernoite no aeroporto, a companhia deve arcar com hospedagem e transporte de ida e volta. Caso o passageiro esteja em sua cidade de domic\u00edlio, a empresa pode oferecer apenas o transporte para sua resid\u00eancia e de volta ao aeroporto.<\/li>\n<\/ul>\n","protected":false},"excerpt":{"rendered":"<p>Saiba o que fazer se o seu voo internacional for cancelado ou alterado; veja regras completas de reembolso e reacomoda\u00e7\u00e3o para viajantes<\/p>\n","protected":false},"author":10,"featured_media":27372,"comment_status":"open","ping_status":"open","sticky":false,"template":"","format":"standard","meta":{"jnews-multi-image_gallery":[],"jnews_single_post":{"format":"standard"},"jnews_primary_category":[],"jnews_social_meta":[],"jnews_override_counter":[],"footnotes":""},"categories":[148],"tags":[146,10308],"class_list":["post-38567","post","type-post","status-publish","format-standard","has-post-thumbnail","hentry","category-turismo","tag-turismo","tag-voo-cancelado"],"yoast_head":"<!-- This site is optimized with the Yoast SEO plugin v25.1 - https:\/\/yoast.com\/wordpress\/plugins\/seo\/ -->\n<title>Veja os direitos do passageiro em caso de cancelamento de voo - Correio Braziliense - Aqui<\/title>\n<meta name=\"description\" content=\"Saiba o que fazer se o seu voo internacional for cancelado ou alterado; veja regras completas de reembolso e reacomoda\u00e7\u00e3o para viajantes\" \/>\n<meta name=\"robots\" content=\"index, follow, max-snippet:-1, max-image-preview:large, max-video-preview:-1\" \/>\n<link rel=\"canonical\" href=\"https:\/\/www.correiobraziliense.com.br\/aqui\/2026\/09\/04\/veja-os-direitos-do-passageiro-em-caso-de-cancelamento-de-voo\/\" \/>\n<meta property=\"og:locale\" content=\"pt_BR\" \/>\n<meta property=\"og:type\" content=\"article\" \/>\n<meta property=\"og:title\" content=\"Veja os direitos do passageiro em caso de cancelamento de voo - Correio Braziliense - Aqui\" \/>\n<meta property=\"og:description\" content=\"Saiba o que fazer se o seu voo internacional for cancelado ou alterado; veja regras completas de reembolso e reacomoda\u00e7\u00e3o para viajantes\" \/>\n<meta property=\"og:url\" content=\"https:\/\/www.correiobraziliense.com.br\/aqui\/2026\/09\/04\/veja-os-direitos-do-passageiro-em-caso-de-cancelamento-de-voo\/\" \/>\n<meta property=\"og:site_name\" content=\"Correio Braziliense - Aqui\" \/>\n<meta property=\"article:published_time\" content=\"2026-09-04T11:15:00+00:00\" \/>\n<meta property=\"og:image\" content=\"https:\/\/www.correiobraziliense.com.br\/aqui\/wp-content\/uploads\/2026\/04\/biometria-aeroporto_1776339447326.jpg\" \/>\n\t<meta property=\"og:image:width\" content=\"1280\" \/>\n\t<meta property=\"og:image:height\" content=\"720\" \/>\n\t<meta property=\"og:image:type\" content=\"image\/jpeg\" \/>\n<meta name=\"author\" content=\"Larissa\" \/>\n<meta name=\"twitter:card\" content=\"summary_large_image\" \/>\n<meta name=\"twitter:label1\" content=\"Escrito por\" \/>\n\t<meta name=\"twitter:data1\" content=\"Larissa\" \/>\n\t<meta name=\"twitter:label2\" content=\"Est. tempo de leitura\" \/>\n\t<meta name=\"twitter:data2\" content=\"3 minutos\" \/>\n<!-- \/ Yoast SEO plugin. -->","yoast_head_json":{"title":"Veja os direitos do passageiro em caso de cancelamento de voo - Correio Braziliense - Aqui","description":"Saiba o que fazer se o seu voo internacional for cancelado ou alterado; veja regras completas de reembolso e reacomoda\u00e7\u00e3o para viajantes","robots":{"index":"index","follow":"follow","max-snippet":"max-snippet:-1","max-image-preview":"max-image-preview:large","max-video-preview":"max-video-preview:-1"},"canonical":"https:\/\/www.correiobraziliense.com.br\/aqui\/2026\/09\/04\/veja-os-direitos-do-passageiro-em-caso-de-cancelamento-de-voo\/","og_locale":"pt_BR","og_type":"article","og_title":"Veja os direitos do passageiro em caso de cancelamento de voo - Correio Braziliense - Aqui","og_description":"Saiba o que fazer se o seu voo internacional for cancelado ou alterado; veja regras completas de reembolso e reacomoda\u00e7\u00e3o para viajantes","og_url":"https:\/\/www.correiobraziliense.com.br\/aqui\/2026\/09\/04\/veja-os-direitos-do-passageiro-em-caso-de-cancelamento-de-voo\/","og_site_name":"Correio Braziliense - Aqui","article_published_time":"2026-09-04T11:15:00+00:00","og_image":[{"width":1280,"height":720,"url":"https:\/\/www.correiobraziliense.com.br\/aqui\/wp-content\/uploads\/2026\/04\/biometria-aeroporto_1776339447326.jpg","type":"image\/jpeg"}],"author":"Larissa","twitter_card":"summary_large_image","twitter_misc":{"Escrito por":"Larissa","Est. tempo de leitura":"3 minutos"},"schema":{"@context":"https:\/\/schema.org","@graph":[{"@type":"WebPage","@id":"https:\/\/www.correiobraziliense.com.br\/aqui\/2026\/09\/04\/veja-os-direitos-do-passageiro-em-caso-de-cancelamento-de-voo\/","url":"https:\/\/www.correiobraziliense.com.br\/aqui\/2026\/09\/04\/veja-os-direitos-do-passageiro-em-caso-de-cancelamento-de-voo\/","name":"Veja os direitos do passageiro em caso de cancelamento de voo - Correio Braziliense - Aqui","isPartOf":{"@id":"https:\/\/www.correiobraziliense.com.br\/aqui\/#website"},"primaryImageOfPage":{"@id":"https:\/\/www.correiobraziliense.com.br\/aqui\/2026\/09\/04\/veja-os-direitos-do-passageiro-em-caso-de-cancelamento-de-voo\/#primaryimage"},"image":{"@id":"https:\/\/www.correiobraziliense.com.br\/aqui\/2026\/09\/04\/veja-os-direitos-do-passageiro-em-caso-de-cancelamento-de-voo\/#primaryimage"},"thumbnailUrl":"https:\/\/www.correiobraziliense.com.br\/aqui\/wp-content\/uploads\/2026\/04\/biometria-aeroporto_1776339447326.jpg","datePublished":"2026-09-04T11:15:00+00:00","author":{"@id":"https:\/\/www.correiobraziliense.com.br\/aqui\/#\/schema\/person\/775f50a8c1ac31704d56816e99b29041"},"description":"Saiba o que fazer se o seu voo internacional for cancelado ou alterado; veja regras completas de reembolso e reacomoda\u00e7\u00e3o para viajantes","breadcrumb":{"@id":"https:\/\/www.correiobraziliense.com.br\/aqui\/2026\/09\/04\/veja-os-direitos-do-passageiro-em-caso-de-cancelamento-de-voo\/#breadcrumb"},"inLanguage":"pt-BR","potentialAction":[{"@type":"ReadAction","target":["https:\/\/www.correiobraziliense.com.br\/aqui\/2026\/09\/04\/veja-os-direitos-do-passageiro-em-caso-de-cancelamento-de-voo\/"]}]},{"@type":"ImageObject","inLanguage":"pt-BR","@id":"https:\/\/www.correiobraziliense.com.br\/aqui\/2026\/09\/04\/veja-os-direitos-do-passageiro-em-caso-de-cancelamento-de-voo\/#primaryimage","url":"https:\/\/www.correiobraziliense.com.br\/aqui\/wp-content\/uploads\/2026\/04\/biometria-aeroporto_1776339447326.jpg","contentUrl":"https:\/\/www.correiobraziliense.com.br\/aqui\/wp-content\/uploads\/2026\/04\/biometria-aeroporto_1776339447326.jpg","width":1280,"height":720,"caption":"Cr\u00e9ditos: depositphotos.com \/ EvgeniyShkolenko"},{"@type":"BreadcrumbList","@id":"https:\/\/www.correiobraziliense.com.br\/aqui\/2026\/09\/04\/veja-os-direitos-do-passageiro-em-caso-de-cancelamento-de-voo\/#breadcrumb","itemListElement":[{"@type":"ListItem","position":1,"name":"In\u00edcio","item":"https:\/\/www.correiobraziliense.com.br\/aqui\/"},{"@type":"ListItem","position":2,"name":"Veja os direitos do passageiro em caso de cancelamento de voo"}]},{"@type":"WebSite","@id":"https:\/\/www.correiobraziliense.com.br\/aqui\/#website","url":"https:\/\/www.correiobraziliense.com.br\/aqui\/","name":"Correio Braziliense - Aqui","description":"O Correio Braziliense (CB) \u00e9 o mais importante canal de not\u00edcias de Bras\u00edlia. Aqui voc\u00ea encontra as \u00faltimas not\u00edcias do DF, do Brasil e do mundo.","potentialAction":[{"@type":"SearchAction","target":{"@type":"EntryPoint","urlTemplate":"https:\/\/www.correiobraziliense.com.br\/aqui\/?s={search_term_string}"},"query-input":{"@type":"PropertyValueSpecification","valueRequired":true,"valueName":"search_term_string"}}],"inLanguage":"pt-BR"},{"@type":"Person","@id":"https:\/\/www.correiobraziliense.com.br\/aqui\/#\/schema\/person\/775f50a8c1ac31704d56816e99b29041","name":"Larissa","image":{"@type":"ImageObject","inLanguage":"pt-BR","@id":"https:\/\/www.correiobraziliense.com.br\/aqui\/#\/schema\/person\/image\/","url":"https:\/\/secure.gravatar.com\/avatar\/62f5b2e99de671d075ab98e19f03c3c38c80a93f5d06f51075cf4431a4e76458?s=96&d=mm&r=g","contentUrl":"https:\/\/secure.gravatar.com\/avatar\/62f5b2e99de671d075ab98e19f03c3c38c80a93f5d06f51075cf4431a4e76458?s=96&d=mm&r=g","caption":"Larissa"},"url":"https:\/\/www.correiobraziliense.com.br\/aqui\/author\/larissaaqui\/"}]}},"_links":{"self":[{"href":"https:\/\/www.correiobraziliense.com.br\/aqui\/wp-json\/wp\/v2\/posts\/38567","targetHints":{"allow":["GET"]}}],"collection":[{"href":"https:\/\/www.correiobraziliense.com.br\/aqui\/wp-json\/wp\/v2\/posts"}],"about":[{"href":"https:\/\/www.correiobraziliense.com.br\/aqui\/wp-json\/wp\/v2\/types\/post"}],"author":[{"embeddable":true,"href":"https:\/\/www.correiobraziliense.com.br\/aqui\/wp-json\/wp\/v2\/users\/10"}],"replies":[{"embeddable":true,"href":"https:\/\/www.correiobraziliense.com.br\/aqui\/wp-json\/wp\/v2\/comments?post=38567"}],"version-history":[{"count":4,"href":"https:\/\/www.correiobraziliense.com.br\/aqui\/wp-json\/wp\/v2\/posts\/38567\/revisions"}],"predecessor-version":[{"id":38571,"href":"https:\/\/www.correiobraziliense.com.br\/aqui\/wp-json\/wp\/v2\/posts\/38567\/revisions\/38571"}],"wp:featuredmedia":[{"embeddable":true,"href":"https:\/\/www.correiobraziliense.com.br\/aqui\/wp-json\/wp\/v2\/media\/27372"}],"wp:attachment":[{"href":"https:\/\/www.correiobraziliense.com.br\/aqui\/wp-json\/wp\/v2\/media?parent=38567"}],"wp:term":[{"taxonomy":"category","embeddable":true,"href":"https:\/\/www.correiobraziliense.com.br\/aqui\/wp-json\/wp\/v2\/categories?post=38567"},{"taxonomy":"post_tag","embeddable":true,"href":"https:\/\/www.correiobraziliense.com.br\/aqui\/wp-json\/wp\/v2\/tags?post=38567"}],"curies":[{"name":"wp","href":"https:\/\/api.w.org\/{rel}","templated":true}]}}