{"id":38588,"date":"2026-09-04T10:20:00","date_gmt":"2026-09-04T13:20:00","guid":{"rendered":"https:\/\/www.correiobraziliense.com.br\/aqui\/?p=38588"},"modified":"2026-09-04T08:53:39","modified_gmt":"2026-09-04T11:53:39","slug":"o-impacto-do-burnout-na-rotina-de-jovens-estrelas","status":"publish","type":"post","link":"https:\/\/www.correiobraziliense.com.br\/aqui\/2026\/09\/04\/o-impacto-do-burnout-na-rotina-de-jovens-estrelas\/","title":{"rendered":"O impacto do burnout na rotina de jovens estrelas"},"content":{"rendered":"\n<p>A decis\u00e3o da atriz Zendaya de se afastar dos holofotes ao final de suas obriga\u00e7\u00f5es de divulga\u00e7\u00e3o em 2026 acendeu um alerta sobre um problema cada vez mais comum: o burnout. Aos 30 anos, no auge de uma carreira marcada por sucessos como \u201cDuna\u201d, \u201cHomem-Aranha\u201d e \u201cRivais\u201d, a estrela exp\u00f4s o cansa\u00e7o gerado por uma rotina de trabalho implac\u00e1vel, algo que reflete a realidade de muitos jovens profissionais.<\/p>\n\n\n\n<p>O caso joga luz sobre a <a target=\"_blank\" rel=\"noreferrer noopener\" href=\"https:\/\/www.correiobraziliense.com.br\/mundo\/2025\/04\/7125794-os-sinais-de-alerta-de-burnout-que-voce-nao-deve-ignorar.html\">s\u00edndrome de burnout, ou esgotamento profissional<\/a>, um estado de exaust\u00e3o f\u00edsica, emocional e mental causado pelo estresse cr\u00f4nico no ambiente de trabalho. Embora o exemplo venha de Hollywood, o problema n\u00e3o se restringe a celebridades e atinge pessoas em diversas \u00e1reas, especialmente aquelas submetidas a alta press\u00e3o por resultados.<\/p>\n\n\n\n<p><a target=\"_blank\" rel=\"noreferrer noopener\" href=\"https:\/\/www.correiobraziliense.com.br\/revista-do-correio\/2026\/08\/7486992-setembro-amarelo-nas-empresas-como-identificar-e-conter-o-burnout.html\">Reconhecer os sinais do esgotamento<\/a> \u00e9 o primeiro passo para evitar que a situa\u00e7\u00e3o se agrave. A condi\u00e7\u00e3o se manifesta de forma gradual e pode ser confundida com cansa\u00e7o comum no in\u00edcio. Por isso, \u00e9 fundamental prestar aten\u00e7\u00e3o \u00e0s mudan\u00e7as de comportamento e \u00e0s sensa\u00e7\u00f5es f\u00edsicas.<\/p>\n\n\n\n<h2 class=\"wp-block-heading\">Sinais de alerta do burnout<\/h2>\n\n\n\n<p>O quadro de burnout geralmente se desenvolve a partir da combina\u00e7\u00e3o de alguns sintomas-chave que afetam o dia a dia. A sensa\u00e7\u00e3o de esgotamento de energia \u00e9 o principal deles, tornando dif\u00edceis at\u00e9 mesmo as tarefas mais simples da rotina.<\/p>\n\n\n\n<p>Outro indicador importante \u00e9 o aumento do distanciamento mental do pr\u00f3prio trabalho, acompanhado por sentimentos de negativismo ou cinismo em rela\u00e7\u00e3o \u00e0s atividades profissionais. A pessoa pode se sentir ap\u00e1tica e desmotivada com responsabilidades que antes considerava importantes.<\/p>\n\n\n\n<p>A queda na efic\u00e1cia profissional tamb\u00e9m \u00e9 um sintoma claro. Dificuldade de concentra\u00e7\u00e3o, esquecimentos frequentes e uma percep\u00e7\u00e3o de que n\u00e3o se est\u00e1 mais entregando um bom desempenho s\u00e3o comuns. Al\u00e9m disso, podem surgir sintomas f\u00edsicos, como dores de cabe\u00e7a, problemas gastrointestinais e ins\u00f4nia.<\/p>\n\n\n\n<h2 class=\"wp-block-heading\">Como equilibrar produtividade e bem-estar<\/h2>\n\n\n\n<p>Prevenir o burnout exige uma abordagem proativa para gerenciar o estresse e criar um equil\u00edbrio saud\u00e1vel entre a carreira e a vida pessoal. O primeiro passo \u00e9 <a target=\"_blank\" rel=\"noreferrer noopener\" href=\"https:\/\/www.correiobraziliense.com.br\/mundo\/2025\/12\/7308415-as-tres-palavras-que-vao-te-ajudar-a-impor-limites-no-trabalho.html\">estabelecer limites claros<\/a>, definindo hor\u00e1rios espec\u00edficos para come\u00e7ar e terminar o trabalho, evitando levar tarefas para casa.<\/p>\n\n\n\n<p>Fazer pausas regulares durante o dia \u00e9 essencial para recarregar as energias. Momentos de descanso, mesmo que curtos, ajudam a melhorar o foco e a reduzir a sobrecarga mental. Priorizar o autocuidado, com uma rotina de sono adequada, alimenta\u00e7\u00e3o balanceada e a pr\u00e1tica de atividades f\u00edsicas, fortalece o corpo e a mente.<\/p>\n\n\n\n<p>Aprender a dizer \u201cn\u00e3o\u201d a novas tarefas quando j\u00e1 se est\u00e1 sobrecarregado \u00e9 outra habilidade crucial. Manter hobbies e atividades de lazer que n\u00e3o tenham rela\u00e7\u00e3o com o trabalho ajuda a criar uma v\u00e1lvula de escape e a renovar a perspectiva sobre a vida.<\/p>\n\n\n\n<p>A gest\u00e3o da energia, e n\u00e3o apenas do tempo, surge como uma habilidade fundamental para construir uma carreira longa e sustent\u00e1vel. Reconhecer a necessidade de uma pausa, como fez Zendaya, \u00e9 um ato de autopreserva\u00e7\u00e3o e um exemplo da import\u00e2ncia de colocar a sa\u00fade mental em primeiro lugar.<\/p>\n","protected":false},"excerpt":{"rendered":"<p>Psic\u00f3logos explicam os sinais de exaust\u00e3o extrema motivada pelo excesso de trabalho e como equilibrar a produtividade com a sa\u00fade mental di\u00e1ria<\/p>\n","protected":false},"author":10,"featured_media":38592,"comment_status":"open","ping_status":"open","sticky":false,"template":"","format":"standard","meta":{"jnews-multi-image_gallery":[],"jnews_single_post":{"format":"standard"},"jnews_primary_category":[],"jnews_social_meta":[],"jnews_override_counter":[],"footnotes":""},"categories":[123],"tags":[953,141],"class_list":["post-38588","post","type-post","status-publish","format-standard","has-post-thumbnail","hentry","category-saude","tag-burnout","tag-saude"],"yoast_head":"<!-- This site is optimized with the Yoast SEO plugin v25.1 - https:\/\/yoast.com\/wordpress\/plugins\/seo\/ -->\n<title>O impacto do burnout na rotina de jovens estrelas - Correio Braziliense - Aqui<\/title>\n<meta name=\"description\" content=\"Burnout: psic\u00f3logos explicam os sinais de exaust\u00e3o extrema motivada pelo excesso de trabalho e como equilibrar produtividade e sa\u00fade mental\" \/>\n<meta name=\"robots\" content=\"index, follow, max-snippet:-1, max-image-preview:large, max-video-preview:-1\" \/>\n<link rel=\"canonical\" href=\"https:\/\/www.correiobraziliense.com.br\/aqui\/2026\/09\/04\/o-impacto-do-burnout-na-rotina-de-jovens-estrelas\/\" \/>\n<meta property=\"og:locale\" content=\"pt_BR\" \/>\n<meta property=\"og:type\" content=\"article\" \/>\n<meta property=\"og:title\" content=\"O impacto do burnout na rotina de jovens estrelas - Correio Braziliense - Aqui\" \/>\n<meta property=\"og:description\" content=\"Burnout: psic\u00f3logos explicam os sinais de exaust\u00e3o extrema motivada pelo excesso de trabalho e como equilibrar produtividade e sa\u00fade mental\" \/>\n<meta property=\"og:url\" content=\"https:\/\/www.correiobraziliense.com.br\/aqui\/2026\/09\/04\/o-impacto-do-burnout-na-rotina-de-jovens-estrelas\/\" \/>\n<meta property=\"og:site_name\" content=\"Correio Braziliense - Aqui\" \/>\n<meta property=\"article:published_time\" content=\"2026-09-04T13:20:00+00:00\" \/>\n<meta property=\"og:image\" content=\"https:\/\/www.correiobraziliense.com.br\/aqui\/wp-content\/uploads\/2026\/09\/burnout_1788522755646.jpg\" \/>\n\t<meta property=\"og:image:width\" content=\"1280\" \/>\n\t<meta property=\"og:image:height\" content=\"720\" \/>\n\t<meta property=\"og:image:type\" content=\"image\/jpeg\" \/>\n<meta name=\"author\" content=\"Larissa\" \/>\n<meta name=\"twitter:card\" content=\"summary_large_image\" \/>\n<meta name=\"twitter:label1\" content=\"Escrito por\" \/>\n\t<meta name=\"twitter:data1\" content=\"Larissa\" \/>\n\t<meta name=\"twitter:label2\" content=\"Est. tempo de leitura\" \/>\n\t<meta name=\"twitter:data2\" content=\"3 minutos\" \/>\n<!-- \/ Yoast SEO plugin. -->","yoast_head_json":{"title":"O impacto do burnout na rotina de jovens estrelas - Correio Braziliense - Aqui","description":"Burnout: psic\u00f3logos explicam os sinais de exaust\u00e3o extrema motivada pelo excesso de trabalho e como equilibrar produtividade e sa\u00fade mental","robots":{"index":"index","follow":"follow","max-snippet":"max-snippet:-1","max-image-preview":"max-image-preview:large","max-video-preview":"max-video-preview:-1"},"canonical":"https:\/\/www.correiobraziliense.com.br\/aqui\/2026\/09\/04\/o-impacto-do-burnout-na-rotina-de-jovens-estrelas\/","og_locale":"pt_BR","og_type":"article","og_title":"O impacto do burnout na rotina de jovens estrelas - Correio Braziliense - Aqui","og_description":"Burnout: psic\u00f3logos explicam os sinais de exaust\u00e3o extrema motivada pelo excesso de trabalho e como equilibrar produtividade e sa\u00fade mental","og_url":"https:\/\/www.correiobraziliense.com.br\/aqui\/2026\/09\/04\/o-impacto-do-burnout-na-rotina-de-jovens-estrelas\/","og_site_name":"Correio Braziliense - Aqui","article_published_time":"2026-09-04T13:20:00+00:00","og_image":[{"width":1280,"height":720,"url":"https:\/\/www.correiobraziliense.com.br\/aqui\/wp-content\/uploads\/2026\/09\/burnout_1788522755646.jpg","type":"image\/jpeg"}],"author":"Larissa","twitter_card":"summary_large_image","twitter_misc":{"Escrito por":"Larissa","Est. tempo de leitura":"3 minutos"},"schema":{"@context":"https:\/\/schema.org","@graph":[{"@type":"WebPage","@id":"https:\/\/www.correiobraziliense.com.br\/aqui\/2026\/09\/04\/o-impacto-do-burnout-na-rotina-de-jovens-estrelas\/","url":"https:\/\/www.correiobraziliense.com.br\/aqui\/2026\/09\/04\/o-impacto-do-burnout-na-rotina-de-jovens-estrelas\/","name":"O impacto do burnout na rotina de jovens estrelas - Correio Braziliense - Aqui","isPartOf":{"@id":"https:\/\/www.correiobraziliense.com.br\/aqui\/#website"},"primaryImageOfPage":{"@id":"https:\/\/www.correiobraziliense.com.br\/aqui\/2026\/09\/04\/o-impacto-do-burnout-na-rotina-de-jovens-estrelas\/#primaryimage"},"image":{"@id":"https:\/\/www.correiobraziliense.com.br\/aqui\/2026\/09\/04\/o-impacto-do-burnout-na-rotina-de-jovens-estrelas\/#primaryimage"},"thumbnailUrl":"https:\/\/www.correiobraziliense.com.br\/aqui\/wp-content\/uploads\/2026\/09\/burnout_1788522755646.jpg","datePublished":"2026-09-04T13:20:00+00:00","author":{"@id":"https:\/\/www.correiobraziliense.com.br\/aqui\/#\/schema\/person\/775f50a8c1ac31704d56816e99b29041"},"description":"Burnout: psic\u00f3logos explicam os sinais de exaust\u00e3o extrema motivada pelo excesso de trabalho e como equilibrar produtividade e sa\u00fade mental","breadcrumb":{"@id":"https:\/\/www.correiobraziliense.com.br\/aqui\/2026\/09\/04\/o-impacto-do-burnout-na-rotina-de-jovens-estrelas\/#breadcrumb"},"inLanguage":"pt-BR","potentialAction":[{"@type":"ReadAction","target":["https:\/\/www.correiobraziliense.com.br\/aqui\/2026\/09\/04\/o-impacto-do-burnout-na-rotina-de-jovens-estrelas\/"]}]},{"@type":"ImageObject","inLanguage":"pt-BR","@id":"https:\/\/www.correiobraziliense.com.br\/aqui\/2026\/09\/04\/o-impacto-do-burnout-na-rotina-de-jovens-estrelas\/#primaryimage","url":"https:\/\/www.correiobraziliense.com.br\/aqui\/wp-content\/uploads\/2026\/09\/burnout_1788522755646.jpg","contentUrl":"https:\/\/www.correiobraziliense.com.br\/aqui\/wp-content\/uploads\/2026\/09\/burnout_1788522755646.jpg","width":1280,"height":720,"caption":"Cr\u00e9ditos: depositphotos.com \/ Fokussiert"},{"@type":"BreadcrumbList","@id":"https:\/\/www.correiobraziliense.com.br\/aqui\/2026\/09\/04\/o-impacto-do-burnout-na-rotina-de-jovens-estrelas\/#breadcrumb","itemListElement":[{"@type":"ListItem","position":1,"name":"In\u00edcio","item":"https:\/\/www.correiobraziliense.com.br\/aqui\/"},{"@type":"ListItem","position":2,"name":"O impacto do burnout na rotina de jovens estrelas"}]},{"@type":"WebSite","@id":"https:\/\/www.correiobraziliense.com.br\/aqui\/#website","url":"https:\/\/www.correiobraziliense.com.br\/aqui\/","name":"Correio Braziliense - Aqui","description":"O Correio Braziliense (CB) \u00e9 o mais importante canal de not\u00edcias de Bras\u00edlia. Aqui voc\u00ea encontra as \u00faltimas not\u00edcias do DF, do Brasil e do mundo.","potentialAction":[{"@type":"SearchAction","target":{"@type":"EntryPoint","urlTemplate":"https:\/\/www.correiobraziliense.com.br\/aqui\/?s={search_term_string}"},"query-input":{"@type":"PropertyValueSpecification","valueRequired":true,"valueName":"search_term_string"}}],"inLanguage":"pt-BR"},{"@type":"Person","@id":"https:\/\/www.correiobraziliense.com.br\/aqui\/#\/schema\/person\/775f50a8c1ac31704d56816e99b29041","name":"Larissa","image":{"@type":"ImageObject","inLanguage":"pt-BR","@id":"https:\/\/www.correiobraziliense.com.br\/aqui\/#\/schema\/person\/image\/","url":"https:\/\/secure.gravatar.com\/avatar\/62f5b2e99de671d075ab98e19f03c3c38c80a93f5d06f51075cf4431a4e76458?s=96&d=mm&r=g","contentUrl":"https:\/\/secure.gravatar.com\/avatar\/62f5b2e99de671d075ab98e19f03c3c38c80a93f5d06f51075cf4431a4e76458?s=96&d=mm&r=g","caption":"Larissa"},"url":"https:\/\/www.correiobraziliense.com.br\/aqui\/author\/larissaaqui\/"}]}},"_links":{"self":[{"href":"https:\/\/www.correiobraziliense.com.br\/aqui\/wp-json\/wp\/v2\/posts\/38588","targetHints":{"allow":["GET"]}}],"collection":[{"href":"https:\/\/www.correiobraziliense.com.br\/aqui\/wp-json\/wp\/v2\/posts"}],"about":[{"href":"https:\/\/www.correiobraziliense.com.br\/aqui\/wp-json\/wp\/v2\/types\/post"}],"author":[{"embeddable":true,"href":"https:\/\/www.correiobraziliense.com.br\/aqui\/wp-json\/wp\/v2\/users\/10"}],"replies":[{"embeddable":true,"href":"https:\/\/www.correiobraziliense.com.br\/aqui\/wp-json\/wp\/v2\/comments?post=38588"}],"version-history":[{"count":3,"href":"https:\/\/www.correiobraziliense.com.br\/aqui\/wp-json\/wp\/v2\/posts\/38588\/revisions"}],"predecessor-version":[{"id":38591,"href":"https:\/\/www.correiobraziliense.com.br\/aqui\/wp-json\/wp\/v2\/posts\/38588\/revisions\/38591"}],"wp:featuredmedia":[{"embeddable":true,"href":"https:\/\/www.correiobraziliense.com.br\/aqui\/wp-json\/wp\/v2\/media\/38592"}],"wp:attachment":[{"href":"https:\/\/www.correiobraziliense.com.br\/aqui\/wp-json\/wp\/v2\/media?parent=38588"}],"wp:term":[{"taxonomy":"category","embeddable":true,"href":"https:\/\/www.correiobraziliense.com.br\/aqui\/wp-json\/wp\/v2\/categories?post=38588"},{"taxonomy":"post_tag","embeddable":true,"href":"https:\/\/www.correiobraziliense.com.br\/aqui\/wp-json\/wp\/v2\/tags?post=38588"}],"curies":[{"name":"wp","href":"https:\/\/api.w.org\/{rel}","templated":true}]}}