{"id":38593,"date":"2026-09-04T10:48:00","date_gmt":"2026-09-04T13:48:00","guid":{"rendered":"https:\/\/www.correiobraziliense.com.br\/aqui\/?p=38593"},"modified":"2026-09-04T09:01:09","modified_gmt":"2026-09-04T12:01:09","slug":"como-funciona-programa-de-protecao-a-testemunhas-no-combate-a-fraude","status":"publish","type":"post","link":"https:\/\/www.correiobraziliense.com.br\/aqui\/2026\/09\/04\/como-funciona-programa-de-protecao-a-testemunhas-no-combate-a-fraude\/","title":{"rendered":"Como funciona programa de prote\u00e7\u00e3o a testemunhas no combate \u00e0 fraude"},"content":{"rendered":"\n<p>Amea\u00e7as sofridas por colaboradores em grandes investiga\u00e7\u00f5es, como as que apuram fraudes no sistema financeiro, colocam em evid\u00eancia um mecanismo crucial para a Justi\u00e7a: o programa de prote\u00e7\u00e3o a testemunhas. Gerenciado em uma parceria entre o governo federal e os estados, com execu\u00e7\u00e3o via conv\u00eanios, ele oferece um conjunto de medidas para garantir a seguran\u00e7a de quem presta depoimentos decisivos em investiga\u00e7\u00f5es criminais de qualquer esfera.<\/p>\n\n\n\n<p>O objetivo central \u00e9 claro: proteger a vida e a integridade f\u00edsica de v\u00edtimas, testemunhas ou r\u00e9us colaboradores que se encontram em situa\u00e7\u00e3o de risco iminente. Ao assegurar que essas pessoas possam falar sem medo de repres\u00e1lias, o programa se torna uma ferramenta fundamental para o combate ao <a target=\"_blank\" rel=\"noreferrer noopener\" href=\"https:\/\/www.correiobraziliense.com.br\/brasil\/2025\/12\/7316534-hackers-sao-presos-por-fraudar-sistema-para-beneficiar-o-cv.html\">crime organizado e \u00e0 corrup\u00e7\u00e3o<\/a>.<\/p>\n\n\n\n<h2 class=\"wp-block-heading\">Quem pode solicitar a prote\u00e7\u00e3o?<\/h2>\n\n\n\n<p>Qualquer pessoa que esteja cooperando com uma <a target=\"_blank\" rel=\"noreferrer noopener\" href=\"https:\/\/www.correiobraziliense.com.br\/opiniao\/2026\/01\/7336315-adesao-ameaca-novo-protocolo-de-reconhecimento.html\">investiga\u00e7\u00e3o ou processo criminal<\/a> e sofra <a target=\"_blank\" rel=\"noreferrer noopener\" href=\"https:\/\/www.correiobraziliense.com.br\/politica\/2025\/11\/7286767-vice-da-cpmi-do-inss-diz-ter-sido-ameacado-para-interromper-investigacoes-e-pede-escolta.html\">grave amea\u00e7a<\/a> pode ser inclu\u00edda. Isso vale para v\u00edtimas, testemunhas e at\u00e9 mesmo para r\u00e9us que firmaram acordos de colabora\u00e7\u00e3o premiada. A condi\u00e7\u00e3o \u00e9 que a amea\u00e7a seja real e diretamente ligada \u00e0 sua participa\u00e7\u00e3o no processo.<\/p>\n\n\n\n<p>O pedido de inclus\u00e3o pode ser feito pela pr\u00f3pria pessoa, por seu <a target=\"_blank\" rel=\"noreferrer noopener\" href=\"https:\/\/www.correiobraziliense.com.br\/direito-e-justica\/2025\/10\/7270676-visao-do-direito-em-defesa-do-sigilo-cliente-advogado.html\">advogado<\/a>, por um representante do Minist\u00e9rio P\u00fablico, pela autoridade policial respons\u00e1vel pelo caso, pelo juiz competente ou por \u00f3rg\u00e3os p\u00fablicos com atribui\u00e7\u00f5es de defesa dos direitos humanos. A solicita\u00e7\u00e3o \u00e9 ent\u00e3o analisada por um conselho, que avalia a gravidade do risco e a import\u00e2ncia do depoimento para a investiga\u00e7\u00e3o.<\/p>\n\n\n\n<h2 class=\"wp-block-heading\">Quais s\u00e3o as medidas de seguran\u00e7a?<\/h2>\n\n\n\n<ul class=\"wp-block-list\">\n<li><strong>Mudan\u00e7a de identidade:<\/strong> altera\u00e7\u00e3o do nome, filia\u00e7\u00e3o e outros dados nos documentos civis, sendo esta a medida mais extrema e rara.<\/li>\n\n\n\n<li><strong>Transfer\u00eancia de resid\u00eancia:<\/strong> a pessoa e seus familiares pr\u00f3ximos s\u00e3o realocados para um local seguro e sigiloso, que pode ser em outra cidade ou estado.<\/li>\n\n\n\n<li><strong>Escolta policial:<\/strong> acompanhamento por agentes de seguran\u00e7a em deslocamentos necess\u00e1rios.<\/li>\n\n\n\n<li><strong>Aux\u00edlio financeiro:<\/strong> um suporte mensal tempor\u00e1rio para cobrir despesas b\u00e1sicas de moradia e alimenta\u00e7\u00e3o, j\u00e1 que a pessoa protegida muitas vezes precisa abandonar seu emprego e rotina.<\/li>\n\n\n\n<li><strong>Apoio psicossocial:<\/strong> acompanhamento psicol\u00f3gico para lidar com o estresse e a press\u00e3o da nova realidade.<\/li>\n\n\n\n<li><strong>Ajuda para reinser\u00e7\u00e3o profissional:<\/strong> suporte para que a pessoa possa recome\u00e7ar sua vida profissional em seguran\u00e7a.<\/li>\n<\/ul>\n\n\n\n<p>O tempo de perman\u00eancia no programa varia conforme a persist\u00eancia da situa\u00e7\u00e3o de risco e a complexidade do caso. A prote\u00e7\u00e3o \u00e9 encerrada quando a amea\u00e7a cessa ou se a pessoa descumpre as regras de seguran\u00e7a estabelecidas no acordo de prote\u00e7\u00e3o.<\/p>\n","protected":false},"excerpt":{"rendered":"<p>Entenda como funciona o sistema que garante a seguran\u00e7a de pessoas que prestam depoimentos decisivos em investiga\u00e7\u00f5es criminais<\/p>\n","protected":false},"author":10,"featured_media":38596,"comment_status":"open","ping_status":"open","sticky":false,"template":"","format":"standard","meta":{"jnews-multi-image_gallery":[],"jnews_single_post":{"format":"standard"},"jnews_primary_category":[],"jnews_social_meta":[],"jnews_override_counter":[],"footnotes":""},"categories":[154],"tags":[157,12554],"class_list":["post-38593","post","type-post","status-publish","format-standard","has-post-thumbnail","hentry","category-brasil","tag-brasil","tag-protecao-a-testemunhas"],"yoast_head":"<!-- This site is optimized with the Yoast SEO plugin v25.1 - https:\/\/yoast.com\/wordpress\/plugins\/seo\/ -->\n<title>Como funciona programa de prote\u00e7\u00e3o a testemunhas no combate \u00e0 fraude - Correio Braziliense - Aqui<\/title>\n<meta name=\"description\" content=\"Entenda como funciona o sistema que garante prote\u00e7\u00e3o de testemunhas que prestam depoimentos decisivos em investiga\u00e7\u00f5es criminais\" \/>\n<meta name=\"robots\" content=\"index, follow, max-snippet:-1, max-image-preview:large, max-video-preview:-1\" \/>\n<link rel=\"canonical\" href=\"https:\/\/www.correiobraziliense.com.br\/aqui\/2026\/09\/04\/como-funciona-programa-de-protecao-a-testemunhas-no-combate-a-fraude\/\" \/>\n<meta property=\"og:locale\" content=\"pt_BR\" \/>\n<meta property=\"og:type\" content=\"article\" \/>\n<meta property=\"og:title\" content=\"Como funciona programa de prote\u00e7\u00e3o a testemunhas no combate \u00e0 fraude - Correio Braziliense - Aqui\" \/>\n<meta property=\"og:description\" content=\"Entenda como funciona o sistema que garante prote\u00e7\u00e3o de testemunhas que prestam depoimentos decisivos em investiga\u00e7\u00f5es criminais\" \/>\n<meta property=\"og:url\" content=\"https:\/\/www.correiobraziliense.com.br\/aqui\/2026\/09\/04\/como-funciona-programa-de-protecao-a-testemunhas-no-combate-a-fraude\/\" \/>\n<meta property=\"og:site_name\" content=\"Correio Braziliense - Aqui\" \/>\n<meta property=\"article:published_time\" content=\"2026-09-04T13:48:00+00:00\" \/>\n<meta property=\"og:image\" content=\"https:\/\/www.correiobraziliense.com.br\/aqui\/wp-content\/uploads\/2026\/09\/homem-protegido_1788523144043.jpg\" \/>\n\t<meta property=\"og:image:width\" content=\"1280\" \/>\n\t<meta property=\"og:image:height\" content=\"720\" \/>\n\t<meta property=\"og:image:type\" content=\"image\/jpeg\" \/>\n<meta name=\"author\" content=\"Larissa\" \/>\n<meta name=\"twitter:card\" content=\"summary_large_image\" \/>\n<meta name=\"twitter:label1\" content=\"Escrito por\" \/>\n\t<meta name=\"twitter:data1\" content=\"Larissa\" \/>\n\t<meta name=\"twitter:label2\" content=\"Est. tempo de leitura\" \/>\n\t<meta name=\"twitter:data2\" content=\"3 minutos\" \/>\n<!-- \/ Yoast SEO plugin. -->","yoast_head_json":{"title":"Como funciona programa de prote\u00e7\u00e3o a testemunhas no combate \u00e0 fraude - Correio Braziliense - Aqui","description":"Entenda como funciona o sistema que garante prote\u00e7\u00e3o de testemunhas que prestam depoimentos decisivos em investiga\u00e7\u00f5es criminais","robots":{"index":"index","follow":"follow","max-snippet":"max-snippet:-1","max-image-preview":"max-image-preview:large","max-video-preview":"max-video-preview:-1"},"canonical":"https:\/\/www.correiobraziliense.com.br\/aqui\/2026\/09\/04\/como-funciona-programa-de-protecao-a-testemunhas-no-combate-a-fraude\/","og_locale":"pt_BR","og_type":"article","og_title":"Como funciona programa de prote\u00e7\u00e3o a testemunhas no combate \u00e0 fraude - Correio Braziliense - Aqui","og_description":"Entenda como funciona o sistema que garante prote\u00e7\u00e3o de testemunhas que prestam depoimentos decisivos em investiga\u00e7\u00f5es criminais","og_url":"https:\/\/www.correiobraziliense.com.br\/aqui\/2026\/09\/04\/como-funciona-programa-de-protecao-a-testemunhas-no-combate-a-fraude\/","og_site_name":"Correio Braziliense - Aqui","article_published_time":"2026-09-04T13:48:00+00:00","og_image":[{"width":1280,"height":720,"url":"https:\/\/www.correiobraziliense.com.br\/aqui\/wp-content\/uploads\/2026\/09\/homem-protegido_1788523144043.jpg","type":"image\/jpeg"}],"author":"Larissa","twitter_card":"summary_large_image","twitter_misc":{"Escrito por":"Larissa","Est. tempo de leitura":"3 minutos"},"schema":{"@context":"https:\/\/schema.org","@graph":[{"@type":"WebPage","@id":"https:\/\/www.correiobraziliense.com.br\/aqui\/2026\/09\/04\/como-funciona-programa-de-protecao-a-testemunhas-no-combate-a-fraude\/","url":"https:\/\/www.correiobraziliense.com.br\/aqui\/2026\/09\/04\/como-funciona-programa-de-protecao-a-testemunhas-no-combate-a-fraude\/","name":"Como funciona programa de prote\u00e7\u00e3o a testemunhas no combate \u00e0 fraude - Correio Braziliense - Aqui","isPartOf":{"@id":"https:\/\/www.correiobraziliense.com.br\/aqui\/#website"},"primaryImageOfPage":{"@id":"https:\/\/www.correiobraziliense.com.br\/aqui\/2026\/09\/04\/como-funciona-programa-de-protecao-a-testemunhas-no-combate-a-fraude\/#primaryimage"},"image":{"@id":"https:\/\/www.correiobraziliense.com.br\/aqui\/2026\/09\/04\/como-funciona-programa-de-protecao-a-testemunhas-no-combate-a-fraude\/#primaryimage"},"thumbnailUrl":"https:\/\/www.correiobraziliense.com.br\/aqui\/wp-content\/uploads\/2026\/09\/homem-protegido_1788523144043.jpg","datePublished":"2026-09-04T13:48:00+00:00","author":{"@id":"https:\/\/www.correiobraziliense.com.br\/aqui\/#\/schema\/person\/775f50a8c1ac31704d56816e99b29041"},"description":"Entenda como funciona o sistema que garante prote\u00e7\u00e3o de testemunhas que prestam depoimentos decisivos em investiga\u00e7\u00f5es criminais","breadcrumb":{"@id":"https:\/\/www.correiobraziliense.com.br\/aqui\/2026\/09\/04\/como-funciona-programa-de-protecao-a-testemunhas-no-combate-a-fraude\/#breadcrumb"},"inLanguage":"pt-BR","potentialAction":[{"@type":"ReadAction","target":["https:\/\/www.correiobraziliense.com.br\/aqui\/2026\/09\/04\/como-funciona-programa-de-protecao-a-testemunhas-no-combate-a-fraude\/"]}]},{"@type":"ImageObject","inLanguage":"pt-BR","@id":"https:\/\/www.correiobraziliense.com.br\/aqui\/2026\/09\/04\/como-funciona-programa-de-protecao-a-testemunhas-no-combate-a-fraude\/#primaryimage","url":"https:\/\/www.correiobraziliense.com.br\/aqui\/wp-content\/uploads\/2026\/09\/homem-protegido_1788523144043.jpg","contentUrl":"https:\/\/www.correiobraziliense.com.br\/aqui\/wp-content\/uploads\/2026\/09\/homem-protegido_1788523144043.jpg","width":1280,"height":720,"caption":"Cr\u00e9ditos: depositphotos.com \/ alphaspirit"},{"@type":"BreadcrumbList","@id":"https:\/\/www.correiobraziliense.com.br\/aqui\/2026\/09\/04\/como-funciona-programa-de-protecao-a-testemunhas-no-combate-a-fraude\/#breadcrumb","itemListElement":[{"@type":"ListItem","position":1,"name":"In\u00edcio","item":"https:\/\/www.correiobraziliense.com.br\/aqui\/"},{"@type":"ListItem","position":2,"name":"Como funciona programa de prote\u00e7\u00e3o a testemunhas no combate \u00e0 fraude"}]},{"@type":"WebSite","@id":"https:\/\/www.correiobraziliense.com.br\/aqui\/#website","url":"https:\/\/www.correiobraziliense.com.br\/aqui\/","name":"Correio Braziliense - Aqui","description":"O Correio Braziliense (CB) \u00e9 o mais importante canal de not\u00edcias de Bras\u00edlia. Aqui voc\u00ea encontra as \u00faltimas not\u00edcias do DF, do Brasil e do mundo.","potentialAction":[{"@type":"SearchAction","target":{"@type":"EntryPoint","urlTemplate":"https:\/\/www.correiobraziliense.com.br\/aqui\/?s={search_term_string}"},"query-input":{"@type":"PropertyValueSpecification","valueRequired":true,"valueName":"search_term_string"}}],"inLanguage":"pt-BR"},{"@type":"Person","@id":"https:\/\/www.correiobraziliense.com.br\/aqui\/#\/schema\/person\/775f50a8c1ac31704d56816e99b29041","name":"Larissa","image":{"@type":"ImageObject","inLanguage":"pt-BR","@id":"https:\/\/www.correiobraziliense.com.br\/aqui\/#\/schema\/person\/image\/","url":"https:\/\/secure.gravatar.com\/avatar\/62f5b2e99de671d075ab98e19f03c3c38c80a93f5d06f51075cf4431a4e76458?s=96&d=mm&r=g","contentUrl":"https:\/\/secure.gravatar.com\/avatar\/62f5b2e99de671d075ab98e19f03c3c38c80a93f5d06f51075cf4431a4e76458?s=96&d=mm&r=g","caption":"Larissa"},"url":"https:\/\/www.correiobraziliense.com.br\/aqui\/author\/larissaaqui\/"}]}},"_links":{"self":[{"href":"https:\/\/www.correiobraziliense.com.br\/aqui\/wp-json\/wp\/v2\/posts\/38593","targetHints":{"allow":["GET"]}}],"collection":[{"href":"https:\/\/www.correiobraziliense.com.br\/aqui\/wp-json\/wp\/v2\/posts"}],"about":[{"href":"https:\/\/www.correiobraziliense.com.br\/aqui\/wp-json\/wp\/v2\/types\/post"}],"author":[{"embeddable":true,"href":"https:\/\/www.correiobraziliense.com.br\/aqui\/wp-json\/wp\/v2\/users\/10"}],"replies":[{"embeddable":true,"href":"https:\/\/www.correiobraziliense.com.br\/aqui\/wp-json\/wp\/v2\/comments?post=38593"}],"version-history":[{"count":2,"href":"https:\/\/www.correiobraziliense.com.br\/aqui\/wp-json\/wp\/v2\/posts\/38593\/revisions"}],"predecessor-version":[{"id":38595,"href":"https:\/\/www.correiobraziliense.com.br\/aqui\/wp-json\/wp\/v2\/posts\/38593\/revisions\/38595"}],"wp:featuredmedia":[{"embeddable":true,"href":"https:\/\/www.correiobraziliense.com.br\/aqui\/wp-json\/wp\/v2\/media\/38596"}],"wp:attachment":[{"href":"https:\/\/www.correiobraziliense.com.br\/aqui\/wp-json\/wp\/v2\/media?parent=38593"}],"wp:term":[{"taxonomy":"category","embeddable":true,"href":"https:\/\/www.correiobraziliense.com.br\/aqui\/wp-json\/wp\/v2\/categories?post=38593"},{"taxonomy":"post_tag","embeddable":true,"href":"https:\/\/www.correiobraziliense.com.br\/aqui\/wp-json\/wp\/v2\/tags?post=38593"}],"curies":[{"name":"wp","href":"https:\/\/api.w.org\/{rel}","templated":true}]}}