{"id":38597,"date":"2026-09-04T11:20:00","date_gmt":"2026-09-04T14:20:00","guid":{"rendered":"https:\/\/www.correiobraziliense.com.br\/aqui\/?p=38597"},"modified":"2026-09-04T09:06:42","modified_gmt":"2026-09-04T12:06:42","slug":"apagao-de-ia-o-impacto-global-quando-o-chatgpt-sai-do-ar","status":"publish","type":"post","link":"https:\/\/www.correiobraziliense.com.br\/aqui\/2026\/09\/04\/apagao-de-ia-o-impacto-global-quando-o-chatgpt-sai-do-ar\/","title":{"rendered":"Apag\u00e3o de IA: o impacto global quando o ChatGPT sai do ar"},"content":{"rendered":"\n<p>Uma falha global nos servidores do ChatGPT, registrada nesta quinta-feira (3), deixou a ferramenta de intelig\u00eancia artificial da OpenAI inst\u00e1vel e inacess\u00edvel para milhares de usu\u00e1rios. O problema, que tamb\u00e9m afetou simultaneamente outras plataformas como Claude e Grok, impactou o acesso, a gera\u00e7\u00e3o de respostas e o uso de recursos avan\u00e7ados. O epis\u00f3dio, cuja recupera\u00e7\u00e3o come\u00e7ou ap\u00f3s cerca de 30 minutos com normaliza\u00e7\u00e3o em algumas horas, exp\u00f4s a crescente depend\u00eancia de empresas e profissionais da tecnologia, transformando uma falha t\u00e9cnica em um freio de produtividade em escala mundial.<\/p>\n\n\n\n<p>Para muitas companhias, a intelig\u00eancia artificial generativa j\u00e1 foi integrada a processos essenciais do dia a dia. A <a target=\"_blank\" rel=\"noreferrer noopener\" href=\"https:\/\/www.correiobraziliense.com.br\/tecnologia\/2025\/06\/7169548-chatgpt-enfrenta-instabilidade-global-nesta-terca-feira-10-6.html\">interrup\u00e7\u00e3o s\u00fabita<\/a> paralisou fluxos de trabalho que antes eram manuais e demorados, evidenciando como a ferramenta se tornou um pilar operacional para equipes de diferentes portes e segmentos.<\/p>\n\n\n\n<p>Tarefas como a reda\u00e7\u00e3o de e-mails, a cria\u00e7\u00e3o de c\u00f3digos de programa\u00e7\u00e3o, a elabora\u00e7\u00e3o de campanhas de marketing e a sumariza\u00e7\u00e3o de documentos complexos foram diretamente impactadas. Profissionais que contavam com o assistente para acelerar suas entregas se viram obrigados a retomar m\u00e9todos tradicionais, o que resultou em atrasos e na readequa\u00e7\u00e3o de cronogramas.<\/p>\n\n\n\n<h2 class=\"wp-block-heading\">A nova vulnerabilidade corporativa<\/h2>\n\n\n\n<p>A ferramenta deixou de ser um aux\u00edlio pontual para se tornar parte da infraestrutura invis\u00edvel de muitas opera\u00e7\u00f5es. O apag\u00e3o representa n\u00e3o apenas um obst\u00e1culo moment\u00e2neo, mas um preju\u00edzo financeiro real, embora dif\u00edcil de calcular. Cada hora com o sistema fora do ar significou uma perda direta na capacidade produtiva de equipes que estruturaram suas rotinas em torno da IA.<\/p>\n\n\n\n<p>Essa depend\u00eancia revela um novo ponto de <a href=\"https:\/\/www.correiobraziliense.com.br\/economia\/2026\/08\/7472193-quando-a-ia-foge-do-controle-agentes-autonomos-expoem-riscos-de-seguranca.html\" target=\"_blank\" rel=\"noreferrer noopener\">vulnerabilidade para o mercado<\/a>. A centraliza\u00e7\u00e3o de tarefas cr\u00edticas em uma \u00fanica plataforma externa cria um risco estrat\u00e9gico. Diferente de uma queda de internet ou de energia, cuja solu\u00e7\u00e3o \u00e9 mais distribu\u00edda, a falha em um servi\u00e7o como o da OpenAI afeta simultaneamente empresas em todo o planeta, sem alternativas imediatas.<\/p>\n\n\n\n<p>Setores como marketing digital, desenvolvimento de software e atendimento ao cliente est\u00e3o entre os mais afetados. Ag\u00eancias que usam o ChatGPT para criar conte\u00fado em massa e desenvolvedores que o utilizam para depurar c\u00f3digos enfrentaram uma parada abrupta em suas atividades.<\/p>\n\n\n\n<p>A instabilidade do ChatGPT, que atingiu n\u00e3o apenas a OpenAI mas tamb\u00e9m concorrentes, acende um debate urgente sobre a diversifica\u00e7\u00e3o de ferramentas de IA e a cria\u00e7\u00e3o de planos de conting\u00eancia. Mais do que um problema isolado, o evento demonstrou uma <a href=\"https:\/\/www.correiobraziliense.com.br\/economia\/2025\/11\/7286895-hackedgpt-empresa-de-seguranca-cibernetica-detecta-falhas-na-4-versao-da-ia.html\" target=\"_blank\" rel=\"noreferrer noopener\">vulnerabilidade sist\u00eamica no ecossistema de intelig\u00eancia artificial<\/a>. A infraestrutura digital global ganhou uma nova e cr\u00edtica camada de complexidade, e sua fragilidade ficou evidente.<\/p>\n","protected":false},"excerpt":{"rendered":"<p>Entenda a depend\u00eancia digital corporativa em diversos pa\u00edses e os preju\u00edzos de produtividade causados pela queda de servidores da OpenAI<\/p>\n","protected":false},"author":10,"featured_media":38601,"comment_status":"open","ping_status":"open","sticky":false,"template":"","format":"standard","meta":{"jnews-multi-image_gallery":[],"jnews_single_post":{"format":"standard"},"jnews_primary_category":[],"jnews_social_meta":[],"jnews_override_counter":[],"footnotes":""},"categories":[244],"tags":[7971,221],"class_list":["post-38597","post","type-post","status-publish","format-standard","has-post-thumbnail","hentry","category-tecnologia-2","tag-chat-gpt","tag-inteligencia-artificial"],"yoast_head":"<!-- This site is optimized with the Yoast SEO plugin v25.1 - https:\/\/yoast.com\/wordpress\/plugins\/seo\/ -->\n<title>Apag\u00e3o de IA: o impacto global quando o ChatGPT sai do ar - Correio Braziliense - Aqui<\/title>\n<meta name=\"description\" content=\"Entenda a depend\u00eancia digital corporativa em diversos pa\u00edses e os preju\u00edzos de produtividade causados pela queda do ChatGPT\" \/>\n<meta name=\"robots\" content=\"index, follow, max-snippet:-1, max-image-preview:large, max-video-preview:-1\" \/>\n<link rel=\"canonical\" href=\"https:\/\/www.correiobraziliense.com.br\/aqui\/2026\/09\/04\/apagao-de-ia-o-impacto-global-quando-o-chatgpt-sai-do-ar\/\" \/>\n<meta property=\"og:locale\" content=\"pt_BR\" \/>\n<meta property=\"og:type\" content=\"article\" \/>\n<meta property=\"og:title\" content=\"Apag\u00e3o de IA: o impacto global quando o ChatGPT sai do ar - Correio Braziliense - Aqui\" \/>\n<meta property=\"og:description\" content=\"Entenda a depend\u00eancia digital corporativa em diversos pa\u00edses e os preju\u00edzos de produtividade causados pela queda do ChatGPT\" \/>\n<meta property=\"og:url\" content=\"https:\/\/www.correiobraziliense.com.br\/aqui\/2026\/09\/04\/apagao-de-ia-o-impacto-global-quando-o-chatgpt-sai-do-ar\/\" \/>\n<meta property=\"og:site_name\" content=\"Correio Braziliense - Aqui\" \/>\n<meta property=\"article:published_time\" content=\"2026-09-04T14:20:00+00:00\" \/>\n<meta property=\"og:image\" content=\"https:\/\/www.correiobraziliense.com.br\/aqui\/wp-content\/uploads\/2026\/09\/chat-gpt_1788523355655.jpg\" \/>\n\t<meta property=\"og:image:width\" content=\"1280\" \/>\n\t<meta property=\"og:image:height\" content=\"720\" \/>\n\t<meta property=\"og:image:type\" content=\"image\/jpeg\" \/>\n<meta name=\"author\" content=\"Larissa\" \/>\n<meta name=\"twitter:card\" content=\"summary_large_image\" \/>\n<meta name=\"twitter:label1\" content=\"Escrito por\" \/>\n\t<meta name=\"twitter:data1\" content=\"Larissa\" \/>\n\t<meta name=\"twitter:label2\" content=\"Est. tempo de leitura\" \/>\n\t<meta name=\"twitter:data2\" content=\"3 minutos\" \/>\n<!-- \/ Yoast SEO plugin. -->","yoast_head_json":{"title":"Apag\u00e3o de IA: o impacto global quando o ChatGPT sai do ar - Correio Braziliense - Aqui","description":"Entenda a depend\u00eancia digital corporativa em diversos pa\u00edses e os preju\u00edzos de produtividade causados pela queda do ChatGPT","robots":{"index":"index","follow":"follow","max-snippet":"max-snippet:-1","max-image-preview":"max-image-preview:large","max-video-preview":"max-video-preview:-1"},"canonical":"https:\/\/www.correiobraziliense.com.br\/aqui\/2026\/09\/04\/apagao-de-ia-o-impacto-global-quando-o-chatgpt-sai-do-ar\/","og_locale":"pt_BR","og_type":"article","og_title":"Apag\u00e3o de IA: o impacto global quando o ChatGPT sai do ar - Correio Braziliense - Aqui","og_description":"Entenda a depend\u00eancia digital corporativa em diversos pa\u00edses e os preju\u00edzos de produtividade causados pela queda do ChatGPT","og_url":"https:\/\/www.correiobraziliense.com.br\/aqui\/2026\/09\/04\/apagao-de-ia-o-impacto-global-quando-o-chatgpt-sai-do-ar\/","og_site_name":"Correio Braziliense - Aqui","article_published_time":"2026-09-04T14:20:00+00:00","og_image":[{"width":1280,"height":720,"url":"https:\/\/www.correiobraziliense.com.br\/aqui\/wp-content\/uploads\/2026\/09\/chat-gpt_1788523355655.jpg","type":"image\/jpeg"}],"author":"Larissa","twitter_card":"summary_large_image","twitter_misc":{"Escrito por":"Larissa","Est. tempo de leitura":"3 minutos"},"schema":{"@context":"https:\/\/schema.org","@graph":[{"@type":"WebPage","@id":"https:\/\/www.correiobraziliense.com.br\/aqui\/2026\/09\/04\/apagao-de-ia-o-impacto-global-quando-o-chatgpt-sai-do-ar\/","url":"https:\/\/www.correiobraziliense.com.br\/aqui\/2026\/09\/04\/apagao-de-ia-o-impacto-global-quando-o-chatgpt-sai-do-ar\/","name":"Apag\u00e3o de IA: o impacto global quando o ChatGPT sai do ar - Correio Braziliense - Aqui","isPartOf":{"@id":"https:\/\/www.correiobraziliense.com.br\/aqui\/#website"},"primaryImageOfPage":{"@id":"https:\/\/www.correiobraziliense.com.br\/aqui\/2026\/09\/04\/apagao-de-ia-o-impacto-global-quando-o-chatgpt-sai-do-ar\/#primaryimage"},"image":{"@id":"https:\/\/www.correiobraziliense.com.br\/aqui\/2026\/09\/04\/apagao-de-ia-o-impacto-global-quando-o-chatgpt-sai-do-ar\/#primaryimage"},"thumbnailUrl":"https:\/\/www.correiobraziliense.com.br\/aqui\/wp-content\/uploads\/2026\/09\/chat-gpt_1788523355655.jpg","datePublished":"2026-09-04T14:20:00+00:00","author":{"@id":"https:\/\/www.correiobraziliense.com.br\/aqui\/#\/schema\/person\/775f50a8c1ac31704d56816e99b29041"},"description":"Entenda a depend\u00eancia digital corporativa em diversos pa\u00edses e os preju\u00edzos de produtividade causados pela queda do ChatGPT","breadcrumb":{"@id":"https:\/\/www.correiobraziliense.com.br\/aqui\/2026\/09\/04\/apagao-de-ia-o-impacto-global-quando-o-chatgpt-sai-do-ar\/#breadcrumb"},"inLanguage":"pt-BR","potentialAction":[{"@type":"ReadAction","target":["https:\/\/www.correiobraziliense.com.br\/aqui\/2026\/09\/04\/apagao-de-ia-o-impacto-global-quando-o-chatgpt-sai-do-ar\/"]}]},{"@type":"ImageObject","inLanguage":"pt-BR","@id":"https:\/\/www.correiobraziliense.com.br\/aqui\/2026\/09\/04\/apagao-de-ia-o-impacto-global-quando-o-chatgpt-sai-do-ar\/#primaryimage","url":"https:\/\/www.correiobraziliense.com.br\/aqui\/wp-content\/uploads\/2026\/09\/chat-gpt_1788523355655.jpg","contentUrl":"https:\/\/www.correiobraziliense.com.br\/aqui\/wp-content\/uploads\/2026\/09\/chat-gpt_1788523355655.jpg","width":1280,"height":720,"caption":"Cr\u00e9ditos: depositphotos.com \/ dailly_creativity"},{"@type":"BreadcrumbList","@id":"https:\/\/www.correiobraziliense.com.br\/aqui\/2026\/09\/04\/apagao-de-ia-o-impacto-global-quando-o-chatgpt-sai-do-ar\/#breadcrumb","itemListElement":[{"@type":"ListItem","position":1,"name":"In\u00edcio","item":"https:\/\/www.correiobraziliense.com.br\/aqui\/"},{"@type":"ListItem","position":2,"name":"Apag\u00e3o de IA: o impacto global quando o ChatGPT sai do ar"}]},{"@type":"WebSite","@id":"https:\/\/www.correiobraziliense.com.br\/aqui\/#website","url":"https:\/\/www.correiobraziliense.com.br\/aqui\/","name":"Correio Braziliense - Aqui","description":"O Correio Braziliense (CB) \u00e9 o mais importante canal de not\u00edcias de Bras\u00edlia. Aqui voc\u00ea encontra as \u00faltimas not\u00edcias do DF, do Brasil e do mundo.","potentialAction":[{"@type":"SearchAction","target":{"@type":"EntryPoint","urlTemplate":"https:\/\/www.correiobraziliense.com.br\/aqui\/?s={search_term_string}"},"query-input":{"@type":"PropertyValueSpecification","valueRequired":true,"valueName":"search_term_string"}}],"inLanguage":"pt-BR"},{"@type":"Person","@id":"https:\/\/www.correiobraziliense.com.br\/aqui\/#\/schema\/person\/775f50a8c1ac31704d56816e99b29041","name":"Larissa","image":{"@type":"ImageObject","inLanguage":"pt-BR","@id":"https:\/\/www.correiobraziliense.com.br\/aqui\/#\/schema\/person\/image\/","url":"https:\/\/secure.gravatar.com\/avatar\/62f5b2e99de671d075ab98e19f03c3c38c80a93f5d06f51075cf4431a4e76458?s=96&d=mm&r=g","contentUrl":"https:\/\/secure.gravatar.com\/avatar\/62f5b2e99de671d075ab98e19f03c3c38c80a93f5d06f51075cf4431a4e76458?s=96&d=mm&r=g","caption":"Larissa"},"url":"https:\/\/www.correiobraziliense.com.br\/aqui\/author\/larissaaqui\/"}]}},"_links":{"self":[{"href":"https:\/\/www.correiobraziliense.com.br\/aqui\/wp-json\/wp\/v2\/posts\/38597","targetHints":{"allow":["GET"]}}],"collection":[{"href":"https:\/\/www.correiobraziliense.com.br\/aqui\/wp-json\/wp\/v2\/posts"}],"about":[{"href":"https:\/\/www.correiobraziliense.com.br\/aqui\/wp-json\/wp\/v2\/types\/post"}],"author":[{"embeddable":true,"href":"https:\/\/www.correiobraziliense.com.br\/aqui\/wp-json\/wp\/v2\/users\/10"}],"replies":[{"embeddable":true,"href":"https:\/\/www.correiobraziliense.com.br\/aqui\/wp-json\/wp\/v2\/comments?post=38597"}],"version-history":[{"count":5,"href":"https:\/\/www.correiobraziliense.com.br\/aqui\/wp-json\/wp\/v2\/posts\/38597\/revisions"}],"predecessor-version":[{"id":38603,"href":"https:\/\/www.correiobraziliense.com.br\/aqui\/wp-json\/wp\/v2\/posts\/38597\/revisions\/38603"}],"wp:featuredmedia":[{"embeddable":true,"href":"https:\/\/www.correiobraziliense.com.br\/aqui\/wp-json\/wp\/v2\/media\/38601"}],"wp:attachment":[{"href":"https:\/\/www.correiobraziliense.com.br\/aqui\/wp-json\/wp\/v2\/media?parent=38597"}],"wp:term":[{"taxonomy":"category","embeddable":true,"href":"https:\/\/www.correiobraziliense.com.br\/aqui\/wp-json\/wp\/v2\/categories?post=38597"},{"taxonomy":"post_tag","embeddable":true,"href":"https:\/\/www.correiobraziliense.com.br\/aqui\/wp-json\/wp\/v2\/tags?post=38597"}],"curies":[{"name":"wp","href":"https:\/\/api.w.org\/{rel}","templated":true}]}}