{"id":38611,"date":"2026-09-04T12:20:00","date_gmt":"2026-09-04T15:20:00","guid":{"rendered":"https:\/\/www.correiobraziliense.com.br\/aqui\/?p=38611"},"modified":"2026-09-04T09:18:46","modified_gmt":"2026-09-04T12:18:46","slug":"o-que-fazer-se-o-seu-cadunico-for-bloqueado-no-sistema","status":"publish","type":"post","link":"https:\/\/www.correiobraziliense.com.br\/aqui\/2026\/09\/04\/o-que-fazer-se-o-seu-cadunico-for-bloqueado-no-sistema\/","title":{"rendered":"O que fazer se o seu Cad\u00danico for bloqueado no sistema"},"content":{"rendered":"\n<p>O bloqueio de benef\u00edcios do Cadastro \u00danico (Cad\u00danico) tem gerado preocupa\u00e7\u00e3o em milhares de fam\u00edlias brasileiras. Se voc\u00ea teve seu aux\u00edlio suspenso e acredita que a decis\u00e3o foi injusta, saiba que existem caminhos para reverter a situa\u00e7\u00e3o. A medida ocorre em meio a um processo de revis\u00e3o cadastral do Governo Federal, que busca corrigir inconsist\u00eancias nos dados. Nesses casos, os pagamentos ficam suspensos, mas as fam\u00edlias t\u00eam um prazo para regularizar a situa\u00e7\u00e3o e evitar o cancelamento definitivo do benef\u00edcio.<\/p>\n\n\n\n<h3 class=\"wp-block-heading\">Como saber se seu cadastro est\u00e1 irregular?<\/h3>\n\n\n\n<p>Antes de tomar qualquer medida, verifique a situa\u00e7\u00e3o do seu cadastro. As fam\u00edlias podem consultar o status e se h\u00e1 pend\u00eancias por meio do aplicativo &#8220;Meu Cad\u00danico&#8221; ou no aplicativo do <a target=\"_blank\" rel=\"noreferrer noopener\" href=\"https:\/\/www.correiobraziliense.com.br\/brasil\/2026\/08\/7486763-cadastro-unico-suspenso-saiba-os-direitos-e-como-pedir-o-recurso.html\">Bolsa Fam\u00edlia<\/a>. Notifica\u00e7\u00f5es no extrato de pagamento tamb\u00e9m servem como um alerta para a necessidade de atualiza\u00e7\u00e3o.<\/p>\n\n\n\n<h2 class=\"wp-block-heading\">Como resolver administrativamente<\/h2>\n\n\n\n<p>O caminho inicial para quem teve o benef\u00edcio bloqueado \u00e9 procurar o Centro de Refer\u00eancia de Assist\u00eancia Social (CRAS) mais pr\u00f3ximo ou o setor respons\u00e1vel pelo Cad\u00danico em seu munic\u00edpio. A atualiza\u00e7\u00e3o cadastral presencial \u00e9 essencial para sanar qualquer d\u00favida do sistema e comprovar que sua fam\u00edlia ainda atende aos crit\u00e9rios do programa.<\/p>\n\n\n\n<p>Organize a seguinte documenta\u00e7\u00e3o para apresentar no atendimento:<\/p>\n\n\n\n<ul class=\"wp-block-list\">\n<li>Documento de identifica\u00e7\u00e3o com foto do respons\u00e1vel familiar (RG ou CNH);<\/li>\n\n\n\n<li>CPF de todos os membros da fam\u00edlia;<\/li>\n\n\n\n<li>Comprovante de resid\u00eancia atualizado (dos \u00faltimos tr\u00eas meses);<\/li>\n\n\n\n<li>Certid\u00e3o de nascimento ou casamento;<\/li>\n\n\n\n<li>Carteira de trabalho ou comprovante de renda de todos os integrantes da fam\u00edlia.<\/li>\n<\/ul>\n\n\n\n<p>No CRAS, um servidor ir\u00e1 analisar sua situa\u00e7\u00e3o, atualizar os dados no sistema e, se for o caso, iniciar o procedimento para reverter o bloqueio. Guarde o comprovante de atualiza\u00e7\u00e3o do cadastro. Ap\u00f3s a regulariza\u00e7\u00e3o, o desbloqueio pode levar algumas semanas para ser processado.<\/p>\n\n\n\n<h2 class=\"wp-block-heading\">Quando e como acionar a Justi\u00e7a<\/h2>\n\n\n\n<p>Se a tentativa de resolu\u00e7\u00e3o administrativa n\u00e3o funcionar ou se o benef\u00edcio for negado sem uma justificativa plaus\u00edvel, o pr\u00f3ximo passo \u00e9 buscar a via judicial. Para fam\u00edlias de baixa renda, o \u00f3rg\u00e3o indicado para oferecer assist\u00eancia jur\u00eddica gratuita \u00e9 a Defensoria P\u00fablica da Uni\u00e3o (DPU), pois programas como o Bolsa Fam\u00edlia s\u00e3o federais.<\/p>\n\n\n\n<p>Voc\u00ea pode procurar a unidade da DPU mais pr\u00f3xima para agendar um atendimento. \u00c9 importante levar todos os documentos pessoais, o comprovante da tentativa de resolu\u00e7\u00e3o no CRAS e qualquer outra prova que demonstre o erro no bloqueio. Um defensor p\u00fablico analisar\u00e1 o caso e, se entender que houve uma ilegalidade, poder\u00e1 entrar com uma a\u00e7\u00e3o judicial para garantir o restabelecimento do benef\u00edcio.<\/p>\n","protected":false},"excerpt":{"rendered":"<p>Cad\u00danico: veja as vias e administrativas para recorrer do corte indevido de aux\u00edlios sociais e como acionar a Defensoria P\u00fablica<\/p>\n","protected":false},"author":10,"featured_media":29236,"comment_status":"open","ping_status":"open","sticky":false,"template":"","format":"standard","meta":{"jnews-multi-image_gallery":[],"jnews_single_post":{"format":"standard"},"jnews_primary_category":[],"jnews_social_meta":[],"jnews_override_counter":[],"footnotes":""},"categories":[154],"tags":[157,8371],"class_list":["post-38611","post","type-post","status-publish","format-standard","has-post-thumbnail","hentry","category-brasil","tag-brasil","tag-cadunico-2"],"yoast_head":"<!-- This site is optimized with the Yoast SEO plugin v25.1 - https:\/\/yoast.com\/wordpress\/plugins\/seo\/ -->\n<title>O que fazer se o seu Cad\u00danico for bloqueado no sistema - Correio Braziliense - Aqui<\/title>\n<meta name=\"description\" content=\"Cad\u00danico: veja as vias e administrativas para recorrer do corte indevido de aux\u00edlios sociais e como acionar a Defensoria P\u00fablica\" \/>\n<meta name=\"robots\" content=\"index, follow, max-snippet:-1, max-image-preview:large, max-video-preview:-1\" \/>\n<link rel=\"canonical\" href=\"https:\/\/www.correiobraziliense.com.br\/aqui\/2026\/09\/04\/o-que-fazer-se-o-seu-cadunico-for-bloqueado-no-sistema\/\" \/>\n<meta property=\"og:locale\" content=\"pt_BR\" \/>\n<meta property=\"og:type\" content=\"article\" \/>\n<meta property=\"og:title\" content=\"O que fazer se o seu Cad\u00danico for bloqueado no sistema - Correio Braziliense - Aqui\" \/>\n<meta property=\"og:description\" content=\"Cad\u00danico: veja as vias e administrativas para recorrer do corte indevido de aux\u00edlios sociais e como acionar a Defensoria P\u00fablica\" \/>\n<meta property=\"og:url\" content=\"https:\/\/www.correiobraziliense.com.br\/aqui\/2026\/09\/04\/o-que-fazer-se-o-seu-cadunico-for-bloqueado-no-sistema\/\" \/>\n<meta property=\"og:site_name\" content=\"Correio Braziliense - Aqui\" \/>\n<meta property=\"article:published_time\" content=\"2026-09-04T15:20:00+00:00\" \/>\n<meta property=\"og:image\" content=\"https:\/\/www.correiobraziliense.com.br\/aqui\/wp-content\/uploads\/2026\/05\/CadUnico-app_1778583518115.jpg\" \/>\n\t<meta property=\"og:image:width\" content=\"1280\" \/>\n\t<meta property=\"og:image:height\" content=\"720\" \/>\n\t<meta property=\"og:image:type\" content=\"image\/jpeg\" \/>\n<meta name=\"author\" content=\"Larissa\" \/>\n<meta name=\"twitter:card\" content=\"summary_large_image\" \/>\n<meta name=\"twitter:label1\" content=\"Escrito por\" \/>\n\t<meta name=\"twitter:data1\" content=\"Larissa\" \/>\n\t<meta name=\"twitter:label2\" content=\"Est. tempo de leitura\" \/>\n\t<meta name=\"twitter:data2\" content=\"3 minutos\" \/>\n<!-- \/ Yoast SEO plugin. -->","yoast_head_json":{"title":"O que fazer se o seu Cad\u00danico for bloqueado no sistema - Correio Braziliense - Aqui","description":"Cad\u00danico: veja as vias e administrativas para recorrer do corte indevido de aux\u00edlios sociais e como acionar a Defensoria P\u00fablica","robots":{"index":"index","follow":"follow","max-snippet":"max-snippet:-1","max-image-preview":"max-image-preview:large","max-video-preview":"max-video-preview:-1"},"canonical":"https:\/\/www.correiobraziliense.com.br\/aqui\/2026\/09\/04\/o-que-fazer-se-o-seu-cadunico-for-bloqueado-no-sistema\/","og_locale":"pt_BR","og_type":"article","og_title":"O que fazer se o seu Cad\u00danico for bloqueado no sistema - Correio Braziliense - Aqui","og_description":"Cad\u00danico: veja as vias e administrativas para recorrer do corte indevido de aux\u00edlios sociais e como acionar a Defensoria P\u00fablica","og_url":"https:\/\/www.correiobraziliense.com.br\/aqui\/2026\/09\/04\/o-que-fazer-se-o-seu-cadunico-for-bloqueado-no-sistema\/","og_site_name":"Correio Braziliense - Aqui","article_published_time":"2026-09-04T15:20:00+00:00","og_image":[{"width":1280,"height":720,"url":"https:\/\/www.correiobraziliense.com.br\/aqui\/wp-content\/uploads\/2026\/05\/CadUnico-app_1778583518115.jpg","type":"image\/jpeg"}],"author":"Larissa","twitter_card":"summary_large_image","twitter_misc":{"Escrito por":"Larissa","Est. tempo de leitura":"3 minutos"},"schema":{"@context":"https:\/\/schema.org","@graph":[{"@type":"WebPage","@id":"https:\/\/www.correiobraziliense.com.br\/aqui\/2026\/09\/04\/o-que-fazer-se-o-seu-cadunico-for-bloqueado-no-sistema\/","url":"https:\/\/www.correiobraziliense.com.br\/aqui\/2026\/09\/04\/o-que-fazer-se-o-seu-cadunico-for-bloqueado-no-sistema\/","name":"O que fazer se o seu Cad\u00danico for bloqueado no sistema - Correio Braziliense - Aqui","isPartOf":{"@id":"https:\/\/www.correiobraziliense.com.br\/aqui\/#website"},"primaryImageOfPage":{"@id":"https:\/\/www.correiobraziliense.com.br\/aqui\/2026\/09\/04\/o-que-fazer-se-o-seu-cadunico-for-bloqueado-no-sistema\/#primaryimage"},"image":{"@id":"https:\/\/www.correiobraziliense.com.br\/aqui\/2026\/09\/04\/o-que-fazer-se-o-seu-cadunico-for-bloqueado-no-sistema\/#primaryimage"},"thumbnailUrl":"https:\/\/www.correiobraziliense.com.br\/aqui\/wp-content\/uploads\/2026\/05\/CadUnico-app_1778583518115.jpg","datePublished":"2026-09-04T15:20:00+00:00","author":{"@id":"https:\/\/www.correiobraziliense.com.br\/aqui\/#\/schema\/person\/775f50a8c1ac31704d56816e99b29041"},"description":"Cad\u00danico: veja as vias e administrativas para recorrer do corte indevido de aux\u00edlios sociais e como acionar a Defensoria P\u00fablica","breadcrumb":{"@id":"https:\/\/www.correiobraziliense.com.br\/aqui\/2026\/09\/04\/o-que-fazer-se-o-seu-cadunico-for-bloqueado-no-sistema\/#breadcrumb"},"inLanguage":"pt-BR","potentialAction":[{"@type":"ReadAction","target":["https:\/\/www.correiobraziliense.com.br\/aqui\/2026\/09\/04\/o-que-fazer-se-o-seu-cadunico-for-bloqueado-no-sistema\/"]}]},{"@type":"ImageObject","inLanguage":"pt-BR","@id":"https:\/\/www.correiobraziliense.com.br\/aqui\/2026\/09\/04\/o-que-fazer-se-o-seu-cadunico-for-bloqueado-no-sistema\/#primaryimage","url":"https:\/\/www.correiobraziliense.com.br\/aqui\/wp-content\/uploads\/2026\/05\/CadUnico-app_1778583518115.jpg","contentUrl":"https:\/\/www.correiobraziliense.com.br\/aqui\/wp-content\/uploads\/2026\/05\/CadUnico-app_1778583518115.jpg","width":1280,"height":720,"caption":"Cr\u00e9ditos: depositphotos.com \/ sidneydealmeida"},{"@type":"BreadcrumbList","@id":"https:\/\/www.correiobraziliense.com.br\/aqui\/2026\/09\/04\/o-que-fazer-se-o-seu-cadunico-for-bloqueado-no-sistema\/#breadcrumb","itemListElement":[{"@type":"ListItem","position":1,"name":"In\u00edcio","item":"https:\/\/www.correiobraziliense.com.br\/aqui\/"},{"@type":"ListItem","position":2,"name":"O que fazer se o seu Cad\u00danico for bloqueado no sistema"}]},{"@type":"WebSite","@id":"https:\/\/www.correiobraziliense.com.br\/aqui\/#website","url":"https:\/\/www.correiobraziliense.com.br\/aqui\/","name":"Correio Braziliense - Aqui","description":"O Correio Braziliense (CB) \u00e9 o mais importante canal de not\u00edcias de Bras\u00edlia. Aqui voc\u00ea encontra as \u00faltimas not\u00edcias do DF, do Brasil e do mundo.","potentialAction":[{"@type":"SearchAction","target":{"@type":"EntryPoint","urlTemplate":"https:\/\/www.correiobraziliense.com.br\/aqui\/?s={search_term_string}"},"query-input":{"@type":"PropertyValueSpecification","valueRequired":true,"valueName":"search_term_string"}}],"inLanguage":"pt-BR"},{"@type":"Person","@id":"https:\/\/www.correiobraziliense.com.br\/aqui\/#\/schema\/person\/775f50a8c1ac31704d56816e99b29041","name":"Larissa","image":{"@type":"ImageObject","inLanguage":"pt-BR","@id":"https:\/\/www.correiobraziliense.com.br\/aqui\/#\/schema\/person\/image\/","url":"https:\/\/secure.gravatar.com\/avatar\/62f5b2e99de671d075ab98e19f03c3c38c80a93f5d06f51075cf4431a4e76458?s=96&d=mm&r=g","contentUrl":"https:\/\/secure.gravatar.com\/avatar\/62f5b2e99de671d075ab98e19f03c3c38c80a93f5d06f51075cf4431a4e76458?s=96&d=mm&r=g","caption":"Larissa"},"url":"https:\/\/www.correiobraziliense.com.br\/aqui\/author\/larissaaqui\/"}]}},"_links":{"self":[{"href":"https:\/\/www.correiobraziliense.com.br\/aqui\/wp-json\/wp\/v2\/posts\/38611","targetHints":{"allow":["GET"]}}],"collection":[{"href":"https:\/\/www.correiobraziliense.com.br\/aqui\/wp-json\/wp\/v2\/posts"}],"about":[{"href":"https:\/\/www.correiobraziliense.com.br\/aqui\/wp-json\/wp\/v2\/types\/post"}],"author":[{"embeddable":true,"href":"https:\/\/www.correiobraziliense.com.br\/aqui\/wp-json\/wp\/v2\/users\/10"}],"replies":[{"embeddable":true,"href":"https:\/\/www.correiobraziliense.com.br\/aqui\/wp-json\/wp\/v2\/comments?post=38611"}],"version-history":[{"count":3,"href":"https:\/\/www.correiobraziliense.com.br\/aqui\/wp-json\/wp\/v2\/posts\/38611\/revisions"}],"predecessor-version":[{"id":38614,"href":"https:\/\/www.correiobraziliense.com.br\/aqui\/wp-json\/wp\/v2\/posts\/38611\/revisions\/38614"}],"wp:featuredmedia":[{"embeddable":true,"href":"https:\/\/www.correiobraziliense.com.br\/aqui\/wp-json\/wp\/v2\/media\/29236"}],"wp:attachment":[{"href":"https:\/\/www.correiobraziliense.com.br\/aqui\/wp-json\/wp\/v2\/media?parent=38611"}],"wp:term":[{"taxonomy":"category","embeddable":true,"href":"https:\/\/www.correiobraziliense.com.br\/aqui\/wp-json\/wp\/v2\/categories?post=38611"},{"taxonomy":"post_tag","embeddable":true,"href":"https:\/\/www.correiobraziliense.com.br\/aqui\/wp-json\/wp\/v2\/tags?post=38611"}],"curies":[{"name":"wp","href":"https:\/\/api.w.org\/{rel}","templated":true}]}}