{"id":38615,"date":"2026-09-05T12:00:00","date_gmt":"2026-09-05T15:00:00","guid":{"rendered":"https:\/\/www.correiobraziliense.com.br\/aqui\/?p=38615"},"modified":"2026-09-04T09:23:10","modified_gmt":"2026-09-04T12:23:10","slug":"cabelo-curto-saiba-como-escolher-o-corte-ideal-para-cada-rosto","status":"publish","type":"post","link":"https:\/\/www.correiobraziliense.com.br\/aqui\/2026\/09\/05\/cabelo-curto-saiba-como-escolher-o-corte-ideal-para-cada-rosto\/","title":{"rendered":"Cabelo curto: saiba como escolher o corte ideal para cada rosto"},"content":{"rendered":"\n<p>A vontade de passar a tesoura nos fios e adotar um cabelo curto nunca esteve t\u00e3o em alta. Impulsionada pela busca por praticidade e pelo fasc\u00ednio com filtros de intelig\u00eancia artificial que simulam transforma\u00e7\u00f5es, a tend\u00eancia dominou as redes sociais. Antes de tomar a decis\u00e3o, por\u00e9m, uma d\u00favida comum surge: qual corte realmente valoriza <a href=\"https:\/\/www.correiobraziliense.com.br\/aqui\/2025\/07\/03\/o-corte-que-e-o-novo-hit-dos-saloes\/\">cada tipo de rosto e cabelo<\/a>?<\/p>\n\n\n\n<p>Escolher o visual ideal vai al\u00e9m de seguir a moda. A chave \u00e9 entender a pr\u00f3pria geometria facial para criar harmonia. Um bom corte equilibra as propor\u00e7\u00f5es, destaca os pontos fortes e suaviza tra\u00e7os que talvez voc\u00ea n\u00e3o queira ressaltar. Conhecer o formato do seu rosto \u00e9 o primeiro passo para uma mudan\u00e7a bem-sucedida.<\/p>\n\n\n\n<h2 class=\"wp-block-heading\">Como escolher o corte ideal<\/h2>\n\n\n\n<p>Analisar a estrutura do rosto ajuda a definir o estilo que mais combina com voc\u00ea. Cada formato tem caracter\u00edsticas que podem ser valorizadas com cortes espec\u00edficos, criando um resultado mais equilibrado e elegante.<\/p>\n\n\n\n<p><strong>Rosto redondo:<\/strong> para quem tem esse formato, o objetivo \u00e9 criar uma ilus\u00e3o de alongamento. Cortes com volume no topo da cabe\u00e7a e menos nas laterais s\u00e3o ideais. O &#8220;pixie&#8221; com um topete discreto ou um &#8220;short bob&#8221; assim\u00e9trico, com a frente mais longa que a nuca, funcionam muito bem.<\/p>\n\n\n\n<p><strong>Rosto quadrado:<\/strong> as linhas marcadas do maxilar s\u00e3o a principal caracter\u00edstica. Para suaviz\u00e1-las, opte por cortes com movimento e camadas. Um &#8220;chanel&#8221; com pontas desfiadas ou estilos com franjas laterais longas adicionam leveza e quebram a rigidez dos \u00e2ngulos.<\/p>\n\n\n\n<p><strong>Rosto oval:<\/strong> considerado o formato mais vers\u00e1til, harmoniza com quase todos os tipos de corte. A liberdade de escolha \u00e9 grande, desde um &#8220;bob&#8221; cl\u00e1ssico na altura do queixo at\u00e9 um &#8220;pixie&#8221; mais ousado. A decis\u00e3o pode se basear no estilo pessoal e na textura do fio.<\/p>\n\n\n\n<p><strong>Rosto cora\u00e7\u00e3o:<\/strong> a testa mais larga e o queixo fino pedem equil\u00edbrio. O volume deve se concentrar na parte inferior do rosto, na altura do maxilar. O &#8220;long bob&#8221;, com o comprimento na linha do queixo, \u00e9 uma aposta certeira. Franjas leves e desfiadas tamb\u00e9m ajudam a suavizar a testa.<\/p>\n\n\n\n<h2 class=\"wp-block-heading\">A textura do fio tamb\u00e9m importa<\/h2>\n\n\n\n<p>Al\u00e9m do formato do rosto, a textura natural do cabelo \u00e9 determinante para o resultado final. Um mesmo corte pode ter efeitos completamente diferentes em fios lisos, ondulados ou cacheados.<\/p>\n\n\n\n<p><strong>Fios lisos e finos:<\/strong> cabelos com essa caracter\u00edstica podem parecer sem volume. Cortes com linhas retas e geom\u00e9tricas, como o &#8220;blunt cut&#8221;, criam uma sensa\u00e7\u00e3o de maior densidade. Camadas sutis e pontas levemente repicadas tamb\u00e9m adicionam movimento sem tirar o peso.<\/p>\n\n\n\n<p><strong>Fios ondulados e cacheados:<\/strong> o segredo \u00e9 valorizar a forma natural das mechas. O volume \u00e9 um aliado e n\u00e3o precisa ser combatido. Cortes em camadas, como o &#8220;shag&#8221; curto, ajudam a distribuir o volume e a definir os cachos de maneira harmoniosa, evitando o formato triangular.<\/p>\n","protected":false},"excerpt":{"rendered":"<p>Entenda como diferentes formatos de rosto e texturas de fios podem guiar a escolha do corte perfeito<\/p>\n","protected":false},"author":10,"featured_media":38618,"comment_status":"open","ping_status":"open","sticky":false,"template":"","format":"standard","meta":{"jnews-multi-image_gallery":[],"jnews_single_post":{"format":"standard"},"jnews_primary_category":[],"jnews_social_meta":[],"jnews_override_counter":[],"footnotes":""},"categories":[120],"tags":[140,12555,625],"class_list":["post-38615","post","type-post","status-publish","format-standard","has-post-thumbnail","hentry","category-curiosidades","tag-bem-estar","tag-cabelo-curto","tag-moda"],"yoast_head":"<!-- This site is optimized with the Yoast SEO plugin v25.1 - https:\/\/yoast.com\/wordpress\/plugins\/seo\/ -->\n<title>Cabelo curto: saiba como escolher o corte ideal para cada rosto - Correio Braziliense - Aqui<\/title>\n<meta name=\"description\" content=\"Entenda como diferentes formatos de rosto e texturas de fios podem guiar a escolha do corte de cabelo perfeito\" \/>\n<meta name=\"robots\" content=\"index, follow, max-snippet:-1, max-image-preview:large, max-video-preview:-1\" \/>\n<link rel=\"canonical\" href=\"https:\/\/www.correiobraziliense.com.br\/aqui\/2026\/09\/05\/cabelo-curto-saiba-como-escolher-o-corte-ideal-para-cada-rosto\/\" \/>\n<meta property=\"og:locale\" content=\"pt_BR\" \/>\n<meta property=\"og:type\" content=\"article\" \/>\n<meta property=\"og:title\" content=\"Cabelo curto: saiba como escolher o corte ideal para cada rosto - Correio Braziliense - Aqui\" \/>\n<meta property=\"og:description\" content=\"Entenda como diferentes formatos de rosto e texturas de fios podem guiar a escolha do corte de cabelo perfeito\" \/>\n<meta property=\"og:url\" content=\"https:\/\/www.correiobraziliense.com.br\/aqui\/2026\/09\/05\/cabelo-curto-saiba-como-escolher-o-corte-ideal-para-cada-rosto\/\" \/>\n<meta property=\"og:site_name\" content=\"Correio Braziliense - Aqui\" \/>\n<meta property=\"article:published_time\" content=\"2026-09-05T15:00:00+00:00\" \/>\n<meta property=\"og:image\" content=\"https:\/\/www.correiobraziliense.com.br\/aqui\/wp-content\/uploads\/2026\/09\/corte-de-cabelo_1788524406472.jpg\" \/>\n\t<meta property=\"og:image:width\" content=\"1280\" \/>\n\t<meta property=\"og:image:height\" content=\"720\" \/>\n\t<meta property=\"og:image:type\" content=\"image\/jpeg\" \/>\n<meta name=\"author\" content=\"Larissa\" \/>\n<meta name=\"twitter:card\" content=\"summary_large_image\" \/>\n<meta name=\"twitter:label1\" content=\"Escrito por\" \/>\n\t<meta name=\"twitter:data1\" content=\"Larissa\" \/>\n\t<meta name=\"twitter:label2\" content=\"Est. tempo de leitura\" \/>\n\t<meta name=\"twitter:data2\" content=\"3 minutos\" \/>\n<!-- \/ Yoast SEO plugin. -->","yoast_head_json":{"title":"Cabelo curto: saiba como escolher o corte ideal para cada rosto - Correio Braziliense - Aqui","description":"Entenda como diferentes formatos de rosto e texturas de fios podem guiar a escolha do corte de cabelo perfeito","robots":{"index":"index","follow":"follow","max-snippet":"max-snippet:-1","max-image-preview":"max-image-preview:large","max-video-preview":"max-video-preview:-1"},"canonical":"https:\/\/www.correiobraziliense.com.br\/aqui\/2026\/09\/05\/cabelo-curto-saiba-como-escolher-o-corte-ideal-para-cada-rosto\/","og_locale":"pt_BR","og_type":"article","og_title":"Cabelo curto: saiba como escolher o corte ideal para cada rosto - Correio Braziliense - Aqui","og_description":"Entenda como diferentes formatos de rosto e texturas de fios podem guiar a escolha do corte de cabelo perfeito","og_url":"https:\/\/www.correiobraziliense.com.br\/aqui\/2026\/09\/05\/cabelo-curto-saiba-como-escolher-o-corte-ideal-para-cada-rosto\/","og_site_name":"Correio Braziliense - Aqui","article_published_time":"2026-09-05T15:00:00+00:00","og_image":[{"width":1280,"height":720,"url":"https:\/\/www.correiobraziliense.com.br\/aqui\/wp-content\/uploads\/2026\/09\/corte-de-cabelo_1788524406472.jpg","type":"image\/jpeg"}],"author":"Larissa","twitter_card":"summary_large_image","twitter_misc":{"Escrito por":"Larissa","Est. tempo de leitura":"3 minutos"},"schema":{"@context":"https:\/\/schema.org","@graph":[{"@type":"WebPage","@id":"https:\/\/www.correiobraziliense.com.br\/aqui\/2026\/09\/05\/cabelo-curto-saiba-como-escolher-o-corte-ideal-para-cada-rosto\/","url":"https:\/\/www.correiobraziliense.com.br\/aqui\/2026\/09\/05\/cabelo-curto-saiba-como-escolher-o-corte-ideal-para-cada-rosto\/","name":"Cabelo curto: saiba como escolher o corte ideal para cada rosto - Correio Braziliense - Aqui","isPartOf":{"@id":"https:\/\/www.correiobraziliense.com.br\/aqui\/#website"},"primaryImageOfPage":{"@id":"https:\/\/www.correiobraziliense.com.br\/aqui\/2026\/09\/05\/cabelo-curto-saiba-como-escolher-o-corte-ideal-para-cada-rosto\/#primaryimage"},"image":{"@id":"https:\/\/www.correiobraziliense.com.br\/aqui\/2026\/09\/05\/cabelo-curto-saiba-como-escolher-o-corte-ideal-para-cada-rosto\/#primaryimage"},"thumbnailUrl":"https:\/\/www.correiobraziliense.com.br\/aqui\/wp-content\/uploads\/2026\/09\/corte-de-cabelo_1788524406472.jpg","datePublished":"2026-09-05T15:00:00+00:00","author":{"@id":"https:\/\/www.correiobraziliense.com.br\/aqui\/#\/schema\/person\/775f50a8c1ac31704d56816e99b29041"},"description":"Entenda como diferentes formatos de rosto e texturas de fios podem guiar a escolha do corte de cabelo perfeito","breadcrumb":{"@id":"https:\/\/www.correiobraziliense.com.br\/aqui\/2026\/09\/05\/cabelo-curto-saiba-como-escolher-o-corte-ideal-para-cada-rosto\/#breadcrumb"},"inLanguage":"pt-BR","potentialAction":[{"@type":"ReadAction","target":["https:\/\/www.correiobraziliense.com.br\/aqui\/2026\/09\/05\/cabelo-curto-saiba-como-escolher-o-corte-ideal-para-cada-rosto\/"]}]},{"@type":"ImageObject","inLanguage":"pt-BR","@id":"https:\/\/www.correiobraziliense.com.br\/aqui\/2026\/09\/05\/cabelo-curto-saiba-como-escolher-o-corte-ideal-para-cada-rosto\/#primaryimage","url":"https:\/\/www.correiobraziliense.com.br\/aqui\/wp-content\/uploads\/2026\/09\/corte-de-cabelo_1788524406472.jpg","contentUrl":"https:\/\/www.correiobraziliense.com.br\/aqui\/wp-content\/uploads\/2026\/09\/corte-de-cabelo_1788524406472.jpg","width":1280,"height":720,"caption":"Cr\u00e9ditos: depositphotos.com \/ AndrewLozovyi"},{"@type":"BreadcrumbList","@id":"https:\/\/www.correiobraziliense.com.br\/aqui\/2026\/09\/05\/cabelo-curto-saiba-como-escolher-o-corte-ideal-para-cada-rosto\/#breadcrumb","itemListElement":[{"@type":"ListItem","position":1,"name":"In\u00edcio","item":"https:\/\/www.correiobraziliense.com.br\/aqui\/"},{"@type":"ListItem","position":2,"name":"Cabelo curto: saiba como escolher o corte ideal para cada rosto"}]},{"@type":"WebSite","@id":"https:\/\/www.correiobraziliense.com.br\/aqui\/#website","url":"https:\/\/www.correiobraziliense.com.br\/aqui\/","name":"Correio Braziliense - Aqui","description":"O Correio Braziliense (CB) \u00e9 o mais importante canal de not\u00edcias de Bras\u00edlia. Aqui voc\u00ea encontra as \u00faltimas not\u00edcias do DF, do Brasil e do mundo.","potentialAction":[{"@type":"SearchAction","target":{"@type":"EntryPoint","urlTemplate":"https:\/\/www.correiobraziliense.com.br\/aqui\/?s={search_term_string}"},"query-input":{"@type":"PropertyValueSpecification","valueRequired":true,"valueName":"search_term_string"}}],"inLanguage":"pt-BR"},{"@type":"Person","@id":"https:\/\/www.correiobraziliense.com.br\/aqui\/#\/schema\/person\/775f50a8c1ac31704d56816e99b29041","name":"Larissa","image":{"@type":"ImageObject","inLanguage":"pt-BR","@id":"https:\/\/www.correiobraziliense.com.br\/aqui\/#\/schema\/person\/image\/","url":"https:\/\/secure.gravatar.com\/avatar\/62f5b2e99de671d075ab98e19f03c3c38c80a93f5d06f51075cf4431a4e76458?s=96&d=mm&r=g","contentUrl":"https:\/\/secure.gravatar.com\/avatar\/62f5b2e99de671d075ab98e19f03c3c38c80a93f5d06f51075cf4431a4e76458?s=96&d=mm&r=g","caption":"Larissa"},"url":"https:\/\/www.correiobraziliense.com.br\/aqui\/author\/larissaaqui\/"}]}},"_links":{"self":[{"href":"https:\/\/www.correiobraziliense.com.br\/aqui\/wp-json\/wp\/v2\/posts\/38615","targetHints":{"allow":["GET"]}}],"collection":[{"href":"https:\/\/www.correiobraziliense.com.br\/aqui\/wp-json\/wp\/v2\/posts"}],"about":[{"href":"https:\/\/www.correiobraziliense.com.br\/aqui\/wp-json\/wp\/v2\/types\/post"}],"author":[{"embeddable":true,"href":"https:\/\/www.correiobraziliense.com.br\/aqui\/wp-json\/wp\/v2\/users\/10"}],"replies":[{"embeddable":true,"href":"https:\/\/www.correiobraziliense.com.br\/aqui\/wp-json\/wp\/v2\/comments?post=38615"}],"version-history":[{"count":3,"href":"https:\/\/www.correiobraziliense.com.br\/aqui\/wp-json\/wp\/v2\/posts\/38615\/revisions"}],"predecessor-version":[{"id":38620,"href":"https:\/\/www.correiobraziliense.com.br\/aqui\/wp-json\/wp\/v2\/posts\/38615\/revisions\/38620"}],"wp:featuredmedia":[{"embeddable":true,"href":"https:\/\/www.correiobraziliense.com.br\/aqui\/wp-json\/wp\/v2\/media\/38618"}],"wp:attachment":[{"href":"https:\/\/www.correiobraziliense.com.br\/aqui\/wp-json\/wp\/v2\/media?parent=38615"}],"wp:term":[{"taxonomy":"category","embeddable":true,"href":"https:\/\/www.correiobraziliense.com.br\/aqui\/wp-json\/wp\/v2\/categories?post=38615"},{"taxonomy":"post_tag","embeddable":true,"href":"https:\/\/www.correiobraziliense.com.br\/aqui\/wp-json\/wp\/v2\/tags?post=38615"}],"curies":[{"name":"wp","href":"https:\/\/api.w.org\/{rel}","templated":true}]}}