{"id":38630,"date":"2026-09-04T15:55:00","date_gmt":"2026-09-04T18:55:00","guid":{"rendered":"https:\/\/www.correiobraziliense.com.br\/aqui\/?p=38630"},"modified":"2026-09-04T13:15:01","modified_gmt":"2026-09-04T16:15:01","slug":"rock-in-rio-2026-o-que-esperar-da-gastronomia-do-festival","status":"publish","type":"post","link":"https:\/\/www.correiobraziliense.com.br\/aqui\/2026\/09\/04\/rock-in-rio-2026-o-que-esperar-da-gastronomia-do-festival\/","title":{"rendered":"Rock in Rio 2026: o que esperar da gastronomia do festival"},"content":{"rendered":"\n<p>O Rock in Rio 2026 j\u00e1 tem datas e grandes atra\u00e7\u00f5es confirmadas, como Foo Fighters, Avenged Sevenfold e Elton John, mas a experi\u00eancia na Cidade do Rock vai muito al\u00e9m da m\u00fasica. A gastronomia \u00e9 sempre um dos pontos altos e, embora as novidades para a pr\u00f3xima edi\u00e7\u00e3o ainda n\u00e3o tenham sido anunciadas, \u00e9 poss\u00edvel ter uma ideia do que esperar com base no hist\u00f3rico do festival.<\/p>\n\n\n\n<p>Tradicionalmente, o evento oferece uma vasta gama de op\u00e7\u00f5es culin\u00e1rias, que v\u00e3o de lanches r\u00e1pidos a pratos mais elaborados. Um dos espa\u00e7os mais aguardados costuma ser o Gourmet Square, uma \u00e1rea climatizada que, em edi\u00e7\u00f5es anteriores, reuniu restaurantes renomados, permitindo uma experi\u00eancia gastron\u00f4mica mais sofisticada em meio \u00e0 <a target=\"_blank\" rel=\"noreferrer noopener\" href=\"https:\/\/www.correiobraziliense.com.br\/diversao-e-arte\/2026\/08\/7482379-rock-in-rio-revela-horarios-dos-shows-veja-programacao-completa.html\">agita\u00e7\u00e3o dos shows<\/a>.<\/p>\n\n\n\n<h2 class=\"wp-block-heading\">Card\u00e1pios para todos os gostos<\/h2>\n\n\n\n<p>A diversidade \u00e9 a marca registrada da alimenta\u00e7\u00e3o no Rock in Rio. O festival costuma abrigar diversas pra\u00e7as de alimenta\u00e7\u00e3o com op\u00e7\u00f5es que atendem a diferentes paladares e dietas. Nos \u00faltimos anos, houve uma aten\u00e7\u00e3o especial para o p\u00fablico vegetariano e vegano, com a inclus\u00e3o de hamb\u00fargueres \u00e0 base de plantas e outros pratos sem ingredientes de origem animal.<\/p>\n\n\n\n<p>Al\u00e9m das op\u00e7\u00f5es gourmet, os cl\u00e1ssicos de festivais nunca ficam de fora. O p\u00fablico geralmente encontra food trucks e quiosques vendendo hamb\u00fargueres, batata frita, pizza em peda\u00e7os e cachorros-quentes, garantindo que ningu\u00e9m fique de est\u00f4mago vazio entre uma apresenta\u00e7\u00e3o e outra. Para agilizar o atendimento, o festival tamb\u00e9m costuma adotar sistemas de pagamento modernos, como o uso de pulseiras ou cart\u00f5es por aproxima\u00e7\u00e3o.<\/p>\n\n\n\n<h2 class=\"wp-block-heading\">O que edi\u00e7\u00f5es passadas do Rock in Rio ofereceram<\/h2>\n\n\n\n<p>Com base no que j\u00e1 foi visto na Cidade do Rock, a variedade de <a target=\"_blank\" rel=\"noreferrer noopener\" href=\"https:\/\/www.correiobraziliense.com.br\/diversao-e-arte\/2025\/12\/7309989-rock-in-rio-2026-abre-venda-geral-de-ingressos-nesta-terca-feira.html\">pre\u00e7os<\/a> e pratos busca democratizar a experi\u00eancia, permitindo que cada pessoa escolha o que melhor se encaixa em seu or\u00e7amento. A lista de op\u00e7\u00f5es costuma ser extensa. Veja alguns exemplos do que o p\u00fablico j\u00e1 encontrou no festival:<\/p>\n\n\n\n<ul class=\"wp-block-list\">\n<li>Hamb\u00fargueres artesanais e smash burgers.<\/li>\n\n\n\n<li>Pizzas de fermenta\u00e7\u00e3o natural em fatias.<\/li>\n\n\n\n<li>Comida japonesa, como temakis e combinados.<\/li>\n\n\n\n<li>Pratos da culin\u00e1ria regional brasileira.<\/li>\n\n\n\n<li>Massas frescas e risotos.<\/li>\n\n\n\n<li>Sobremesas variadas, incluindo sorvetes e doces gourmet.<\/li>\n\n\n\n<li>Op\u00e7\u00f5es de alimenta\u00e7\u00e3o saud\u00e1vel, com saladas e sucos naturais.<\/li>\n<\/ul>\n","protected":false},"excerpt":{"rendered":"<p>Rock in Rio 2026 re\u00fane grandes shows e variedade de pratos; relembre as op\u00e7\u00f5es gastron\u00f4micas de edi\u00e7\u00f5es anteriores do festival.<\/p>\n","protected":false},"author":8,"featured_media":38546,"comment_status":"open","ping_status":"open","sticky":false,"template":"","format":"standard","meta":{"jnews-multi-image_gallery":[],"jnews_single_post":{"format":"standard"},"jnews_primary_category":[],"jnews_social_meta":[],"jnews_override_counter":[],"footnotes":""},"categories":[121],"tags":[398,193,119,5973,12546],"class_list":["post-38630","post","type-post","status-publish","format-standard","has-post-thumbnail","hentry","category-gastronomia","tag-comida","tag-festival","tag-gastronomia","tag-rock-in-rio","tag-rock-in-rio-2026"],"yoast_head":"<!-- This site is optimized with the Yoast SEO plugin v25.1 - https:\/\/yoast.com\/wordpress\/plugins\/seo\/ -->\n<title>Rock in Rio 2026: o que esperar da gastronomia do festival - Correio Braziliense - Aqui<\/title>\n<meta name=\"description\" content=\"Rock in Rio 2026 re\u00fane grandes shows e variedade de pratos; relembre as op\u00e7\u00f5es gastron\u00f4micas de edi\u00e7\u00f5es anteriores do festival.\" \/>\n<meta name=\"robots\" content=\"index, follow, max-snippet:-1, max-image-preview:large, max-video-preview:-1\" \/>\n<link rel=\"canonical\" href=\"https:\/\/www.correiobraziliense.com.br\/aqui\/2026\/09\/04\/rock-in-rio-2026-o-que-esperar-da-gastronomia-do-festival\/\" \/>\n<meta property=\"og:locale\" content=\"pt_BR\" \/>\n<meta property=\"og:type\" content=\"article\" \/>\n<meta property=\"og:title\" content=\"Rock in Rio 2026: o que esperar da gastronomia do festival - Correio Braziliense - Aqui\" \/>\n<meta property=\"og:description\" content=\"Rock in Rio 2026 re\u00fane grandes shows e variedade de pratos; relembre as op\u00e7\u00f5es gastron\u00f4micas de edi\u00e7\u00f5es anteriores do festival.\" \/>\n<meta property=\"og:url\" content=\"https:\/\/www.correiobraziliense.com.br\/aqui\/2026\/09\/04\/rock-in-rio-2026-o-que-esperar-da-gastronomia-do-festival\/\" \/>\n<meta property=\"og:site_name\" content=\"Correio Braziliense - Aqui\" \/>\n<meta property=\"article:published_time\" content=\"2026-09-04T18:55:00+00:00\" \/>\n<meta property=\"og:image\" content=\"https:\/\/www.correiobraziliense.com.br\/aqui\/wp-content\/uploads\/2026\/09\/rock-in-rio_1788462295942.jpg\" \/>\n\t<meta property=\"og:image:width\" content=\"1280\" \/>\n\t<meta property=\"og:image:height\" content=\"720\" \/>\n\t<meta property=\"og:image:type\" content=\"image\/jpeg\" \/>\n<meta name=\"author\" content=\"Lara\" \/>\n<meta name=\"twitter:card\" content=\"summary_large_image\" \/>\n<meta name=\"twitter:label1\" content=\"Escrito por\" \/>\n\t<meta name=\"twitter:data1\" content=\"Lara\" \/>\n\t<meta name=\"twitter:label2\" content=\"Est. tempo de leitura\" \/>\n\t<meta name=\"twitter:data2\" content=\"3 minutos\" \/>\n<!-- \/ Yoast SEO plugin. -->","yoast_head_json":{"title":"Rock in Rio 2026: o que esperar da gastronomia do festival - Correio Braziliense - Aqui","description":"Rock in Rio 2026 re\u00fane grandes shows e variedade de pratos; relembre as op\u00e7\u00f5es gastron\u00f4micas de edi\u00e7\u00f5es anteriores do festival.","robots":{"index":"index","follow":"follow","max-snippet":"max-snippet:-1","max-image-preview":"max-image-preview:large","max-video-preview":"max-video-preview:-1"},"canonical":"https:\/\/www.correiobraziliense.com.br\/aqui\/2026\/09\/04\/rock-in-rio-2026-o-que-esperar-da-gastronomia-do-festival\/","og_locale":"pt_BR","og_type":"article","og_title":"Rock in Rio 2026: o que esperar da gastronomia do festival - Correio Braziliense - Aqui","og_description":"Rock in Rio 2026 re\u00fane grandes shows e variedade de pratos; relembre as op\u00e7\u00f5es gastron\u00f4micas de edi\u00e7\u00f5es anteriores do festival.","og_url":"https:\/\/www.correiobraziliense.com.br\/aqui\/2026\/09\/04\/rock-in-rio-2026-o-que-esperar-da-gastronomia-do-festival\/","og_site_name":"Correio Braziliense - Aqui","article_published_time":"2026-09-04T18:55:00+00:00","og_image":[{"width":1280,"height":720,"url":"https:\/\/www.correiobraziliense.com.br\/aqui\/wp-content\/uploads\/2026\/09\/rock-in-rio_1788462295942.jpg","type":"image\/jpeg"}],"author":"Lara","twitter_card":"summary_large_image","twitter_misc":{"Escrito por":"Lara","Est. tempo de leitura":"3 minutos"},"schema":{"@context":"https:\/\/schema.org","@graph":[{"@type":"WebPage","@id":"https:\/\/www.correiobraziliense.com.br\/aqui\/2026\/09\/04\/rock-in-rio-2026-o-que-esperar-da-gastronomia-do-festival\/","url":"https:\/\/www.correiobraziliense.com.br\/aqui\/2026\/09\/04\/rock-in-rio-2026-o-que-esperar-da-gastronomia-do-festival\/","name":"Rock in Rio 2026: o que esperar da gastronomia do festival - Correio Braziliense - Aqui","isPartOf":{"@id":"https:\/\/www.correiobraziliense.com.br\/aqui\/#website"},"primaryImageOfPage":{"@id":"https:\/\/www.correiobraziliense.com.br\/aqui\/2026\/09\/04\/rock-in-rio-2026-o-que-esperar-da-gastronomia-do-festival\/#primaryimage"},"image":{"@id":"https:\/\/www.correiobraziliense.com.br\/aqui\/2026\/09\/04\/rock-in-rio-2026-o-que-esperar-da-gastronomia-do-festival\/#primaryimage"},"thumbnailUrl":"https:\/\/www.correiobraziliense.com.br\/aqui\/wp-content\/uploads\/2026\/09\/rock-in-rio_1788462295942.jpg","datePublished":"2026-09-04T18:55:00+00:00","author":{"@id":"https:\/\/www.correiobraziliense.com.br\/aqui\/#\/schema\/person\/5d6e4d99fecc86ab1a7ed1a0369afb65"},"description":"Rock in Rio 2026 re\u00fane grandes shows e variedade de pratos; relembre as op\u00e7\u00f5es gastron\u00f4micas de edi\u00e7\u00f5es anteriores do festival.","breadcrumb":{"@id":"https:\/\/www.correiobraziliense.com.br\/aqui\/2026\/09\/04\/rock-in-rio-2026-o-que-esperar-da-gastronomia-do-festival\/#breadcrumb"},"inLanguage":"pt-BR","potentialAction":[{"@type":"ReadAction","target":["https:\/\/www.correiobraziliense.com.br\/aqui\/2026\/09\/04\/rock-in-rio-2026-o-que-esperar-da-gastronomia-do-festival\/"]}]},{"@type":"ImageObject","inLanguage":"pt-BR","@id":"https:\/\/www.correiobraziliense.com.br\/aqui\/2026\/09\/04\/rock-in-rio-2026-o-que-esperar-da-gastronomia-do-festival\/#primaryimage","url":"https:\/\/www.correiobraziliense.com.br\/aqui\/wp-content\/uploads\/2026\/09\/rock-in-rio_1788462295942.jpg","contentUrl":"https:\/\/www.correiobraziliense.com.br\/aqui\/wp-content\/uploads\/2026\/09\/rock-in-rio_1788462295942.jpg","width":1280,"height":720,"caption":"Cr\u00e9ditos: depositphotos.com \/ rafapress"},{"@type":"BreadcrumbList","@id":"https:\/\/www.correiobraziliense.com.br\/aqui\/2026\/09\/04\/rock-in-rio-2026-o-que-esperar-da-gastronomia-do-festival\/#breadcrumb","itemListElement":[{"@type":"ListItem","position":1,"name":"In\u00edcio","item":"https:\/\/www.correiobraziliense.com.br\/aqui\/"},{"@type":"ListItem","position":2,"name":"Rock in Rio 2026: o que esperar da gastronomia do festival"}]},{"@type":"WebSite","@id":"https:\/\/www.correiobraziliense.com.br\/aqui\/#website","url":"https:\/\/www.correiobraziliense.com.br\/aqui\/","name":"Correio Braziliense - Aqui","description":"O Correio Braziliense (CB) \u00e9 o mais importante canal de not\u00edcias de Bras\u00edlia. Aqui voc\u00ea encontra as \u00faltimas not\u00edcias do DF, do Brasil e do mundo.","potentialAction":[{"@type":"SearchAction","target":{"@type":"EntryPoint","urlTemplate":"https:\/\/www.correiobraziliense.com.br\/aqui\/?s={search_term_string}"},"query-input":{"@type":"PropertyValueSpecification","valueRequired":true,"valueName":"search_term_string"}}],"inLanguage":"pt-BR"},{"@type":"Person","@id":"https:\/\/www.correiobraziliense.com.br\/aqui\/#\/schema\/person\/5d6e4d99fecc86ab1a7ed1a0369afb65","name":"Lara","image":{"@type":"ImageObject","inLanguage":"pt-BR","@id":"https:\/\/www.correiobraziliense.com.br\/aqui\/#\/schema\/person\/image\/","url":"https:\/\/secure.gravatar.com\/avatar\/57056c5c343a6d8a6669688d3d2c04916d9d280b352b6e50e66a8d39b2517e00?s=96&d=mm&r=g","contentUrl":"https:\/\/secure.gravatar.com\/avatar\/57056c5c343a6d8a6669688d3d2c04916d9d280b352b6e50e66a8d39b2517e00?s=96&d=mm&r=g","caption":"Lara"},"url":"https:\/\/www.correiobraziliense.com.br\/aqui\/author\/laraaqui\/"}]}},"_links":{"self":[{"href":"https:\/\/www.correiobraziliense.com.br\/aqui\/wp-json\/wp\/v2\/posts\/38630","targetHints":{"allow":["GET"]}}],"collection":[{"href":"https:\/\/www.correiobraziliense.com.br\/aqui\/wp-json\/wp\/v2\/posts"}],"about":[{"href":"https:\/\/www.correiobraziliense.com.br\/aqui\/wp-json\/wp\/v2\/types\/post"}],"author":[{"embeddable":true,"href":"https:\/\/www.correiobraziliense.com.br\/aqui\/wp-json\/wp\/v2\/users\/8"}],"replies":[{"embeddable":true,"href":"https:\/\/www.correiobraziliense.com.br\/aqui\/wp-json\/wp\/v2\/comments?post=38630"}],"version-history":[{"count":1,"href":"https:\/\/www.correiobraziliense.com.br\/aqui\/wp-json\/wp\/v2\/posts\/38630\/revisions"}],"predecessor-version":[{"id":38631,"href":"https:\/\/www.correiobraziliense.com.br\/aqui\/wp-json\/wp\/v2\/posts\/38630\/revisions\/38631"}],"wp:featuredmedia":[{"embeddable":true,"href":"https:\/\/www.correiobraziliense.com.br\/aqui\/wp-json\/wp\/v2\/media\/38546"}],"wp:attachment":[{"href":"https:\/\/www.correiobraziliense.com.br\/aqui\/wp-json\/wp\/v2\/media?parent=38630"}],"wp:term":[{"taxonomy":"category","embeddable":true,"href":"https:\/\/www.correiobraziliense.com.br\/aqui\/wp-json\/wp\/v2\/categories?post=38630"},{"taxonomy":"post_tag","embeddable":true,"href":"https:\/\/www.correiobraziliense.com.br\/aqui\/wp-json\/wp\/v2\/tags?post=38630"}],"curies":[{"name":"wp","href":"https:\/\/api.w.org\/{rel}","templated":true}]}}