{"id":38632,"date":"2026-09-04T16:25:00","date_gmt":"2026-09-04T19:25:00","guid":{"rendered":"https:\/\/www.correiobraziliense.com.br\/aqui\/?p=38632"},"modified":"2026-09-04T13:27:31","modified_gmt":"2026-09-04T16:27:31","slug":"aplicativos-usam-inteligencia-artificial-para-testar-cabelo-curto","status":"publish","type":"post","link":"https:\/\/www.correiobraziliense.com.br\/aqui\/2026\/09\/04\/aplicativos-usam-inteligencia-artificial-para-testar-cabelo-curto\/","title":{"rendered":"Aplicativos usam intelig\u00eancia artificial para testar cabelo curto"},"content":{"rendered":"\n<p>A vontade de cortar o cabelo curto agora pode ser testada com um clique, antes mesmo de pisar no sal\u00e3o. Ferramentas de intelig\u00eancia artificial, popularizadas em aplicativos e filtros de redes sociais, permitem que qualquer pessoa simule digitalmente como ficaria com um novo visual, eliminando o medo que acompanha uma mudan\u00e7a dr\u00e1stica.<\/p>\n\n\n\n<p>Essa tecnologia se tornou um fen\u00f4meno viral, impulsionada por influenciadores que compartilham suas transforma\u00e7\u00f5es virtuais. O interesse reflete n\u00e3o apenas a curiosidade, mas tamb\u00e9m a consolida\u00e7\u00e3o dos <a target=\"_blank\" rel=\"noreferrer noopener\" href=\"https:\/\/www.correiobraziliense.com.br\/revista-do-correio\/2026\/08\/7470806-a-versatilidade-dos-fios-curtos-tendencia-e-identidade-em-cada-corte.html\">cortes curtos<\/a>, como o bob e o pixie, como uma forte tend\u00eancia de beleza. A busca por estilos pr\u00e1ticos e de baixa manuten\u00e7\u00e3o ganhou for\u00e7a.<\/p>\n\n\n\n<p>O funcionamento \u00e9 bastante simples para o usu\u00e1rio. Os aplicativos utilizam algoritmos de intelig\u00eancia artificial generativa para analisar uma foto ou a imagem da c\u00e2mera em tempo real. O sistema mapeia os contornos do rosto, a linha do cabelo e as caracter\u00edsticas faciais para criar uma sobreposi\u00e7\u00e3o realista de diferentes estilos de cortes curtos.<\/p>\n\n\n\n<p>O resultado \u00e9 uma simula\u00e7\u00e3o que considera o formato do rosto e, em alguns casos, at\u00e9 a textura do cabelo. Isso permite uma pr\u00e9-visualiza\u00e7\u00e3o muito mais precisa do que os antigos aplicativos de edi\u00e7\u00e3o de imagem, que apenas colavam uma peruca digital sobre a foto.<\/p>\n\n\n\n<h2 class=\"wp-block-heading\">A trend do cabelo curto: como experimentar um novo visual<\/h2>\n\n\n\n<p>As ferramentas para testar cortes de cabelo com intelig\u00eancia artificial est\u00e3o dispon\u00edveis em diferentes formatos. A maioria \u00e9 gratuita e de f\u00e1cil acesso, o que contribui para sua popularidade. As principais op\u00e7\u00f5es s\u00e3o:<\/p>\n\n\n\n<ul class=\"wp-block-list\">\n<li><strong>Filtros em redes sociais:<\/strong> plataformas como o TikTok e o Instagram oferecem filtros que aplicam cortes de cabelo em tempo real. Eles s\u00e3o ideais para uma experi\u00eancia r\u00e1pida e compartilh\u00e1vel, focada no entretenimento.<\/li>\n\n\n\n<li><strong>Aplicativos de beleza:<\/strong> existem aplicativos especializados em simula\u00e7\u00f5es de beleza que oferecem um cat\u00e1logo variado de cortes e cores. Eles costumam ter mais op\u00e7\u00f5es de personaliza\u00e7\u00e3o para ajustar o comprimento e o estilo.<\/li>\n\n\n\n<li><strong>Simuladores virtuais:<\/strong> algumas marcas de cosm\u00e9ticos e sal\u00f5es de beleza tamb\u00e9m disponibilizam provadores virtuais em seus sites ou aplicativos. O objetivo \u00e9 ajudar o cliente a escolher um visual antes de agendar um servi\u00e7o ou comprar um produto.<\/li>\n<\/ul>\n\n\n\n<p>Al\u00e9m de servir como divers\u00e3o, a tecnologia se transformou em uma ponte de comunica\u00e7\u00e3o entre clientes e cabeleireiros. Chegar ao sal\u00e3o com uma simula\u00e7\u00e3o realista ajuda a alinhar expectativas e a mostrar exatamente o resultado desejado, facilitando o trabalho do profissional e aumentando a satisfa\u00e7\u00e3o com o corte final.<\/p>\n","protected":false},"excerpt":{"rendered":"<p>Descubra como filtros e simula\u00e7\u00f5es digitais ajudam a visualizar o cabelo curto antes de mudar o visual no sal\u00e3o.<\/p>\n","protected":false},"author":8,"featured_media":38633,"comment_status":"open","ping_status":"open","sticky":false,"template":"","format":"standard","meta":{"jnews-multi-image_gallery":[],"jnews_single_post":{"format":"standard"},"jnews_primary_category":[],"jnews_social_meta":[],"jnews_override_counter":[],"footnotes":""},"categories":[244],"tags":[12555,221,224],"class_list":["post-38632","post","type-post","status-publish","format-standard","has-post-thumbnail","hentry","category-tecnologia-2","tag-cabelo-curto","tag-inteligencia-artificial","tag-tecnologia"],"yoast_head":"<!-- This site is optimized with the Yoast SEO plugin v25.1 - https:\/\/yoast.com\/wordpress\/plugins\/seo\/ -->\n<title>Aplicativos usam intelig\u00eancia artificial para testar cabelo curto - Correio Braziliense - Aqui<\/title>\n<meta name=\"description\" content=\"Descubra como filtros e simula\u00e7\u00f5es digitais ajudam a visualizar o cabelo curto antes de mudar o visual no sal\u00e3o.\" \/>\n<meta name=\"robots\" content=\"index, follow, max-snippet:-1, max-image-preview:large, max-video-preview:-1\" \/>\n<link rel=\"canonical\" href=\"https:\/\/www.correiobraziliense.com.br\/aqui\/2026\/09\/04\/aplicativos-usam-inteligencia-artificial-para-testar-cabelo-curto\/\" \/>\n<meta property=\"og:locale\" content=\"pt_BR\" \/>\n<meta property=\"og:type\" content=\"article\" \/>\n<meta property=\"og:title\" content=\"Aplicativos usam intelig\u00eancia artificial para testar cabelo curto - Correio Braziliense - Aqui\" \/>\n<meta property=\"og:description\" content=\"Descubra como filtros e simula\u00e7\u00f5es digitais ajudam a visualizar o cabelo curto antes de mudar o visual no sal\u00e3o.\" \/>\n<meta property=\"og:url\" content=\"https:\/\/www.correiobraziliense.com.br\/aqui\/2026\/09\/04\/aplicativos-usam-inteligencia-artificial-para-testar-cabelo-curto\/\" \/>\n<meta property=\"og:site_name\" content=\"Correio Braziliense - Aqui\" \/>\n<meta property=\"article:published_time\" content=\"2026-09-04T19:25:00+00:00\" \/>\n<meta property=\"og:image\" content=\"https:\/\/www.correiobraziliense.com.br\/aqui\/wp-content\/uploads\/2026\/09\/cabelo-curto_1788538770110.jpg\" \/>\n\t<meta property=\"og:image:width\" content=\"1280\" \/>\n\t<meta property=\"og:image:height\" content=\"720\" \/>\n\t<meta property=\"og:image:type\" content=\"image\/jpeg\" \/>\n<meta name=\"author\" content=\"Lara\" \/>\n<meta name=\"twitter:card\" content=\"summary_large_image\" \/>\n<meta name=\"twitter:label1\" content=\"Escrito por\" \/>\n\t<meta name=\"twitter:data1\" content=\"Lara\" \/>\n\t<meta name=\"twitter:label2\" content=\"Est. tempo de leitura\" \/>\n\t<meta name=\"twitter:data2\" content=\"3 minutos\" \/>\n<!-- \/ Yoast SEO plugin. -->","yoast_head_json":{"title":"Aplicativos usam intelig\u00eancia artificial para testar cabelo curto - Correio Braziliense - Aqui","description":"Descubra como filtros e simula\u00e7\u00f5es digitais ajudam a visualizar o cabelo curto antes de mudar o visual no sal\u00e3o.","robots":{"index":"index","follow":"follow","max-snippet":"max-snippet:-1","max-image-preview":"max-image-preview:large","max-video-preview":"max-video-preview:-1"},"canonical":"https:\/\/www.correiobraziliense.com.br\/aqui\/2026\/09\/04\/aplicativos-usam-inteligencia-artificial-para-testar-cabelo-curto\/","og_locale":"pt_BR","og_type":"article","og_title":"Aplicativos usam intelig\u00eancia artificial para testar cabelo curto - Correio Braziliense - Aqui","og_description":"Descubra como filtros e simula\u00e7\u00f5es digitais ajudam a visualizar o cabelo curto antes de mudar o visual no sal\u00e3o.","og_url":"https:\/\/www.correiobraziliense.com.br\/aqui\/2026\/09\/04\/aplicativos-usam-inteligencia-artificial-para-testar-cabelo-curto\/","og_site_name":"Correio Braziliense - Aqui","article_published_time":"2026-09-04T19:25:00+00:00","og_image":[{"width":1280,"height":720,"url":"https:\/\/www.correiobraziliense.com.br\/aqui\/wp-content\/uploads\/2026\/09\/cabelo-curto_1788538770110.jpg","type":"image\/jpeg"}],"author":"Lara","twitter_card":"summary_large_image","twitter_misc":{"Escrito por":"Lara","Est. tempo de leitura":"3 minutos"},"schema":{"@context":"https:\/\/schema.org","@graph":[{"@type":"WebPage","@id":"https:\/\/www.correiobraziliense.com.br\/aqui\/2026\/09\/04\/aplicativos-usam-inteligencia-artificial-para-testar-cabelo-curto\/","url":"https:\/\/www.correiobraziliense.com.br\/aqui\/2026\/09\/04\/aplicativos-usam-inteligencia-artificial-para-testar-cabelo-curto\/","name":"Aplicativos usam intelig\u00eancia artificial para testar cabelo curto - Correio Braziliense - Aqui","isPartOf":{"@id":"https:\/\/www.correiobraziliense.com.br\/aqui\/#website"},"primaryImageOfPage":{"@id":"https:\/\/www.correiobraziliense.com.br\/aqui\/2026\/09\/04\/aplicativos-usam-inteligencia-artificial-para-testar-cabelo-curto\/#primaryimage"},"image":{"@id":"https:\/\/www.correiobraziliense.com.br\/aqui\/2026\/09\/04\/aplicativos-usam-inteligencia-artificial-para-testar-cabelo-curto\/#primaryimage"},"thumbnailUrl":"https:\/\/www.correiobraziliense.com.br\/aqui\/wp-content\/uploads\/2026\/09\/cabelo-curto_1788538770110.jpg","datePublished":"2026-09-04T19:25:00+00:00","author":{"@id":"https:\/\/www.correiobraziliense.com.br\/aqui\/#\/schema\/person\/5d6e4d99fecc86ab1a7ed1a0369afb65"},"description":"Descubra como filtros e simula\u00e7\u00f5es digitais ajudam a visualizar o cabelo curto antes de mudar o visual no sal\u00e3o.","breadcrumb":{"@id":"https:\/\/www.correiobraziliense.com.br\/aqui\/2026\/09\/04\/aplicativos-usam-inteligencia-artificial-para-testar-cabelo-curto\/#breadcrumb"},"inLanguage":"pt-BR","potentialAction":[{"@type":"ReadAction","target":["https:\/\/www.correiobraziliense.com.br\/aqui\/2026\/09\/04\/aplicativos-usam-inteligencia-artificial-para-testar-cabelo-curto\/"]}]},{"@type":"ImageObject","inLanguage":"pt-BR","@id":"https:\/\/www.correiobraziliense.com.br\/aqui\/2026\/09\/04\/aplicativos-usam-inteligencia-artificial-para-testar-cabelo-curto\/#primaryimage","url":"https:\/\/www.correiobraziliense.com.br\/aqui\/wp-content\/uploads\/2026\/09\/cabelo-curto_1788538770110.jpg","contentUrl":"https:\/\/www.correiobraziliense.com.br\/aqui\/wp-content\/uploads\/2026\/09\/cabelo-curto_1788538770110.jpg","width":1280,"height":720,"caption":"Cr\u00e9ditos: depositphotos.com \/ IgorVetushko"},{"@type":"BreadcrumbList","@id":"https:\/\/www.correiobraziliense.com.br\/aqui\/2026\/09\/04\/aplicativos-usam-inteligencia-artificial-para-testar-cabelo-curto\/#breadcrumb","itemListElement":[{"@type":"ListItem","position":1,"name":"In\u00edcio","item":"https:\/\/www.correiobraziliense.com.br\/aqui\/"},{"@type":"ListItem","position":2,"name":"Aplicativos usam intelig\u00eancia artificial para testar cabelo curto"}]},{"@type":"WebSite","@id":"https:\/\/www.correiobraziliense.com.br\/aqui\/#website","url":"https:\/\/www.correiobraziliense.com.br\/aqui\/","name":"Correio Braziliense - Aqui","description":"O Correio Braziliense (CB) \u00e9 o mais importante canal de not\u00edcias de Bras\u00edlia. Aqui voc\u00ea encontra as \u00faltimas not\u00edcias do DF, do Brasil e do mundo.","potentialAction":[{"@type":"SearchAction","target":{"@type":"EntryPoint","urlTemplate":"https:\/\/www.correiobraziliense.com.br\/aqui\/?s={search_term_string}"},"query-input":{"@type":"PropertyValueSpecification","valueRequired":true,"valueName":"search_term_string"}}],"inLanguage":"pt-BR"},{"@type":"Person","@id":"https:\/\/www.correiobraziliense.com.br\/aqui\/#\/schema\/person\/5d6e4d99fecc86ab1a7ed1a0369afb65","name":"Lara","image":{"@type":"ImageObject","inLanguage":"pt-BR","@id":"https:\/\/www.correiobraziliense.com.br\/aqui\/#\/schema\/person\/image\/","url":"https:\/\/secure.gravatar.com\/avatar\/57056c5c343a6d8a6669688d3d2c04916d9d280b352b6e50e66a8d39b2517e00?s=96&d=mm&r=g","contentUrl":"https:\/\/secure.gravatar.com\/avatar\/57056c5c343a6d8a6669688d3d2c04916d9d280b352b6e50e66a8d39b2517e00?s=96&d=mm&r=g","caption":"Lara"},"url":"https:\/\/www.correiobraziliense.com.br\/aqui\/author\/laraaqui\/"}]}},"_links":{"self":[{"href":"https:\/\/www.correiobraziliense.com.br\/aqui\/wp-json\/wp\/v2\/posts\/38632","targetHints":{"allow":["GET"]}}],"collection":[{"href":"https:\/\/www.correiobraziliense.com.br\/aqui\/wp-json\/wp\/v2\/posts"}],"about":[{"href":"https:\/\/www.correiobraziliense.com.br\/aqui\/wp-json\/wp\/v2\/types\/post"}],"author":[{"embeddable":true,"href":"https:\/\/www.correiobraziliense.com.br\/aqui\/wp-json\/wp\/v2\/users\/8"}],"replies":[{"embeddable":true,"href":"https:\/\/www.correiobraziliense.com.br\/aqui\/wp-json\/wp\/v2\/comments?post=38632"}],"version-history":[{"count":1,"href":"https:\/\/www.correiobraziliense.com.br\/aqui\/wp-json\/wp\/v2\/posts\/38632\/revisions"}],"predecessor-version":[{"id":38634,"href":"https:\/\/www.correiobraziliense.com.br\/aqui\/wp-json\/wp\/v2\/posts\/38632\/revisions\/38634"}],"wp:featuredmedia":[{"embeddable":true,"href":"https:\/\/www.correiobraziliense.com.br\/aqui\/wp-json\/wp\/v2\/media\/38633"}],"wp:attachment":[{"href":"https:\/\/www.correiobraziliense.com.br\/aqui\/wp-json\/wp\/v2\/media?parent=38632"}],"wp:term":[{"taxonomy":"category","embeddable":true,"href":"https:\/\/www.correiobraziliense.com.br\/aqui\/wp-json\/wp\/v2\/categories?post=38632"},{"taxonomy":"post_tag","embeddable":true,"href":"https:\/\/www.correiobraziliense.com.br\/aqui\/wp-json\/wp\/v2\/tags?post=38632"}],"curies":[{"name":"wp","href":"https:\/\/api.w.org\/{rel}","templated":true}]}}