{"id":38651,"date":"2026-09-04T19:55:00","date_gmt":"2026-09-04T22:55:00","guid":{"rendered":"https:\/\/www.correiobraziliense.com.br\/aqui\/?p=38651"},"modified":"2026-09-04T13:59:07","modified_gmt":"2026-09-04T16:59:07","slug":"como-gerenciar-as-emocoes-sob-alta-pressao-no-ambiente-de-trabalho","status":"publish","type":"post","link":"https:\/\/www.correiobraziliense.com.br\/aqui\/2026\/09\/04\/como-gerenciar-as-emocoes-sob-alta-pressao-no-ambiente-de-trabalho\/","title":{"rendered":"Como gerenciar as emo\u00e7\u00f5es sob alta press\u00e3o no ambiente de trabalho"},"content":{"rendered":"\n<p>A recente multa recebida pelo t\u00e9cnico Abel Ferreira, do Palmeiras, por chutar um microfone durante uma partida da Libertadores, joga luz sobre um desafio comum a muitos profissionais: como gerenciar as emo\u00e7\u00f5es sob alta press\u00e3o. O ambiente do futebol de elite, com sua cobran\u00e7a incessante por resultados, serve como um espelho para o mundo corporativo, onde prazos apertados e metas agressivas s\u00e3o a norma.<\/p>\n\n\n\n<p>Lidar com a <a target=\"_blank\" rel=\"noreferrer noopener\" href=\"https:\/\/www.correiobraziliense.com.br\/mundo\/2025\/04\/7100256-como-sentir-raiva-pode-fazer-mal-a-sua-saude.html\">frustra\u00e7\u00e3o, a raiva ou a ansiedade<\/a> no calor do momento \u00e9 uma habilidade essencial para qualquer l\u00edder ou profissional que busca alta performance. A explos\u00e3o emocional, embora compreens\u00edvel, raramente contribui para a solu\u00e7\u00e3o do problema. Pelo contr\u00e1rio, pode desgastar rela\u00e7\u00f5es com a equipe, prejudicar a tomada de decis\u00f5es e manchar a reputa\u00e7\u00e3o profissional.<\/p>\n\n\n\n<p>O segredo n\u00e3o est\u00e1 em suprimir os sentimentos, mas em canaliz\u00e1-los de forma produtiva. A intelig\u00eancia emocional permite reconhecer o que se sente, entender a origem dessa emo\u00e7\u00e3o e, a partir da\u00ed, escolher uma resposta mais construtiva. Essa capacidade \u00e9 o que diferencia uma rea\u00e7\u00e3o impulsiva de uma a\u00e7\u00e3o estrat\u00e9gica.<\/p>\n\n\n\n<h2 class=\"wp-block-heading\">Estrat\u00e9gias para gerenciar as emo\u00e7\u00f5es no trabalho<\/h2>\n\n\n\n<p>Inspirado em ambientes de alta competi\u00e7\u00e3o, \u00e9 poss\u00edvel adotar pr\u00e1ticas simples que fazem grande diferen\u00e7a no dia a dia. Desenvolver o autocontrole \u00e9 um processo cont\u00ednuo, que exige disciplina e autoconhecimento. Veja algumas dicas pr\u00e1ticas para aplicar na sua rotina profissional:<\/p>\n\n\n\n<ul class=\"wp-block-list\">\n<li><strong>Identifique os gatilhos:<\/strong> o primeiro passo \u00e9 entender o que exatamente provoca suas rea\u00e7\u00f5es mais intensas. \u00c9 a cr\u00edtica de um gestor, a falha de um colega ou a press\u00e3o por um prazo? Mapear esses gatilhos permite que voc\u00ea se prepare mentalmente para eles.<\/li>\n\n\n\n<li><strong>Fa\u00e7a uma <\/strong><a href=\"https:\/\/www.correiobraziliense.com.br\/ciencia-e-saude\/2026\/09\/7493487-entenda-a-tecnica-stop-e-como-ela-auxilia-na-reducao-do-estresse-diario.html\" target=\"_blank\" rel=\"noreferrer noopener\"><strong>pausa t\u00e1tica<\/strong><\/a><strong>:<\/strong> assim como um t\u00e9cnico pede tempo em um jogo, permita-se uma pausa antes de reagir. Respire fundo por alguns segundos, afaste-se da situa\u00e7\u00e3o por um minuto ou tome um copo d\u2019\u00e1gua. Esse pequeno intervalo pode ser suficiente para evitar uma resposta impulsiva.<\/li>\n\n\n\n<li><strong>Mude o foco da sua aten\u00e7\u00e3o:<\/strong> quando a press\u00e3o aumenta, a tend\u00eancia \u00e9 focar apenas no problema. Tente direcionar sua mente para a solu\u00e7\u00e3o. Pergunte-se: qual \u00e9 o pr\u00f3ximo passo pr\u00e1tico para resolver isso? Manter o foco no objetivo ajuda a diminuir o peso da emo\u00e7\u00e3o negativa.<\/li>\n\n\n\n<li><strong>Assuma a responsabilidade, n\u00e3o a culpa:<\/strong> ap\u00f3s um momento de descontrole, \u00e9 fundamental analisar o ocorrido sem se martirizar. <a href=\"https:\/\/www.correiobraziliense.com.br\/esportes\/2025\/06\/7162453-abel-ferreira-sobre-8216trombada-8217-em-camera-8216querem-estar-dentro-do-meu-bolso-8217.html\" target=\"_blank\" rel=\"noreferrer noopener\">Abel Ferreira, que tem um hist\u00f3rico de puni\u00e7\u00f5es por comportamento explosivo<\/a>, frequentemente reflete sobre suas atitudes. Reconhe\u00e7a seu erro, pe\u00e7a desculpas se necess\u00e1rio e, mais importante, aprenda com a situa\u00e7\u00e3o para n\u00e3o repeti-la.<\/li>\n\n\n\n<li><strong>Comunique-se de forma clara:<\/strong> muitas frustra\u00e7\u00f5es nascem de falhas na comunica\u00e7\u00e3o. Em vez de deixar a emo\u00e7\u00e3o tomar conta, expresse suas necessidades e preocupa\u00e7\u00f5es de maneira objetiva e respeitosa. Uma conversa assertiva pode prevenir conflitos e alinhar expectativas antes que a press\u00e3o se torne insustent\u00e1vel.<\/li>\n<\/ul>\n\n\n\n<p>A gest\u00e3o emocional n\u00e3o \u00e9 sobre perfei\u00e7\u00e3o, mas sobre progresso. Ao transformar a press\u00e3o em um catalisador para o autoconhecimento, voc\u00ea constr\u00f3i a resili\u00eancia necess\u00e1ria para liderar e prosperar em qualquer cen\u00e1rio desafiador.<\/p>\n","protected":false},"excerpt":{"rendered":"<p>Aprenda a gerenciar as emo\u00e7\u00f5es, desenvolver intelig\u00eancia emocional e lidar melhor com cobran\u00e7as no dia a dia profissional.<\/p>\n","protected":false},"author":8,"featured_media":38652,"comment_status":"open","ping_status":"open","sticky":false,"template":"","format":"standard","meta":{"jnews-multi-image_gallery":[],"jnews_single_post":{"format":"standard"},"jnews_primary_category":[],"jnews_social_meta":[],"jnews_override_counter":[],"footnotes":""},"categories":[199],"tags":[12568,12569,140,12567,7118,234],"class_list":["post-38651","post","type-post","status-publish","format-standard","has-post-thumbnail","hentry","category-bem-estar","tag-alta-pressao","tag-ambiente-de-trabalho","tag-bem-estar","tag-gerenciar-as-emocoes","tag-inteligencia-emocional","tag-saude-mental"],"yoast_head":"<!-- This site is optimized with the Yoast SEO plugin v25.1 - https:\/\/yoast.com\/wordpress\/plugins\/seo\/ -->\n<title>Como gerenciar as emo\u00e7\u00f5es sob alta press\u00e3o no ambiente de trabalho - Correio Braziliense - Aqui<\/title>\n<meta name=\"description\" content=\"Aprenda a gerenciar as emo\u00e7\u00f5es, desenvolver intelig\u00eancia emocional e lidar melhor com cobran\u00e7as no dia a dia profissional.\" \/>\n<meta name=\"robots\" content=\"index, follow, max-snippet:-1, max-image-preview:large, max-video-preview:-1\" \/>\n<link rel=\"canonical\" href=\"https:\/\/www.correiobraziliense.com.br\/aqui\/2026\/09\/04\/como-gerenciar-as-emocoes-sob-alta-pressao-no-ambiente-de-trabalho\/\" \/>\n<meta property=\"og:locale\" content=\"pt_BR\" \/>\n<meta property=\"og:type\" content=\"article\" \/>\n<meta property=\"og:title\" content=\"Como gerenciar as emo\u00e7\u00f5es sob alta press\u00e3o no ambiente de trabalho - Correio Braziliense - Aqui\" \/>\n<meta property=\"og:description\" content=\"Aprenda a gerenciar as emo\u00e7\u00f5es, desenvolver intelig\u00eancia emocional e lidar melhor com cobran\u00e7as no dia a dia profissional.\" \/>\n<meta property=\"og:url\" content=\"https:\/\/www.correiobraziliense.com.br\/aqui\/2026\/09\/04\/como-gerenciar-as-emocoes-sob-alta-pressao-no-ambiente-de-trabalho\/\" \/>\n<meta property=\"og:site_name\" content=\"Correio Braziliense - Aqui\" \/>\n<meta property=\"article:published_time\" content=\"2026-09-04T22:55:00+00:00\" \/>\n<meta property=\"og:image\" content=\"https:\/\/www.correiobraziliense.com.br\/aqui\/wp-content\/uploads\/2026\/09\/pessoa-estressada_1788540986334.jpg\" \/>\n\t<meta property=\"og:image:width\" content=\"1280\" \/>\n\t<meta property=\"og:image:height\" content=\"720\" \/>\n\t<meta property=\"og:image:type\" content=\"image\/jpeg\" \/>\n<meta name=\"author\" content=\"Lara\" \/>\n<meta name=\"twitter:card\" content=\"summary_large_image\" \/>\n<meta name=\"twitter:label1\" content=\"Escrito por\" \/>\n\t<meta name=\"twitter:data1\" content=\"Lara\" \/>\n\t<meta name=\"twitter:label2\" content=\"Est. tempo de leitura\" \/>\n\t<meta name=\"twitter:data2\" content=\"3 minutos\" \/>\n<!-- \/ Yoast SEO plugin. -->","yoast_head_json":{"title":"Como gerenciar as emo\u00e7\u00f5es sob alta press\u00e3o no ambiente de trabalho - Correio Braziliense - Aqui","description":"Aprenda a gerenciar as emo\u00e7\u00f5es, desenvolver intelig\u00eancia emocional e lidar melhor com cobran\u00e7as no dia a dia profissional.","robots":{"index":"index","follow":"follow","max-snippet":"max-snippet:-1","max-image-preview":"max-image-preview:large","max-video-preview":"max-video-preview:-1"},"canonical":"https:\/\/www.correiobraziliense.com.br\/aqui\/2026\/09\/04\/como-gerenciar-as-emocoes-sob-alta-pressao-no-ambiente-de-trabalho\/","og_locale":"pt_BR","og_type":"article","og_title":"Como gerenciar as emo\u00e7\u00f5es sob alta press\u00e3o no ambiente de trabalho - Correio Braziliense - Aqui","og_description":"Aprenda a gerenciar as emo\u00e7\u00f5es, desenvolver intelig\u00eancia emocional e lidar melhor com cobran\u00e7as no dia a dia profissional.","og_url":"https:\/\/www.correiobraziliense.com.br\/aqui\/2026\/09\/04\/como-gerenciar-as-emocoes-sob-alta-pressao-no-ambiente-de-trabalho\/","og_site_name":"Correio Braziliense - Aqui","article_published_time":"2026-09-04T22:55:00+00:00","og_image":[{"width":1280,"height":720,"url":"https:\/\/www.correiobraziliense.com.br\/aqui\/wp-content\/uploads\/2026\/09\/pessoa-estressada_1788540986334.jpg","type":"image\/jpeg"}],"author":"Lara","twitter_card":"summary_large_image","twitter_misc":{"Escrito por":"Lara","Est. tempo de leitura":"3 minutos"},"schema":{"@context":"https:\/\/schema.org","@graph":[{"@type":"WebPage","@id":"https:\/\/www.correiobraziliense.com.br\/aqui\/2026\/09\/04\/como-gerenciar-as-emocoes-sob-alta-pressao-no-ambiente-de-trabalho\/","url":"https:\/\/www.correiobraziliense.com.br\/aqui\/2026\/09\/04\/como-gerenciar-as-emocoes-sob-alta-pressao-no-ambiente-de-trabalho\/","name":"Como gerenciar as emo\u00e7\u00f5es sob alta press\u00e3o no ambiente de trabalho - Correio Braziliense - Aqui","isPartOf":{"@id":"https:\/\/www.correiobraziliense.com.br\/aqui\/#website"},"primaryImageOfPage":{"@id":"https:\/\/www.correiobraziliense.com.br\/aqui\/2026\/09\/04\/como-gerenciar-as-emocoes-sob-alta-pressao-no-ambiente-de-trabalho\/#primaryimage"},"image":{"@id":"https:\/\/www.correiobraziliense.com.br\/aqui\/2026\/09\/04\/como-gerenciar-as-emocoes-sob-alta-pressao-no-ambiente-de-trabalho\/#primaryimage"},"thumbnailUrl":"https:\/\/www.correiobraziliense.com.br\/aqui\/wp-content\/uploads\/2026\/09\/pessoa-estressada_1788540986334.jpg","datePublished":"2026-09-04T22:55:00+00:00","author":{"@id":"https:\/\/www.correiobraziliense.com.br\/aqui\/#\/schema\/person\/5d6e4d99fecc86ab1a7ed1a0369afb65"},"description":"Aprenda a gerenciar as emo\u00e7\u00f5es, desenvolver intelig\u00eancia emocional e lidar melhor com cobran\u00e7as no dia a dia profissional.","breadcrumb":{"@id":"https:\/\/www.correiobraziliense.com.br\/aqui\/2026\/09\/04\/como-gerenciar-as-emocoes-sob-alta-pressao-no-ambiente-de-trabalho\/#breadcrumb"},"inLanguage":"pt-BR","potentialAction":[{"@type":"ReadAction","target":["https:\/\/www.correiobraziliense.com.br\/aqui\/2026\/09\/04\/como-gerenciar-as-emocoes-sob-alta-pressao-no-ambiente-de-trabalho\/"]}]},{"@type":"ImageObject","inLanguage":"pt-BR","@id":"https:\/\/www.correiobraziliense.com.br\/aqui\/2026\/09\/04\/como-gerenciar-as-emocoes-sob-alta-pressao-no-ambiente-de-trabalho\/#primaryimage","url":"https:\/\/www.correiobraziliense.com.br\/aqui\/wp-content\/uploads\/2026\/09\/pessoa-estressada_1788540986334.jpg","contentUrl":"https:\/\/www.correiobraziliense.com.br\/aqui\/wp-content\/uploads\/2026\/09\/pessoa-estressada_1788540986334.jpg","width":1280,"height":720,"caption":"Cr\u00e9ditos: depositphotos.com \/ IgorVetushko"},{"@type":"BreadcrumbList","@id":"https:\/\/www.correiobraziliense.com.br\/aqui\/2026\/09\/04\/como-gerenciar-as-emocoes-sob-alta-pressao-no-ambiente-de-trabalho\/#breadcrumb","itemListElement":[{"@type":"ListItem","position":1,"name":"In\u00edcio","item":"https:\/\/www.correiobraziliense.com.br\/aqui\/"},{"@type":"ListItem","position":2,"name":"Como gerenciar as emo\u00e7\u00f5es sob alta press\u00e3o no ambiente de trabalho"}]},{"@type":"WebSite","@id":"https:\/\/www.correiobraziliense.com.br\/aqui\/#website","url":"https:\/\/www.correiobraziliense.com.br\/aqui\/","name":"Correio Braziliense - Aqui","description":"O Correio Braziliense (CB) \u00e9 o mais importante canal de not\u00edcias de Bras\u00edlia. Aqui voc\u00ea encontra as \u00faltimas not\u00edcias do DF, do Brasil e do mundo.","potentialAction":[{"@type":"SearchAction","target":{"@type":"EntryPoint","urlTemplate":"https:\/\/www.correiobraziliense.com.br\/aqui\/?s={search_term_string}"},"query-input":{"@type":"PropertyValueSpecification","valueRequired":true,"valueName":"search_term_string"}}],"inLanguage":"pt-BR"},{"@type":"Person","@id":"https:\/\/www.correiobraziliense.com.br\/aqui\/#\/schema\/person\/5d6e4d99fecc86ab1a7ed1a0369afb65","name":"Lara","image":{"@type":"ImageObject","inLanguage":"pt-BR","@id":"https:\/\/www.correiobraziliense.com.br\/aqui\/#\/schema\/person\/image\/","url":"https:\/\/secure.gravatar.com\/avatar\/57056c5c343a6d8a6669688d3d2c04916d9d280b352b6e50e66a8d39b2517e00?s=96&d=mm&r=g","contentUrl":"https:\/\/secure.gravatar.com\/avatar\/57056c5c343a6d8a6669688d3d2c04916d9d280b352b6e50e66a8d39b2517e00?s=96&d=mm&r=g","caption":"Lara"},"url":"https:\/\/www.correiobraziliense.com.br\/aqui\/author\/laraaqui\/"}]}},"_links":{"self":[{"href":"https:\/\/www.correiobraziliense.com.br\/aqui\/wp-json\/wp\/v2\/posts\/38651","targetHints":{"allow":["GET"]}}],"collection":[{"href":"https:\/\/www.correiobraziliense.com.br\/aqui\/wp-json\/wp\/v2\/posts"}],"about":[{"href":"https:\/\/www.correiobraziliense.com.br\/aqui\/wp-json\/wp\/v2\/types\/post"}],"author":[{"embeddable":true,"href":"https:\/\/www.correiobraziliense.com.br\/aqui\/wp-json\/wp\/v2\/users\/8"}],"replies":[{"embeddable":true,"href":"https:\/\/www.correiobraziliense.com.br\/aqui\/wp-json\/wp\/v2\/comments?post=38651"}],"version-history":[{"count":1,"href":"https:\/\/www.correiobraziliense.com.br\/aqui\/wp-json\/wp\/v2\/posts\/38651\/revisions"}],"predecessor-version":[{"id":38653,"href":"https:\/\/www.correiobraziliense.com.br\/aqui\/wp-json\/wp\/v2\/posts\/38651\/revisions\/38653"}],"wp:featuredmedia":[{"embeddable":true,"href":"https:\/\/www.correiobraziliense.com.br\/aqui\/wp-json\/wp\/v2\/media\/38652"}],"wp:attachment":[{"href":"https:\/\/www.correiobraziliense.com.br\/aqui\/wp-json\/wp\/v2\/media?parent=38651"}],"wp:term":[{"taxonomy":"category","embeddable":true,"href":"https:\/\/www.correiobraziliense.com.br\/aqui\/wp-json\/wp\/v2\/categories?post=38651"},{"taxonomy":"post_tag","embeddable":true,"href":"https:\/\/www.correiobraziliense.com.br\/aqui\/wp-json\/wp\/v2\/tags?post=38651"}],"curies":[{"name":"wp","href":"https:\/\/api.w.org\/{rel}","templated":true}]}}