{"id":38654,"date":"2026-09-04T20:43:00","date_gmt":"2026-09-04T23:43:00","guid":{"rendered":"https:\/\/www.correiobraziliense.com.br\/aqui\/?p=38654"},"modified":"2026-09-04T14:09:40","modified_gmt":"2026-09-04T17:09:40","slug":"saiba-como-o-fechamento-do-espaco-aereo-afeta-a-aviacao-civil","status":"publish","type":"post","link":"https:\/\/www.correiobraziliense.com.br\/aqui\/2026\/09\/04\/saiba-como-o-fechamento-do-espaco-aereo-afeta-a-aviacao-civil\/","title":{"rendered":"Saiba como o fechamento do espa\u00e7o a\u00e9reo afeta a avia\u00e7\u00e3o civil"},"content":{"rendered":"\n<p>A Ucr\u00e2nia solicitou \u00e0 Organiza\u00e7\u00e3o da Avia\u00e7\u00e3o Civil Internacional (OACI) que pe\u00e7a aos pa\u00edses-membros a proibi\u00e7\u00e3o total de voos comerciais sobre o espa\u00e7o a\u00e9reo da R\u00fassia. A justificativa \u00e9 o crescente risco \u00e0 seguran\u00e7a da avia\u00e7\u00e3o civil provocado pelo uso intenso de drones na regi\u00e3o de conflito, o que refor\u00e7a a discuss\u00e3o sobre o fechamento do espa\u00e7o a\u00e9reo em \u00e1reas consideradas perigosas.<\/p>\n\n\n\n<p>A medida evidencia os impactos que restri\u00e7\u00f5es desse tipo podem causar no setor a\u00e9reo. Quando uma rota \u00e9 interditada, as companhias precisam recalcular os trajetos, o que pode aumentar a dura\u00e7\u00e3o dos voos, o consumo de combust\u00edvel e, consequentemente, os custos operacionais.<\/p>\n\n\n\n<p>A medida n\u00e3o afeta apenas voos com origem ou destino nos pa\u00edses envolvidos. Uma grande parcela das rotas internacionais, especialmente entre a Europa e a \u00c1sia, tradicionalmente cruzava o <a target=\"_blank\" rel=\"noreferrer noopener\" href=\"https:\/\/www.correiobraziliense.com.br\/mundo\/2025\/06\/7162020-o-audacioso-ataque-da-ucrania-que-gerou-golpe-significativo-a-capacidade-aerea-russa.html\">espa\u00e7o a\u00e9reo russo<\/a>. Agora, essas viagens precisam contornar uma vasta \u00e1rea, impactando a log\u00edstica global.<\/p>\n\n\n\n<h2 class=\"wp-block-heading\">Como o fechamento do espa\u00e7o a\u00e9reo ajuda a garantir a seguran\u00e7a dos voos?<\/h2>\n\n\n\n<p>A seguran\u00e7a dos passageiros \u00e9 a prioridade m\u00e1xima e envolve uma coordena\u00e7\u00e3o global. \u00d3rg\u00e3os como a OACI e ag\u00eancias nacionais de avia\u00e7\u00e3o, como a FAA nos Estados Unidos, emitem alertas e restri\u00e7\u00f5es conhecidos como NOTAMs (Notice to Air Missions). Esses avisos informam sobre <a target=\"_blank\" rel=\"noreferrer noopener\" href=\"https:\/\/www.correiobraziliense.com.br\/mundo\/2025\/09\/7248382-romenia-alerta-que-intrusao-de-drone-russo-representa-novo-desafio-a-seguranca.html\">perigos potenciais<\/a>, desde atividades militares at\u00e9 erup\u00e7\u00f5es vulc\u00e2nicas.<\/p>\n\n\n\n<p>As companhias a\u00e9reas s\u00e3o obrigadas a seguir essas diretrizes para planejar suas rotas. Al\u00e9m das determina\u00e7\u00f5es oficiais, as pr\u00f3prias empresas mant\u00eam equipes de an\u00e1lise de risco que monitoram <a target=\"_blank\" rel=\"noreferrer noopener\" href=\"https:\/\/www.correiobraziliense.com.br\/mundo\/2025\/04\/7106481-avioes-da-russia-e-dos-eua-quase-colidem-no-alasca-veja-video.html\">cen\u00e1rios geopol\u00edticos<\/a> 24 horas por dia. Se uma regi\u00e3o \u00e9 considerada inst\u00e1vel, mesmo sem uma proibi\u00e7\u00e3o formal, os voos s\u00e3o desviados preventivamente para rotas alternativas mais seguras.<\/p>\n\n\n\n<h2 class=\"wp-block-heading\">Quais os impactos para os passageiros?<\/h2>\n\n\n\n<ul class=\"wp-block-list\">\n<li><strong>Voos mais longos:<\/strong> desviar de grandes \u00e1reas, como o espa\u00e7o a\u00e9reo russo, adiciona horas ao tempo de viagem, principalmente em voos que conectam o ocidente ao oriente.<\/li>\n\n\n\n<li><strong>Aumento no pre\u00e7o das passagens:<\/strong> trajetos maiores consomem mais combust\u00edvel e aumentam os custos operacionais das companhias, o que pode ser repassado aos consumidores no valor final do bilhete.<\/li>\n\n\n\n<li><strong>Menos op\u00e7\u00f5es de rotas:<\/strong> algumas conex\u00f5es podem se tornar invi\u00e1veis ou menos frequentes, limitando as op\u00e7\u00f5es dispon\u00edveis para chegar a determinados destinos.<\/li>\n\n\n\n<li><strong>Cancelamentos e altera\u00e7\u00f5es:<\/strong> em casos mais complexos, a reorganiza\u00e7\u00e3o da malha a\u00e9rea pode levar a cancelamentos ou mudan\u00e7as de \u00faltima hora nos hor\u00e1rios dos voos.<\/li>\n<\/ul>\n","protected":false},"excerpt":{"rendered":"<p>Entenda como o fechamento do espa\u00e7o a\u00e9reo e conflitos exigem novas rotas para garantir a seguran\u00e7a dos passageiros.<\/p>\n","protected":false},"author":8,"featured_media":38655,"comment_status":"open","ping_status":"open","sticky":false,"template":"","format":"standard","meta":{"jnews-multi-image_gallery":[],"jnews_single_post":{"format":"standard"},"jnews_primary_category":[],"jnews_social_meta":[],"jnews_override_counter":[],"footnotes":""},"categories":[148],"tags":[12571,12570,8172,12572,146],"class_list":["post-38654","post","type-post","status-publish","format-standard","has-post-thumbnail","hentry","category-turismo","tag-aviacao-civil","tag-fechamento-do-espaco-aereo","tag-passageiros","tag-seguranca-dos-voos","tag-turismo"],"yoast_head":"<!-- This site is optimized with the Yoast SEO plugin v25.1 - https:\/\/yoast.com\/wordpress\/plugins\/seo\/ -->\n<title>Saiba como o fechamento do espa\u00e7o a\u00e9reo afeta a avia\u00e7\u00e3o civil - Correio Braziliense - Aqui<\/title>\n<meta name=\"description\" content=\"Entenda como o fechamento do espa\u00e7o a\u00e9reo e conflitos exigem novas rotas para garantir a seguran\u00e7a dos passageiros.\" \/>\n<meta name=\"robots\" content=\"index, follow, max-snippet:-1, max-image-preview:large, max-video-preview:-1\" \/>\n<link rel=\"canonical\" href=\"https:\/\/www.correiobraziliense.com.br\/aqui\/2026\/09\/04\/saiba-como-o-fechamento-do-espaco-aereo-afeta-a-aviacao-civil\/\" \/>\n<meta property=\"og:locale\" content=\"pt_BR\" \/>\n<meta property=\"og:type\" content=\"article\" \/>\n<meta property=\"og:title\" content=\"Saiba como o fechamento do espa\u00e7o a\u00e9reo afeta a avia\u00e7\u00e3o civil - Correio Braziliense - Aqui\" \/>\n<meta property=\"og:description\" content=\"Entenda como o fechamento do espa\u00e7o a\u00e9reo e conflitos exigem novas rotas para garantir a seguran\u00e7a dos passageiros.\" \/>\n<meta property=\"og:url\" content=\"https:\/\/www.correiobraziliense.com.br\/aqui\/2026\/09\/04\/saiba-como-o-fechamento-do-espaco-aereo-afeta-a-aviacao-civil\/\" \/>\n<meta property=\"og:site_name\" content=\"Correio Braziliense - Aqui\" \/>\n<meta property=\"article:published_time\" content=\"2026-09-04T23:43:00+00:00\" \/>\n<meta property=\"og:image\" content=\"https:\/\/www.correiobraziliense.com.br\/aqui\/wp-content\/uploads\/2026\/09\/aviao_1788541692510.jpg\" \/>\n\t<meta property=\"og:image:width\" content=\"1280\" \/>\n\t<meta property=\"og:image:height\" content=\"720\" \/>\n\t<meta property=\"og:image:type\" content=\"image\/jpeg\" \/>\n<meta name=\"author\" content=\"Lara\" \/>\n<meta name=\"twitter:card\" content=\"summary_large_image\" \/>\n<meta name=\"twitter:label1\" content=\"Escrito por\" \/>\n\t<meta name=\"twitter:data1\" content=\"Lara\" \/>\n\t<meta name=\"twitter:label2\" content=\"Est. tempo de leitura\" \/>\n\t<meta name=\"twitter:data2\" content=\"3 minutos\" \/>\n<!-- \/ Yoast SEO plugin. -->","yoast_head_json":{"title":"Saiba como o fechamento do espa\u00e7o a\u00e9reo afeta a avia\u00e7\u00e3o civil - Correio Braziliense - Aqui","description":"Entenda como o fechamento do espa\u00e7o a\u00e9reo e conflitos exigem novas rotas para garantir a seguran\u00e7a dos passageiros.","robots":{"index":"index","follow":"follow","max-snippet":"max-snippet:-1","max-image-preview":"max-image-preview:large","max-video-preview":"max-video-preview:-1"},"canonical":"https:\/\/www.correiobraziliense.com.br\/aqui\/2026\/09\/04\/saiba-como-o-fechamento-do-espaco-aereo-afeta-a-aviacao-civil\/","og_locale":"pt_BR","og_type":"article","og_title":"Saiba como o fechamento do espa\u00e7o a\u00e9reo afeta a avia\u00e7\u00e3o civil - Correio Braziliense - Aqui","og_description":"Entenda como o fechamento do espa\u00e7o a\u00e9reo e conflitos exigem novas rotas para garantir a seguran\u00e7a dos passageiros.","og_url":"https:\/\/www.correiobraziliense.com.br\/aqui\/2026\/09\/04\/saiba-como-o-fechamento-do-espaco-aereo-afeta-a-aviacao-civil\/","og_site_name":"Correio Braziliense - Aqui","article_published_time":"2026-09-04T23:43:00+00:00","og_image":[{"width":1280,"height":720,"url":"https:\/\/www.correiobraziliense.com.br\/aqui\/wp-content\/uploads\/2026\/09\/aviao_1788541692510.jpg","type":"image\/jpeg"}],"author":"Lara","twitter_card":"summary_large_image","twitter_misc":{"Escrito por":"Lara","Est. tempo de leitura":"3 minutos"},"schema":{"@context":"https:\/\/schema.org","@graph":[{"@type":"WebPage","@id":"https:\/\/www.correiobraziliense.com.br\/aqui\/2026\/09\/04\/saiba-como-o-fechamento-do-espaco-aereo-afeta-a-aviacao-civil\/","url":"https:\/\/www.correiobraziliense.com.br\/aqui\/2026\/09\/04\/saiba-como-o-fechamento-do-espaco-aereo-afeta-a-aviacao-civil\/","name":"Saiba como o fechamento do espa\u00e7o a\u00e9reo afeta a avia\u00e7\u00e3o civil - Correio Braziliense - Aqui","isPartOf":{"@id":"https:\/\/www.correiobraziliense.com.br\/aqui\/#website"},"primaryImageOfPage":{"@id":"https:\/\/www.correiobraziliense.com.br\/aqui\/2026\/09\/04\/saiba-como-o-fechamento-do-espaco-aereo-afeta-a-aviacao-civil\/#primaryimage"},"image":{"@id":"https:\/\/www.correiobraziliense.com.br\/aqui\/2026\/09\/04\/saiba-como-o-fechamento-do-espaco-aereo-afeta-a-aviacao-civil\/#primaryimage"},"thumbnailUrl":"https:\/\/www.correiobraziliense.com.br\/aqui\/wp-content\/uploads\/2026\/09\/aviao_1788541692510.jpg","datePublished":"2026-09-04T23:43:00+00:00","author":{"@id":"https:\/\/www.correiobraziliense.com.br\/aqui\/#\/schema\/person\/5d6e4d99fecc86ab1a7ed1a0369afb65"},"description":"Entenda como o fechamento do espa\u00e7o a\u00e9reo e conflitos exigem novas rotas para garantir a seguran\u00e7a dos passageiros.","breadcrumb":{"@id":"https:\/\/www.correiobraziliense.com.br\/aqui\/2026\/09\/04\/saiba-como-o-fechamento-do-espaco-aereo-afeta-a-aviacao-civil\/#breadcrumb"},"inLanguage":"pt-BR","potentialAction":[{"@type":"ReadAction","target":["https:\/\/www.correiobraziliense.com.br\/aqui\/2026\/09\/04\/saiba-como-o-fechamento-do-espaco-aereo-afeta-a-aviacao-civil\/"]}]},{"@type":"ImageObject","inLanguage":"pt-BR","@id":"https:\/\/www.correiobraziliense.com.br\/aqui\/2026\/09\/04\/saiba-como-o-fechamento-do-espaco-aereo-afeta-a-aviacao-civil\/#primaryimage","url":"https:\/\/www.correiobraziliense.com.br\/aqui\/wp-content\/uploads\/2026\/09\/aviao_1788541692510.jpg","contentUrl":"https:\/\/www.correiobraziliense.com.br\/aqui\/wp-content\/uploads\/2026\/09\/aviao_1788541692510.jpg","width":1280,"height":720,"caption":"Cr\u00e9ditos: depositphotos.com \/ aapsky"},{"@type":"BreadcrumbList","@id":"https:\/\/www.correiobraziliense.com.br\/aqui\/2026\/09\/04\/saiba-como-o-fechamento-do-espaco-aereo-afeta-a-aviacao-civil\/#breadcrumb","itemListElement":[{"@type":"ListItem","position":1,"name":"In\u00edcio","item":"https:\/\/www.correiobraziliense.com.br\/aqui\/"},{"@type":"ListItem","position":2,"name":"Saiba como o fechamento do espa\u00e7o a\u00e9reo afeta a avia\u00e7\u00e3o civil"}]},{"@type":"WebSite","@id":"https:\/\/www.correiobraziliense.com.br\/aqui\/#website","url":"https:\/\/www.correiobraziliense.com.br\/aqui\/","name":"Correio Braziliense - Aqui","description":"O Correio Braziliense (CB) \u00e9 o mais importante canal de not\u00edcias de Bras\u00edlia. Aqui voc\u00ea encontra as \u00faltimas not\u00edcias do DF, do Brasil e do mundo.","potentialAction":[{"@type":"SearchAction","target":{"@type":"EntryPoint","urlTemplate":"https:\/\/www.correiobraziliense.com.br\/aqui\/?s={search_term_string}"},"query-input":{"@type":"PropertyValueSpecification","valueRequired":true,"valueName":"search_term_string"}}],"inLanguage":"pt-BR"},{"@type":"Person","@id":"https:\/\/www.correiobraziliense.com.br\/aqui\/#\/schema\/person\/5d6e4d99fecc86ab1a7ed1a0369afb65","name":"Lara","image":{"@type":"ImageObject","inLanguage":"pt-BR","@id":"https:\/\/www.correiobraziliense.com.br\/aqui\/#\/schema\/person\/image\/","url":"https:\/\/secure.gravatar.com\/avatar\/57056c5c343a6d8a6669688d3d2c04916d9d280b352b6e50e66a8d39b2517e00?s=96&d=mm&r=g","contentUrl":"https:\/\/secure.gravatar.com\/avatar\/57056c5c343a6d8a6669688d3d2c04916d9d280b352b6e50e66a8d39b2517e00?s=96&d=mm&r=g","caption":"Lara"},"url":"https:\/\/www.correiobraziliense.com.br\/aqui\/author\/laraaqui\/"}]}},"_links":{"self":[{"href":"https:\/\/www.correiobraziliense.com.br\/aqui\/wp-json\/wp\/v2\/posts\/38654","targetHints":{"allow":["GET"]}}],"collection":[{"href":"https:\/\/www.correiobraziliense.com.br\/aqui\/wp-json\/wp\/v2\/posts"}],"about":[{"href":"https:\/\/www.correiobraziliense.com.br\/aqui\/wp-json\/wp\/v2\/types\/post"}],"author":[{"embeddable":true,"href":"https:\/\/www.correiobraziliense.com.br\/aqui\/wp-json\/wp\/v2\/users\/8"}],"replies":[{"embeddable":true,"href":"https:\/\/www.correiobraziliense.com.br\/aqui\/wp-json\/wp\/v2\/comments?post=38654"}],"version-history":[{"count":2,"href":"https:\/\/www.correiobraziliense.com.br\/aqui\/wp-json\/wp\/v2\/posts\/38654\/revisions"}],"predecessor-version":[{"id":38657,"href":"https:\/\/www.correiobraziliense.com.br\/aqui\/wp-json\/wp\/v2\/posts\/38654\/revisions\/38657"}],"wp:featuredmedia":[{"embeddable":true,"href":"https:\/\/www.correiobraziliense.com.br\/aqui\/wp-json\/wp\/v2\/media\/38655"}],"wp:attachment":[{"href":"https:\/\/www.correiobraziliense.com.br\/aqui\/wp-json\/wp\/v2\/media?parent=38654"}],"wp:term":[{"taxonomy":"category","embeddable":true,"href":"https:\/\/www.correiobraziliense.com.br\/aqui\/wp-json\/wp\/v2\/categories?post=38654"},{"taxonomy":"post_tag","embeddable":true,"href":"https:\/\/www.correiobraziliense.com.br\/aqui\/wp-json\/wp\/v2\/tags?post=38654"}],"curies":[{"name":"wp","href":"https:\/\/api.w.org\/{rel}","templated":true}]}}