{"id":5789,"date":"2025-07-25T09:14:00","date_gmt":"2025-07-25T12:14:00","guid":{"rendered":"https:\/\/www.correiobraziliense.com.br\/aqui\/?p=5789"},"modified":"2025-07-25T09:19:28","modified_gmt":"2025-07-25T12:19:28","slug":"conheca-o-kindle-colorsoft-o-novo-e-reader-colorido-da-amazon","status":"publish","type":"post","link":"https:\/\/www.correiobraziliense.com.br\/aqui\/2025\/07\/25\/conheca-o-kindle-colorsoft-o-novo-e-reader-colorido-da-amazon\/","title":{"rendered":"Conhe\u00e7a o Kindle Colorsoft, o novo e-Reader colorido da Amazon"},"content":{"rendered":"\n<p><strong><em>Leitor eletr\u00f4nico Kindle Colorsoft da Amazon com tela colorida. Veja modelos, op\u00e7\u00f5es, valores e recursos do leitor digital<\/em><\/strong><\/p>\n\n\n\n<p>Com o avan\u00e7o da tecnologia e a populariza\u00e7\u00e3o dos livros digitais no Brasil, a Amazon decidiu inovar e lan\u00e7ou o Kindle Colorsoft, um leitor digital com tela colorida. Dispon\u00edvel desde junho de 2025 para o p\u00fablico brasileiro, o aparelho marca uma transforma\u00e7\u00e3o no segmento de e-readers, trazendo cores vibrantes e novos recursos para quem gosta de consumir conte\u00fados digitais. A chegada dessa novidade atende ao interesse crescente por experi\u00eancias de leitura que v\u00e3o al\u00e9m do texto, explorando ilustra\u00e7\u00f5es e formatos interativos.<\/p>\n\n\n\n<p>O <strong><em><a href=\"https:\/\/www.correiobraziliense.com.br\/cbradar\/amazon-anuncia-novidades-para-o-kindle-veja-o-que-muda\/\">Kindle Colorsoft j\u00e1 est\u00e1 \u00e0 venda no site da varejista a partir de R$ 1.499,<\/a><\/em><\/strong> oferecido com op\u00e7\u00f5es de parcelamento e desconto para pagamentos \u00e0 vista. O dispositivo surge como uma alternativa interessante para leitores de revistas, livros infantis e hist\u00f3rias em quadrinhos, proporcionando acesso a obras ricamente ilustradas de forma mais fiel ao material original.<\/p>\n\n\n\n<figure class=\"wp-block-image size-full\"><img loading=\"lazy\" decoding=\"async\" width=\"1024\" height=\"576\" src=\"https:\/\/www.correiobraziliense.com.br\/aqui\/wp-content\/uploads\/2025\/07\/image-55.png\" alt=\"Kindle\" class=\"wp-image-5791\" srcset=\"https:\/\/www.correiobraziliense.com.br\/aqui\/wp-content\/uploads\/2025\/07\/image-55.png 1024w, https:\/\/www.correiobraziliense.com.br\/aqui\/wp-content\/uploads\/2025\/07\/image-55-300x169.png 300w, https:\/\/www.correiobraziliense.com.br\/aqui\/wp-content\/uploads\/2025\/07\/image-55-768x432.png 768w, https:\/\/www.correiobraziliense.com.br\/aqui\/wp-content\/uploads\/2025\/07\/image-55-750x422.png 750w\" sizes=\"auto, (max-width: 1024px) 100vw, 1024px\" \/><figcaption class=\"wp-element-caption\">Kindle &#8211; Divulga\u00e7\u00e3o<\/figcaption><\/figure>\n\n\n\n<h2 class=\"wp-block-heading\">O que muda com o Kindle de tela colorida?<\/h2>\n\n\n\n<p>Ao incorporar a tecnologia Colorsoft, a Amazon amplia as possibilidades para os leitores brasileiros. O novo Kindle apresenta uma tela de 7 polegadas capaz de exibir mais de 4.000 cores diferentes, tornando capas, ilustra\u00e7\u00f5es e quadrinhos muito mais atraentes. Essa atualiza\u00e7\u00e3o elimina a limita\u00e7\u00e3o do preto e branco, que acompanhava as vers\u00f5es anteriores dos e-readers convencionais da marca.<\/p>\n\n\n\n<p>Entre os benef\u00edcios do novo modelo, destacam-se a leitura confort\u00e1vel em ambientes diversos, gra\u00e7as \u00e0 tela antirreflexo e \u00e0 temperatura de luz ajust\u00e1vel. Al\u00e9m disso, o aparelho mant\u00e9m a promessa de longa dura\u00e7\u00e3o da bateria, permitindo v\u00e1rias horas de leitura sem necessidade de recarga constante, vantagem j\u00e1 tradicional nos dispositivos Kindle.<\/p>\n\n\n\n<h2 class=\"wp-block-heading\">Quais recursos s\u00e3o exclusivos do Kindle Colorsoft?<\/h2>\n\n\n\n<p>O Kindle de tela colorida traz algumas novidades que o diferenciam das gera\u00e7\u00f5es anteriores. Um exemplo \u00e9 o sistema de marca\u00e7\u00e3o de texto, que permite ao usu\u00e1rio destacar passagens importantes em diferentes tons, como amarelo, azul, laranja e rosa. Esse diferencial facilita a identifica\u00e7\u00e3o e organiza\u00e7\u00e3o de trechos em livros t\u00e9cnicos, estudos e leituras recreativas.<\/p>\n\n\n\n<ul class=\"wp-block-list\">\n<li><strong>Tela de 7 polegadas<\/strong> com tecnologia Colorsoft e mais de 4.000 cores<\/li>\n\n\n\n<li>Recursos para destacar trechos em v\u00e1rias cores<\/li>\n\n\n\n<li>Fun\u00e7\u00e3o \u201ccor da p\u00e1gina\u201d para inverter a paleta cl\u00e1ssica do texto e do fundo<\/li>\n\n\n\n<li>Tela antirreflexo e ilumina\u00e7\u00e3o ajust\u00e1vel<\/li>\n\n\n\n<li>Bateria de longa dura\u00e7\u00e3o<\/li>\n<\/ul>\n\n\n\n<p>A fun\u00e7\u00e3o \u201ccor da p\u00e1gina\u201d permite personalizar a experi\u00eancia de leitura invertendo as cores do fundo e das fontes, algo que difere do tradicional modo noturno. Essa fun\u00e7\u00e3o mant\u00e9m a exibi\u00e7\u00e3o das cores nas imagens, melhorando o conforto visual sem perder a riqueza dos detalhes gr\u00e1ficos. Com isso, quem l\u00ea \u00e0 noite ou em ambientes com pouca luz encontra mais op\u00e7\u00f5es de personaliza\u00e7\u00e3o para evitar o cansa\u00e7o ocular.<\/p>\n\n\n\n<figure class=\"wp-block-image size-full is-resized\"><img loading=\"lazy\" decoding=\"async\" width=\"600\" height=\"338\" src=\"https:\/\/www.correiobraziliense.com.br\/aqui\/wp-content\/uploads\/2025\/07\/image-56.png\" alt=\"Kindle\" class=\"wp-image-5792\" style=\"width:1170px;height:auto\" srcset=\"https:\/\/www.correiobraziliense.com.br\/aqui\/wp-content\/uploads\/2025\/07\/image-56.png 600w, https:\/\/www.correiobraziliense.com.br\/aqui\/wp-content\/uploads\/2025\/07\/image-56-300x169.png 300w\" sizes=\"auto, (max-width: 600px) 100vw, 600px\" \/><figcaption class=\"wp-element-caption\">Kindle &#8211; Foto: Divulga\u00e7\u00e3o<\/figcaption><\/figure>\n\n\n\n<h2 class=\"wp-block-heading\">Para quem o Kindle de tela colorida \u00e9 indicado?<\/h2>\n\n\n\n<p>O lan\u00e7amento foca n\u00e3o apenas nos amantes de romances ou literatura tradicional, mas especialmente em quem busca explorar conte\u00fados ricos em imagens, como revistas, livros infantis, materiais did\u00e1ticos e quadrinhos. Educadores, pais de crian\u00e7as pequenas e f\u00e3s de HQs se beneficiam do Colorsoft ao visualizar ilustra\u00e7\u00f5es com cores vivas e detalhes bem definidos.<\/p>\n\n\n\n<p>Profissionais e estudantes que utilizam os recursos de marca\u00e7\u00e3o tamb\u00e9m encontram vantagens, j\u00e1 que diferentes cores ajudam na organiza\u00e7\u00e3o visual e na revis\u00e3o de conte\u00fados. Dessa forma, o Kindle Colorsoft consolida-se como uma ferramenta vers\u00e1til para os mais diversos perfis de leitores.<\/p>\n\n\n\n<h2 class=\"wp-block-heading\">Como adquirir o Kindle Colorsoft no Brasil?<\/h2>\n\n\n\n<p>O novo Kindle est\u00e1 dispon\u00edvel para compra diretamente no site da Amazon Brasil. O valor sugerido \u00e9 de R$ 1.499, com possibilidade de pagamento parcelado ou desconto para quem opta por quitar \u00e0 vista. O aparelho acompanha as garantias e o suporte j\u00e1 conhecidos da varejista, al\u00e9m de integra\u00e7\u00e3o nativa com a loja de e-books.<\/p>\n\n\n\n<ol class=\"wp-block-list\">\n<li>Acesse o site oficial da Amazon Brasil;<\/li>\n\n\n\n<li>Procure pelo Kindle Colorsoft na se\u00e7\u00e3o de eletr\u00f4nicos;<\/li>\n\n\n\n<li>Escolha a forma de pagamento desejada;<\/li>\n\n\n\n<li>Finalize a compra e aguarde a entrega em todo o territ\u00f3rio nacional.<\/li>\n<\/ol>\n\n\n\n<p>Quem optar pelo novo modelo encontra ainda compatibilidade com toda a biblioteca de livros digitais do ecossistema Kindle, incluindo t\u00edtulos em portugu\u00eas e outros idiomas. Com o Kindle de tela colorida, a Amazon refor\u00e7a seu compromisso em trazer inova\u00e7\u00f5es ao p\u00fablico brasileiro, tornando a experi\u00eancia de leitura digital ainda mais completa e acess\u00edvel.<\/p>\n","protected":false},"excerpt":{"rendered":"<p>Leitor eletr\u00f4nico Kindle Colorsoft da Amazon com tela colorida. Veja modelos, op\u00e7\u00f5es, valores e recursos do leitor digital Com o avan\u00e7o da tecnologia e a populariza\u00e7\u00e3o dos livros digitais no Brasil, a Amazon decidiu inovar e lan\u00e7ou o Kindle Colorsoft, um leitor digital com tela colorida. Dispon\u00edvel desde junho de 2025 para o p\u00fablico brasileiro, [&hellip;]<\/p>\n","protected":false},"author":5,"featured_media":5790,"comment_status":"open","ping_status":"open","sticky":false,"template":"","format":"standard","meta":{"jnews-multi-image_gallery":[],"jnews_single_post":{"format":"standard"},"jnews_primary_category":[],"jnews_social_meta":[],"jnews_override_counter":[],"footnotes":""},"categories":[244],"tags":[1539,2970,2968,2967,2971,224,2969],"class_list":["post-5789","post","type-post","status-publish","format-standard","has-post-thumbnail","hentry","category-tecnologia-2","tag-amazon","tag-display-colorido","tag-kindle","tag-leitor-eletronico","tag-leitores","tag-tecnologia","tag-tela"],"yoast_head":"<!-- This site is optimized with the Yoast SEO plugin v25.1 - https:\/\/yoast.com\/wordpress\/plugins\/seo\/ -->\n<title>Conhe\u00e7a o Kindle Colorsoft, o novo e-Reader colorido da Amazon<\/title>\n<meta name=\"description\" content=\"Leitor eletr\u00f4nico Kindle Colorsoft da Amazon com tela colorida. Veja modelos, op\u00e7\u00f5es, valores e recursos do leitor digital\" \/>\n<meta name=\"robots\" content=\"index, follow, max-snippet:-1, max-image-preview:large, max-video-preview:-1\" \/>\n<link rel=\"canonical\" href=\"https:\/\/www.correiobraziliense.com.br\/aqui\/2025\/07\/25\/conheca-o-kindle-colorsoft-o-novo-e-reader-colorido-da-amazon\/\" \/>\n<meta property=\"og:locale\" content=\"pt_BR\" \/>\n<meta property=\"og:type\" content=\"article\" \/>\n<meta property=\"og:title\" content=\"Conhe\u00e7a o Kindle Colorsoft, o novo e-Reader colorido da Amazon\" \/>\n<meta property=\"og:description\" content=\"Leitor eletr\u00f4nico Kindle Colorsoft da Amazon com tela colorida. Veja modelos, op\u00e7\u00f5es, valores e recursos do leitor digital\" \/>\n<meta property=\"og:url\" content=\"https:\/\/www.correiobraziliense.com.br\/aqui\/2025\/07\/25\/conheca-o-kindle-colorsoft-o-novo-e-reader-colorido-da-amazon\/\" \/>\n<meta property=\"og:site_name\" content=\"Correio Braziliense - Aqui\" \/>\n<meta property=\"article:published_time\" content=\"2025-07-25T12:14:00+00:00\" \/>\n<meta property=\"article:modified_time\" content=\"2025-07-25T12:19:28+00:00\" \/>\n<meta property=\"og:image\" content=\"https:\/\/www.correiobraziliense.com.br\/aqui\/wp-content\/uploads\/2025\/07\/Kindle.jpg\" \/>\n\t<meta property=\"og:image:width\" content=\"660\" \/>\n\t<meta property=\"og:image:height\" content=\"519\" \/>\n\t<meta property=\"og:image:type\" content=\"image\/jpeg\" \/>\n<meta name=\"author\" content=\"Daniel\" \/>\n<meta name=\"twitter:card\" content=\"summary_large_image\" \/>\n<meta name=\"twitter:label1\" content=\"Escrito por\" \/>\n\t<meta name=\"twitter:data1\" content=\"Daniel\" \/>\n\t<meta name=\"twitter:label2\" content=\"Est. tempo de leitura\" \/>\n\t<meta name=\"twitter:data2\" content=\"5 minutos\" \/>\n<!-- \/ Yoast SEO plugin. -->","yoast_head_json":{"title":"Conhe\u00e7a o Kindle Colorsoft, o novo e-Reader colorido da Amazon","description":"Leitor eletr\u00f4nico Kindle Colorsoft da Amazon com tela colorida. Veja modelos, op\u00e7\u00f5es, valores e recursos do leitor digital","robots":{"index":"index","follow":"follow","max-snippet":"max-snippet:-1","max-image-preview":"max-image-preview:large","max-video-preview":"max-video-preview:-1"},"canonical":"https:\/\/www.correiobraziliense.com.br\/aqui\/2025\/07\/25\/conheca-o-kindle-colorsoft-o-novo-e-reader-colorido-da-amazon\/","og_locale":"pt_BR","og_type":"article","og_title":"Conhe\u00e7a o Kindle Colorsoft, o novo e-Reader colorido da Amazon","og_description":"Leitor eletr\u00f4nico Kindle Colorsoft da Amazon com tela colorida. Veja modelos, op\u00e7\u00f5es, valores e recursos do leitor digital","og_url":"https:\/\/www.correiobraziliense.com.br\/aqui\/2025\/07\/25\/conheca-o-kindle-colorsoft-o-novo-e-reader-colorido-da-amazon\/","og_site_name":"Correio Braziliense - Aqui","article_published_time":"2025-07-25T12:14:00+00:00","article_modified_time":"2025-07-25T12:19:28+00:00","og_image":[{"width":660,"height":519,"url":"https:\/\/www.correiobraziliense.com.br\/aqui\/wp-content\/uploads\/2025\/07\/Kindle.jpg","type":"image\/jpeg"}],"author":"Daniel","twitter_card":"summary_large_image","twitter_misc":{"Escrito por":"Daniel","Est. tempo de leitura":"5 minutos"},"schema":{"@context":"https:\/\/schema.org","@graph":[{"@type":"WebPage","@id":"https:\/\/www.correiobraziliense.com.br\/aqui\/2025\/07\/25\/conheca-o-kindle-colorsoft-o-novo-e-reader-colorido-da-amazon\/","url":"https:\/\/www.correiobraziliense.com.br\/aqui\/2025\/07\/25\/conheca-o-kindle-colorsoft-o-novo-e-reader-colorido-da-amazon\/","name":"Conhe\u00e7a o Kindle Colorsoft, o novo e-Reader colorido da Amazon","isPartOf":{"@id":"https:\/\/www.correiobraziliense.com.br\/aqui\/#website"},"primaryImageOfPage":{"@id":"https:\/\/www.correiobraziliense.com.br\/aqui\/2025\/07\/25\/conheca-o-kindle-colorsoft-o-novo-e-reader-colorido-da-amazon\/#primaryimage"},"image":{"@id":"https:\/\/www.correiobraziliense.com.br\/aqui\/2025\/07\/25\/conheca-o-kindle-colorsoft-o-novo-e-reader-colorido-da-amazon\/#primaryimage"},"thumbnailUrl":"https:\/\/www.correiobraziliense.com.br\/aqui\/wp-content\/uploads\/2025\/07\/Kindle.jpg","datePublished":"2025-07-25T12:14:00+00:00","dateModified":"2025-07-25T12:19:28+00:00","author":{"@id":"https:\/\/www.correiobraziliense.com.br\/aqui\/#\/schema\/person\/d588169fc44d3a8a8eca46d6a1751c00"},"description":"Leitor eletr\u00f4nico Kindle Colorsoft da Amazon com tela colorida. Veja modelos, op\u00e7\u00f5es, valores e recursos do leitor digital","breadcrumb":{"@id":"https:\/\/www.correiobraziliense.com.br\/aqui\/2025\/07\/25\/conheca-o-kindle-colorsoft-o-novo-e-reader-colorido-da-amazon\/#breadcrumb"},"inLanguage":"pt-BR","potentialAction":[{"@type":"ReadAction","target":["https:\/\/www.correiobraziliense.com.br\/aqui\/2025\/07\/25\/conheca-o-kindle-colorsoft-o-novo-e-reader-colorido-da-amazon\/"]}]},{"@type":"ImageObject","inLanguage":"pt-BR","@id":"https:\/\/www.correiobraziliense.com.br\/aqui\/2025\/07\/25\/conheca-o-kindle-colorsoft-o-novo-e-reader-colorido-da-amazon\/#primaryimage","url":"https:\/\/www.correiobraziliense.com.br\/aqui\/wp-content\/uploads\/2025\/07\/Kindle.jpg","contentUrl":"https:\/\/www.correiobraziliense.com.br\/aqui\/wp-content\/uploads\/2025\/07\/Kindle.jpg","width":660,"height":519,"caption":"Kindle - Divulga\u00e7\u00e3o\/Amazon"},{"@type":"BreadcrumbList","@id":"https:\/\/www.correiobraziliense.com.br\/aqui\/2025\/07\/25\/conheca-o-kindle-colorsoft-o-novo-e-reader-colorido-da-amazon\/#breadcrumb","itemListElement":[{"@type":"ListItem","position":1,"name":"In\u00edcio","item":"https:\/\/www.correiobraziliense.com.br\/aqui\/"},{"@type":"ListItem","position":2,"name":"Conhe\u00e7a o Kindle Colorsoft, o novo e-Reader colorido da Amazon"}]},{"@type":"WebSite","@id":"https:\/\/www.correiobraziliense.com.br\/aqui\/#website","url":"https:\/\/www.correiobraziliense.com.br\/aqui\/","name":"Correio Braziliense - Aqui","description":"O Correio Braziliense (CB) \u00e9 o mais importante canal de not\u00edcias de Bras\u00edlia. Aqui voc\u00ea encontra as \u00faltimas not\u00edcias do DF, do Brasil e do mundo.","potentialAction":[{"@type":"SearchAction","target":{"@type":"EntryPoint","urlTemplate":"https:\/\/www.correiobraziliense.com.br\/aqui\/?s={search_term_string}"},"query-input":{"@type":"PropertyValueSpecification","valueRequired":true,"valueName":"search_term_string"}}],"inLanguage":"pt-BR"},{"@type":"Person","@id":"https:\/\/www.correiobraziliense.com.br\/aqui\/#\/schema\/person\/d588169fc44d3a8a8eca46d6a1751c00","name":"Daniel","image":{"@type":"ImageObject","inLanguage":"pt-BR","@id":"https:\/\/www.correiobraziliense.com.br\/aqui\/#\/schema\/person\/image\/","url":"https:\/\/secure.gravatar.com\/avatar\/eed68c2a9d1c83aac68fdcac4aad8b3d990a26da4c68f5a0a58e776917301ce8?s=96&d=mm&r=g","contentUrl":"https:\/\/secure.gravatar.com\/avatar\/eed68c2a9d1c83aac68fdcac4aad8b3d990a26da4c68f5a0a58e776917301ce8?s=96&d=mm&r=g","caption":"Daniel"},"url":"https:\/\/www.correiobraziliense.com.br\/aqui\/author\/danielaqui\/"}]}},"_links":{"self":[{"href":"https:\/\/www.correiobraziliense.com.br\/aqui\/wp-json\/wp\/v2\/posts\/5789","targetHints":{"allow":["GET"]}}],"collection":[{"href":"https:\/\/www.correiobraziliense.com.br\/aqui\/wp-json\/wp\/v2\/posts"}],"about":[{"href":"https:\/\/www.correiobraziliense.com.br\/aqui\/wp-json\/wp\/v2\/types\/post"}],"author":[{"embeddable":true,"href":"https:\/\/www.correiobraziliense.com.br\/aqui\/wp-json\/wp\/v2\/users\/5"}],"replies":[{"embeddable":true,"href":"https:\/\/www.correiobraziliense.com.br\/aqui\/wp-json\/wp\/v2\/comments?post=5789"}],"version-history":[{"count":1,"href":"https:\/\/www.correiobraziliense.com.br\/aqui\/wp-json\/wp\/v2\/posts\/5789\/revisions"}],"predecessor-version":[{"id":5793,"href":"https:\/\/www.correiobraziliense.com.br\/aqui\/wp-json\/wp\/v2\/posts\/5789\/revisions\/5793"}],"wp:featuredmedia":[{"embeddable":true,"href":"https:\/\/www.correiobraziliense.com.br\/aqui\/wp-json\/wp\/v2\/media\/5790"}],"wp:attachment":[{"href":"https:\/\/www.correiobraziliense.com.br\/aqui\/wp-json\/wp\/v2\/media?parent=5789"}],"wp:term":[{"taxonomy":"category","embeddable":true,"href":"https:\/\/www.correiobraziliense.com.br\/aqui\/wp-json\/wp\/v2\/categories?post=5789"},{"taxonomy":"post_tag","embeddable":true,"href":"https:\/\/www.correiobraziliense.com.br\/aqui\/wp-json\/wp\/v2\/tags?post=5789"}],"curies":[{"name":"wp","href":"https:\/\/api.w.org\/{rel}","templated":true}]}}