{"id":6197,"date":"2025-07-30T09:15:00","date_gmt":"2025-07-30T12:15:00","guid":{"rendered":"https:\/\/www.correiobraziliense.com.br\/aqui\/?p=6197"},"modified":"2025-07-29T22:53:21","modified_gmt":"2025-07-30T01:53:21","slug":"30-de-julho-grito-global-contra-o-trafico-humano","status":"publish","type":"post","link":"https:\/\/www.correiobraziliense.com.br\/aqui\/2025\/07\/30\/30-de-julho-grito-global-contra-o-trafico-humano\/","title":{"rendered":"30 de Julho: grito global contra o tr\u00e1fico humano"},"content":{"rendered":"\n<p><strong><em>Descubra como combater o tr\u00e1fico humano em 30 de julho. Saiba prevenir, denunciar, confira puni\u00e7\u00f5es e veja os pa\u00edses mais afetados pelo crime<\/em><\/strong><\/p>\n\n\n\n<p>Em 30 de julho, institui\u00e7\u00f5es e governos realizam a\u00e7\u00f5es no Dia Mundial do Combate ao Tr\u00e1fico Humano. A data visa chamar aten\u00e7\u00e3o para a gravidade desse crime, que atinge milhares de pessoas em todo o mundo. Trata-se de um problema com diferentes faces, incluindo explora\u00e7\u00e3o sexual, trabalho an\u00e1logo \u00e0 escravid\u00e3o e tr\u00e1fico de \u00f3rg\u00e3os.<\/p>\n\n\n\n<p>O tr\u00e1fico humano \u00e9 considerado uma das pr\u00e1ticas criminosas mais lucrativas, perdendo apenas para o tr\u00e1fico de drogas e de armas. Nos \u00faltimos anos, autoridades t\u00eam articulado estrat\u00e9gias mais eficazes para combater esse crime, especialmente diante de suas transforma\u00e7\u00f5es digitais e da facilidade com que quadrilhas atuam por meio de redes sociais.<\/p>\n\n\n\n<figure class=\"wp-block-image size-large is-resized\"><img loading=\"lazy\" decoding=\"async\" width=\"1024\" height=\"576\" src=\"https:\/\/www.correiobraziliense.com.br\/aqui\/wp-content\/uploads\/2025\/07\/trafico-humano_1753839970365-1024x576.jpg\" alt=\"Tr\u00e1fico humano\" class=\"wp-image-6205\" style=\"width:1170px;height:auto\" srcset=\"https:\/\/www.correiobraziliense.com.br\/aqui\/wp-content\/uploads\/2025\/07\/trafico-humano_1753839970365-1024x576.jpg 1024w, https:\/\/www.correiobraziliense.com.br\/aqui\/wp-content\/uploads\/2025\/07\/trafico-humano_1753839970365-300x169.jpg 300w, https:\/\/www.correiobraziliense.com.br\/aqui\/wp-content\/uploads\/2025\/07\/trafico-humano_1753839970365-768x432.jpg 768w, https:\/\/www.correiobraziliense.com.br\/aqui\/wp-content\/uploads\/2025\/07\/trafico-humano_1753839970365-750x422.jpg 750w, https:\/\/www.correiobraziliense.com.br\/aqui\/wp-content\/uploads\/2025\/07\/trafico-humano_1753839970365-1140x641.jpg 1140w, https:\/\/www.correiobraziliense.com.br\/aqui\/wp-content\/uploads\/2025\/07\/trafico-humano_1753839970365.jpg 1280w\" sizes=\"auto, (max-width: 1024px) 100vw, 1024px\" \/><figcaption class=\"wp-element-caption\">Tr\u00e1fico humano &#8211; depositphotos.com \/ chairoij<\/figcaption><\/figure>\n\n\n\n<h2 class=\"wp-block-heading\">Como identificar o tr\u00e1fico de pessoas?<\/h2>\n\n\n\n<p>Diferentes sinais podem apontar situa\u00e7\u00f5es de tr\u00e1fico de pessoas. Aten\u00e7\u00e3o redobrada deve ser dada a ofertas de trabalho no exterior que prometem grandes sal\u00e1rios sem exigir experi\u00eancia. Documentos retidos, restri\u00e7\u00e3o de liberdade e condi\u00e7\u00f5es prec\u00e1rias tamb\u00e9m levantam suspeitas. <strong>V\u00edtimas desse crime muitas vezes n\u00e3o conseguem denunciar por medo ou falta de informa\u00e7\u00e3o.<\/strong><\/p>\n\n\n\n<ul class=\"wp-block-list\">\n<li>Promessas de emprego em outros pa\u00edses sem contrato formal<\/li>\n\n\n\n<li>Solicita\u00e7\u00e3o para entregar passaporte ou documentos pessoais<\/li>\n\n\n\n<li>Restri\u00e7\u00f5es de conviv\u00eancia e isolamento<\/li>\n\n\n\n<li>Depend\u00eancia financeira extrema de supostos empregadores<\/li>\n<\/ul>\n\n\n\n<h2 class=\"wp-block-heading\">Como denunciar e evitar o tr\u00e1fico humano?<\/h2>\n\n\n\n<p>Qualquer cidad\u00e3o pode ajudar a combater o tr\u00e1fico humano por meio da den\u00fancia. No Brasil, o Disque 100 e o Ligue 180 recebem chamadas an\u00f4nimas com relatos de suspeitas. Outras formas incluem procurar delegacias especializadas e ONGs que atuam na prote\u00e7\u00e3o de direitos humanos.<\/p>\n\n\n\n<ol class=\"wp-block-list\">\n<li>Desconfie de propostas para viagens ou empregos que parecem boas demais<\/li>\n\n\n\n<li>Verifique sempre as credenciais da empresa ou ag\u00eancia recrutadora<\/li>\n\n\n\n<li>Comunique familiares sobre o destino e mantenha contato durante viagens<\/li>\n\n\n\n<li>Em caso de urg\u00eancia, acione imediatamente autoridades locais<\/li>\n<\/ol>\n\n\n\n<p>Campanhas informativas buscam alertar sobre riscos, orientando pessoas em situa\u00e7\u00e3o de vulnerabilidade. Muitas v\u00edtimas s\u00e3o atra\u00eddas por falsas promessas de emprego ou estudo, o que refor\u00e7a a necessidade de informa\u00e7\u00e3o e preven\u00e7\u00e3o constante.<\/p>\n\n\n\n<h2 class=\"wp-block-heading\">Quais pa\u00edses enfrentam mais o tr\u00e1fico humano?<\/h2>\n\n\n\n<p>O tr\u00e1fico de pessoas afeta praticamente todos os continentes, mas algumas regi\u00f5es apresentam n\u00fameros mais preocupantes. Pa\u00edses da \u00c1sia, \u00c1frica e Am\u00e9rica Latina figuram entre os mais afetados, especialmente em \u00e1reas de conflito armado ou com altos \u00edndices de desigualdade. <strong>A \u00cdndia e a Nig\u00e9ria frequentemente aparecem no topo dos rankings de ocorr\u00eancias, seguidas de perto por Filipinas e M\u00e9xico.<\/strong> No entanto, Europa Ocidental e Am\u00e9rica do Norte tamb\u00e9m registram casos, sobretudo de explora\u00e7\u00e3o sexual.<\/p>\n\n\n\n<ul class=\"wp-block-list\">\n<li>\u00cdndia<\/li>\n\n\n\n<li>Nig\u00e9ria<\/li>\n\n\n\n<li>Filipinas<\/li>\n\n\n\n<li>M\u00e9xico<\/li>\n\n\n\n<li>Tail\u00e2ndia<\/li>\n\n\n\n<li>Estados Unidos<\/li>\n<\/ul>\n\n\n\n<p>Organiza\u00e7\u00f5es internacionais, como a ONU e a INTERPOL, mant\u00eam relat\u00f3rios atualizados apontando tend\u00eancias, fluxos migrat\u00f3rios e perfil das v\u00edtimas para apoiar a\u00e7\u00f5es de combate globalmente.<\/p>\n\n\n\n<h2 class=\"wp-block-heading\">San\u00e7\u00f5es e puni\u00e7\u00f5es para o tr\u00e1fico humano est\u00e3o mais rigorosas?<\/h2>\n\n\n\n<p>Nos \u00faltimos anos, governos t\u00eam endurecido as penas para envolvidos com o tr\u00e1fico humano. No Brasil, a legisla\u00e7\u00e3o prev\u00ea reclus\u00e3o de quatro a oito anos, podendo aumentar em casos de agravantes, como tr\u00e1fico de crian\u00e7as ou mediante viol\u00eancia. Pa\u00edses europeus e norte-americanos tamb\u00e9m contam com pol\u00edticas de coopera\u00e7\u00e3o internacional, facilitando a investiga\u00e7\u00e3o e a puni\u00e7\u00e3o dos grupos criminosos.<\/p>\n\n\n\n<p>Al\u00e9m de puni\u00e7\u00f5es judiciais, san\u00e7\u00f5es econ\u00f4micas atingem empresas e indiv\u00edduos envolvidos. Medidas restritivas podem incluir bloqueio de bens e impedimento de atuar em determinadas \u00e1reas. A articula\u00e7\u00e3o entre for\u00e7as policiais, Minist\u00e9rio P\u00fablico e \u00f3rg\u00e3os de direitos humanos tornou-se fundamental para identificar redes de tr\u00e1fico e resgatar v\u00edtimas.<\/p>\n\n\n\n<p>O Dia Mundial do Combate ao Tr\u00e1fico Humano lembra, todos os anos, a necessidade de atitudes preventivas, informa\u00e7\u00e3o clara e den\u00fancia respons\u00e1vel. A erradica\u00e7\u00e3o desse crime depende do envolvimento conjunto da sociedade, autoridades e organiza\u00e7\u00f5es internacionais.<\/p>\n\n\n\n<figure class=\"wp-block-image size-large\"><img loading=\"lazy\" decoding=\"async\" width=\"1024\" height=\"576\" src=\"https:\/\/www.correiobraziliense.com.br\/aqui\/wp-content\/uploads\/2025\/07\/trafico-humano_1753840155534-1024x576.jpg\" alt=\"Tr\u00e1fico humano\" class=\"wp-image-6206\" srcset=\"https:\/\/www.correiobraziliense.com.br\/aqui\/wp-content\/uploads\/2025\/07\/trafico-humano_1753840155534-1024x576.jpg 1024w, https:\/\/www.correiobraziliense.com.br\/aqui\/wp-content\/uploads\/2025\/07\/trafico-humano_1753840155534-300x169.jpg 300w, https:\/\/www.correiobraziliense.com.br\/aqui\/wp-content\/uploads\/2025\/07\/trafico-humano_1753840155534-768x432.jpg 768w, https:\/\/www.correiobraziliense.com.br\/aqui\/wp-content\/uploads\/2025\/07\/trafico-humano_1753840155534-750x422.jpg 750w, https:\/\/www.correiobraziliense.com.br\/aqui\/wp-content\/uploads\/2025\/07\/trafico-humano_1753840155534-1140x641.jpg 1140w, https:\/\/www.correiobraziliense.com.br\/aqui\/wp-content\/uploads\/2025\/07\/trafico-humano_1753840155534.jpg 1280w\" sizes=\"auto, (max-width: 1024px) 100vw, 1024px\" \/><figcaption class=\"wp-element-caption\">Tr\u00e1fico humano &#8211; depositphotos.com \/ chairoij<\/figcaption><\/figure>\n","protected":false},"excerpt":{"rendered":"<p>Descubra como combater o tr\u00e1fico humano em 30 de julho. Saiba prevenir, denunciar, confira puni\u00e7\u00f5es e veja os pa\u00edses mais afetados pelo crime Em 30 de julho, institui\u00e7\u00f5es e governos realizam a\u00e7\u00f5es no Dia Mundial do Combate ao Tr\u00e1fico Humano. A data visa chamar aten\u00e7\u00e3o para a gravidade desse crime, que atinge milhares de pessoas [&hellip;]<\/p>\n","protected":false},"author":5,"featured_media":6204,"comment_status":"open","ping_status":"open","sticky":false,"template":"","format":"standard","meta":{"jnews-multi-image_gallery":[],"jnews_single_post":{"format":"standard"},"jnews_primary_category":[],"jnews_social_meta":[],"jnews_override_counter":[],"footnotes":""},"categories":[149],"tags":[3097],"class_list":["post-6197","post","type-post","status-publish","format-standard","has-post-thumbnail","hentry","category-mundo","tag-trafico-humano"],"yoast_head":"<!-- This site is optimized with the Yoast SEO plugin v25.1 - https:\/\/yoast.com\/wordpress\/plugins\/seo\/ -->\n<title>30 de Julho: grito global contra o tr\u00e1fico humano<\/title>\n<meta name=\"description\" content=\"Descubra como combater o tr\u00e1fico humano em 30 de julho. Saiba prevenir, denunciar, confira puni\u00e7\u00f5es e veja os pa\u00edses mais afetados pelo crime\" \/>\n<meta name=\"robots\" content=\"index, follow, max-snippet:-1, max-image-preview:large, max-video-preview:-1\" \/>\n<link rel=\"canonical\" href=\"https:\/\/www.correiobraziliense.com.br\/aqui\/2025\/07\/30\/30-de-julho-grito-global-contra-o-trafico-humano\/\" \/>\n<meta property=\"og:locale\" content=\"pt_BR\" \/>\n<meta property=\"og:type\" content=\"article\" \/>\n<meta property=\"og:title\" content=\"30 de Julho: grito global contra o tr\u00e1fico humano\" \/>\n<meta property=\"og:description\" content=\"Descubra como combater o tr\u00e1fico humano em 30 de julho. Saiba prevenir, denunciar, confira puni\u00e7\u00f5es e veja os pa\u00edses mais afetados pelo crime\" \/>\n<meta property=\"og:url\" content=\"https:\/\/www.correiobraziliense.com.br\/aqui\/2025\/07\/30\/30-de-julho-grito-global-contra-o-trafico-humano\/\" \/>\n<meta property=\"og:site_name\" content=\"Correio Braziliense - Aqui\" \/>\n<meta property=\"article:published_time\" content=\"2025-07-30T12:15:00+00:00\" \/>\n<meta property=\"og:image\" content=\"https:\/\/www.correiobraziliense.com.br\/aqui\/wp-content\/uploads\/2025\/07\/trafico-humano_1753839825548.jpg\" \/>\n\t<meta property=\"og:image:width\" content=\"1280\" \/>\n\t<meta property=\"og:image:height\" content=\"720\" \/>\n\t<meta property=\"og:image:type\" content=\"image\/jpeg\" \/>\n<meta name=\"author\" content=\"Daniel\" \/>\n<meta name=\"twitter:card\" content=\"summary_large_image\" \/>\n<meta name=\"twitter:label1\" content=\"Escrito por\" \/>\n\t<meta name=\"twitter:data1\" content=\"Daniel\" \/>\n\t<meta name=\"twitter:label2\" content=\"Est. tempo de leitura\" \/>\n\t<meta name=\"twitter:data2\" content=\"4 minutos\" \/>\n<!-- \/ Yoast SEO plugin. -->","yoast_head_json":{"title":"30 de Julho: grito global contra o tr\u00e1fico humano","description":"Descubra como combater o tr\u00e1fico humano em 30 de julho. Saiba prevenir, denunciar, confira puni\u00e7\u00f5es e veja os pa\u00edses mais afetados pelo crime","robots":{"index":"index","follow":"follow","max-snippet":"max-snippet:-1","max-image-preview":"max-image-preview:large","max-video-preview":"max-video-preview:-1"},"canonical":"https:\/\/www.correiobraziliense.com.br\/aqui\/2025\/07\/30\/30-de-julho-grito-global-contra-o-trafico-humano\/","og_locale":"pt_BR","og_type":"article","og_title":"30 de Julho: grito global contra o tr\u00e1fico humano","og_description":"Descubra como combater o tr\u00e1fico humano em 30 de julho. Saiba prevenir, denunciar, confira puni\u00e7\u00f5es e veja os pa\u00edses mais afetados pelo crime","og_url":"https:\/\/www.correiobraziliense.com.br\/aqui\/2025\/07\/30\/30-de-julho-grito-global-contra-o-trafico-humano\/","og_site_name":"Correio Braziliense - Aqui","article_published_time":"2025-07-30T12:15:00+00:00","og_image":[{"width":1280,"height":720,"url":"https:\/\/www.correiobraziliense.com.br\/aqui\/wp-content\/uploads\/2025\/07\/trafico-humano_1753839825548.jpg","type":"image\/jpeg"}],"author":"Daniel","twitter_card":"summary_large_image","twitter_misc":{"Escrito por":"Daniel","Est. tempo de leitura":"4 minutos"},"schema":{"@context":"https:\/\/schema.org","@graph":[{"@type":"WebPage","@id":"https:\/\/www.correiobraziliense.com.br\/aqui\/2025\/07\/30\/30-de-julho-grito-global-contra-o-trafico-humano\/","url":"https:\/\/www.correiobraziliense.com.br\/aqui\/2025\/07\/30\/30-de-julho-grito-global-contra-o-trafico-humano\/","name":"30 de Julho: grito global contra o tr\u00e1fico humano","isPartOf":{"@id":"https:\/\/www.correiobraziliense.com.br\/aqui\/#website"},"primaryImageOfPage":{"@id":"https:\/\/www.correiobraziliense.com.br\/aqui\/2025\/07\/30\/30-de-julho-grito-global-contra-o-trafico-humano\/#primaryimage"},"image":{"@id":"https:\/\/www.correiobraziliense.com.br\/aqui\/2025\/07\/30\/30-de-julho-grito-global-contra-o-trafico-humano\/#primaryimage"},"thumbnailUrl":"https:\/\/www.correiobraziliense.com.br\/aqui\/wp-content\/uploads\/2025\/07\/trafico-humano_1753839825548.jpg","datePublished":"2025-07-30T12:15:00+00:00","author":{"@id":"https:\/\/www.correiobraziliense.com.br\/aqui\/#\/schema\/person\/d588169fc44d3a8a8eca46d6a1751c00"},"description":"Descubra como combater o tr\u00e1fico humano em 30 de julho. Saiba prevenir, denunciar, confira puni\u00e7\u00f5es e veja os pa\u00edses mais afetados pelo crime","breadcrumb":{"@id":"https:\/\/www.correiobraziliense.com.br\/aqui\/2025\/07\/30\/30-de-julho-grito-global-contra-o-trafico-humano\/#breadcrumb"},"inLanguage":"pt-BR","potentialAction":[{"@type":"ReadAction","target":["https:\/\/www.correiobraziliense.com.br\/aqui\/2025\/07\/30\/30-de-julho-grito-global-contra-o-trafico-humano\/"]}]},{"@type":"ImageObject","inLanguage":"pt-BR","@id":"https:\/\/www.correiobraziliense.com.br\/aqui\/2025\/07\/30\/30-de-julho-grito-global-contra-o-trafico-humano\/#primaryimage","url":"https:\/\/www.correiobraziliense.com.br\/aqui\/wp-content\/uploads\/2025\/07\/trafico-humano_1753839825548.jpg","contentUrl":"https:\/\/www.correiobraziliense.com.br\/aqui\/wp-content\/uploads\/2025\/07\/trafico-humano_1753839825548.jpg","width":1280,"height":720,"caption":"Tr\u00e1fico humano -depositphotos.com \/ Tinnakorn"},{"@type":"BreadcrumbList","@id":"https:\/\/www.correiobraziliense.com.br\/aqui\/2025\/07\/30\/30-de-julho-grito-global-contra-o-trafico-humano\/#breadcrumb","itemListElement":[{"@type":"ListItem","position":1,"name":"In\u00edcio","item":"https:\/\/www.correiobraziliense.com.br\/aqui\/"},{"@type":"ListItem","position":2,"name":"30 de Julho: grito global contra o tr\u00e1fico humano"}]},{"@type":"WebSite","@id":"https:\/\/www.correiobraziliense.com.br\/aqui\/#website","url":"https:\/\/www.correiobraziliense.com.br\/aqui\/","name":"Correio Braziliense - Aqui","description":"O Correio Braziliense (CB) \u00e9 o mais importante canal de not\u00edcias de Bras\u00edlia. Aqui voc\u00ea encontra as \u00faltimas not\u00edcias do DF, do Brasil e do mundo.","potentialAction":[{"@type":"SearchAction","target":{"@type":"EntryPoint","urlTemplate":"https:\/\/www.correiobraziliense.com.br\/aqui\/?s={search_term_string}"},"query-input":{"@type":"PropertyValueSpecification","valueRequired":true,"valueName":"search_term_string"}}],"inLanguage":"pt-BR"},{"@type":"Person","@id":"https:\/\/www.correiobraziliense.com.br\/aqui\/#\/schema\/person\/d588169fc44d3a8a8eca46d6a1751c00","name":"Daniel","image":{"@type":"ImageObject","inLanguage":"pt-BR","@id":"https:\/\/www.correiobraziliense.com.br\/aqui\/#\/schema\/person\/image\/","url":"https:\/\/secure.gravatar.com\/avatar\/eed68c2a9d1c83aac68fdcac4aad8b3d990a26da4c68f5a0a58e776917301ce8?s=96&d=mm&r=g","contentUrl":"https:\/\/secure.gravatar.com\/avatar\/eed68c2a9d1c83aac68fdcac4aad8b3d990a26da4c68f5a0a58e776917301ce8?s=96&d=mm&r=g","caption":"Daniel"},"url":"https:\/\/www.correiobraziliense.com.br\/aqui\/author\/danielaqui\/"}]}},"_links":{"self":[{"href":"https:\/\/www.correiobraziliense.com.br\/aqui\/wp-json\/wp\/v2\/posts\/6197","targetHints":{"allow":["GET"]}}],"collection":[{"href":"https:\/\/www.correiobraziliense.com.br\/aqui\/wp-json\/wp\/v2\/posts"}],"about":[{"href":"https:\/\/www.correiobraziliense.com.br\/aqui\/wp-json\/wp\/v2\/types\/post"}],"author":[{"embeddable":true,"href":"https:\/\/www.correiobraziliense.com.br\/aqui\/wp-json\/wp\/v2\/users\/5"}],"replies":[{"embeddable":true,"href":"https:\/\/www.correiobraziliense.com.br\/aqui\/wp-json\/wp\/v2\/comments?post=6197"}],"version-history":[{"count":1,"href":"https:\/\/www.correiobraziliense.com.br\/aqui\/wp-json\/wp\/v2\/posts\/6197\/revisions"}],"predecessor-version":[{"id":6210,"href":"https:\/\/www.correiobraziliense.com.br\/aqui\/wp-json\/wp\/v2\/posts\/6197\/revisions\/6210"}],"wp:featuredmedia":[{"embeddable":true,"href":"https:\/\/www.correiobraziliense.com.br\/aqui\/wp-json\/wp\/v2\/media\/6204"}],"wp:attachment":[{"href":"https:\/\/www.correiobraziliense.com.br\/aqui\/wp-json\/wp\/v2\/media?parent=6197"}],"wp:term":[{"taxonomy":"category","embeddable":true,"href":"https:\/\/www.correiobraziliense.com.br\/aqui\/wp-json\/wp\/v2\/categories?post=6197"},{"taxonomy":"post_tag","embeddable":true,"href":"https:\/\/www.correiobraziliense.com.br\/aqui\/wp-json\/wp\/v2\/tags?post=6197"}],"curies":[{"name":"wp","href":"https:\/\/api.w.org\/{rel}","templated":true}]}}