{"id":6212,"date":"2025-07-30T09:30:00","date_gmt":"2025-07-30T12:30:00","guid":{"rendered":"https:\/\/www.correiobraziliense.com.br\/aqui\/?p=6212"},"modified":"2025-07-30T00:53:18","modified_gmt":"2025-07-30T03:53:18","slug":"paprica-ou-colorau-descubra-agora-as-diferencas-que-ninguem-te-contou","status":"publish","type":"post","link":"https:\/\/www.correiobraziliense.com.br\/aqui\/2025\/07\/30\/paprica-ou-colorau-descubra-agora-as-diferencas-que-ninguem-te-contou\/","title":{"rendered":"P\u00e1prica ou colorau? Descubra agora as diferen\u00e7as que ningu\u00e9m te contou"},"content":{"rendered":"\n<p>Entre os <a href=\"https:\/\/www.correiobraziliense.com.br\/webstories\/flipar\/2025\/07\/7207078-temperos-e-especiarias-dao-toque-especial-na-gastronomia-sugestoes-para-o-dia-a-dia.html\">temperos frequentemente encontrados em receitas brasileiras<\/a>, a p\u00e1prica e o colorau costumam causar d\u00favidas pela semelhan\u00e7a na apar\u00eancia e na aplica\u00e7\u00e3o <a href=\"https:\/\/pt.wikipedia.org\/wiki\/Culin%C3%A1ria\">culin\u00e1ria<\/a>. No entanto, cada um desses condimentos possui caracter\u00edsticas pr\u00f3prias que impactam diretamente o sabor, o aroma e at\u00e9 mesmo a apresenta\u00e7\u00e3o dos pratos. Compreender as particularidades desses ingredientes auxilia no preparo de pratos mais equilibrados e entrega melhores resultados na cozinha do dia a dia.<\/p>\n\n\n\n<p>Ambos os condimentos exibem colora\u00e7\u00e3o avermelhada marcante, o que frequentemente leva ao seu uso como corantes naturais em preparos diversos. Apesar disso, eles se diferenciam em sabor, origem e modo de fabrica\u00e7\u00e3o, desempenhando fun\u00e7\u00f5es distintas na culin\u00e1ria e conferindo nuances \u00fanicas \u00e0s receitas, sejam elas simples ou mais elaboradas.<\/p>\n\n\n\n<h2 class=\"wp-block-heading\">De onde v\u00eam a p\u00e1prica e o colorau?<\/h2>\n\n\n\n<p>A p\u00e1prica, tradicional da culin\u00e1ria h\u00fangara mas muito comum tamb\u00e9m na Europa Central, \u00e9 feita a partir da desidrata\u00e7\u00e3o e moagem de variedades espec\u00edficas de piment\u00e3o ou pimentas doces. Esse ingrediente \u00e9 bastante vers\u00e1til, existindo vers\u00f5es doces, picantes e defumadas, dependendo da variedade do fruto utilizado e do modo de processamento \u2014 fatores que influenciam diretamente seu sabor caracter\u00edstico.<\/p>\n\n\n\n<p>O colorau, por sua vez, \u00e9 um condimento tipicamente brasileiro conhecido em algumas regi\u00f5es como urucum ou color\u00edfico. Ele \u00e9 produzido a partir das sementes do urucuzeiro, \u00e1rvore nativa da Am\u00e9rica do Sul. As sementes s\u00e3o trituradas e misturadas a \u00f3leos vegetais ou fub\u00e1, resultando num p\u00f3 de colora\u00e7\u00e3o intensa que, ao contr\u00e1rio da paprica, apresenta sabor suave e praticamente neutro.<\/p>\n\n\n\n<figure class=\"wp-block-image size-large\"><img loading=\"lazy\" decoding=\"async\" width=\"1024\" height=\"576\" src=\"https:\/\/www.correiobraziliense.com.br\/aqui\/wp-content\/uploads\/2025\/07\/paprica_1753840887023-1024x576.jpg\" alt=\"\" class=\"wp-image-6216\" srcset=\"https:\/\/www.correiobraziliense.com.br\/aqui\/wp-content\/uploads\/2025\/07\/paprica_1753840887023-1024x576.jpg 1024w, https:\/\/www.correiobraziliense.com.br\/aqui\/wp-content\/uploads\/2025\/07\/paprica_1753840887023-300x169.jpg 300w, https:\/\/www.correiobraziliense.com.br\/aqui\/wp-content\/uploads\/2025\/07\/paprica_1753840887023-768x432.jpg 768w, https:\/\/www.correiobraziliense.com.br\/aqui\/wp-content\/uploads\/2025\/07\/paprica_1753840887023-750x422.jpg 750w, https:\/\/www.correiobraziliense.com.br\/aqui\/wp-content\/uploads\/2025\/07\/paprica_1753840887023-1140x641.jpg 1140w, https:\/\/www.correiobraziliense.com.br\/aqui\/wp-content\/uploads\/2025\/07\/paprica_1753840887023.jpg 1280w\" sizes=\"auto, (max-width: 1024px) 100vw, 1024px\" \/><figcaption class=\"wp-element-caption\">P\u00e1prica \u00e9 feita atrav\u00e9s da desidrata\u00e7\u00e3o e moagem piment\u00e3o ou pimentas doces &#8211; depositphotos.com \/ KostyaKlimenko\n<\/figcaption><\/figure>\n\n\n\n<h2 class=\"wp-block-heading\">Quais as principais diferen\u00e7as entre paprica e colorau?<\/h2>\n\n\n\n<p><strong>Enquanto a p\u00e1prica agrega cor, aroma e sabor aos pratos, o colorau atua predominantemente como corante aliment\u00edcio.<\/strong> A paprica pode oferecer notas doces, levemente picantes ou defumadas, de acordo com o tipo escolhido, contribuindo para profundidade de sabor em receitas como ensopados, carnes, arroz e legumes. Por outro lado, o colorau real\u00e7a a cor dos alimentos sem interferir de modo relevante no paladar, sendo largamente empregado em preparos como galinhada, feij\u00e3o tropeiro, refogados e caldos.<\/p>\n\n\n\n<p>Al\u00e9m do sabor e do aroma, a forma de produ\u00e7\u00e3o tamb\u00e9m diverge. A p\u00e1prica, obtida a partir de pimentas ou piment\u00f5es desidratados, preserva compostos respons\u00e1veis pelo seu aroma e sabor marcantes. J\u00e1 o colorau traz pigmento extra\u00eddo das sementes do urucum, sendo considerado um condimento suave e com baixa interfer\u00eancia sensorial.<\/p>\n\n\n\n<ul class=\"wp-block-list\">\n<li><strong>P\u00e1prica:<\/strong> Sabor intenso, pode ser doce, picante ou defumada, aroma pronunciado, usada para colorir e temperar.<\/li>\n\n\n\n<li><strong>Colorau:<\/strong> Sabor neutro, usado prioritariamente para adicionar cor, aroma quase impercept\u00edvel.<\/li>\n<\/ul>\n\n\n\n<h2 class=\"wp-block-heading\">Quando utilizar cada condimento nas receitas?<\/h2>\n\n\n\n<p>A escolha entre paprica e colorau depende do objetivo na receita. Para quem busca real\u00e7ar o sabor e aroma, a paprica \u00e9 a escolha adequada, especialmente em pratos como goulash, ensopados, batatas e carnes, nos quais seu perfil arom\u00e1tico faz diferen\u00e7a. Se a meta \u00e9 apenas dar cor vibrante ao alimento, o colorau cumpre esse papel sem modificar o sabor, sendo ideal para refogados, arroz, moquecas e para substituir corantes artificiais.<\/p>\n\n\n\n<p>\u00c9 importante considerar que, por mais semelhantes que pare\u00e7am visualmente, a troca de um pelo outro pode alterar o resultado final de uma prepara\u00e7\u00e3o. Ao conhecer suas fun\u00e7\u00f5es e caracter\u00edsticas, \u00e9 poss\u00edvel tirar melhor proveito de cada um e criar receitas que valorizam tanto o visual quanto o sabor.<\/p>\n\n\n\n<figure class=\"wp-block-image size-large\"><img loading=\"lazy\" decoding=\"async\" width=\"1024\" height=\"576\" src=\"https:\/\/www.correiobraziliense.com.br\/aqui\/wp-content\/uploads\/2025\/07\/colorau_1753841056274-1024x576.jpg\" alt=\"\" class=\"wp-image-6214\" srcset=\"https:\/\/www.correiobraziliense.com.br\/aqui\/wp-content\/uploads\/2025\/07\/colorau_1753841056274-1024x576.jpg 1024w, https:\/\/www.correiobraziliense.com.br\/aqui\/wp-content\/uploads\/2025\/07\/colorau_1753841056274-300x169.jpg 300w, https:\/\/www.correiobraziliense.com.br\/aqui\/wp-content\/uploads\/2025\/07\/colorau_1753841056274-768x432.jpg 768w, https:\/\/www.correiobraziliense.com.br\/aqui\/wp-content\/uploads\/2025\/07\/colorau_1753841056274-750x422.jpg 750w, https:\/\/www.correiobraziliense.com.br\/aqui\/wp-content\/uploads\/2025\/07\/colorau_1753841056274-1140x641.jpg 1140w, https:\/\/www.correiobraziliense.com.br\/aqui\/wp-content\/uploads\/2025\/07\/colorau_1753841056274.jpg 1280w\" sizes=\"auto, (max-width: 1024px) 100vw, 1024px\" \/><figcaption class=\"wp-element-caption\">Ambos avermelhados, esses temperos s\u00e3o muito utilizados na culin\u00e1ria brasileira &#8211; depositphotos.com \/ ajafoto\n<\/figcaption><\/figure>\n\n\n\n<h2 class=\"wp-block-heading\">Como armazenar e conservar p\u00e1prica e colorau?<\/h2>\n\n\n\n<p>Tanto a p\u00e1prica quanto o colorau devem ser armazenados em recipientes fechados, ao abrigo da luz e da umidade, para evitar a oxida\u00e7\u00e3o e garantir sua durabilidade. No caso da paprica, o contato prolongado com a luz pode fazer com que perca cor e aroma mais rapidamente do que o esperado.<\/p>\n\n\n\n<ol class=\"wp-block-list\">\n<li>Guarde os condimentos em potes escuros ou longe da incid\u00eancia direta de luz.<\/li>\n\n\n\n<li>Mantenha bem vedados para evitar umidade e a entrada de odores indesejados.<\/li>\n\n\n\n<li>Evite guardar pr\u00f3ximos ao fog\u00e3o, onde o calor acelera o processo de degrada\u00e7\u00e3o.<\/li>\n<\/ol>\n\n\n\n<p>Entender as diferen\u00e7as entre paprica e colorau proporciona maior controle sobre o resultado final dos pratos, otimiza os sabores e mant\u00e9m a autenticidade das receitas tradicionais e contempor\u00e2neas brasileiras.<\/p>\n\n\n\n<p><\/p>\n","protected":false},"excerpt":{"rendered":"<p>Entre os temperos frequentemente encontrados em receitas brasileiras, a p\u00e1prica e o colorau costumam causar d\u00favidas pela semelhan\u00e7a na apar\u00eancia e na aplica\u00e7\u00e3o culin\u00e1ria. No entanto, cada um desses condimentos possui caracter\u00edsticas pr\u00f3prias que impactam diretamente o sabor, o aroma e at\u00e9 mesmo a apresenta\u00e7\u00e3o dos pratos. Compreender as particularidades desses ingredientes auxilia no preparo [&hellip;]<\/p>\n","protected":false},"author":3,"featured_media":6215,"comment_status":"open","ping_status":"open","sticky":false,"template":"","format":"standard","meta":{"jnews-multi-image_gallery":[],"jnews_single_post":{"format":"standard"},"jnews_primary_category":[],"jnews_social_meta":[],"jnews_override_counter":[],"footnotes":""},"categories":[121],"tags":[3099,3098],"class_list":["post-6212","post","type-post","status-publish","format-standard","has-post-thumbnail","hentry","category-gastronomia","tag-colorau","tag-paprica"],"yoast_head":"<!-- This site is optimized with the Yoast SEO plugin v25.1 - https:\/\/yoast.com\/wordpress\/plugins\/seo\/ -->\n<title>P\u00e1prica ou colorau? Descubra agora as diferen\u00e7as que ningu\u00e9m te contou - Correio Braziliense - Aqui<\/title>\n<meta name=\"description\" content=\"Descubra as principais diferen\u00e7as entre p\u00e1prica e colorau, entenda seus usos na culin\u00e1ria e aprimore suas receitas com mais sabor e cor!\" \/>\n<meta name=\"robots\" content=\"index, follow, max-snippet:-1, max-image-preview:large, max-video-preview:-1\" \/>\n<link rel=\"canonical\" href=\"https:\/\/www.correiobraziliense.com.br\/aqui\/2025\/07\/30\/paprica-ou-colorau-descubra-agora-as-diferencas-que-ninguem-te-contou\/\" \/>\n<meta property=\"og:locale\" content=\"pt_BR\" \/>\n<meta property=\"og:type\" content=\"article\" \/>\n<meta property=\"og:title\" content=\"P\u00e1prica ou colorau? Descubra agora as diferen\u00e7as que ningu\u00e9m te contou - Correio Braziliense - Aqui\" \/>\n<meta property=\"og:description\" content=\"Descubra as principais diferen\u00e7as entre p\u00e1prica e colorau, entenda seus usos na culin\u00e1ria e aprimore suas receitas com mais sabor e cor!\" \/>\n<meta property=\"og:url\" content=\"https:\/\/www.correiobraziliense.com.br\/aqui\/2025\/07\/30\/paprica-ou-colorau-descubra-agora-as-diferencas-que-ninguem-te-contou\/\" \/>\n<meta property=\"og:site_name\" content=\"Correio Braziliense - Aqui\" \/>\n<meta property=\"article:published_time\" content=\"2025-07-30T12:30:00+00:00\" \/>\n<meta property=\"og:image\" content=\"https:\/\/www.correiobraziliense.com.br\/aqui\/wp-content\/uploads\/2025\/07\/colorau_1753841024562.jpg\" \/>\n\t<meta property=\"og:image:width\" content=\"1279\" \/>\n\t<meta property=\"og:image:height\" content=\"720\" \/>\n\t<meta property=\"og:image:type\" content=\"image\/jpeg\" \/>\n<meta name=\"author\" content=\"silvana\" \/>\n<meta name=\"twitter:card\" content=\"summary_large_image\" \/>\n<meta name=\"twitter:label1\" content=\"Escrito por\" \/>\n\t<meta name=\"twitter:data1\" content=\"silvana\" \/>\n\t<meta name=\"twitter:label2\" content=\"Est. tempo de leitura\" \/>\n\t<meta name=\"twitter:data2\" content=\"5 minutos\" \/>\n<!-- \/ Yoast SEO plugin. -->","yoast_head_json":{"title":"P\u00e1prica ou colorau? Descubra agora as diferen\u00e7as que ningu\u00e9m te contou - Correio Braziliense - Aqui","description":"Descubra as principais diferen\u00e7as entre p\u00e1prica e colorau, entenda seus usos na culin\u00e1ria e aprimore suas receitas com mais sabor e cor!","robots":{"index":"index","follow":"follow","max-snippet":"max-snippet:-1","max-image-preview":"max-image-preview:large","max-video-preview":"max-video-preview:-1"},"canonical":"https:\/\/www.correiobraziliense.com.br\/aqui\/2025\/07\/30\/paprica-ou-colorau-descubra-agora-as-diferencas-que-ninguem-te-contou\/","og_locale":"pt_BR","og_type":"article","og_title":"P\u00e1prica ou colorau? Descubra agora as diferen\u00e7as que ningu\u00e9m te contou - Correio Braziliense - Aqui","og_description":"Descubra as principais diferen\u00e7as entre p\u00e1prica e colorau, entenda seus usos na culin\u00e1ria e aprimore suas receitas com mais sabor e cor!","og_url":"https:\/\/www.correiobraziliense.com.br\/aqui\/2025\/07\/30\/paprica-ou-colorau-descubra-agora-as-diferencas-que-ninguem-te-contou\/","og_site_name":"Correio Braziliense - Aqui","article_published_time":"2025-07-30T12:30:00+00:00","og_image":[{"width":1279,"height":720,"url":"https:\/\/www.correiobraziliense.com.br\/aqui\/wp-content\/uploads\/2025\/07\/colorau_1753841024562.jpg","type":"image\/jpeg"}],"author":"silvana","twitter_card":"summary_large_image","twitter_misc":{"Escrito por":"silvana","Est. tempo de leitura":"5 minutos"},"schema":{"@context":"https:\/\/schema.org","@graph":[{"@type":"WebPage","@id":"https:\/\/www.correiobraziliense.com.br\/aqui\/2025\/07\/30\/paprica-ou-colorau-descubra-agora-as-diferencas-que-ninguem-te-contou\/","url":"https:\/\/www.correiobraziliense.com.br\/aqui\/2025\/07\/30\/paprica-ou-colorau-descubra-agora-as-diferencas-que-ninguem-te-contou\/","name":"P\u00e1prica ou colorau? Descubra agora as diferen\u00e7as que ningu\u00e9m te contou - Correio Braziliense - Aqui","isPartOf":{"@id":"https:\/\/www.correiobraziliense.com.br\/aqui\/#website"},"primaryImageOfPage":{"@id":"https:\/\/www.correiobraziliense.com.br\/aqui\/2025\/07\/30\/paprica-ou-colorau-descubra-agora-as-diferencas-que-ninguem-te-contou\/#primaryimage"},"image":{"@id":"https:\/\/www.correiobraziliense.com.br\/aqui\/2025\/07\/30\/paprica-ou-colorau-descubra-agora-as-diferencas-que-ninguem-te-contou\/#primaryimage"},"thumbnailUrl":"https:\/\/www.correiobraziliense.com.br\/aqui\/wp-content\/uploads\/2025\/07\/colorau_1753841024562.jpg","datePublished":"2025-07-30T12:30:00+00:00","author":{"@id":"https:\/\/www.correiobraziliense.com.br\/aqui\/#\/schema\/person\/898d8b4f28f45e45205b3a62d932d35b"},"description":"Descubra as principais diferen\u00e7as entre p\u00e1prica e colorau, entenda seus usos na culin\u00e1ria e aprimore suas receitas com mais sabor e cor!","breadcrumb":{"@id":"https:\/\/www.correiobraziliense.com.br\/aqui\/2025\/07\/30\/paprica-ou-colorau-descubra-agora-as-diferencas-que-ninguem-te-contou\/#breadcrumb"},"inLanguage":"pt-BR","potentialAction":[{"@type":"ReadAction","target":["https:\/\/www.correiobraziliense.com.br\/aqui\/2025\/07\/30\/paprica-ou-colorau-descubra-agora-as-diferencas-que-ninguem-te-contou\/"]}]},{"@type":"ImageObject","inLanguage":"pt-BR","@id":"https:\/\/www.correiobraziliense.com.br\/aqui\/2025\/07\/30\/paprica-ou-colorau-descubra-agora-as-diferencas-que-ninguem-te-contou\/#primaryimage","url":"https:\/\/www.correiobraziliense.com.br\/aqui\/wp-content\/uploads\/2025\/07\/colorau_1753841024562.jpg","contentUrl":"https:\/\/www.correiobraziliense.com.br\/aqui\/wp-content\/uploads\/2025\/07\/colorau_1753841024562.jpg","width":1279,"height":720,"caption":"Saiba diferenciar p\u00e1prica e colorau na culin\u00e1ria - depositphotos.com \/ VickyDimBO"},{"@type":"BreadcrumbList","@id":"https:\/\/www.correiobraziliense.com.br\/aqui\/2025\/07\/30\/paprica-ou-colorau-descubra-agora-as-diferencas-que-ninguem-te-contou\/#breadcrumb","itemListElement":[{"@type":"ListItem","position":1,"name":"In\u00edcio","item":"https:\/\/www.correiobraziliense.com.br\/aqui\/"},{"@type":"ListItem","position":2,"name":"P\u00e1prica ou colorau? Descubra agora as diferen\u00e7as que ningu\u00e9m te contou"}]},{"@type":"WebSite","@id":"https:\/\/www.correiobraziliense.com.br\/aqui\/#website","url":"https:\/\/www.correiobraziliense.com.br\/aqui\/","name":"Correio Braziliense - Aqui","description":"O Correio Braziliense (CB) \u00e9 o mais importante canal de not\u00edcias de Bras\u00edlia. Aqui voc\u00ea encontra as \u00faltimas not\u00edcias do DF, do Brasil e do mundo.","potentialAction":[{"@type":"SearchAction","target":{"@type":"EntryPoint","urlTemplate":"https:\/\/www.correiobraziliense.com.br\/aqui\/?s={search_term_string}"},"query-input":{"@type":"PropertyValueSpecification","valueRequired":true,"valueName":"search_term_string"}}],"inLanguage":"pt-BR"},{"@type":"Person","@id":"https:\/\/www.correiobraziliense.com.br\/aqui\/#\/schema\/person\/898d8b4f28f45e45205b3a62d932d35b","name":"silvana","image":{"@type":"ImageObject","inLanguage":"pt-BR","@id":"https:\/\/www.correiobraziliense.com.br\/aqui\/#\/schema\/person\/image\/","url":"https:\/\/secure.gravatar.com\/avatar\/98d04eb3bc0a9c2b599054bca55b19e8181903c77038e005014fe3092f5e8e04?s=96&d=mm&r=g","contentUrl":"https:\/\/secure.gravatar.com\/avatar\/98d04eb3bc0a9c2b599054bca55b19e8181903c77038e005014fe3092f5e8e04?s=96&d=mm&r=g","caption":"silvana"},"url":"https:\/\/www.correiobraziliense.com.br\/aqui\/author\/silvanaaqui\/"}]}},"_links":{"self":[{"href":"https:\/\/www.correiobraziliense.com.br\/aqui\/wp-json\/wp\/v2\/posts\/6212","targetHints":{"allow":["GET"]}}],"collection":[{"href":"https:\/\/www.correiobraziliense.com.br\/aqui\/wp-json\/wp\/v2\/posts"}],"about":[{"href":"https:\/\/www.correiobraziliense.com.br\/aqui\/wp-json\/wp\/v2\/types\/post"}],"author":[{"embeddable":true,"href":"https:\/\/www.correiobraziliense.com.br\/aqui\/wp-json\/wp\/v2\/users\/3"}],"replies":[{"embeddable":true,"href":"https:\/\/www.correiobraziliense.com.br\/aqui\/wp-json\/wp\/v2\/comments?post=6212"}],"version-history":[{"count":2,"href":"https:\/\/www.correiobraziliense.com.br\/aqui\/wp-json\/wp\/v2\/posts\/6212\/revisions"}],"predecessor-version":[{"id":6217,"href":"https:\/\/www.correiobraziliense.com.br\/aqui\/wp-json\/wp\/v2\/posts\/6212\/revisions\/6217"}],"wp:featuredmedia":[{"embeddable":true,"href":"https:\/\/www.correiobraziliense.com.br\/aqui\/wp-json\/wp\/v2\/media\/6215"}],"wp:attachment":[{"href":"https:\/\/www.correiobraziliense.com.br\/aqui\/wp-json\/wp\/v2\/media?parent=6212"}],"wp:term":[{"taxonomy":"category","embeddable":true,"href":"https:\/\/www.correiobraziliense.com.br\/aqui\/wp-json\/wp\/v2\/categories?post=6212"},{"taxonomy":"post_tag","embeddable":true,"href":"https:\/\/www.correiobraziliense.com.br\/aqui\/wp-json\/wp\/v2\/tags?post=6212"}],"curies":[{"name":"wp","href":"https:\/\/api.w.org\/{rel}","templated":true}]}}