{"id":6421,"date":"2025-07-31T08:00:00","date_gmt":"2025-07-31T11:00:00","guid":{"rendered":"https:\/\/www.correiobraziliense.com.br\/aqui\/?p=6421"},"modified":"2025-07-31T01:05:32","modified_gmt":"2025-07-31T04:05:32","slug":"usos-surpreendentes-do-gelo-seco-que-pouca-gente-conhece","status":"publish","type":"post","link":"https:\/\/www.correiobraziliense.com.br\/aqui\/2025\/07\/31\/usos-surpreendentes-do-gelo-seco-que-pouca-gente-conhece\/","title":{"rendered":"Usos surpreendentes do gelo seco que pouca gente conhece"},"content":{"rendered":"\n<p>Gelo seco \u00e9 um recurso utilizado amplamente em diversos setores pela sua efici\u00eancia em manter <a href=\"https:\/\/pt.wikipedia.org\/wiki\/Alimento\">alimentos <\/a>e bebidas em baixas temperaturas por longos per\u00edodos. Al\u00e9m de ser um dos m\u00e9todos mais tradicionais para a conserva\u00e7\u00e3o tempor\u00e1ria, <a href=\"https:\/\/www.correiobraziliense.com.br\/webstories\/flipar\/2025\/07\/7209511-as-diversas-utilidades-do-gelo-seco-espante-se.html\">esse material se destaca por suas caracter\u00edsticas f\u00edsicas \u00fanicas<\/a>, que ampliam seu leque de aplica\u00e7\u00f5es muito al\u00e9m da refrigera\u00e7\u00e3o. A subst\u00e2ncia, composta de di\u00f3xido de carbono (CO\u2082) em estado s\u00f3lido, oferece vantagens not\u00e1veis para situa\u00e7\u00f5es onde n\u00e3o \u00e9 poss\u00edvel utilizar \u00e1gua ou energia el\u00e9trica, o que a torna extremamente vers\u00e1til.<\/p>\n\n\n\n<p>Com o passar dos anos, empresas do setor aliment\u00edcio, de transporte e at\u00e9 da \u00e1rea m\u00e9dica t\u00eam recorrido ao gelo seco para manter res\u00edduos, vacinas e \u00f3rg\u00e3os em condi\u00e7\u00f5es ideais de conserva\u00e7\u00e3o. Isso acontece porque o gelo seco consegue armazenar temperaturas pr\u00f3ximas de -78\u202f\u00b0C, o que impede a prolifera\u00e7\u00e3o de bact\u00e9rias e garante a integridade dos produtos transportados ou armazenados. Dessa forma, seu emprego acabou se tornando fundamental para processos que exigem resultados r\u00e1pidos e transporte seguro de mercadorias sens\u00edveis ao calor.<\/p>\n\n\n\n<figure class=\"wp-block-image size-large\"><img loading=\"lazy\" decoding=\"async\" width=\"1024\" height=\"576\" src=\"https:\/\/www.correiobraziliense.com.br\/aqui\/wp-content\/uploads\/2025\/07\/GELO-SECO_1753916014485-1024x576.jpg\" alt=\"\" class=\"wp-image-6424\" srcset=\"https:\/\/www.correiobraziliense.com.br\/aqui\/wp-content\/uploads\/2025\/07\/GELO-SECO_1753916014485-1024x576.jpg 1024w, https:\/\/www.correiobraziliense.com.br\/aqui\/wp-content\/uploads\/2025\/07\/GELO-SECO_1753916014485-300x169.jpg 300w, https:\/\/www.correiobraziliense.com.br\/aqui\/wp-content\/uploads\/2025\/07\/GELO-SECO_1753916014485-768x432.jpg 768w, https:\/\/www.correiobraziliense.com.br\/aqui\/wp-content\/uploads\/2025\/07\/GELO-SECO_1753916014485-750x422.jpg 750w, https:\/\/www.correiobraziliense.com.br\/aqui\/wp-content\/uploads\/2025\/07\/GELO-SECO_1753916014485-1140x641.jpg 1140w, https:\/\/www.correiobraziliense.com.br\/aqui\/wp-content\/uploads\/2025\/07\/GELO-SECO_1753916014485.jpg 1280w\" sizes=\"auto, (max-width: 1024px) 100vw, 1024px\" \/><figcaption class=\"wp-element-caption\">\u00c9 usado em laborat\u00f3rios &#8211; depositphotos.com \/ AlexLipa\n<\/figcaption><\/figure>\n\n\n\n<h2 class=\"wp-block-heading\">O que \u00e9 o gelo seco e quais s\u00e3o suas propriedades?<\/h2>\n\n\n\n<p>O gelo seco recebe esse nome porque, diferentemente do gelo comum feito a partir de \u00e1gua, ele nunca passa pelo estado l\u00edquido ao mudar de s\u00f3lido para g\u00e1s. Esse processo de sublima\u00e7\u00e3o, em que o CO\u2082 s\u00f3lido se transforma diretamente em g\u00e1s carb\u00f4nico, \u00e9 uma das raz\u00f5es pelas quais n\u00e3o deixa res\u00edduos l\u00edquidos. Entre suas propriedades, destacam-se a aus\u00eancia de cor, sabor e odor, al\u00e9m da capacidade elevada de resfriamento imediato.<\/p>\n\n\n\n<p>Esse material pode ser encontrado em formas variadas, como blocos, pellets ou at\u00e9 mesmo em lascas, permitindo aplica\u00e7\u00f5es que v\u00e3o desde pequenos coolers pessoais at\u00e9 equipamentos industriais. Entre as vantagens pr\u00e1ticas, destaca-se o fato de o gelo seco n\u00e3o transmitir umidade, fator essencial em situa\u00e7\u00f5es onde o contato com l\u00edquidos poderia danificar produtos.<\/p>\n\n\n\n<h2 class=\"wp-block-heading\">Quais as principais utilidades no cotidiano?<\/h2>\n\n\n\n<p>O setor aliment\u00edcio \u00e9, provavelmente, o maior consumidor de gelo seco no Brasil em 2025. Padarias, sorveterias e restaurantes utilizam a subst\u00e2ncia para manter alimentos frescos durante o transporte, especialmente produtos como carnes, sorvetes e pratos prontos. No entanto, o uso n\u00e3o se limita \u00e0 cozinha: hospitais e laborat\u00f3rios aproveitam o gelo seco para preservar materiais biol\u00f3gicos, reagentes e amostras durante procedimentos longos ou envios para outras cidades.<\/p>\n\n\n\n<p>Al\u00e9m disso, eventos e festas criativas tamb\u00e9m fazem ampla utiliza\u00e7\u00e3o desse material para gerar efeitos especiais em palcos e pistas de dan\u00e7a. Ao entrar em contato com a \u00e1gua, o gelo seco produz uma n\u00e9voa espessa e \u201cc\u00eanica\u201d, muito empregada em espet\u00e1culos, casamentos e grava\u00e7\u00f5es audiovisuais. Essa aplica\u00e7\u00e3o tem conquistado espa\u00e7o nas produ\u00e7\u00f5es culturais, por ser visualmente marcante e segura quando aplicada com cuidado.<\/p>\n\n\n\n<figure class=\"wp-block-image size-large\"><img loading=\"lazy\" decoding=\"async\" width=\"1024\" height=\"576\" src=\"https:\/\/www.correiobraziliense.com.br\/aqui\/wp-content\/uploads\/2025\/07\/GELO-SECO_1753916045153-1024x576.jpg\" alt=\"\" class=\"wp-image-6423\" srcset=\"https:\/\/www.correiobraziliense.com.br\/aqui\/wp-content\/uploads\/2025\/07\/GELO-SECO_1753916045153-1024x576.jpg 1024w, https:\/\/www.correiobraziliense.com.br\/aqui\/wp-content\/uploads\/2025\/07\/GELO-SECO_1753916045153-300x169.jpg 300w, https:\/\/www.correiobraziliense.com.br\/aqui\/wp-content\/uploads\/2025\/07\/GELO-SECO_1753916045153-768x432.jpg 768w, https:\/\/www.correiobraziliense.com.br\/aqui\/wp-content\/uploads\/2025\/07\/GELO-SECO_1753916045153-750x422.jpg 750w, https:\/\/www.correiobraziliense.com.br\/aqui\/wp-content\/uploads\/2025\/07\/GELO-SECO_1753916045153-1140x641.jpg 1140w, https:\/\/www.correiobraziliense.com.br\/aqui\/wp-content\/uploads\/2025\/07\/GELO-SECO_1753916045153.jpg 1280w\" sizes=\"auto, (max-width: 1024px) 100vw, 1024px\" \/><figcaption class=\"wp-element-caption\">O setor aliment\u00edcio \u00e9, provavelmente, o maior consumidor de gelo seco no Brasil &#8211; depositphotos.com \/ nikkytok\n<\/figcaption><\/figure>\n\n\n\n<h2 class=\"wp-block-heading\">Como utilizar o gelo seco com seguran\u00e7a?<\/h2>\n\n\n\n<p>A manipula\u00e7\u00e3o do gelo seco requer cuidados espec\u00edficos para evitar riscos \u00e0 sa\u00fade e acidentes. <strong>Evitar contato direto com a pele<\/strong> \u00e9 fundamental, j\u00e1 que as baixas temperaturas podem causar queimaduras graves. O armazenamento deve ser feito em ambientes ventilados, pois a sublima\u00e7\u00e3o libera grandes quantidades de di\u00f3xido de carbono, o que pode ocasionar asfixia em espa\u00e7os fechados ou mal ventilados.<\/p>\n\n\n\n<ul class=\"wp-block-list\">\n<li>Utilizar luvas t\u00e9rmicas ao manusear<\/li>\n\n\n\n<li>Armazenar em recipientes isolados, mas nunca totalmente vedados<\/li>\n\n\n\n<li>Evitar transportar em ve\u00edculos fechados sem ventila\u00e7\u00e3o<\/li>\n\n\n\n<li>N\u00e3o ingerir ou permitir o contato com a boca<\/li>\n<\/ul>\n\n\n\n<p>Essas orienta\u00e7\u00f5es simples tornam o uso de gelo seco bastante seguro, permitindo a aplica\u00e7\u00e3o em diferentes contextos sem comprometer a integridade dos usu\u00e1rios e dos produtos envolvidos.<\/p>\n\n\n\n<h2 class=\"wp-block-heading\">Quais s\u00e3o os principais setores que dependem do gelo seco?<\/h2>\n\n\n\n<p>Diversos segmentos industriais, de entretenimento e at\u00e9 mesmo a \u00e1rea de limpeza investem cada vez mais em solu\u00e7\u00f5es baseadas no gelo seco. Na log\u00edstica, por exemplo, empresas de distribui\u00e7\u00e3o de alimentos e medicamentos apostam na sublima\u00e7\u00e3o r\u00e1pida do composto para transportar suas cargas por longas dist\u00e2ncias, sem que haja desconforto devido ao excesso de umidade.<\/p>\n\n\n\n<ol class=\"wp-block-list\">\n<li>Alimenta\u00e7\u00e3o: conserva\u00e7\u00e3o de carnes, pescados, sorvetes e bebidas<\/li>\n\n\n\n<li>Medicina e biotecnologia: armazenamento de c\u00e9lulas, vacinas e amostras laboratoriais<\/li>\n\n\n\n<li>Entretenimento: efeitos visuais em shows, festas e filmagens<\/li>\n\n\n\n<li>Limpeza criog\u00eanica: remo\u00e7\u00e3o de res\u00edduos industriais sem uso de \u00e1gua ou solventes<\/li>\n<\/ol>\n\n\n\n<p>A populariza\u00e7\u00e3o dessas pr\u00e1ticas mostra que, mesmo um produto aparentemente simples, pode ter impactos significativos quando investido de tecnologia e utilizado corretamente. O gelo seco, portanto, se apresenta como uma solu\u00e7\u00e3o pr\u00e1tica, eficiente e multifacetada, com potencial de continuar ganhando espa\u00e7o em novos ramos nos pr\u00f3ximos anos.<\/p>\n","protected":false},"excerpt":{"rendered":"<p>Gelo seco \u00e9 um recurso utilizado amplamente em diversos setores pela sua efici\u00eancia em manter alimentos e bebidas em baixas temperaturas por longos per\u00edodos. Al\u00e9m de ser um dos m\u00e9todos mais tradicionais para a conserva\u00e7\u00e3o tempor\u00e1ria, esse material se destaca por suas caracter\u00edsticas f\u00edsicas \u00fanicas, que ampliam seu leque de aplica\u00e7\u00f5es muito al\u00e9m da refrigera\u00e7\u00e3o. [&hellip;]<\/p>\n","protected":false},"author":3,"featured_media":6425,"comment_status":"open","ping_status":"open","sticky":false,"template":"","format":"standard","meta":{"jnews-multi-image_gallery":[],"jnews_single_post":{"format":"standard"},"jnews_primary_category":[],"jnews_social_meta":[],"jnews_override_counter":[],"footnotes":""},"categories":[120],"tags":[3138],"class_list":["post-6421","post","type-post","status-publish","format-standard","has-post-thumbnail","hentry","category-curiosidades","tag-gelo-seco"],"yoast_head":"<!-- This site is optimized with the Yoast SEO plugin v25.1 - https:\/\/yoast.com\/wordpress\/plugins\/seo\/ -->\n<title>Usos surpreendentes do gelo seco que pouca gente conhece - Correio Braziliense - Aqui<\/title>\n<meta name=\"description\" content=\"Perfeito para conservar alimentos e bebidas, descubra as diversas utilidades do gelo seco e surpreenda-se com seus diferenciais!\" \/>\n<meta name=\"robots\" content=\"index, follow, max-snippet:-1, max-image-preview:large, max-video-preview:-1\" \/>\n<link rel=\"canonical\" href=\"https:\/\/www.correiobraziliense.com.br\/aqui\/2025\/07\/31\/usos-surpreendentes-do-gelo-seco-que-pouca-gente-conhece\/\" \/>\n<meta property=\"og:locale\" content=\"pt_BR\" \/>\n<meta property=\"og:type\" content=\"article\" \/>\n<meta property=\"og:title\" content=\"Usos surpreendentes do gelo seco que pouca gente conhece - Correio Braziliense - Aqui\" \/>\n<meta property=\"og:description\" content=\"Perfeito para conservar alimentos e bebidas, descubra as diversas utilidades do gelo seco e surpreenda-se com seus diferenciais!\" \/>\n<meta property=\"og:url\" content=\"https:\/\/www.correiobraziliense.com.br\/aqui\/2025\/07\/31\/usos-surpreendentes-do-gelo-seco-que-pouca-gente-conhece\/\" \/>\n<meta property=\"og:site_name\" content=\"Correio Braziliense - Aqui\" \/>\n<meta property=\"article:published_time\" content=\"2025-07-31T11:00:00+00:00\" \/>\n<meta property=\"og:image\" content=\"https:\/\/www.correiobraziliense.com.br\/aqui\/wp-content\/uploads\/2025\/07\/GELO-SECO_1753915966855.jpg\" \/>\n\t<meta property=\"og:image:width\" content=\"1280\" \/>\n\t<meta property=\"og:image:height\" content=\"720\" \/>\n\t<meta property=\"og:image:type\" content=\"image\/jpeg\" \/>\n<meta name=\"author\" content=\"silvana\" \/>\n<meta name=\"twitter:card\" content=\"summary_large_image\" \/>\n<meta name=\"twitter:label1\" content=\"Escrito por\" \/>\n\t<meta name=\"twitter:data1\" content=\"silvana\" \/>\n\t<meta name=\"twitter:label2\" content=\"Est. tempo de leitura\" \/>\n\t<meta name=\"twitter:data2\" content=\"5 minutos\" \/>\n<!-- \/ Yoast SEO plugin. -->","yoast_head_json":{"title":"Usos surpreendentes do gelo seco que pouca gente conhece - Correio Braziliense - Aqui","description":"Perfeito para conservar alimentos e bebidas, descubra as diversas utilidades do gelo seco e surpreenda-se com seus diferenciais!","robots":{"index":"index","follow":"follow","max-snippet":"max-snippet:-1","max-image-preview":"max-image-preview:large","max-video-preview":"max-video-preview:-1"},"canonical":"https:\/\/www.correiobraziliense.com.br\/aqui\/2025\/07\/31\/usos-surpreendentes-do-gelo-seco-que-pouca-gente-conhece\/","og_locale":"pt_BR","og_type":"article","og_title":"Usos surpreendentes do gelo seco que pouca gente conhece - Correio Braziliense - Aqui","og_description":"Perfeito para conservar alimentos e bebidas, descubra as diversas utilidades do gelo seco e surpreenda-se com seus diferenciais!","og_url":"https:\/\/www.correiobraziliense.com.br\/aqui\/2025\/07\/31\/usos-surpreendentes-do-gelo-seco-que-pouca-gente-conhece\/","og_site_name":"Correio Braziliense - Aqui","article_published_time":"2025-07-31T11:00:00+00:00","og_image":[{"width":1280,"height":720,"url":"https:\/\/www.correiobraziliense.com.br\/aqui\/wp-content\/uploads\/2025\/07\/GELO-SECO_1753915966855.jpg","type":"image\/jpeg"}],"author":"silvana","twitter_card":"summary_large_image","twitter_misc":{"Escrito por":"silvana","Est. tempo de leitura":"5 minutos"},"schema":{"@context":"https:\/\/schema.org","@graph":[{"@type":"WebPage","@id":"https:\/\/www.correiobraziliense.com.br\/aqui\/2025\/07\/31\/usos-surpreendentes-do-gelo-seco-que-pouca-gente-conhece\/","url":"https:\/\/www.correiobraziliense.com.br\/aqui\/2025\/07\/31\/usos-surpreendentes-do-gelo-seco-que-pouca-gente-conhece\/","name":"Usos surpreendentes do gelo seco que pouca gente conhece - Correio Braziliense - Aqui","isPartOf":{"@id":"https:\/\/www.correiobraziliense.com.br\/aqui\/#website"},"primaryImageOfPage":{"@id":"https:\/\/www.correiobraziliense.com.br\/aqui\/2025\/07\/31\/usos-surpreendentes-do-gelo-seco-que-pouca-gente-conhece\/#primaryimage"},"image":{"@id":"https:\/\/www.correiobraziliense.com.br\/aqui\/2025\/07\/31\/usos-surpreendentes-do-gelo-seco-que-pouca-gente-conhece\/#primaryimage"},"thumbnailUrl":"https:\/\/www.correiobraziliense.com.br\/aqui\/wp-content\/uploads\/2025\/07\/GELO-SECO_1753915966855.jpg","datePublished":"2025-07-31T11:00:00+00:00","author":{"@id":"https:\/\/www.correiobraziliense.com.br\/aqui\/#\/schema\/person\/898d8b4f28f45e45205b3a62d932d35b"},"description":"Perfeito para conservar alimentos e bebidas, descubra as diversas utilidades do gelo seco e surpreenda-se com seus diferenciais!","breadcrumb":{"@id":"https:\/\/www.correiobraziliense.com.br\/aqui\/2025\/07\/31\/usos-surpreendentes-do-gelo-seco-que-pouca-gente-conhece\/#breadcrumb"},"inLanguage":"pt-BR","potentialAction":[{"@type":"ReadAction","target":["https:\/\/www.correiobraziliense.com.br\/aqui\/2025\/07\/31\/usos-surpreendentes-do-gelo-seco-que-pouca-gente-conhece\/"]}]},{"@type":"ImageObject","inLanguage":"pt-BR","@id":"https:\/\/www.correiobraziliense.com.br\/aqui\/2025\/07\/31\/usos-surpreendentes-do-gelo-seco-que-pouca-gente-conhece\/#primaryimage","url":"https:\/\/www.correiobraziliense.com.br\/aqui\/wp-content\/uploads\/2025\/07\/GELO-SECO_1753915966855.jpg","contentUrl":"https:\/\/www.correiobraziliense.com.br\/aqui\/wp-content\/uploads\/2025\/07\/GELO-SECO_1753915966855.jpg","width":1280,"height":720,"caption":"Gelo seco - depositphotos.com \/ der_makabere"},{"@type":"BreadcrumbList","@id":"https:\/\/www.correiobraziliense.com.br\/aqui\/2025\/07\/31\/usos-surpreendentes-do-gelo-seco-que-pouca-gente-conhece\/#breadcrumb","itemListElement":[{"@type":"ListItem","position":1,"name":"In\u00edcio","item":"https:\/\/www.correiobraziliense.com.br\/aqui\/"},{"@type":"ListItem","position":2,"name":"Usos surpreendentes do gelo seco que pouca gente conhece"}]},{"@type":"WebSite","@id":"https:\/\/www.correiobraziliense.com.br\/aqui\/#website","url":"https:\/\/www.correiobraziliense.com.br\/aqui\/","name":"Correio Braziliense - Aqui","description":"O Correio Braziliense (CB) \u00e9 o mais importante canal de not\u00edcias de Bras\u00edlia. Aqui voc\u00ea encontra as \u00faltimas not\u00edcias do DF, do Brasil e do mundo.","potentialAction":[{"@type":"SearchAction","target":{"@type":"EntryPoint","urlTemplate":"https:\/\/www.correiobraziliense.com.br\/aqui\/?s={search_term_string}"},"query-input":{"@type":"PropertyValueSpecification","valueRequired":true,"valueName":"search_term_string"}}],"inLanguage":"pt-BR"},{"@type":"Person","@id":"https:\/\/www.correiobraziliense.com.br\/aqui\/#\/schema\/person\/898d8b4f28f45e45205b3a62d932d35b","name":"silvana","image":{"@type":"ImageObject","inLanguage":"pt-BR","@id":"https:\/\/www.correiobraziliense.com.br\/aqui\/#\/schema\/person\/image\/","url":"https:\/\/secure.gravatar.com\/avatar\/98d04eb3bc0a9c2b599054bca55b19e8181903c77038e005014fe3092f5e8e04?s=96&d=mm&r=g","contentUrl":"https:\/\/secure.gravatar.com\/avatar\/98d04eb3bc0a9c2b599054bca55b19e8181903c77038e005014fe3092f5e8e04?s=96&d=mm&r=g","caption":"silvana"},"url":"https:\/\/www.correiobraziliense.com.br\/aqui\/author\/silvanaaqui\/"}]}},"_links":{"self":[{"href":"https:\/\/www.correiobraziliense.com.br\/aqui\/wp-json\/wp\/v2\/posts\/6421","targetHints":{"allow":["GET"]}}],"collection":[{"href":"https:\/\/www.correiobraziliense.com.br\/aqui\/wp-json\/wp\/v2\/posts"}],"about":[{"href":"https:\/\/www.correiobraziliense.com.br\/aqui\/wp-json\/wp\/v2\/types\/post"}],"author":[{"embeddable":true,"href":"https:\/\/www.correiobraziliense.com.br\/aqui\/wp-json\/wp\/v2\/users\/3"}],"replies":[{"embeddable":true,"href":"https:\/\/www.correiobraziliense.com.br\/aqui\/wp-json\/wp\/v2\/comments?post=6421"}],"version-history":[{"count":2,"href":"https:\/\/www.correiobraziliense.com.br\/aqui\/wp-json\/wp\/v2\/posts\/6421\/revisions"}],"predecessor-version":[{"id":6426,"href":"https:\/\/www.correiobraziliense.com.br\/aqui\/wp-json\/wp\/v2\/posts\/6421\/revisions\/6426"}],"wp:featuredmedia":[{"embeddable":true,"href":"https:\/\/www.correiobraziliense.com.br\/aqui\/wp-json\/wp\/v2\/media\/6425"}],"wp:attachment":[{"href":"https:\/\/www.correiobraziliense.com.br\/aqui\/wp-json\/wp\/v2\/media?parent=6421"}],"wp:term":[{"taxonomy":"category","embeddable":true,"href":"https:\/\/www.correiobraziliense.com.br\/aqui\/wp-json\/wp\/v2\/categories?post=6421"},{"taxonomy":"post_tag","embeddable":true,"href":"https:\/\/www.correiobraziliense.com.br\/aqui\/wp-json\/wp\/v2\/tags?post=6421"}],"curies":[{"name":"wp","href":"https:\/\/api.w.org\/{rel}","templated":true}]}}