{"id":6887,"date":"2025-08-13T13:00:00","date_gmt":"2025-08-13T16:00:00","guid":{"rendered":"https:\/\/www.correiobraziliense.com.br\/aqui\/?p=6887"},"modified":"2025-08-04T17:09:50","modified_gmt":"2025-08-04T20:09:50","slug":"aguardando-fotos-a-maior-cachoeira-do-mundo-esta-escondida-sob-o-oceano","status":"publish","type":"post","link":"https:\/\/www.correiobraziliense.com.br\/aqui\/2025\/08\/13\/aguardando-fotos-a-maior-cachoeira-do-mundo-esta-escondida-sob-o-oceano\/","title":{"rendered":"(Aguardando fotos) A maior cachoeira do mundo est\u00e1 escondida sob o oceano"},"content":{"rendered":"\n<p>Localizada nas profundezas do <a href=\"https:\/\/pt.wikipedia.org\/wiki\/Oceano_Atl%C3%A2ntico\">Oceano Atl\u00e2ntico<\/a>, a maior cachoeira do planeta n\u00e3o \u00e9 vis\u00edvel a olho nu nem marcada por quedas d\u2019\u00e1gua tradicionais. O fen\u00f4meno ocorre no Estreito da Dinamarca, uma regi\u00e3o entre a Groenl\u00e2ndia e a Isl\u00e2ndia, onde \u00e1guas frias e densas do \u00c1rtico se encontram com \u00e1guas mais quentes do Atl\u00e2ntico Norte. Essa intera\u00e7\u00e3o resulta em um espet\u00e1culo natural impressionante, movimentando volumes gigantescos de \u00e1gua, bem maiores que qualquer cachoeira de superf\u00edcie conhecida.<\/p>\n\n\n\n<p>O fen\u00f4meno submarino ficou conhecido como \u201c<a href=\"https:\/\/www.correiobraziliense.com.br\/webstories\/flipar\/2025\/07\/7202034-maior-cachoeira-do-planeta-nao-fica-na-superficie-esta-submersa-no-oceano.html\">Cachoeira Submarina do Estreito da Dinamarca<\/a>\u201d. Diferentemente das quedas d\u2019\u00e1gua terrestres, essa forma\u00e7\u00e3o n\u00e3o \u00e9 composta por \u00e1guas caindo de penhascos, mas por correntes de densidades distintas que deslizam sobre a eleva\u00e7\u00e3o submarina chamada Limiar da Groenl\u00e2ndia. Por conta disso, ocorre um fluxo intenso para o fundo do oceano, atingindo profundidades superiores a 3,5 mil metros.<\/p>\n\n\n\n<h2 class=\"wp-block-heading\">Como funciona a maior cachoeira do mundo?<\/h2>\n\n\n\n<p>O mecanismo respons\u00e1vel pela forma\u00e7\u00e3o dessa extraordin\u00e1ria queda d\u2019\u00e1gua est\u00e1 relacionado \u00e0 diferen\u00e7a de temperatura e salinidade entre as massas de \u00e1gua envolvidas. Quando a \u00e1gua fria proveniente do \u00c1rtico se desloca para o sul, encontra \u00e1guas mais quentes do Atl\u00e2ntico. Por ser mais densa, a \u00e1gua fria mergulha sob as camadas menos densas, criando um fluxo descendente cont\u00ednuo e intenso, semelhante a uma gigantesca cachoeira invertida.<\/p>\n\n\n\n<p>Esse processo faz com que aproximadamente <strong>5 milh\u00f5es de metros c\u00fabicos de \u00e1gua por segundo<\/strong> des\u00e7am ao longo da eleva\u00e7\u00e3o submarina. S\u00f3 para efeito de compara\u00e7\u00e3o, o volume transportado por essa corrente \u00e9 cerca de 350 vezes maior do que o das mundialmente conhecidas Cataratas do Ni\u00e1gara, ilustrando a grandeza do fen\u00f4meno no fundo do oceano.<\/p>\n\n\n\n<h2 class=\"wp-block-heading\">Onde est\u00e1 localizada a cachoeira submarina?<\/h2>\n\n\n\n<p>A gigantesca cachoeira submarina se encontra no chamado Estreito da Dinamarca, que fica entre as latitudes da Groenl\u00e2ndia e da Isl\u00e2ndia, no Atl\u00e2ntico Norte. A eleva\u00e7\u00e3o submarina do Limiar da Groenl\u00e2ndia age como uma esp\u00e9cie de \u201cdegrau\u201d submerso, separando \u00e1guas profundas e frias do norte das mais quentes vindas do sul. Esse cen\u00e1rio cria o ambiente ideal para a forma\u00e7\u00e3o do fen\u00f4meno.<\/p>\n\n\n\n<p>O local \u00e9 bastante estudado por ocean\u00f3grafos e pesquisadores devido \u00e0 sua import\u00e2ncia para a circula\u00e7\u00e3o termohalina, tamb\u00e9m conhecida como \u201ccintur\u00e3o transportador global\u201d. Essa circula\u00e7\u00e3o regula boa parte do clima terrestre, influenciando o fluxo de calor e nutrientes entre diferentes partes dos oceanos.<\/p>\n\n\n\n<h2 class=\"wp-block-heading\">Por que a cachoeira submersa \u00e9 importante para a ci\u00eancia?<\/h2>\n\n\n\n<p>Al\u00e9m de seu impacto visual nos estudos oceanogr\u00e1ficos, a cachoeira submersa do Estreito da Dinamarca desempenha papel essencial na manuten\u00e7\u00e3o do equil\u00edbrio clim\u00e1tico global. A movimenta\u00e7\u00e3o cont\u00ednua das \u00e1guas frias em dire\u00e7\u00e3o \u00e0s grandes profundidades contribui para a renova\u00e7\u00e3o das camadas oce\u00e2nicas e para o transporte de nutrientes vitais \u00e0 sobreviv\u00eancia de muitas esp\u00e9cies marinhas.<\/p>\n\n\n\n<p>Estudos indicam que altera\u00e7\u00f5es nessa corrente podem afetar n\u00e3o somente o clima regional, mas tamb\u00e9m o regime de chuvas, a biodiversidade marinha e at\u00e9 mesmo o comportamento das correntes superficiais. Por esse motivo, a cachoeira submarina \u00e9 monitorada e estudada constantemente por equipes cient\u00edficas de diferentes pa\u00edses.<\/p>\n\n\n\n<h2 class=\"wp-block-heading\">Quais s\u00e3o as curiosidades sobre esse fen\u00f4meno natural?<\/h2>\n\n\n\n<ul class=\"wp-block-list\">\n<li>A \u201cqueda\u201d se estende por aproximadamente 160 quil\u00f4metros de largura e atinge quase 3.500 metros de profundidade, dimens\u00f5es maiores que qualquer catarata continental.<\/li>\n\n\n\n<li>N\u00e3o \u00e9 poss\u00edvel ver a cachoeira diretamente, pois est\u00e1 completamente submersa e ocorre devido a diferen\u00e7as f\u00edsico-qu\u00edmicas, e n\u00e3o por eros\u00e3o do solo.<\/li>\n\n\n\n<li>A circula\u00e7\u00e3o causada pelo fen\u00f4meno \u00e9 fundamental para a oxigena\u00e7\u00e3o dos oceanos e para o transporte de calor, funcionando quase como um pulm\u00e3o para os mares.<\/li>\n\n\n\n<li>O local onde a cachoeira ocorre est\u00e1 situado em uma das regi\u00f5es mais frias do planeta, o que potencializa o contraste entre as massas de \u00e1gua envolvidas.<\/li>\n<\/ul>\n\n\n\n<p>Diante desses aspectos, a maior cachoeira do planeta desafia o imagin\u00e1rio popular ao estar escondida sob a superf\u00edcie do mar, refor\u00e7ando a complexidade dos processos naturais que moldam o nosso planeta e influenciam a vida marinha e o clima de maneira profunda e silenciosa.<\/p>\n","protected":false},"excerpt":{"rendered":"<p>Localizada nas profundezas do Oceano Atl\u00e2ntico, a maior cachoeira do planeta n\u00e3o \u00e9 vis\u00edvel a olho nu nem marcada por quedas d\u2019\u00e1gua tradicionais. O fen\u00f4meno ocorre no Estreito da Dinamarca, uma regi\u00e3o entre a Groenl\u00e2ndia e a Isl\u00e2ndia, onde \u00e1guas frias e densas do \u00c1rtico se encontram com \u00e1guas mais quentes do Atl\u00e2ntico Norte. Essa [&hellip;]<\/p>\n","protected":false},"author":3,"featured_media":0,"comment_status":"open","ping_status":"open","sticky":false,"template":"","format":"standard","meta":{"jnews-multi-image_gallery":[],"jnews_single_post":{"format":"standard"},"jnews_primary_category":[],"jnews_social_meta":[],"jnews_override_counter":[],"footnotes":""},"categories":[149],"tags":[3257],"class_list":["post-6887","post","type-post","status-publish","format-standard","hentry","category-mundo","tag-maior-cachoeira-do-mundo"],"yoast_head":"<!-- This site is optimized with the Yoast SEO plugin v25.1 - https:\/\/yoast.com\/wordpress\/plugins\/seo\/ -->\n<title>(Aguardando fotos) A maior cachoeira do mundo est\u00e1 escondida sob o oceano - Correio Braziliense - Aqui<\/title>\n<meta name=\"robots\" content=\"index, follow, max-snippet:-1, max-image-preview:large, max-video-preview:-1\" \/>\n<link rel=\"canonical\" href=\"https:\/\/www.correiobraziliense.com.br\/aqui\/2025\/08\/13\/aguardando-fotos-a-maior-cachoeira-do-mundo-esta-escondida-sob-o-oceano\/\" \/>\n<meta property=\"og:locale\" content=\"pt_BR\" \/>\n<meta property=\"og:type\" content=\"article\" \/>\n<meta property=\"og:title\" content=\"(Aguardando fotos) A maior cachoeira do mundo est\u00e1 escondida sob o oceano - Correio Braziliense - Aqui\" \/>\n<meta property=\"og:description\" content=\"Localizada nas profundezas do Oceano Atl\u00e2ntico, a maior cachoeira do planeta n\u00e3o \u00e9 vis\u00edvel a olho nu nem marcada por quedas d\u2019\u00e1gua tradicionais. O fen\u00f4meno ocorre no Estreito da Dinamarca, uma regi\u00e3o entre a Groenl\u00e2ndia e a Isl\u00e2ndia, onde \u00e1guas frias e densas do \u00c1rtico se encontram com \u00e1guas mais quentes do Atl\u00e2ntico Norte. Essa [&hellip;]\" \/>\n<meta property=\"og:url\" content=\"https:\/\/www.correiobraziliense.com.br\/aqui\/2025\/08\/13\/aguardando-fotos-a-maior-cachoeira-do-mundo-esta-escondida-sob-o-oceano\/\" \/>\n<meta property=\"og:site_name\" content=\"Correio Braziliense - Aqui\" \/>\n<meta property=\"article:published_time\" content=\"2025-08-13T16:00:00+00:00\" \/>\n<meta property=\"og:image\" content=\"https:\/\/www.correiobraziliense.com.br\/aqui\/wp-content\/uploads\/2025\/05\/Logo-Aqui_sem-slogan-e1747965560488.png\" \/>\n\t<meta property=\"og:image:width\" content=\"256\" \/>\n\t<meta property=\"og:image:height\" content=\"130\" \/>\n\t<meta property=\"og:image:type\" content=\"image\/png\" \/>\n<meta name=\"author\" content=\"silvana\" \/>\n<meta name=\"twitter:card\" content=\"summary_large_image\" \/>\n<meta name=\"twitter:label1\" content=\"Escrito por\" \/>\n\t<meta name=\"twitter:data1\" content=\"silvana\" \/>\n\t<meta name=\"twitter:label2\" content=\"Est. tempo de leitura\" \/>\n\t<meta name=\"twitter:data2\" content=\"4 minutos\" \/>\n<!-- \/ Yoast SEO plugin. -->","yoast_head_json":{"title":"(Aguardando fotos) A maior cachoeira do mundo est\u00e1 escondida sob o oceano - Correio Braziliense - Aqui","robots":{"index":"index","follow":"follow","max-snippet":"max-snippet:-1","max-image-preview":"max-image-preview:large","max-video-preview":"max-video-preview:-1"},"canonical":"https:\/\/www.correiobraziliense.com.br\/aqui\/2025\/08\/13\/aguardando-fotos-a-maior-cachoeira-do-mundo-esta-escondida-sob-o-oceano\/","og_locale":"pt_BR","og_type":"article","og_title":"(Aguardando fotos) A maior cachoeira do mundo est\u00e1 escondida sob o oceano - Correio Braziliense - Aqui","og_description":"Localizada nas profundezas do Oceano Atl\u00e2ntico, a maior cachoeira do planeta n\u00e3o \u00e9 vis\u00edvel a olho nu nem marcada por quedas d\u2019\u00e1gua tradicionais. O fen\u00f4meno ocorre no Estreito da Dinamarca, uma regi\u00e3o entre a Groenl\u00e2ndia e a Isl\u00e2ndia, onde \u00e1guas frias e densas do \u00c1rtico se encontram com \u00e1guas mais quentes do Atl\u00e2ntico Norte. Essa [&hellip;]","og_url":"https:\/\/www.correiobraziliense.com.br\/aqui\/2025\/08\/13\/aguardando-fotos-a-maior-cachoeira-do-mundo-esta-escondida-sob-o-oceano\/","og_site_name":"Correio Braziliense - Aqui","article_published_time":"2025-08-13T16:00:00+00:00","og_image":[{"width":256,"height":130,"url":"https:\/\/www.correiobraziliense.com.br\/aqui\/wp-content\/uploads\/2025\/05\/Logo-Aqui_sem-slogan-e1747965560488.png","type":"image\/png"}],"author":"silvana","twitter_card":"summary_large_image","twitter_misc":{"Escrito por":"silvana","Est. tempo de leitura":"4 minutos"},"schema":{"@context":"https:\/\/schema.org","@graph":[{"@type":"WebPage","@id":"https:\/\/www.correiobraziliense.com.br\/aqui\/2025\/08\/13\/aguardando-fotos-a-maior-cachoeira-do-mundo-esta-escondida-sob-o-oceano\/","url":"https:\/\/www.correiobraziliense.com.br\/aqui\/2025\/08\/13\/aguardando-fotos-a-maior-cachoeira-do-mundo-esta-escondida-sob-o-oceano\/","name":"(Aguardando fotos) A maior cachoeira do mundo est\u00e1 escondida sob o oceano - Correio Braziliense - Aqui","isPartOf":{"@id":"https:\/\/www.correiobraziliense.com.br\/aqui\/#website"},"datePublished":"2025-08-13T16:00:00+00:00","author":{"@id":"https:\/\/www.correiobraziliense.com.br\/aqui\/#\/schema\/person\/898d8b4f28f45e45205b3a62d932d35b"},"breadcrumb":{"@id":"https:\/\/www.correiobraziliense.com.br\/aqui\/2025\/08\/13\/aguardando-fotos-a-maior-cachoeira-do-mundo-esta-escondida-sob-o-oceano\/#breadcrumb"},"inLanguage":"pt-BR","potentialAction":[{"@type":"ReadAction","target":["https:\/\/www.correiobraziliense.com.br\/aqui\/2025\/08\/13\/aguardando-fotos-a-maior-cachoeira-do-mundo-esta-escondida-sob-o-oceano\/"]}]},{"@type":"BreadcrumbList","@id":"https:\/\/www.correiobraziliense.com.br\/aqui\/2025\/08\/13\/aguardando-fotos-a-maior-cachoeira-do-mundo-esta-escondida-sob-o-oceano\/#breadcrumb","itemListElement":[{"@type":"ListItem","position":1,"name":"In\u00edcio","item":"https:\/\/www.correiobraziliense.com.br\/aqui\/"},{"@type":"ListItem","position":2,"name":"(Aguardando fotos) A maior cachoeira do mundo est\u00e1 escondida sob o oceano"}]},{"@type":"WebSite","@id":"https:\/\/www.correiobraziliense.com.br\/aqui\/#website","url":"https:\/\/www.correiobraziliense.com.br\/aqui\/","name":"Correio Braziliense - Aqui","description":"O Correio Braziliense (CB) \u00e9 o mais importante canal de not\u00edcias de Bras\u00edlia. Aqui voc\u00ea encontra as \u00faltimas not\u00edcias do DF, do Brasil e do mundo.","potentialAction":[{"@type":"SearchAction","target":{"@type":"EntryPoint","urlTemplate":"https:\/\/www.correiobraziliense.com.br\/aqui\/?s={search_term_string}"},"query-input":{"@type":"PropertyValueSpecification","valueRequired":true,"valueName":"search_term_string"}}],"inLanguage":"pt-BR"},{"@type":"Person","@id":"https:\/\/www.correiobraziliense.com.br\/aqui\/#\/schema\/person\/898d8b4f28f45e45205b3a62d932d35b","name":"silvana","image":{"@type":"ImageObject","inLanguage":"pt-BR","@id":"https:\/\/www.correiobraziliense.com.br\/aqui\/#\/schema\/person\/image\/","url":"https:\/\/secure.gravatar.com\/avatar\/98d04eb3bc0a9c2b599054bca55b19e8181903c77038e005014fe3092f5e8e04?s=96&d=mm&r=g","contentUrl":"https:\/\/secure.gravatar.com\/avatar\/98d04eb3bc0a9c2b599054bca55b19e8181903c77038e005014fe3092f5e8e04?s=96&d=mm&r=g","caption":"silvana"},"url":"https:\/\/www.correiobraziliense.com.br\/aqui\/author\/silvanaaqui\/"}]}},"_links":{"self":[{"href":"https:\/\/www.correiobraziliense.com.br\/aqui\/wp-json\/wp\/v2\/posts\/6887","targetHints":{"allow":["GET"]}}],"collection":[{"href":"https:\/\/www.correiobraziliense.com.br\/aqui\/wp-json\/wp\/v2\/posts"}],"about":[{"href":"https:\/\/www.correiobraziliense.com.br\/aqui\/wp-json\/wp\/v2\/types\/post"}],"author":[{"embeddable":true,"href":"https:\/\/www.correiobraziliense.com.br\/aqui\/wp-json\/wp\/v2\/users\/3"}],"replies":[{"embeddable":true,"href":"https:\/\/www.correiobraziliense.com.br\/aqui\/wp-json\/wp\/v2\/comments?post=6887"}],"version-history":[{"count":3,"href":"https:\/\/www.correiobraziliense.com.br\/aqui\/wp-json\/wp\/v2\/posts\/6887\/revisions"}],"predecessor-version":[{"id":6890,"href":"https:\/\/www.correiobraziliense.com.br\/aqui\/wp-json\/wp\/v2\/posts\/6887\/revisions\/6890"}],"wp:attachment":[{"href":"https:\/\/www.correiobraziliense.com.br\/aqui\/wp-json\/wp\/v2\/media?parent=6887"}],"wp:term":[{"taxonomy":"category","embeddable":true,"href":"https:\/\/www.correiobraziliense.com.br\/aqui\/wp-json\/wp\/v2\/categories?post=6887"},{"taxonomy":"post_tag","embeddable":true,"href":"https:\/\/www.correiobraziliense.com.br\/aqui\/wp-json\/wp\/v2\/tags?post=6887"}],"curies":[{"name":"wp","href":"https:\/\/api.w.org\/{rel}","templated":true}]}}