{"id":10004,"date":"2025-03-08T09:10:14","date_gmt":"2025-03-08T12:10:14","guid":{"rendered":"https:\/\/www.correiobraziliense.com.br\/cbradar\/?p=10004"},"modified":"2025-03-07T00:57:37","modified_gmt":"2025-03-07T03:57:37","slug":"como-plantar-graviola-e-acelerar-a-frutificacao-em-menos-tempo","status":"publish","type":"post","link":"https:\/\/www.correiobraziliense.com.br\/cbradar\/como-plantar-graviola-e-acelerar-a-frutificacao-em-menos-tempo\/","title":{"rendered":"Como plantar graviola e acelerar a frutifica\u00e7\u00e3o em menos tempo"},"content":{"rendered":"\n<p>A <strong>graviola<\/strong>, tamb\u00e9m conhecida como <strong>Annona muricata<\/strong>, \u00e9 uma fruta t<strong>ropical origin\u00e1ria das regi\u00f5es quentes da Am\u00e9rica Central e do Sul<\/strong>. Esta \u00e1rvore \u00e9 reconhecida por suas folhas verdes e frutos grandes, cobertos por espinhos macios. A graviola \u00e9 valorizada n\u00e3o apenas por seu sabor doce e \u00e1cido, mas tamb\u00e9m por suas propriedades nutricionais. <strong>Rica em vitaminas <\/strong>C e B, ela oferece antioxidantes que <strong>ajudam a combater os radicais livres no corpo<\/strong>.<\/p>\n\n\n\n<p>Al\u00e9m de seu valor nutricional,<strong> a graviola \u00e9 amplamente utilizada na culin\u00e1ria e na medicina natural<\/strong>. Suas folhas, frutos e sementes s\u00e3o empregados em <a href=\"https:\/\/www.correiobraziliense.com.br\/cbradar\/cha-de-camomila-pode-ser-usado-no-tratamento-da-conjutivite\/\" target=\"_blank\" rel=\"noreferrer noopener\">ch\u00e1s<\/a>, sucos e at\u00e9 mesmo em tratamentos alternativos, sendo atribu\u00eddas a ela propriedades <strong>anti-inflamat\u00f3rias e antimicrobianas<\/strong>.<\/p>\n\n\n\n<h2 class=\"wp-block-heading\">Qual o melhor clima e solo para o cultivo da graviola?<\/h2>\n\n\n\n<p>Para um cultivo bem-sucedido de graviola, \u00e9 essencial escolher o clima e o solo adequados. A graviola prospera em regi\u00f5es tropicais e subtropicais, onde as temperaturas variam entre <strong>25\u00b0C e 30\u00b0C<\/strong>. Ela n\u00e3o tolera geadas, sendo sens\u00edvel a climas frios. O solo ideal deve ser bem drenado e rico em mat\u00e9ria org\u00e2nica, com um pH ligeiramente \u00e1cido, entre <strong>5,5 e 6,5<\/strong>.<\/p>\n\n\n\n<p>Preparar o solo \u00e9 crucial para garantir um crescimento saud\u00e1vel. Recomenda-se a incorpora\u00e7\u00e3o de composto org\u00e2nico para melhorar a estrutura do solo e aumentar sua capacidade de reten\u00e7\u00e3o de nutrientes. A drenagem adequada \u00e9 fundamental para evitar o <strong>encharcamento<\/strong>, que pode levar ao apodrecimento das ra\u00edzes.<\/p>\n\n\n\n<h2 class=\"wp-block-heading\">Como plantar graviola: sementes ou mudas enxertadas?<\/h2>\n\n\n\n<p>O plantio da graviola pode ser feito tanto por <strong>sementes <\/strong>quanto por <strong>mudas enxertadas<\/strong>, cada m\u00e9todo com suas vantagens. Plantar por sementes \u00e9 um processo mais demorado, mas permite maior controle sobre o desenvolvimento inicial da planta. Para germinar as sementes, \u00e9 necess\u00e1rio deix\u00e1-las de molho em \u00e1gua por 24 horas antes de plant\u00e1-las em solo \u00famido.<\/p>\n\n\n\n<p>Por outro lado, as <strong>mudas enxertadas <\/strong>oferecem a vantagem de uma frutifica\u00e7\u00e3o mais r\u00e1pida e uniforme. Ao escolher mudas, \u00e9 importante optar por aquelas que estejam saud\u00e1veis e livres de pragas. O <strong>plantio <\/strong>deve ser feito em covas de aproximadamente<strong> 50 cm de profundidade<\/strong>, garantindo espa\u00e7o suficiente para o desenvolvimento das ra\u00edzes.<\/p>\n\n\n\n<h2 class=\"wp-block-heading\">Como regar corretamente a graviola para um crescimento saud\u00e1vel?<\/h2>\n\n\n\n<p>A irriga\u00e7\u00e3o adequada \u00e9 vital para o crescimento saud\u00e1vel da graviola. A <strong>frequ\u00eancia de rega <\/strong>deve ser ajustada conforme as condi\u00e7\u00f5es clim\u00e1ticas, mantendo o solo \u00famido, mas nunca encharcado. Em per\u00edodos de seca, a rega deve ser mais frequente, enquanto em \u00e9pocas de chuva, pode ser reduzida.<\/p>\n\n\n\n<p>Para<strong> evitar o excesso de umidade, que pode causar doen\u00e7as nas ra\u00edzes<\/strong>, \u00e9 importante regar preferencialmente pela manh\u00e3 ou no final da tarde. Isso garante que a \u00e1gua seja absorvida antes das temperaturas mais altas do dia.<\/p>\n\n\n\n<h2 class=\"wp-block-heading\">Como adubar a graviola para estimular um crescimento forte e produtivo?<\/h2>\n\n\n\n<p>Adubar a graviola corretamente \u00e9 essencial para garantir um crescimento vigoroso e uma produ\u00e7\u00e3o abundante de frutos. Os nutrientes mais importantes incluem nitrog\u00eanio, f\u00f3sforo e pot\u00e1ssio, que podem ser fornecidos por meio de adubos org\u00e2nicos e fertilizantes naturais.<\/p>\n\n\n\n<p>A <strong>aduba\u00e7\u00e3o <\/strong>deve ser feita preferencialmente no in\u00edcio da esta\u00e7\u00e3o de crescimento, quando a planta come\u00e7a a desenvolver novos brotos. O uso de <strong>compostos org\u00e2nicos<\/strong>, como esterco curtido e h\u00famus de minhoca, pode potencializar a produ\u00e7\u00e3o e melhorar a qualidade dos frutos.<\/p>\n\n\n\n<h2 class=\"wp-block-heading\">Como podar a \u00e1rvore de graviola e estimular a frutifica\u00e7\u00e3o?<\/h2>\n\n\n\n<p>A poda \u00e9 uma pr\u00e1tica importante para manter a sa\u00fade da \u00e1rvore de graviola e estimular a frutifica\u00e7\u00e3o. Remover galhos secos e doentes ajuda a direcionar a energia da planta para o desenvolvimento de novos brotos produtivos. A poda deve ser feita com cuidado para evitar cortes excessivos, que podem atrasar a frutifica\u00e7\u00e3o.<\/p>\n\n\n\n<p>Recomenda-se<strong> realizar a poda no final do inverno ou in\u00edcio da primavera<\/strong>, antes do in\u00edcio do crescimento ativo. Isso permite que a planta se recupere rapidamente e produza frutos de melhor qualidade.<\/p>\n\n\n\n<h2 class=\"wp-block-heading\">Como proteger a graviola contra pragas e doen\u00e7as?<\/h2>\n\n\n\n<p>A graviola pode ser atacada por <strong>diversas pragas e doen\u00e7as, como pulg\u00f5es, cochonilhas e fungos<\/strong>. Para proteger a planta, \u00e9 importante adotar m\u00e9todos de controle org\u00e2nico, como a aplica\u00e7\u00e3o de \u00f3leo de neem e calda bordalesa. Esses produtos ajudam a controlar pragas sem prejudicar o meio ambiente.<\/p>\n\n\n\n<p>Durante per\u00edodos \u00famidos e chuvosos, \u00e9 essencial monitorar a planta regularmente para identificar sinais de doen\u00e7as f\u00fangicas. A remo\u00e7\u00e3o de folhas infectadas e a melhoria da circula\u00e7\u00e3o de ar ao redor da planta podem ajudar a prevenir a propaga\u00e7\u00e3o de doen\u00e7as.<\/p>\n\n\n<div class=\"wp-block-image\">\n<figure class=\"aligncenter size-large\"><img decoding=\"async\" width=\"1024\" height=\"576\" src=\"https:\/\/www.correiobraziliense.com.br\/cbradar\/wp-content\/uploads\/2025\/03\/graviola-_1741319706553-1024x576.jpg\" alt=\"Como plantar graviola e acelerar a frutifica\u00e7\u00e3o em menos tempo\" class=\"wp-image-10016\" srcset=\"https:\/\/www.correiobraziliense.com.br\/cbradar\/wp-content\/uploads\/2025\/03\/graviola-_1741319706553-1024x576.jpg 1024w, https:\/\/www.correiobraziliense.com.br\/cbradar\/wp-content\/uploads\/2025\/03\/graviola-_1741319706553-300x169.jpg 300w, https:\/\/www.correiobraziliense.com.br\/cbradar\/wp-content\/uploads\/2025\/03\/graviola-_1741319706553-768x432.jpg 768w, https:\/\/www.correiobraziliense.com.br\/cbradar\/wp-content\/uploads\/2025\/03\/graviola-_1741319706553-750x422.jpg 750w, https:\/\/www.correiobraziliense.com.br\/cbradar\/wp-content\/uploads\/2025\/03\/graviola-_1741319706553-1140x641.jpg 1140w, https:\/\/www.correiobraziliense.com.br\/cbradar\/wp-content\/uploads\/2025\/03\/graviola-_1741319706553.jpg 1280w\" sizes=\"(max-width: 1024px) 100vw, 1024px\" \/><figcaption class=\"wp-element-caption\">Cesta de graviola &#8211; Cr\u00e9ditos: depositphotos.com \/ Yarygin<\/figcaption><\/figure><\/div>\n\n\n<h2 class=\"wp-block-heading\">Quanto tempo a graviola leva para dar frutos e como acelerar esse processo?<\/h2>\n\n\n\n<p>O tempo m\u00e9dio para a graviola come\u00e7ar a frutificar varia de acordo com o m\u00e9todo de plantio. \u00c1rvores cultivadas a partir de sementes podem levar de 3 a 5 anos para produzir frutos, enquanto as mudas enxertadas podem come\u00e7ar a frutificar em 2 a 3 anos. Para acelerar esse processo, \u00e9 importante garantir condi\u00e7\u00f5es ideais de clima e nutri\u00e7\u00e3o.<\/p>\n\n\n\n<p>T\u00e9cnicas como a poda adequada e a aduba\u00e7\u00e3o regular podem estimular a flora\u00e7\u00e3o e a frutifica\u00e7\u00e3o mais cedo. Al\u00e9m disso, manter a planta livre de pragas e doen\u00e7as contribui para uma produ\u00e7\u00e3o mais r\u00e1pida e abundante.<\/p>\n\n\n\n<h2 class=\"wp-block-heading\">Como colher graviolas no ponto certo de matura\u00e7\u00e3o?<\/h2>\n\n\n\n<p>Colher a graviola no ponto certo de matura\u00e7\u00e3o \u00e9 crucial para garantir seu sabor e qualidade. Os frutos maduros apresentam uma cor verde-clara e cedem levemente ao toque. A colheita deve ser feita com cuidado para n\u00e3o danificar a \u00e1rvore ou os frutos.<\/p>\n\n\n\n<p>Ap\u00f3s a colheita, as graviolas devem ser <strong>armazenadas em local fresco e arejado<\/strong>. Elas podem ser consumidas frescas ou utilizadas em receitas diversas, como sucos e sobremesas.<\/p>\n\n\n\n<h2 class=\"wp-block-heading\">Como aproveitar todos os benef\u00edcios da graviola na alimenta\u00e7\u00e3o e na sa\u00fade?<\/h2>\n\n\n\n<p>A graviola pode ser consumida de v\u00e1rias formas, tanto in natura quanto em prepara\u00e7\u00f5es culin\u00e1rias. Ela \u00e9 uma excelente op\u00e7\u00e3o para sucos, ch\u00e1s e sobremesas, oferecendo um sabor \u00fanico e refrescante. Al\u00e9m disso, suas propriedades medicinais s\u00e3o amplamente estudadas, sendo atribu\u00eddas a ela benef\u00edcios para a sa\u00fade cardiovascular e o sistema imunol\u00f3gico.<\/p>\n\n\n\n<p>Incorporar a graviola na dieta pode trazer diversos benef\u00edcios, desde a melhora da digest\u00e3o at\u00e9 o fortalecimento do sistema imunol\u00f3gico. Experimente novas receitas e aproveite ao m\u00e1ximo essa fruta vers\u00e1til e nutritiva.<\/p>\n","protected":false},"excerpt":{"rendered":"<p>A graviola, tamb\u00e9m conhecida como Annona muricata, \u00e9 uma fruta tropical origin\u00e1ria das regi\u00f5es quentes da Am\u00e9rica Central e do Sul. Esta \u00e1rvore \u00e9 reconhecida por suas folhas verdes e frutos grandes, cobertos por espinhos macios. A graviola \u00e9 valorizada n\u00e3o apenas por seu sabor doce e \u00e1cido, mas tamb\u00e9m por suas propriedades nutricionais. Rica [&hellip;]<\/p>\n","protected":false},"author":9,"featured_media":10008,"comment_status":"open","ping_status":"open","sticky":false,"template":"","format":"standard","meta":{"_yoast_wpseo_focuskw":"graviola","_yoast_wpseo_title":"%%title%% %%page%%","_yoast_wpseo_metadesc":"Dicas pr\u00e1ticas para plantar graviola, cuidar do solo, regar corretamente e aproveitar todos os benef\u00edcios dessa fruta tropical.","jnews-multi-image_gallery":[],"jnews_single_post":{"format":"standard"},"jnews_primary_category":[],"jnews_social_meta":[],"jnews_override_counter":[],"footnotes":""},"categories":[136],"post_tag":[614,1612,1613,945],"class_list":["post-10004","post","type-post","status-publish","format-standard","has-post-thumbnail","hentry","category-jardinagem","tag-cultivo","tag-fruta-tropical","tag-graviola","tag-praticas-de-cultivo"],"yoast_head":"<!-- This site is optimized with the Yoast SEO plugin v24.6 - https:\/\/yoast.com\/wordpress\/plugins\/seo\/ -->\n<title>Como plantar graviola e acelerar a frutifica\u00e7\u00e3o em menos tempo<\/title>\n<meta name=\"description\" content=\"Dicas pr\u00e1ticas para plantar graviola, cuidar do solo, regar corretamente e aproveitar todos os benef\u00edcios dessa fruta tropical.\" \/>\n<meta name=\"robots\" content=\"index, follow, max-snippet:-1, max-image-preview:large, max-video-preview:-1\" \/>\n<link rel=\"canonical\" href=\"https:\/\/www.correiobraziliense.com.br\/cbradar\/como-plantar-graviola-e-acelerar-a-frutificacao-em-menos-tempo\/\" \/>\n<meta property=\"og:locale\" content=\"pt_BR\" \/>\n<meta property=\"og:type\" content=\"article\" \/>\n<meta property=\"og:title\" content=\"Como plantar graviola e acelerar a frutifica\u00e7\u00e3o em menos tempo\" \/>\n<meta property=\"og:description\" content=\"Dicas pr\u00e1ticas para plantar graviola, cuidar do solo, regar corretamente e aproveitar todos os benef\u00edcios dessa fruta tropical.\" \/>\n<meta property=\"og:url\" content=\"https:\/\/www.correiobraziliense.com.br\/cbradar\/como-plantar-graviola-e-acelerar-a-frutificacao-em-menos-tempo\/\" \/>\n<meta property=\"og:site_name\" content=\"Correio Braziliense - Radar\" \/>\n<meta property=\"article:published_time\" content=\"2025-03-08T12:10:14+00:00\" \/>\n<meta property=\"og:image\" content=\"https:\/\/www.correiobraziliense.com.br\/cbradar\/wp-content\/uploads\/2025\/03\/graviola-_1741319347687.jpg\" \/>\n\t<meta property=\"og:image:width\" content=\"1280\" \/>\n\t<meta property=\"og:image:height\" content=\"720\" \/>\n\t<meta property=\"og:image:type\" content=\"image\/jpeg\" \/>\n<meta name=\"author\" content=\"Daniely Cardoso\" \/>\n<meta name=\"twitter:card\" content=\"summary_large_image\" \/>\n<meta name=\"twitter:label1\" content=\"Escrito por\" \/>\n\t<meta name=\"twitter:data1\" content=\"Daniely Cardoso\" \/>\n\t<meta name=\"twitter:label2\" content=\"Est. tempo de leitura\" \/>\n\t<meta name=\"twitter:data2\" content=\"6 minutos\" \/>\n<!-- \/ Yoast SEO plugin. -->","yoast_head_json":{"title":"Como plantar graviola e acelerar a frutifica\u00e7\u00e3o em menos tempo","description":"Dicas pr\u00e1ticas para plantar graviola, cuidar do solo, regar corretamente e aproveitar todos os benef\u00edcios dessa fruta tropical.","robots":{"index":"index","follow":"follow","max-snippet":"max-snippet:-1","max-image-preview":"max-image-preview:large","max-video-preview":"max-video-preview:-1"},"canonical":"https:\/\/www.correiobraziliense.com.br\/cbradar\/como-plantar-graviola-e-acelerar-a-frutificacao-em-menos-tempo\/","og_locale":"pt_BR","og_type":"article","og_title":"Como plantar graviola e acelerar a frutifica\u00e7\u00e3o em menos tempo","og_description":"Dicas pr\u00e1ticas para plantar graviola, cuidar do solo, regar corretamente e aproveitar todos os benef\u00edcios dessa fruta tropical.","og_url":"https:\/\/www.correiobraziliense.com.br\/cbradar\/como-plantar-graviola-e-acelerar-a-frutificacao-em-menos-tempo\/","og_site_name":"Correio Braziliense - Radar","article_published_time":"2025-03-08T12:10:14+00:00","og_image":[{"width":1280,"height":720,"url":"https:\/\/www.correiobraziliense.com.br\/cbradar\/wp-content\/uploads\/2025\/03\/graviola-_1741319347687.jpg","type":"image\/jpeg"}],"author":"Daniely Cardoso","twitter_card":"summary_large_image","twitter_misc":{"Escrito por":"Daniely Cardoso","Est. tempo de leitura":"6 minutos"},"schema":{"@context":"https:\/\/schema.org","@graph":[{"@type":"WebPage","@id":"https:\/\/www.correiobraziliense.com.br\/cbradar\/como-plantar-graviola-e-acelerar-a-frutificacao-em-menos-tempo\/","url":"https:\/\/www.correiobraziliense.com.br\/cbradar\/como-plantar-graviola-e-acelerar-a-frutificacao-em-menos-tempo\/","name":"Como plantar graviola e acelerar a frutifica\u00e7\u00e3o em menos tempo","isPartOf":{"@id":"https:\/\/www.correiobraziliense.com.br\/cbradar\/#website"},"primaryImageOfPage":{"@id":"https:\/\/www.correiobraziliense.com.br\/cbradar\/como-plantar-graviola-e-acelerar-a-frutificacao-em-menos-tempo\/#primaryimage"},"image":{"@id":"https:\/\/www.correiobraziliense.com.br\/cbradar\/como-plantar-graviola-e-acelerar-a-frutificacao-em-menos-tempo\/#primaryimage"},"thumbnailUrl":"https:\/\/www.correiobraziliense.com.br\/cbradar\/wp-content\/uploads\/2025\/03\/graviola-_1741319347687.jpg","datePublished":"2025-03-08T12:10:14+00:00","author":{"@id":"https:\/\/www.correiobraziliense.com.br\/cbradar\/#\/schema\/person\/7356666e12ec0ee53f348ee5db227032"},"description":"Dicas pr\u00e1ticas para plantar graviola, cuidar do solo, regar corretamente e aproveitar todos os benef\u00edcios dessa fruta tropical.","breadcrumb":{"@id":"https:\/\/www.correiobraziliense.com.br\/cbradar\/como-plantar-graviola-e-acelerar-a-frutificacao-em-menos-tempo\/#breadcrumb"},"inLanguage":"pt-BR","potentialAction":[{"@type":"ReadAction","target":["https:\/\/www.correiobraziliense.com.br\/cbradar\/como-plantar-graviola-e-acelerar-a-frutificacao-em-menos-tempo\/"]}]},{"@type":"ImageObject","inLanguage":"pt-BR","@id":"https:\/\/www.correiobraziliense.com.br\/cbradar\/como-plantar-graviola-e-acelerar-a-frutificacao-em-menos-tempo\/#primaryimage","url":"https:\/\/www.correiobraziliense.com.br\/cbradar\/wp-content\/uploads\/2025\/03\/graviola-_1741319347687.jpg","contentUrl":"https:\/\/www.correiobraziliense.com.br\/cbradar\/wp-content\/uploads\/2025\/03\/graviola-_1741319347687.jpg","width":1280,"height":720,"caption":"Graviola - Cr\u00e9ditos: depositphotos.com \/ akualip"},{"@type":"BreadcrumbList","@id":"https:\/\/www.correiobraziliense.com.br\/cbradar\/como-plantar-graviola-e-acelerar-a-frutificacao-em-menos-tempo\/#breadcrumb","itemListElement":[{"@type":"ListItem","position":1,"name":"In\u00edcio","item":"https:\/\/www.correiobraziliense.com.br\/cbradar\/"},{"@type":"ListItem","position":2,"name":"Como plantar graviola e acelerar a frutifica\u00e7\u00e3o em menos tempo"}]},{"@type":"WebSite","@id":"https:\/\/www.correiobraziliense.com.br\/cbradar\/#website","url":"https:\/\/www.correiobraziliense.com.br\/cbradar\/","name":"Correio Braziliense - Radar","description":"Acompanhe as \u00faltimas not\u00edcias e fique bem informado sobre tudo o que acontece no Brasil e no mundo.","potentialAction":[{"@type":"SearchAction","target":{"@type":"EntryPoint","urlTemplate":"https:\/\/www.correiobraziliense.com.br\/cbradar\/?s={search_term_string}"},"query-input":{"@type":"PropertyValueSpecification","valueRequired":true,"valueName":"search_term_string"}}],"inLanguage":"pt-BR"},{"@type":"Person","@id":"https:\/\/www.correiobraziliense.com.br\/cbradar\/#\/schema\/person\/7356666e12ec0ee53f348ee5db227032","name":"Daniely Cardoso","image":{"@type":"ImageObject","inLanguage":"pt-BR","@id":"https:\/\/www.correiobraziliense.com.br\/cbradar\/#\/schema\/person\/image\/","url":"https:\/\/secure.gravatar.com\/avatar\/4b80ddbd124d1f071b626d52d62e5dff?s=96&d=mm&r=g","contentUrl":"https:\/\/secure.gravatar.com\/avatar\/4b80ddbd124d1f071b626d52d62e5dff?s=96&d=mm&r=g","caption":"Daniely Cardoso"},"description":"Redatora nos portais CB Radar e EM Foco, formada pela Universidade Federal de Goi\u00e1s, em Goi\u00e2nia. Apaixonada por comunica\u00e7\u00e3o, arte, decora\u00e7\u00e3o e tend\u00eancias, atuo na produ\u00e7\u00e3o de conte\u00fados envolventes sobre curiosidades, moda, beleza e paisagismo, sempre com um olhar atento \u00e0s novidades do momento.","sameAs":["https:\/\/www.correiobraziliense.com.br\/cbradar"],"url":"https:\/\/www.correiobraziliense.com.br\/cbradar\/author\/danielymyth\/"}]}},"_links":{"self":[{"href":"https:\/\/www.correiobraziliense.com.br\/cbradar\/wp-json\/wp\/v2\/posts\/10004","targetHints":{"allow":["GET"]}}],"collection":[{"href":"https:\/\/www.correiobraziliense.com.br\/cbradar\/wp-json\/wp\/v2\/posts"}],"about":[{"href":"https:\/\/www.correiobraziliense.com.br\/cbradar\/wp-json\/wp\/v2\/types\/post"}],"author":[{"embeddable":true,"href":"https:\/\/www.correiobraziliense.com.br\/cbradar\/wp-json\/wp\/v2\/users\/9"}],"replies":[{"embeddable":true,"href":"https:\/\/www.correiobraziliense.com.br\/cbradar\/wp-json\/wp\/v2\/comments?post=10004"}],"version-history":[{"count":3,"href":"https:\/\/www.correiobraziliense.com.br\/cbradar\/wp-json\/wp\/v2\/posts\/10004\/revisions"}],"predecessor-version":[{"id":10018,"href":"https:\/\/www.correiobraziliense.com.br\/cbradar\/wp-json\/wp\/v2\/posts\/10004\/revisions\/10018"}],"wp:featuredmedia":[{"embeddable":true,"href":"https:\/\/www.correiobraziliense.com.br\/cbradar\/wp-json\/wp\/v2\/media\/10008"}],"wp:attachment":[{"href":"https:\/\/www.correiobraziliense.com.br\/cbradar\/wp-json\/wp\/v2\/media?parent=10004"}],"wp:term":[{"taxonomy":"category","embeddable":true,"href":"https:\/\/www.correiobraziliense.com.br\/cbradar\/wp-json\/wp\/v2\/categories?post=10004"},{"taxonomy":"post_tag","embeddable":true,"href":"https:\/\/www.correiobraziliense.com.br\/cbradar\/wp-json\/wp\/v2\/post_tag?post=10004"}],"curies":[{"name":"wp","href":"https:\/\/api.w.org\/{rel}","templated":true}]}}