{"id":100354,"date":"2025-09-07T08:45:00","date_gmt":"2025-09-07T11:45:00","guid":{"rendered":"https:\/\/www.correiobraziliense.com.br\/cbradar\/?p=100354"},"modified":"2025-09-07T08:18:14","modified_gmt":"2025-09-07T11:18:14","slug":"homens-que-sao-profundamente-infelizes-na-vida-emitem-estes-13-sinais","status":"publish","type":"post","link":"https:\/\/www.correiobraziliense.com.br\/cbradar\/homens-que-sao-profundamente-infelizes-na-vida-emitem-estes-13-sinais\/","title":{"rendered":"Homens que s\u00e3o profundamente infelizes na vida emitem estes 13 sinais"},"content":{"rendered":"\n<p>N\u00e3o \u00e9 sempre f\u00e1cil perceber quando algu\u00e9m est\u00e1 lutando, especialmente se est\u00e1 tentando manter as apar\u00eancias. Homens, em particular, costumam sentir a press\u00e3o de manter uma fachada estoica, mesmo quando est\u00e3o desmoronando por dentro. Se voc\u00ea suspeita que algu\u00e9m pr\u00f3ximo pode estar profundamente infeliz, existem certos sinais aos quais se deve estar atento.<\/p>\n\n\n\n<ul class=\"wp-block-list\">\n<li>Retirada de atividades sociais que antes eram prazerosas.<\/li>\n\n\n\n<li>Manifesta\u00e7\u00e3o frequente de irritabilidade por pequenas coisas.<\/li>\n\n\n\n<li>Desinteresse e neglig\u00eancia com a pr\u00f3pria apar\u00eancia.<\/li>\n<\/ul>\n\n\n\n<h2 class=\"wp-block-heading\">Por que os homens se afastam das intera\u00e7\u00f5es sociais?<\/h2>\n\n\n\n<p>Quando um <strong>homem<\/strong> est\u00e1 <strong>infeliz<\/strong>, ele pode come\u00e7ar a se afastar de atividades sociais e intera\u00e7\u00f5es que antes valorizava. Essa retirada n\u00e3o se trata apenas de querer um tempo sozinho, mas sim de se isolar do mundo. <strong>Dica r\u00e1pida<\/strong>: Alcan\u00e7ar e deixar claro que voc\u00ea est\u00e1 dispon\u00edvel para ouvir pode fazer diferen\u00e7a. Amigos e familiares atentos ao isolamento podem ser o primeiro passo para incentivar a busca de ajuda profissional.<\/p>\n\n\n\n<h2 class=\"wp-block-heading\">Como identificar a irritabilidade como um sinal de insatisfa\u00e7\u00e3o?<\/h2>\n\n\n\n<p>A vida pode se tornar opressiva, e essa frustra\u00e7\u00e3o se manifesta na forma de <strong>irritabilidade<\/strong>. Homens que est\u00e3o profundamente infelizes podem achar que pequenos inconvenientes s\u00e3o insuport\u00e1veis, refletindo sua inquieta\u00e7\u00e3o interna. <strong>Aten\u00e7\u00e3o<\/strong>: A irritabilidade geralmente est\u00e1 mais ligada aos sentimentos internos do que aos gatilhos externos. Em alguns casos, a irritabilidade pode estar associada a quadros de ansiedade ou depress\u00e3o n\u00e3o diagnosticados, o que refor\u00e7a a import\u00e2ncia de observar padr\u00f5es recorrentes.<\/p>\n\n\n\n<h2 class=\"wp-block-heading\">Desinteresse pela apar\u00eancia: o que est\u00e1 por tr\u00e1s disso?<\/h2>\n\n\n\n<p>Homens profundamente infelizes podem <strong>negligenciar<\/strong> sua apar\u00eancia pessoal, perdendo o interesse em cuidados pessoais. O que pode come\u00e7ar de forma sutil pode eventualmente se tornar not\u00e1vel. Isso reflete uma diminui\u00e7\u00e3o no senso de valor pr\u00f3prio e motiva\u00e7\u00e3o. Muitas vezes, a falta de autocuidado pode estar acompanhada de outros sinais de decl\u00ednio, como desorganiza\u00e7\u00e3o do ambiente e abandono de rotinas antes consideradas importantes.<\/p>\n\n\n\n<h2 class=\"wp-block-heading\">Como dist\u00farbios do sono podem indicar dificuldades emocionais?<\/h2>\n\n\n\n<p>O sono \u00e9 um reflexo do estado <strong>mental<\/strong> e emocional de uma pessoa. Um homem <strong>infeliz<\/strong> pode ter altera\u00e7\u00f5es no padr\u00e3o de sono, como ins\u00f4nia ou sono excessivo, sinalizando uma inquietude mais profunda ou desejo de fugir da vida di\u00e1ria. Pesquisas indicam que a qualidade do sono est\u00e1 diretamente ligada \u00e0 sa\u00fade mental, sendo um dos primeiros sinais de alerta em epis\u00f3dios de tristeza prolongada.<\/p>\n\n\n\n<h2 class=\"wp-block-heading\">A perda de interesse em hobbies \u00e9 um alerta?<\/h2>\n\n\n\n<p>Hobbies e interesses s\u00e3o <strong>fontes<\/strong> de alegria, mas um homem infeliz pode perder o interesse por essas atividades. Este desinteresse pode ser um alerta sobre sua sa\u00fade mental e requer aten\u00e7\u00e3o. Se notar esse comportamento em algu\u00e9m pr\u00f3ximo, um convite gentil para participar de algo que ele gostava pode ser uma forma de aproxima\u00e7\u00e3o.<\/p>\n\n\n\n<figure class=\"wp-block-image size-large\"><img decoding=\"async\" width=\"1024\" height=\"576\" src=\"https:\/\/www.correiobraziliense.com.br\/cbradar\/wp-content\/uploads\/2025\/09\/homens_1757243867175-1024x576.jpg\" alt=\"Homens que s\u00e3o profundamente infelizes na vida emitem estes 13 sinais\" class=\"wp-image-100357\" srcset=\"https:\/\/www.correiobraziliense.com.br\/cbradar\/wp-content\/uploads\/2025\/09\/homens_1757243867175-1024x576.jpg 1024w, https:\/\/www.correiobraziliense.com.br\/cbradar\/wp-content\/uploads\/2025\/09\/homens_1757243867175-300x169.jpg 300w, https:\/\/www.correiobraziliense.com.br\/cbradar\/wp-content\/uploads\/2025\/09\/homens_1757243867175-768x432.jpg 768w, https:\/\/www.correiobraziliense.com.br\/cbradar\/wp-content\/uploads\/2025\/09\/homens_1757243867175-750x422.jpg 750w, https:\/\/www.correiobraziliense.com.br\/cbradar\/wp-content\/uploads\/2025\/09\/homens_1757243867175-1140x641.jpg 1140w, https:\/\/www.correiobraziliense.com.br\/cbradar\/wp-content\/uploads\/2025\/09\/homens_1757243867175.jpg 1280w\" sizes=\"(max-width: 1024px) 100vw, 1024px\" \/><figcaption class=\"wp-element-caption\">homens. Cr\u00e9ditos: depositphotos.com \/ AndreyBezuglov<\/figcaption><\/figure>\n\n\n\n<h2 class=\"wp-block-heading\">Iludido pelas compras por impulso: o que isso diz sobre ele?<\/h2>\n\n\n\n<p>Uma preocupa\u00e7\u00e3o negligente com a estabilidade financeira pode estar ligada \u00e0 infelicidade. O comportamento de gasto <strong>imprudente<\/strong> muitas vezes reflete uma tentativa de escapar de emo\u00e7\u00f5es negativas, oferecendo fuga tempor\u00e1ria, mas gerando estresse. Psic\u00f3logos alertam que esse padr\u00e3o pode evoluir para problemas financeiros s\u00e9rios, aumentando ainda mais o sentimento de incapacidade ou culpa.<\/p>\n\n\n\n<h2 class=\"wp-block-heading\">Quando a negatividade contamina o ambiente?<\/h2>\n\n\n\n<p>Um <strong>homem infeliz<\/strong> pode come\u00e7ar a ver o mundo atrav\u00e9s de <strong>lentes<\/strong> de negatividade. N\u00e3o \u00e9 apenas pessimismo; \u00e9 um padr\u00e3o de pensamento que afeta todos os aspectos de sua vida. Ao notar esse comportamento, \u00e9 importante agir com empatia e sugerir, se poss\u00edvel, um acompanhamento psicol\u00f3gico.<\/p>\n\n\n\n<h2 class=\"wp-block-heading\">A falta de motiva\u00e7\u00e3o indica algo maior?<\/h2>\n\n\n\n<p>A falta de <strong>motiva\u00e7\u00e3o<\/strong> \u00e9 um forte indicador de infelicidade. Este sentimento est\u00e1 muitas vezes ligado a um senso de desesperan\u00e7a ou sobrecarga diante das exig\u00eancias da vida. Nessas situa\u00e7\u00f5es, pode ser fundamental o apoio de amigos e familiares para estimular o homem a buscar ajuda ou simplesmente conversar sobre o que sente.<\/p>\n\n\n\n<h2 class=\"wp-block-heading\">Concluindo: Principais sinais de infelicidade profunda<\/h2>\n\n\n\n<ul class=\"wp-block-list\">\n<li>A retirada social pode indicar mais do que apenas necessidade de tempo sozinho.<\/li>\n\n\n\n<li>Irritabilidade frequente \u00e9 muitas vezes um reflexo de tumulto interno.<\/li>\n\n\n\n<li>Um decl\u00ednio not\u00e1vel na apar\u00eancia pode sinalizar problemas emocionais mais profundos.<\/li>\n<\/ul>\n","protected":false},"excerpt":{"rendered":"<p>Entenda os sinais discretos que indicam que um homem pode estar luchando emocionalmente e precise de apoio.<\/p>\n","protected":false},"author":3,"featured_media":100356,"comment_status":"open","ping_status":"open","sticky":false,"template":"","format":"standard","meta":{"_yoast_wpseo_focuskw":"homens profundamente infelizes","_yoast_wpseo_title":"%%title%%","_yoast_wpseo_metadesc":"Entenda os sinais discretos que indicam que um homem pode estar luchando emocionalmente e precise de apoio.","jnews-multi-image_gallery":[],"jnews_single_post":{"format":"standard"},"jnews_primary_category":[],"jnews_social_meta":[],"jnews_override_counter":[],"footnotes":""},"categories":[112],"tags":[144,404],"class_list":["post-100354","post","type-post","status-publish","format-standard","has-post-thumbnail","hentry","category-curiosidades","tag-curiosidades","tag-psicologia"],"yoast_head":"<!-- This site is optimized with the Yoast SEO plugin v24.6 - https:\/\/yoast.com\/wordpress\/plugins\/seo\/ -->\n<title>Homens que s\u00e3o profundamente infelizes na vida emitem estes 13 sinais<\/title>\n<meta name=\"description\" content=\"Entenda os sinais discretos que indicam que um homem pode estar luchando emocionalmente e precise de apoio.\" \/>\n<meta name=\"robots\" content=\"index, follow, max-snippet:-1, max-image-preview:large, max-video-preview:-1\" \/>\n<link rel=\"canonical\" href=\"https:\/\/www.correiobraziliense.com.br\/cbradar\/homens-que-sao-profundamente-infelizes-na-vida-emitem-estes-13-sinais\/\" \/>\n<meta property=\"og:locale\" content=\"pt_BR\" \/>\n<meta property=\"og:type\" content=\"article\" \/>\n<meta property=\"og:title\" content=\"Homens que s\u00e3o profundamente infelizes na vida emitem estes 13 sinais\" \/>\n<meta property=\"og:description\" content=\"Entenda os sinais discretos que indicam que um homem pode estar luchando emocionalmente e precise de apoio.\" \/>\n<meta property=\"og:url\" content=\"https:\/\/www.correiobraziliense.com.br\/cbradar\/homens-que-sao-profundamente-infelizes-na-vida-emitem-estes-13-sinais\/\" \/>\n<meta property=\"og:site_name\" content=\"Correio Braziliense - Radar\" \/>\n<meta property=\"article:published_time\" content=\"2025-09-07T11:45:00+00:00\" \/>\n<meta property=\"og:image\" content=\"https:\/\/www.correiobraziliense.com.br\/cbradar\/wp-content\/uploads\/2025\/09\/homens_1757243776511.jpg\" \/>\n\t<meta property=\"og:image:width\" content=\"1280\" \/>\n\t<meta property=\"og:image:height\" content=\"720\" \/>\n\t<meta property=\"og:image:type\" content=\"image\/jpeg\" \/>\n<meta name=\"author\" content=\"Larissa Carvalho\" \/>\n<meta name=\"twitter:card\" content=\"summary_large_image\" \/>\n<meta name=\"twitter:label1\" content=\"Escrito por\" \/>\n\t<meta name=\"twitter:data1\" content=\"Larissa Carvalho\" \/>\n\t<meta name=\"twitter:label2\" content=\"Est. tempo de leitura\" \/>\n\t<meta name=\"twitter:data2\" content=\"5 minutos\" \/>\n<!-- \/ Yoast SEO plugin. -->","yoast_head_json":{"title":"Homens que s\u00e3o profundamente infelizes na vida emitem estes 13 sinais","description":"Entenda os sinais discretos que indicam que um homem pode estar luchando emocionalmente e precise de apoio.","robots":{"index":"index","follow":"follow","max-snippet":"max-snippet:-1","max-image-preview":"max-image-preview:large","max-video-preview":"max-video-preview:-1"},"canonical":"https:\/\/www.correiobraziliense.com.br\/cbradar\/homens-que-sao-profundamente-infelizes-na-vida-emitem-estes-13-sinais\/","og_locale":"pt_BR","og_type":"article","og_title":"Homens que s\u00e3o profundamente infelizes na vida emitem estes 13 sinais","og_description":"Entenda os sinais discretos que indicam que um homem pode estar luchando emocionalmente e precise de apoio.","og_url":"https:\/\/www.correiobraziliense.com.br\/cbradar\/homens-que-sao-profundamente-infelizes-na-vida-emitem-estes-13-sinais\/","og_site_name":"Correio Braziliense - Radar","article_published_time":"2025-09-07T11:45:00+00:00","og_image":[{"width":1280,"height":720,"url":"https:\/\/www.correiobraziliense.com.br\/cbradar\/wp-content\/uploads\/2025\/09\/homens_1757243776511.jpg","type":"image\/jpeg"}],"author":"Larissa Carvalho","twitter_card":"summary_large_image","twitter_misc":{"Escrito por":"Larissa Carvalho","Est. tempo de leitura":"5 minutos"},"schema":{"@context":"https:\/\/schema.org","@graph":[{"@type":"WebPage","@id":"https:\/\/www.correiobraziliense.com.br\/cbradar\/homens-que-sao-profundamente-infelizes-na-vida-emitem-estes-13-sinais\/","url":"https:\/\/www.correiobraziliense.com.br\/cbradar\/homens-que-sao-profundamente-infelizes-na-vida-emitem-estes-13-sinais\/","name":"Homens que s\u00e3o profundamente infelizes na vida emitem estes 13 sinais","isPartOf":{"@id":"https:\/\/www.correiobraziliense.com.br\/cbradar\/#website"},"primaryImageOfPage":{"@id":"https:\/\/www.correiobraziliense.com.br\/cbradar\/homens-que-sao-profundamente-infelizes-na-vida-emitem-estes-13-sinais\/#primaryimage"},"image":{"@id":"https:\/\/www.correiobraziliense.com.br\/cbradar\/homens-que-sao-profundamente-infelizes-na-vida-emitem-estes-13-sinais\/#primaryimage"},"thumbnailUrl":"https:\/\/www.correiobraziliense.com.br\/cbradar\/wp-content\/uploads\/2025\/09\/homens_1757243776511.jpg","datePublished":"2025-09-07T11:45:00+00:00","author":{"@id":"https:\/\/www.correiobraziliense.com.br\/cbradar\/#\/schema\/person\/58422787644df994b53a19d3e56c1513"},"description":"Entenda os sinais discretos que indicam que um homem pode estar luchando emocionalmente e precise de apoio.","breadcrumb":{"@id":"https:\/\/www.correiobraziliense.com.br\/cbradar\/homens-que-sao-profundamente-infelizes-na-vida-emitem-estes-13-sinais\/#breadcrumb"},"inLanguage":"pt-BR","potentialAction":[{"@type":"ReadAction","target":["https:\/\/www.correiobraziliense.com.br\/cbradar\/homens-que-sao-profundamente-infelizes-na-vida-emitem-estes-13-sinais\/"]}]},{"@type":"ImageObject","inLanguage":"pt-BR","@id":"https:\/\/www.correiobraziliense.com.br\/cbradar\/homens-que-sao-profundamente-infelizes-na-vida-emitem-estes-13-sinais\/#primaryimage","url":"https:\/\/www.correiobraziliense.com.br\/cbradar\/wp-content\/uploads\/2025\/09\/homens_1757243776511.jpg","contentUrl":"https:\/\/www.correiobraziliense.com.br\/cbradar\/wp-content\/uploads\/2025\/09\/homens_1757243776511.jpg","width":1280,"height":720,"caption":"homens. Cr\u00e9ditos: depositphotos.com \/ IgorVetushko"},{"@type":"BreadcrumbList","@id":"https:\/\/www.correiobraziliense.com.br\/cbradar\/homens-que-sao-profundamente-infelizes-na-vida-emitem-estes-13-sinais\/#breadcrumb","itemListElement":[{"@type":"ListItem","position":1,"name":"In\u00edcio","item":"https:\/\/www.correiobraziliense.com.br\/cbradar\/"},{"@type":"ListItem","position":2,"name":"Homens que s\u00e3o profundamente infelizes na vida emitem estes 13 sinais"}]},{"@type":"WebSite","@id":"https:\/\/www.correiobraziliense.com.br\/cbradar\/#website","url":"https:\/\/www.correiobraziliense.com.br\/cbradar\/","name":"Correio Braziliense - Radar","description":"Acompanhe as \u00faltimas not\u00edcias e fique bem informado sobre tudo o que acontece no Brasil e no mundo.","potentialAction":[{"@type":"SearchAction","target":{"@type":"EntryPoint","urlTemplate":"https:\/\/www.correiobraziliense.com.br\/cbradar\/?s={search_term_string}"},"query-input":{"@type":"PropertyValueSpecification","valueRequired":true,"valueName":"search_term_string"}}],"inLanguage":"pt-BR"},{"@type":"Person","@id":"https:\/\/www.correiobraziliense.com.br\/cbradar\/#\/schema\/person\/58422787644df994b53a19d3e56c1513","name":"Larissa Carvalho","image":{"@type":"ImageObject","inLanguage":"pt-BR","@id":"https:\/\/www.correiobraziliense.com.br\/cbradar\/#\/schema\/person\/image\/","url":"https:\/\/secure.gravatar.com\/avatar\/fe4f91a0de32b52a838d0d612abdc1aa?s=96&d=mm&r=g","contentUrl":"https:\/\/secure.gravatar.com\/avatar\/fe4f91a0de32b52a838d0d612abdc1aa?s=96&d=mm&r=g","caption":"Larissa Carvalho"},"url":"https:\/\/www.correiobraziliense.com.br\/cbradar\/author\/larissamyth\/"}]}},"_links":{"self":[{"href":"https:\/\/www.correiobraziliense.com.br\/cbradar\/wp-json\/wp\/v2\/posts\/100354","targetHints":{"allow":["GET"]}}],"collection":[{"href":"https:\/\/www.correiobraziliense.com.br\/cbradar\/wp-json\/wp\/v2\/posts"}],"about":[{"href":"https:\/\/www.correiobraziliense.com.br\/cbradar\/wp-json\/wp\/v2\/types\/post"}],"author":[{"embeddable":true,"href":"https:\/\/www.correiobraziliense.com.br\/cbradar\/wp-json\/wp\/v2\/users\/3"}],"replies":[{"embeddable":true,"href":"https:\/\/www.correiobraziliense.com.br\/cbradar\/wp-json\/wp\/v2\/comments?post=100354"}],"version-history":[{"count":2,"href":"https:\/\/www.correiobraziliense.com.br\/cbradar\/wp-json\/wp\/v2\/posts\/100354\/revisions"}],"predecessor-version":[{"id":100358,"href":"https:\/\/www.correiobraziliense.com.br\/cbradar\/wp-json\/wp\/v2\/posts\/100354\/revisions\/100358"}],"wp:featuredmedia":[{"embeddable":true,"href":"https:\/\/www.correiobraziliense.com.br\/cbradar\/wp-json\/wp\/v2\/media\/100356"}],"wp:attachment":[{"href":"https:\/\/www.correiobraziliense.com.br\/cbradar\/wp-json\/wp\/v2\/media?parent=100354"}],"wp:term":[{"taxonomy":"category","embeddable":true,"href":"https:\/\/www.correiobraziliense.com.br\/cbradar\/wp-json\/wp\/v2\/categories?post=100354"},{"taxonomy":"post_tag","embeddable":true,"href":"https:\/\/www.correiobraziliense.com.br\/cbradar\/wp-json\/wp\/v2\/tags?post=100354"}],"curies":[{"name":"wp","href":"https:\/\/api.w.org\/{rel}","templated":true}]}}