{"id":100437,"date":"2025-09-08T22:33:00","date_gmt":"2025-09-09T01:33:00","guid":{"rendered":"https:\/\/www.correiobraziliense.com.br\/cbradar\/?p=100437"},"modified":"2025-09-07T21:21:39","modified_gmt":"2025-09-08T00:21:39","slug":"por-que-sua-mente-nao-te-deixa-dormir-em-paz","status":"publish","type":"post","link":"https:\/\/www.correiobraziliense.com.br\/cbradar\/por-que-sua-mente-nao-te-deixa-dormir-em-paz\/","title":{"rendered":"Por que sua mente n\u00e3o te deixa dormir em paz"},"content":{"rendered":"\n<p>Muitas pessoas experimentam repetidos despertares ao longo da noite sem compreender plenamente as raz\u00f5es por tr\u00e1s desse fen\u00f4meno. A psicologia sugere que fatores emocionais e psicol\u00f3gicos desempenham um papel crucial na qualidade do <strong>Sono<\/strong>. A liga\u00e7\u00e3o entre a <a href=\"https:\/\/www.gov.br\/saude\/pt-br\" target=\"_blank\" rel=\"noreferrer noopener\">sa\u00fade <\/a>mental e o descanso noturno \u00e9 frequentemente subestimada, mas ela \u00e9 fundamental para um repouso efetivo.<\/p>\n\n\n\n<p>O estresse, por exemplo, \u00e9 um dos elementos mais comumente associados \u00e0s interrup\u00e7\u00f5es do Sono. Nosso c\u00e9rebro continua a processar preocupa\u00e7\u00f5es mesmo enquanto dormimos, criando um estado de vigil\u00e2ncia que dificulta o descanso cont\u00ednuo. Situa\u00e7\u00f5es de estresse elevado, seja no trabalho ou na vida pessoal, podem levar a frequentes despertares durante a noite.<\/p>\n\n\n\n<h2 class=\"wp-block-heading\">Como a ansiedade tem consequ\u00eancias no Sono?<\/h2>\n\n\n\n<p>Al\u00e9m do estresse, a ansiedade tem um impacto divisor no sono. Preocupa\u00e7\u00f5es relacionadas ao futuro, responsabilidades profissionais ou quest\u00f5es familiares tornam-se fontes de ins\u00f4nia. A mente ansiosa n\u00e3o permite um Sono profundo e restaurador, pois \u00e9 facilmente perturbada por est\u00edmulos externos, como sons ou desconfortos f\u00edsicos, que de outra forma passariam despercebidos.<\/p>\n\n\n\n<p>Uma mente constantemente ativa \u00e9 incapaz de se entregar ao descanso necess\u00e1rio, prejudicando assim a qualidade de vida. Para muitos, essas perturba\u00e7\u00f5es do Sono se traduzem em fadiga diurna e redu\u00e7\u00e3o da capacidade cognitiva. A ansiedade n\u00e3o tratada n\u00e3o apenas interfere nas noites de Sono, mas tamb\u00e9m afeta o desempenho di\u00e1rio.<\/p>\n\n\n\n<h2 class=\"wp-block-heading\">Transtornos do Sono: quando procurar ajuda?<\/h2>\n\n\n\n<p>Para alguns, despertar v\u00e1rias vezes durante a noite \u00e9 mais do que uma simples rea\u00e7\u00e3o ao estresse ou ansiedade. Transtornos do sono como a ins\u00f4nia cr\u00f4nica ou o Sono fragmentado t\u00eam causas mais complexas e demandam interven\u00e7\u00f5es mais profundas. Sob essas circunst\u00e2ncias, a busca por aux\u00edlio m\u00e9dico \u00e9 essencial para encontrar estrat\u00e9gias que promovam um Sono mais satisfat\u00f3rio.<\/p>\n\n\n<div class=\"wp-block-image\">\n<figure class=\"aligncenter size-large\"><img decoding=\"async\" width=\"1024\" height=\"576\" src=\"https:\/\/www.correiobraziliense.com.br\/cbradar\/wp-content\/uploads\/2025\/06\/paralisia-do-sono_1749493417064-1024x576.jpg\" alt=\"\" class=\"wp-image-50634\" srcset=\"https:\/\/www.correiobraziliense.com.br\/cbradar\/wp-content\/uploads\/2025\/06\/paralisia-do-sono_1749493417064-1024x576.jpg 1024w, https:\/\/www.correiobraziliense.com.br\/cbradar\/wp-content\/uploads\/2025\/06\/paralisia-do-sono_1749493417064-300x169.jpg 300w, https:\/\/www.correiobraziliense.com.br\/cbradar\/wp-content\/uploads\/2025\/06\/paralisia-do-sono_1749493417064-768x432.jpg 768w, https:\/\/www.correiobraziliense.com.br\/cbradar\/wp-content\/uploads\/2025\/06\/paralisia-do-sono_1749493417064-750x422.jpg 750w, https:\/\/www.correiobraziliense.com.br\/cbradar\/wp-content\/uploads\/2025\/06\/paralisia-do-sono_1749493417064-1140x641.jpg 1140w, https:\/\/www.correiobraziliense.com.br\/cbradar\/wp-content\/uploads\/2025\/06\/paralisia-do-sono_1749493417064.jpg 1280w\" sizes=\"(max-width: 1024px) 100vw, 1024px\" \/><figcaption class=\"wp-element-caption\">Paralisia do Sono &#8211; Cr\u00e9ditos: depositphotos.com \/ AndreyPopov<\/figcaption><\/figure><\/div>\n\n\n<p>Cidades como S\u00e3o Paulo e Rio de Janeiro t\u00eam registado um aumento na procura por cl\u00ednicas especializadas em dist\u00farbios do Sono. Isso revela a necessidade crescente por assist\u00eancia profissional em diferentes regi\u00f5es. Pessoas que enfrentam constantes interrup\u00e7\u00f5es noturnas s\u00e3o encorajadas a avaliarem suas emo\u00e7\u00f5es e comportamentos di\u00e1rios.<\/p>\n\n\n\n<h2 class=\"wp-block-heading\">Como melhorar a qualidade do Sono?<\/h2>\n\n\n\n<p>H\u00e1 a\u00e7\u00f5es simples que podem ser adotadas para facilitar um sono mais restaurador. Ajustes no estilo de vida, como criar uma rotina de sono regular, limitar o consumo de cafe\u00edna e criar um ambiente de sono adequado, s\u00e3o passos b\u00e1sicos que podem fazer uma diferen\u00e7a significativa. Manter um di\u00e1rio do sono ou utilizar aplicativos de monitoramento pode ajudar a identificar padr\u00f5es e gatilhos das interrup\u00e7\u00f5es noturnas.<\/p>\n\n\n\n<blockquote class=\"instagram-media\" data-instgrm-permalink=\"https:\/\/www.instagram.com\/reel\/DLZrl-ROifq\/?utm_source=ig_embed&amp;utm_campaign=loading\" data-instgrm-version=\"14\" style=\" background:#FFF; border:0; border-radius:3px; box-shadow:0 0 1px 0 rgba(0,0,0,0.5),0 1px 10px 0 rgba(0,0,0,0.15); margin: 1px; max-width:540px; min-width:326px; padding:0; width:99.375%; width:-webkit-calc(100% - 2px); width:calc(100% - 2px);\"><div style=\"padding:16px;\"> <a href=\"https:\/\/www.instagram.com\/reel\/DLZrl-ROifq\/?utm_source=ig_embed&amp;utm_campaign=loading\" style=\" background:#FFFFFF; line-height:0; padding:0 0; text-align:center; text-decoration:none; width:100%;\" target=\"_blank\"> <div style=\" display: flex; flex-direction: row; align-items: center;\"> <div style=\"background-color: #F4F4F4; border-radius: 50%; flex-grow: 0; height: 40px; margin-right: 14px; width: 40px;\"><\/div> <div style=\"display: flex; flex-direction: column; flex-grow: 1; justify-content: center;\"> <div style=\" background-color: #F4F4F4; border-radius: 4px; flex-grow: 0; height: 14px; margin-bottom: 6px; width: 100px;\"><\/div> <div style=\" background-color: #F4F4F4; border-radius: 4px; flex-grow: 0; height: 14px; width: 60px;\"><\/div><\/div><\/div><div style=\"padding: 19% 0;\"><\/div> <div style=\"display:block; height:50px; margin:0 auto 12px; width:50px;\"><svg width=\"50px\" height=\"50px\" viewBox=\"0 0 60 60\" version=\"1.1\" xmlns=\"https:\/\/www.w3.org\/2000\/svg\" xmlns:xlink=\"https:\/\/www.w3.org\/1999\/xlink\"><g stroke=\"none\" stroke-width=\"1\" fill=\"none\" fill-rule=\"evenodd\"><g transform=\"translate(-511.000000, -20.000000)\" fill=\"#000000\"><g><path d=\"M556.869,30.41 C554.814,30.41 553.148,32.076 553.148,34.131 C553.148,36.186 554.814,37.852 556.869,37.852 C558.924,37.852 560.59,36.186 560.59,34.131 C560.59,32.076 558.924,30.41 556.869,30.41 M541,60.657 C535.114,60.657 530.342,55.887 530.342,50 C530.342,44.114 535.114,39.342 541,39.342 C546.887,39.342 551.658,44.114 551.658,50 C551.658,55.887 546.887,60.657 541,60.657 M541,33.886 C532.1,33.886 524.886,41.1 524.886,50 C524.886,58.899 532.1,66.113 541,66.113 C549.9,66.113 557.115,58.899 557.115,50 C557.115,41.1 549.9,33.886 541,33.886 M565.378,62.101 C565.244,65.022 564.756,66.606 564.346,67.663 C563.803,69.06 563.154,70.057 562.106,71.106 C561.058,72.155 560.06,72.803 558.662,73.347 C557.607,73.757 556.021,74.244 553.102,74.378 C549.944,74.521 548.997,74.552 541,74.552 C533.003,74.552 532.056,74.521 528.898,74.378 C525.979,74.244 524.393,73.757 523.338,73.347 C521.94,72.803 520.942,72.155 519.894,71.106 C518.846,70.057 518.197,69.06 517.654,67.663 C517.244,66.606 516.755,65.022 516.623,62.101 C516.479,58.943 516.448,57.996 516.448,50 C516.448,42.003 516.479,41.056 516.623,37.899 C516.755,34.978 517.244,33.391 517.654,32.338 C518.197,30.938 518.846,29.942 519.894,28.894 C520.942,27.846 521.94,27.196 523.338,26.654 C524.393,26.244 525.979,25.756 528.898,25.623 C532.057,25.479 533.004,25.448 541,25.448 C548.997,25.448 549.943,25.479 553.102,25.623 C556.021,25.756 557.607,26.244 558.662,26.654 C560.06,27.196 561.058,27.846 562.106,28.894 C563.154,29.942 563.803,30.938 564.346,32.338 C564.756,33.391 565.244,34.978 565.378,37.899 C565.522,41.056 565.552,42.003 565.552,50 C565.552,57.996 565.522,58.943 565.378,62.101 M570.82,37.631 C570.674,34.438 570.167,32.258 569.425,30.349 C568.659,28.377 567.633,26.702 565.965,25.035 C564.297,23.368 562.623,22.342 560.652,21.575 C558.743,20.834 556.562,20.326 553.369,20.18 C550.169,20.033 549.148,20 541,20 C532.853,20 531.831,20.033 528.631,20.18 C525.438,20.326 523.257,20.834 521.349,21.575 C519.376,22.342 517.703,23.368 516.035,25.035 C514.368,26.702 513.342,28.377 512.574,30.349 C511.834,32.258 511.326,34.438 511.181,37.631 C511.035,40.831 511,41.851 511,50 C511,58.147 511.035,59.17 511.181,62.369 C511.326,65.562 511.834,67.743 512.574,69.651 C513.342,71.625 514.368,73.296 516.035,74.965 C517.703,76.634 519.376,77.658 521.349,78.425 C523.257,79.167 525.438,79.673 528.631,79.82 C531.831,79.965 532.853,80.001 541,80.001 C549.148,80.001 550.169,79.965 553.369,79.82 C556.562,79.673 558.743,79.167 560.652,78.425 C562.623,77.658 564.297,76.634 565.965,74.965 C567.633,73.296 568.659,71.625 569.425,69.651 C570.167,67.743 570.674,65.562 570.82,62.369 C570.966,59.17 571,58.147 571,50 C571,41.851 570.966,40.831 570.82,37.631\"><\/path><\/g><\/g><\/g><\/svg><\/div><div style=\"padding-top: 8px;\"> <div style=\" color:#3897f0; font-family:Arial,sans-serif; font-size:14px; font-style:normal; font-weight:550; line-height:18px;\">Ver essa foto no Instagram<\/div><\/div><div style=\"padding: 12.5% 0;\"><\/div> <div style=\"display: flex; flex-direction: row; margin-bottom: 14px; align-items: center;\"><div> <div style=\"background-color: #F4F4F4; border-radius: 50%; height: 12.5px; width: 12.5px; transform: translateX(0px) translateY(7px);\"><\/div> <div style=\"background-color: #F4F4F4; height: 12.5px; transform: rotate(-45deg) translateX(3px) translateY(1px); width: 12.5px; flex-grow: 0; margin-right: 14px; margin-left: 2px;\"><\/div> <div style=\"background-color: #F4F4F4; border-radius: 50%; height: 12.5px; width: 12.5px; transform: translateX(9px) translateY(-18px);\"><\/div><\/div><div style=\"margin-left: 8px;\"> <div style=\" background-color: #F4F4F4; border-radius: 50%; flex-grow: 0; height: 20px; width: 20px;\"><\/div> <div style=\" width: 0; height: 0; border-top: 2px solid transparent; border-left: 6px solid #f4f4f4; border-bottom: 2px solid transparent; transform: translateX(16px) translateY(-4px) rotate(30deg)\"><\/div><\/div><div style=\"margin-left: auto;\"> <div style=\" width: 0px; border-top: 8px solid #F4F4F4; border-right: 8px solid transparent; transform: translateY(16px);\"><\/div> <div style=\" background-color: #F4F4F4; flex-grow: 0; height: 12px; width: 16px; transform: translateY(-4px);\"><\/div> <div style=\" width: 0; height: 0; border-top: 8px solid #F4F4F4; border-left: 8px solid transparent; transform: translateY(-4px) translateX(8px);\"><\/div><\/div><\/div> <div style=\"display: flex; flex-direction: column; flex-grow: 1; justify-content: center; margin-bottom: 24px;\"> <div style=\" background-color: #F4F4F4; border-radius: 4px; flex-grow: 0; height: 14px; margin-bottom: 6px; width: 224px;\"><\/div> <div style=\" background-color: #F4F4F4; border-radius: 4px; flex-grow: 0; height: 14px; width: 144px;\"><\/div><\/div><\/a><p style=\" color:#c9c8cd; font-family:Arial,sans-serif; font-size:14px; line-height:17px; margin-bottom:0; margin-top:8px; overflow:hidden; padding:8px 0 7px; text-align:center; text-overflow:ellipsis; white-space:nowrap;\"><a href=\"https:\/\/www.instagram.com\/reel\/DLZrl-ROifq\/?utm_source=ig_embed&amp;utm_campaign=loading\" style=\" color:#c9c8cd; font-family:Arial,sans-serif; font-size:14px; font-style:normal; font-weight:normal; line-height:17px; text-decoration:none;\" target=\"_blank\">Uma publica\u00e7\u00e3o compartilhada por Dra. Lara Motta | Laser e ci\u00eancia a favor da sua vida (@dra.laramotta)<\/a><\/p><\/div><\/blockquote>\n<script async src=\"\/\/www.instagram.com\/embed.js\"><\/script>\n\n\n\n<ul class=\"wp-block-list\">\n<li>Estabelecer um hor\u00e1rio fixo para dormir e acordar, mesmo nos fins de semana.<\/li>\n\n\n\n<li>Praticar t\u00e9cnicas de relaxamento, como medita\u00e7\u00e3o.<\/li>\n\n\n\n<li>Evitar o uso de eletr\u00f4nicos antes de dormir para preparar o corpo para o descanso.<\/li>\n\n\n\n<li>Cria\u00e7\u00e3o de um ambiente de sono prop\u00edcio, com condi\u00e7\u00f5es adequadas de temperatura, som e ilumina\u00e7\u00e3o.<\/li>\n<\/ul>\n\n\n\n<h2 class=\"wp-block-heading\">Como a tecnologia pode ajudar no monitoramento do Sono?<\/h2>\n\n\n\n<p>Atualmente, diversas ferramentas digitais est\u00e3o dispon\u00edveis para ajudar no acompanhamento e na melhoria da qualidade do Sono. Aplicativos e dispositivos, como smartphones e rel\u00f3gios inteligentes, oferecem funcionalidades que v\u00e3o desde o monitoramento dos ciclos de Sono at\u00e9 a an\u00e1lise dos padr\u00f5es de interrup\u00e7\u00e3o. Usar essas tecnologias pode ser um primeiro passo valioso para entender melhor o pr\u00f3prio Sono e tomar medidas informadas para melhor\u00e1-lo.<\/p>\n\n\n\n<p>Essas solu\u00e7\u00f5es tecnol\u00f3gicas n\u00e3o substituem a ajuda profissional, mas fornecem insights valiosos que podem ser usados para complementar as estrat\u00e9gias de Sono recomendadas por especialistas em <a href=\"https:\/\/www.correiobraziliense.com.br\/cbradar\/uso-excessivo-de-telas-causa-mais-do-que-miopia\/\" target=\"_blank\" rel=\"noreferrer noopener\">sa\u00fade<\/a>. Assim, o uso consciente das inova\u00e7\u00f5es digitais pode guiar aqueles que buscam uma noite de Sono mais tranquila e um aumento na qualidade de vida em geral.<\/p>\n\n\n<a href=\"https:\/\/www.instagram.com\/dra.annaluisabf\/\" target=\"_blank\" rel=\"noopener\" style=\"text-decoration: none; color: inherit;\">\n    <span style=\"display: inline-block; border: 1px solid #ccc; border-radius: 10px; padding: 15px; max-width: 550px; font-family: sans-serif; box-shadow: 0 2px 5px rgba(0,0,0,0.1); width: 100%;\">\n\n      <!-- T\u00edtulo -->\n      <span style=\"display: block; margin: 0 0 15px 0; font-weight: bold; color: #2c3e50; text-align: center;\">\n        Entre em contato:\n      <\/span>\n\n      <!-- Linha do perfil -->\n      <span style=\"display: flex; align-items: center; gap: 15px;\">\n        <img decoding=\"async\"\n          src=\"https:\/\/www.correiobraziliense.com.br\/cbradar\/wp-content\/uploads\/2025\/08\/dra_anna_luisa.jpeg\"\n          alt=\"Foto da Dra. Anna Lu\u00edsa\"\n          style=\"border-radius: 50%; width: 80px; height: 80px; object-fit: cover;\"\n        \/>\n        <span style=\"display: flex; flex-direction: column;\">\n          <span style=\"font-size: 18px; font-weight: 700; color: #2c3e50;\">Dra. Anna Lu\u00edsa Barbosa Fernandes<\/span>\n          <span style=\"color: #555;\">CRM-GO 33.271<\/span>\n        <\/span>\n      <\/span>\n\n      <!-- Redes -->\n      <span style=\"display: flex; align-items: center; gap: 10px; margin-top: 12px;\">\n        <img decoding=\"async\" src=\"https:\/\/cdn-icons-png.flaticon.com\/24\/1384\/1384063.png\" alt=\"Instagram\" width=\"24\" height=\"24\" \/>\n        <span style=\"text-decoration: underline; color: #2c3e50;\">@dra.annaluisabf<\/span>\n      <\/span>\n\n    <\/span>\n  <\/a>","protected":false},"excerpt":{"rendered":"<p>Muitas pessoas experimentam repetidos despertares ao longo da noite sem compreender plenamente as raz\u00f5es por tr\u00e1s desse fen\u00f4meno. A psicologia sugere que fatores emocionais e psicol\u00f3gicos desempenham um papel crucial na qualidade do Sono. A liga\u00e7\u00e3o entre a sa\u00fade mental e o descanso noturno \u00e9 frequentemente subestimada, mas ela \u00e9 fundamental para um repouso efetivo. [&hellip;]<\/p>\n","protected":false},"author":14,"featured_media":83023,"comment_status":"open","ping_status":"open","sticky":false,"template":"","format":"standard","meta":{"jnews-multi-image_gallery":[],"jnews_single_post":{"format":"standard"},"jnews_primary_category":[],"jnews_social_meta":[],"jnews_override_counter":[],"footnotes":""},"categories":[4404],"post_tag":[120,1318,1313],"class_list":["post-100437","post","type-post","status-publish","format-standard","has-post-thumbnail","hentry","category-saude","tag-bem-estar","tag-saude-2","tag-sono"],"yoast_head":"<!-- This site is optimized with the Yoast SEO plugin v24.6 - https:\/\/yoast.com\/wordpress\/plugins\/seo\/ -->\n<title>Por que sua mente n\u00e3o te deixa dormir em paz - Correio Braziliense - Radar<\/title>\n<meta name=\"description\" content=\"Seu sono pode estar sendo sabotado por fatores psicol\u00f3gicos invis\u00edveis \u2014 entenda como isso afeta sua mente e corpo mesmo sem voc\u00ea perceber\" \/>\n<meta name=\"robots\" content=\"index, follow, max-snippet:-1, max-image-preview:large, max-video-preview:-1\" \/>\n<link rel=\"canonical\" href=\"https:\/\/www.correiobraziliense.com.br\/cbradar\/por-que-sua-mente-nao-te-deixa-dormir-em-paz\/\" \/>\n<meta property=\"og:locale\" content=\"pt_BR\" \/>\n<meta property=\"og:type\" content=\"article\" \/>\n<meta property=\"og:title\" content=\"Por que sua mente n\u00e3o te deixa dormir em paz - Correio Braziliense - Radar\" \/>\n<meta property=\"og:description\" content=\"Seu sono pode estar sendo sabotado por fatores psicol\u00f3gicos invis\u00edveis \u2014 entenda como isso afeta sua mente e corpo mesmo sem voc\u00ea perceber\" \/>\n<meta property=\"og:url\" content=\"https:\/\/www.correiobraziliense.com.br\/cbradar\/por-que-sua-mente-nao-te-deixa-dormir-em-paz\/\" \/>\n<meta property=\"og:site_name\" content=\"Correio Braziliense - Radar\" \/>\n<meta property=\"article:published_time\" content=\"2025-09-09T01:33:00+00:00\" \/>\n<meta property=\"og:image\" content=\"https:\/\/www.correiobraziliense.com.br\/cbradar\/wp-content\/uploads\/2025\/08\/sonolencia_1754668726249.jpg\" \/>\n\t<meta property=\"og:image:width\" content=\"1280\" \/>\n\t<meta property=\"og:image:height\" content=\"720\" \/>\n\t<meta property=\"og:image:type\" content=\"image\/jpeg\" \/>\n<meta name=\"author\" content=\"guilherme_saude\" \/>\n<meta name=\"twitter:card\" content=\"summary_large_image\" \/>\n<meta name=\"twitter:label1\" content=\"Escrito por\" \/>\n\t<meta name=\"twitter:data1\" content=\"guilherme_saude\" \/>\n\t<meta name=\"twitter:label2\" content=\"Est. tempo de leitura\" \/>\n\t<meta name=\"twitter:data2\" content=\"5 minutos\" \/>\n<!-- \/ Yoast SEO plugin. -->","yoast_head_json":{"title":"Por que sua mente n\u00e3o te deixa dormir em paz - Correio Braziliense - Radar","description":"Seu sono pode estar sendo sabotado por fatores psicol\u00f3gicos invis\u00edveis \u2014 entenda como isso afeta sua mente e corpo mesmo sem voc\u00ea perceber","robots":{"index":"index","follow":"follow","max-snippet":"max-snippet:-1","max-image-preview":"max-image-preview:large","max-video-preview":"max-video-preview:-1"},"canonical":"https:\/\/www.correiobraziliense.com.br\/cbradar\/por-que-sua-mente-nao-te-deixa-dormir-em-paz\/","og_locale":"pt_BR","og_type":"article","og_title":"Por que sua mente n\u00e3o te deixa dormir em paz - Correio Braziliense - Radar","og_description":"Seu sono pode estar sendo sabotado por fatores psicol\u00f3gicos invis\u00edveis \u2014 entenda como isso afeta sua mente e corpo mesmo sem voc\u00ea perceber","og_url":"https:\/\/www.correiobraziliense.com.br\/cbradar\/por-que-sua-mente-nao-te-deixa-dormir-em-paz\/","og_site_name":"Correio Braziliense - Radar","article_published_time":"2025-09-09T01:33:00+00:00","og_image":[{"width":1280,"height":720,"url":"https:\/\/www.correiobraziliense.com.br\/cbradar\/wp-content\/uploads\/2025\/08\/sonolencia_1754668726249.jpg","type":"image\/jpeg"}],"author":"guilherme_saude","twitter_card":"summary_large_image","twitter_misc":{"Escrito por":"guilherme_saude","Est. tempo de leitura":"5 minutos"},"schema":{"@context":"https:\/\/schema.org","@graph":[{"@type":"WebPage","@id":"https:\/\/www.correiobraziliense.com.br\/cbradar\/por-que-sua-mente-nao-te-deixa-dormir-em-paz\/","url":"https:\/\/www.correiobraziliense.com.br\/cbradar\/por-que-sua-mente-nao-te-deixa-dormir-em-paz\/","name":"Por que sua mente n\u00e3o te deixa dormir em paz - Correio Braziliense - Radar","isPartOf":{"@id":"https:\/\/www.correiobraziliense.com.br\/cbradar\/#website"},"primaryImageOfPage":{"@id":"https:\/\/www.correiobraziliense.com.br\/cbradar\/por-que-sua-mente-nao-te-deixa-dormir-em-paz\/#primaryimage"},"image":{"@id":"https:\/\/www.correiobraziliense.com.br\/cbradar\/por-que-sua-mente-nao-te-deixa-dormir-em-paz\/#primaryimage"},"thumbnailUrl":"https:\/\/www.correiobraziliense.com.br\/cbradar\/wp-content\/uploads\/2025\/08\/sonolencia_1754668726249.jpg","datePublished":"2025-09-09T01:33:00+00:00","author":{"@id":"https:\/\/www.correiobraziliense.com.br\/cbradar\/#\/schema\/person\/5aa4bf3c8fa699c267933611de12978b"},"description":"Seu sono pode estar sendo sabotado por fatores psicol\u00f3gicos invis\u00edveis \u2014 entenda como isso afeta sua mente e corpo mesmo sem voc\u00ea perceber","breadcrumb":{"@id":"https:\/\/www.correiobraziliense.com.br\/cbradar\/por-que-sua-mente-nao-te-deixa-dormir-em-paz\/#breadcrumb"},"inLanguage":"pt-BR","potentialAction":[{"@type":"ReadAction","target":["https:\/\/www.correiobraziliense.com.br\/cbradar\/por-que-sua-mente-nao-te-deixa-dormir-em-paz\/"]}]},{"@type":"ImageObject","inLanguage":"pt-BR","@id":"https:\/\/www.correiobraziliense.com.br\/cbradar\/por-que-sua-mente-nao-te-deixa-dormir-em-paz\/#primaryimage","url":"https:\/\/www.correiobraziliense.com.br\/cbradar\/wp-content\/uploads\/2025\/08\/sonolencia_1754668726249.jpg","contentUrl":"https:\/\/www.correiobraziliense.com.br\/cbradar\/wp-content\/uploads\/2025\/08\/sonolencia_1754668726249.jpg","width":1280,"height":720,"caption":"A estrat\u00e9gia mais eficaz para acalmar a mente e dormir melhor - Cr\u00e9ditos: depositphotos.com \/ kolapatha@outlook.co.th"},{"@type":"BreadcrumbList","@id":"https:\/\/www.correiobraziliense.com.br\/cbradar\/por-que-sua-mente-nao-te-deixa-dormir-em-paz\/#breadcrumb","itemListElement":[{"@type":"ListItem","position":1,"name":"In\u00edcio","item":"https:\/\/www.correiobraziliense.com.br\/cbradar\/"},{"@type":"ListItem","position":2,"name":"Por que sua mente n\u00e3o te deixa dormir em paz"}]},{"@type":"WebSite","@id":"https:\/\/www.correiobraziliense.com.br\/cbradar\/#website","url":"https:\/\/www.correiobraziliense.com.br\/cbradar\/","name":"Correio Braziliense - Radar","description":"Acompanhe as \u00faltimas not\u00edcias e fique bem informado sobre tudo o que acontece no Brasil e no mundo.","potentialAction":[{"@type":"SearchAction","target":{"@type":"EntryPoint","urlTemplate":"https:\/\/www.correiobraziliense.com.br\/cbradar\/?s={search_term_string}"},"query-input":{"@type":"PropertyValueSpecification","valueRequired":true,"valueName":"search_term_string"}}],"inLanguage":"pt-BR"},{"@type":"Person","@id":"https:\/\/www.correiobraziliense.com.br\/cbradar\/#\/schema\/person\/5aa4bf3c8fa699c267933611de12978b","name":"guilherme_saude","image":{"@type":"ImageObject","inLanguage":"pt-BR","@id":"https:\/\/www.correiobraziliense.com.br\/cbradar\/#\/schema\/person\/image\/","url":"https:\/\/secure.gravatar.com\/avatar\/df9adfb835d344bc0af109d41756253f?s=96&d=mm&r=g","contentUrl":"https:\/\/secure.gravatar.com\/avatar\/df9adfb835d344bc0af109d41756253f?s=96&d=mm&r=g","caption":"guilherme_saude"},"url":"https:\/\/www.correiobraziliense.com.br\/cbradar\/author\/guilherme_saude\/"}]}},"_links":{"self":[{"href":"https:\/\/www.correiobraziliense.com.br\/cbradar\/wp-json\/wp\/v2\/posts\/100437","targetHints":{"allow":["GET"]}}],"collection":[{"href":"https:\/\/www.correiobraziliense.com.br\/cbradar\/wp-json\/wp\/v2\/posts"}],"about":[{"href":"https:\/\/www.correiobraziliense.com.br\/cbradar\/wp-json\/wp\/v2\/types\/post"}],"author":[{"embeddable":true,"href":"https:\/\/www.correiobraziliense.com.br\/cbradar\/wp-json\/wp\/v2\/users\/14"}],"replies":[{"embeddable":true,"href":"https:\/\/www.correiobraziliense.com.br\/cbradar\/wp-json\/wp\/v2\/comments?post=100437"}],"version-history":[{"count":1,"href":"https:\/\/www.correiobraziliense.com.br\/cbradar\/wp-json\/wp\/v2\/posts\/100437\/revisions"}],"predecessor-version":[{"id":100438,"href":"https:\/\/www.correiobraziliense.com.br\/cbradar\/wp-json\/wp\/v2\/posts\/100437\/revisions\/100438"}],"wp:featuredmedia":[{"embeddable":true,"href":"https:\/\/www.correiobraziliense.com.br\/cbradar\/wp-json\/wp\/v2\/media\/83023"}],"wp:attachment":[{"href":"https:\/\/www.correiobraziliense.com.br\/cbradar\/wp-json\/wp\/v2\/media?parent=100437"}],"wp:term":[{"taxonomy":"category","embeddable":true,"href":"https:\/\/www.correiobraziliense.com.br\/cbradar\/wp-json\/wp\/v2\/categories?post=100437"},{"taxonomy":"post_tag","embeddable":true,"href":"https:\/\/www.correiobraziliense.com.br\/cbradar\/wp-json\/wp\/v2\/post_tag?post=100437"}],"curies":[{"name":"wp","href":"https:\/\/api.w.org\/{rel}","templated":true}]}}