{"id":100459,"date":"2025-09-09T09:03:00","date_gmt":"2025-09-09T12:03:00","guid":{"rendered":"https:\/\/www.correiobraziliense.com.br\/cbradar\/?p=100459"},"modified":"2025-09-08T10:06:06","modified_gmt":"2025-09-08T13:06:06","slug":"tres-exercicios-em-casa-que-fortalecem-a-barriga-e-melhoram-a-saude","status":"publish","type":"post","link":"https:\/\/www.correiobraziliense.com.br\/cbradar\/tres-exercicios-em-casa-que-fortalecem-a-barriga-e-melhoram-a-saude\/","title":{"rendered":"Tr\u00eas exerc\u00edcios em casa que fortalecem a barriga e melhoram a sa\u00fade"},"content":{"rendered":"\n<p>A busca por um abd\u00f4men firme \u00e9 um dos objetivos mais comuns no universo do fitness, mas seus benef\u00edcios v\u00e3o muito al\u00e9m da est\u00e9tica. Um &#8220;core&#8221; forte \u00e9 a base para uma boa postura, para a preven\u00e7\u00e3o de dores lombares e para a execu\u00e7\u00e3o segura de praticamente todos os movimentos do dia a dia. \u00c9 crucial e inegoci\u00e1vel afirmar desde o in\u00edcio: <strong>antes de iniciar qualquer nova rotina de exerc\u00edcios, especialmente se voc\u00ea tem hist\u00f3rico de dores nas costas ou outras condi\u00e7\u00f5es m\u00e9dicas, a consulta com um profissional de sa\u00fade \u00e9 indispens\u00e1vel.<\/strong><\/p>\n\n\n\n<p>Este artigo ir\u00e1 apresentar tr\u00eas exerc\u00edcios fundamentais e seguros que podem ser feitos em casa para construir uma base s\u00f3lida de for\u00e7a no core. O foco aqui n\u00e3o \u00e9 a &#8220;barriga tanquinho&#8221;, mas sim a constru\u00e7\u00e3o de um centro de for\u00e7a funcional que sustente sua sa\u00fade a longo prazo.<\/p>\n\n\n\n<h2 class=\"wp-block-heading\">Por que um &#8220;core&#8221; forte \u00e9 mais importante do que um &#8220;abd\u00f4men tanquinho&#8221;?<\/h2>\n\n\n\n<p>\u00c9 fundamental diferenciar a musculatura superficial da profunda. O &#8220;tanquinho&#8221;, ou m\u00fasculo reto abdominal, \u00e9 a camada mais externa e sua principal fun\u00e7\u00e3o \u00e9 a flex\u00e3o do tronco. No entanto, a verdadeira estabilidade da coluna vem dos m\u00fasculos mais profundos, que comp\u00f5em o <strong>core<\/strong>: o transverso do abd\u00f4men (que age como uma cinta natural), os obl\u00edquos, os m\u00fasculos do assoalho p\u00e9lvico e os mult\u00edfidos (pequenos m\u00fasculos que estabilizam as v\u00e9rtebras).<\/p>\n\n\n\n<p><a href=\"https:\/\/www.acefitness.org\/fitness-certifications\/ace-answers\/exam-preparation-blog\/3562\/core-anatomy-muscles-of-the-core\/\" target=\"_blank\" rel=\"noreferrer noopener\">Conforme aponta o<\/a> <strong><a href=\"https:\/\/www.acefitness.org\/fitness-certifications\/ace-answers\/exam-preparation-blog\/3562\/core-anatomy-muscles-of-the-core\/\" target=\"_blank\" rel=\"noreferrer noopener\">American Council on Exercise (ACE)<\/a><\/strong>, um core forte funciona como um &#8220;espartilho&#8221; que protege a coluna de movimentos indesejados e distribui as cargas de forma equilibrada, sendo a principal ferramenta na preven\u00e7\u00e3o de dores lombares. Os exerc\u00edcios mais eficazes s\u00e3o aqueles que treinam essa fun\u00e7\u00e3o de estabiliza\u00e7\u00e3o.<\/p>\n\n\n\n<h2 class=\"wp-block-heading\">Quais s\u00e3o os exerc\u00edcios de base para a estabilidade do core?<\/h2>\n\n\n\n<p>Os exerc\u00edcios a seguir foram selecionados por sua seguran\u00e7a e efic\u00e1cia em ativar a musculatura profunda do core, sem colocar estresse indevido na coluna, ao contr\u00e1rio de muitos abdominais tradicionais.<\/p>\n\n\n\n<h3 class=\"wp-block-heading\">Prancha isom\u00e9trica (plank)<\/h3>\n\n\n<div class=\"wp-block-image\">\n<figure class=\"aligncenter size-large\"><img decoding=\"async\" width=\"1024\" height=\"576\" src=\"https:\/\/www.correiobraziliense.com.br\/cbradar\/wp-content\/uploads\/2025\/04\/exercicio-ao-ar-livre_1744291404310-1024x576.jpg\" alt=\"O melhor exerc\u00edcio para fortalecer o abd\u00f4men em apenas 5 min\" class=\"wp-image-21768\" srcset=\"https:\/\/www.correiobraziliense.com.br\/cbradar\/wp-content\/uploads\/2025\/04\/exercicio-ao-ar-livre_1744291404310-1024x576.jpg 1024w, https:\/\/www.correiobraziliense.com.br\/cbradar\/wp-content\/uploads\/2025\/04\/exercicio-ao-ar-livre_1744291404310-300x169.jpg 300w, https:\/\/www.correiobraziliense.com.br\/cbradar\/wp-content\/uploads\/2025\/04\/exercicio-ao-ar-livre_1744291404310-768x432.jpg 768w, https:\/\/www.correiobraziliense.com.br\/cbradar\/wp-content\/uploads\/2025\/04\/exercicio-ao-ar-livre_1744291404310-750x422.jpg 750w, https:\/\/www.correiobraziliense.com.br\/cbradar\/wp-content\/uploads\/2025\/04\/exercicio-ao-ar-livre_1744291404310-1140x641.jpg 1140w, https:\/\/www.correiobraziliense.com.br\/cbradar\/wp-content\/uploads\/2025\/04\/exercicio-ao-ar-livre_1744291404310.jpg 1280w\" sizes=\"(max-width: 1024px) 100vw, 1024px\" \/><figcaption class=\"wp-element-caption\">Exerc\u00edcio &#8211; Cr\u00e9ditos: depositphotos.com \/ Nomadsoul1<\/figcaption><\/figure><\/div>\n\n\n<p>Considerado o padr\u00e3o-ouro para a estabilidade. Deite-se de bru\u00e7os e eleve o corpo, apoiando-se nos antebra\u00e7os e na ponta dos p\u00e9s. O corpo deve formar uma linha perfeitamente reta da cabe\u00e7a aos calcanhares. O segredo \u00e9 contrair ativamente o abd\u00f4men e os gl\u00fateos para evitar que o quadril caia ou se eleve. O objetivo \u00e9 resistir ao movimento, mantendo a estabilidade.<\/p>\n\n\n\n<p>Leia tamb\u00e9m: <a href=\"https:\/\/www.correiobraziliense.com.br\/cbradar\/o-alimento-secreto-que-traz-muitos-beneficios-para-o-emagrecimento\" target=\"_blank\" rel=\"noreferrer noopener\">O alimento secreto que traz muitos benef\u00edcios para o emagrecimento<\/a><\/p>\n\n\n\n<h3 class=\"wp-block-heading\">Ponte de gl\u00fateos (glute bridge)<\/h3>\n\n\n<div class=\"wp-block-image\">\n<figure class=\"aligncenter size-large\"><img decoding=\"async\" width=\"1024\" height=\"576\" src=\"https:\/\/www.correiobraziliense.com.br\/cbradar\/wp-content\/uploads\/2025\/08\/exercicio-perna_1754320664334-1024x576.jpg\" alt=\"Exerc\u00edcios para ativar a circula\u00e7\u00e3o das pernas em menos de 5 minutos\" class=\"wp-image-80749\" srcset=\"https:\/\/www.correiobraziliense.com.br\/cbradar\/wp-content\/uploads\/2025\/08\/exercicio-perna_1754320664334-1024x576.jpg 1024w, https:\/\/www.correiobraziliense.com.br\/cbradar\/wp-content\/uploads\/2025\/08\/exercicio-perna_1754320664334-300x169.jpg 300w, https:\/\/www.correiobraziliense.com.br\/cbradar\/wp-content\/uploads\/2025\/08\/exercicio-perna_1754320664334-768x432.jpg 768w, https:\/\/www.correiobraziliense.com.br\/cbradar\/wp-content\/uploads\/2025\/08\/exercicio-perna_1754320664334-750x422.jpg 750w, https:\/\/www.correiobraziliense.com.br\/cbradar\/wp-content\/uploads\/2025\/08\/exercicio-perna_1754320664334-1140x641.jpg 1140w, https:\/\/www.correiobraziliense.com.br\/cbradar\/wp-content\/uploads\/2025\/08\/exercicio-perna_1754320664334.jpg 1280w\" sizes=\"(max-width: 1024px) 100vw, 1024px\" \/><figcaption class=\"wp-element-caption\">Mulher fazendo exerc\u00edcios &#8211; Cr\u00e9ditos: depositphotos.com \/ undrey<\/figcaption><\/figure><\/div>\n\n\n<p>Deitado de costas com os joelhos dobrados e os p\u00e9s no ch\u00e3o, contraia os gl\u00fateos para elevar o quadril. Este exerc\u00edcio \u00e9 crucial porque fortalece a cadeia posterior (gl\u00fateos e m\u00fasculos lombares), que trabalha em sinergia com o abd\u00f4men para estabilizar a pelve e proteger a lombar.<\/p>\n\n\n\n<h3 class=\"wp-block-heading\">Perdigueiro (bird-dog)<\/h3>\n\n\n<div class=\"wp-block-image\">\n<figure class=\"aligncenter size-large\"><img decoding=\"async\" width=\"1024\" height=\"576\" src=\"https:\/\/www.correiobraziliense.com.br\/cbradar\/wp-content\/uploads\/2025\/08\/bird-dog-exercise_1756114675867-1024x576.jpg\" alt=\"Exerc\u00edcio simples para fortalecer o core e prevenir dores lombares\" class=\"wp-image-92827\" srcset=\"https:\/\/www.correiobraziliense.com.br\/cbradar\/wp-content\/uploads\/2025\/08\/bird-dog-exercise_1756114675867-1024x576.jpg 1024w, https:\/\/www.correiobraziliense.com.br\/cbradar\/wp-content\/uploads\/2025\/08\/bird-dog-exercise_1756114675867-300x169.jpg 300w, https:\/\/www.correiobraziliense.com.br\/cbradar\/wp-content\/uploads\/2025\/08\/bird-dog-exercise_1756114675867-768x432.jpg 768w, https:\/\/www.correiobraziliense.com.br\/cbradar\/wp-content\/uploads\/2025\/08\/bird-dog-exercise_1756114675867-750x422.jpg 750w, https:\/\/www.correiobraziliense.com.br\/cbradar\/wp-content\/uploads\/2025\/08\/bird-dog-exercise_1756114675867-1140x641.jpg 1140w, https:\/\/www.correiobraziliense.com.br\/cbradar\/wp-content\/uploads\/2025\/08\/bird-dog-exercise_1756114675867.jpg 1280w\" sizes=\"(max-width: 1024px) 100vw, 1024px\" \/><figcaption class=\"wp-element-caption\">Exercicio perdigueiro &#8211; Cr\u00e9ditos: depositphotos.com \/ kjekol<\/figcaption><\/figure><\/div>\n\n\n<p>Na posi\u00e7\u00e3o de quatro apoios, com as m\u00e3os sob os ombros e os joelhos sob os quadris, ative o core. Eleve lentamente o bra\u00e7o direito \u00e0 frente e a perna esquerda para tr\u00e1s, simultaneamente, mantendo o tronco e o quadril completamente im\u00f3veis. Este movimento \u00e9 excelente para treinar a estabilidade da coluna enquanto os membros se movem.<\/p>\n\n\n\n<h2 class=\"wp-block-heading\">Como a respira\u00e7\u00e3o correta pode potencializar esses exerc\u00edcios?<\/h2>\n\n\n\n<p>A respira\u00e7\u00e3o \u00e9 uma parte ativa do treinamento do core. Ao realizar os exerc\u00edcios, a t\u00e9cnica correta \u00e9 <strong>expirar durante a fase de maior esfor\u00e7o<\/strong>. Por exemplo, na ponte de gl\u00fateos, voc\u00ea deve expirar ao elevar o quadril.<\/p>\n\n\n\n<p>Essa expira\u00e7\u00e3o for\u00e7ada ajuda a ativar o <strong>transverso do abd\u00f4men<\/strong>, o m\u00fasculo mais profundo que funciona como nossa cinta natural. Coordenar a respira\u00e7\u00e3o com o movimento n\u00e3o s\u00f3 torna o exerc\u00edcio mais seguro, como tamb\u00e9m potencializa a ativa\u00e7\u00e3o dos m\u00fasculos que realmente importam para a estabilidade da coluna.<\/p>\n\n\n\n<h2 class=\"wp-block-heading\">Estes exerc\u00edcios sozinhos podem &#8220;definir&#8221; a barriga?<\/h2>\n\n\n\n<p>N\u00e3o. \u00c9 fundamental alinhar as expectativas. A &#8220;defini\u00e7\u00e3o&#8221; do abd\u00f4men, ou a apar\u00eancia de &#8220;tanquinho&#8221;, depende primariamente de um <strong>baixo percentual de gordura corporal<\/strong>. Nenhuma quantidade de exerc\u00edcios abdominais ser\u00e1 capaz de mostrar os m\u00fasculos se eles estiverem cobertos por uma camada de gordura.<\/p>\n\n\n\n<p>Os exerc\u00edcios fortalecem e tonificam a musculatura, o que \u00e9 essencial para a sa\u00fade e para uma apar\u00eancia mais firme. No entanto, a visibilidade dessa musculatura \u00e9 alcan\u00e7ada principalmente atrav\u00e9s de uma dieta equilibrada que promova um d\u00e9ficit cal\u00f3rico.<\/p>\n\n\n\n<p>Leia tamb\u00e9m: <a href=\"https:\/\/www.correiobraziliense.com.br\/cbradar\/exercicios-que-podem-ser-feitos-em-casa-para-fortalecer-os-biceps\" target=\"_blank\" rel=\"noreferrer noopener\">Exerc\u00edcios que podem ser feitos em casa para fortalecer os b\u00edceps<\/a><\/p>\n\n\n\n<h2 class=\"wp-block-heading\">Qual o papel da orienta\u00e7\u00e3o profissional na preven\u00e7\u00e3o de les\u00f5es?<\/h2>\n\n\n\n<p>Mesmo os exerc\u00edcios mais simples podem levar a les\u00f5es se executados com a forma incorreta. Por exemplo, uma prancha com o quadril desalinhado pode sobrecarregar a lombar. Por isso, a orienta\u00e7\u00e3o profissional n\u00e3o \u00e9 um luxo, mas uma necessidade.<\/p>\n\n\n\n<p>Um <strong>m\u00e9dico ortopedista<\/strong> deve ser consultado na presen\u00e7a de qualquer dor. Com a libera\u00e7\u00e3o m\u00e9dica, um <strong>fisioterapeuta<\/strong> ou um <strong>profissional de educa\u00e7\u00e3o f\u00edsica<\/strong> \u00e9 o especialista qualificado para ensinar a forma correta de cada movimento, corrigir seus padr\u00f5es e criar um programa de treino que seja progressivo, equilibrado e, acima de tudo, seguro para voc\u00ea.<\/p>\n","protected":false},"excerpt":{"rendered":"<p>A busca por um abd\u00f4men firme \u00e9 um dos objetivos mais comuns no universo do fitness, mas seus benef\u00edcios v\u00e3o muito al\u00e9m da est\u00e9tica. Um &#8220;core&#8221; forte \u00e9 a base para uma boa postura, para a preven\u00e7\u00e3o de dores lombares e para a execu\u00e7\u00e3o segura de praticamente todos os movimentos do dia a dia. \u00c9 [&hellip;]<\/p>\n","protected":false},"author":11,"featured_media":11122,"comment_status":"open","ping_status":"open","sticky":false,"template":"","format":"standard","meta":{"jnews-multi-image_gallery":[],"jnews_single_post":{"format":"standard"},"jnews_primary_category":[],"jnews_social_meta":[],"jnews_override_counter":[],"footnotes":""},"categories":[119],"post_tag":[1317,1318],"class_list":["post-100459","post","type-post","status-publish","format-standard","has-post-thumbnail","hentry","category-bem-estar","tag-exercicios","tag-saude-2"],"yoast_head":"<!-- This site is optimized with the Yoast SEO plugin v24.6 - https:\/\/yoast.com\/wordpress\/plugins\/seo\/ -->\n<title>Tr\u00eas exerc\u00edcios em casa que fortalecem a barriga e melhoram a sa\u00fade - Correio Braziliense - Radar<\/title>\n<meta name=\"description\" content=\"Tr\u00eas exerc\u00edcios simples feitos em casa revelam efeitos surpreendentes para fortalecer a barriga e melhorar a sa\u00fade.\" \/>\n<meta name=\"robots\" content=\"index, follow, max-snippet:-1, max-image-preview:large, max-video-preview:-1\" \/>\n<link rel=\"canonical\" href=\"https:\/\/www.correiobraziliense.com.br\/cbradar\/tres-exercicios-em-casa-que-fortalecem-a-barriga-e-melhoram-a-saude\/\" \/>\n<meta property=\"og:locale\" content=\"pt_BR\" \/>\n<meta property=\"og:type\" content=\"article\" \/>\n<meta property=\"og:title\" content=\"Tr\u00eas exerc\u00edcios em casa que fortalecem a barriga e melhoram a sa\u00fade - Correio Braziliense - Radar\" \/>\n<meta property=\"og:description\" content=\"Tr\u00eas exerc\u00edcios simples feitos em casa revelam efeitos surpreendentes para fortalecer a barriga e melhorar a sa\u00fade.\" \/>\n<meta property=\"og:url\" content=\"https:\/\/www.correiobraziliense.com.br\/cbradar\/tres-exercicios-em-casa-que-fortalecem-a-barriga-e-melhoram-a-saude\/\" \/>\n<meta property=\"og:site_name\" content=\"Correio Braziliense - Radar\" \/>\n<meta property=\"article:published_time\" content=\"2025-09-09T12:03:00+00:00\" \/>\n<meta property=\"og:image\" content=\"https:\/\/www.correiobraziliense.com.br\/cbradar\/wp-content\/uploads\/2025\/03\/exercicio_1741614949170.jpg\" \/>\n\t<meta property=\"og:image:width\" content=\"1280\" \/>\n\t<meta property=\"og:image:height\" content=\"720\" \/>\n\t<meta property=\"og:image:type\" content=\"image\/jpeg\" \/>\n<meta name=\"author\" content=\"Paulo Custodio\" \/>\n<meta name=\"twitter:card\" content=\"summary_large_image\" \/>\n<meta name=\"twitter:label1\" content=\"Escrito por\" \/>\n\t<meta name=\"twitter:data1\" content=\"Paulo Custodio\" \/>\n\t<meta name=\"twitter:label2\" content=\"Est. tempo de leitura\" \/>\n\t<meta name=\"twitter:data2\" content=\"6 minutos\" \/>\n<!-- \/ Yoast SEO plugin. -->","yoast_head_json":{"title":"Tr\u00eas exerc\u00edcios em casa que fortalecem a barriga e melhoram a sa\u00fade - Correio Braziliense - Radar","description":"Tr\u00eas exerc\u00edcios simples feitos em casa revelam efeitos surpreendentes para fortalecer a barriga e melhorar a sa\u00fade.","robots":{"index":"index","follow":"follow","max-snippet":"max-snippet:-1","max-image-preview":"max-image-preview:large","max-video-preview":"max-video-preview:-1"},"canonical":"https:\/\/www.correiobraziliense.com.br\/cbradar\/tres-exercicios-em-casa-que-fortalecem-a-barriga-e-melhoram-a-saude\/","og_locale":"pt_BR","og_type":"article","og_title":"Tr\u00eas exerc\u00edcios em casa que fortalecem a barriga e melhoram a sa\u00fade - Correio Braziliense - Radar","og_description":"Tr\u00eas exerc\u00edcios simples feitos em casa revelam efeitos surpreendentes para fortalecer a barriga e melhorar a sa\u00fade.","og_url":"https:\/\/www.correiobraziliense.com.br\/cbradar\/tres-exercicios-em-casa-que-fortalecem-a-barriga-e-melhoram-a-saude\/","og_site_name":"Correio Braziliense - Radar","article_published_time":"2025-09-09T12:03:00+00:00","og_image":[{"width":1280,"height":720,"url":"https:\/\/www.correiobraziliense.com.br\/cbradar\/wp-content\/uploads\/2025\/03\/exercicio_1741614949170.jpg","type":"image\/jpeg"}],"author":"Paulo Custodio","twitter_card":"summary_large_image","twitter_misc":{"Escrito por":"Paulo Custodio","Est. tempo de leitura":"6 minutos"},"schema":{"@context":"https:\/\/schema.org","@graph":[{"@type":"WebPage","@id":"https:\/\/www.correiobraziliense.com.br\/cbradar\/tres-exercicios-em-casa-que-fortalecem-a-barriga-e-melhoram-a-saude\/","url":"https:\/\/www.correiobraziliense.com.br\/cbradar\/tres-exercicios-em-casa-que-fortalecem-a-barriga-e-melhoram-a-saude\/","name":"Tr\u00eas exerc\u00edcios em casa que fortalecem a barriga e melhoram a sa\u00fade - Correio Braziliense - Radar","isPartOf":{"@id":"https:\/\/www.correiobraziliense.com.br\/cbradar\/#website"},"primaryImageOfPage":{"@id":"https:\/\/www.correiobraziliense.com.br\/cbradar\/tres-exercicios-em-casa-que-fortalecem-a-barriga-e-melhoram-a-saude\/#primaryimage"},"image":{"@id":"https:\/\/www.correiobraziliense.com.br\/cbradar\/tres-exercicios-em-casa-que-fortalecem-a-barriga-e-melhoram-a-saude\/#primaryimage"},"thumbnailUrl":"https:\/\/www.correiobraziliense.com.br\/cbradar\/wp-content\/uploads\/2025\/03\/exercicio_1741614949170.jpg","datePublished":"2025-09-09T12:03:00+00:00","author":{"@id":"https:\/\/www.correiobraziliense.com.br\/cbradar\/#\/schema\/person\/4cec7857301a9a1a2ef249893cd908d3"},"description":"Tr\u00eas exerc\u00edcios simples feitos em casa revelam efeitos surpreendentes para fortalecer a barriga e melhorar a sa\u00fade.","breadcrumb":{"@id":"https:\/\/www.correiobraziliense.com.br\/cbradar\/tres-exercicios-em-casa-que-fortalecem-a-barriga-e-melhoram-a-saude\/#breadcrumb"},"inLanguage":"pt-BR","potentialAction":[{"@type":"ReadAction","target":["https:\/\/www.correiobraziliense.com.br\/cbradar\/tres-exercicios-em-casa-que-fortalecem-a-barriga-e-melhoram-a-saude\/"]}]},{"@type":"ImageObject","inLanguage":"pt-BR","@id":"https:\/\/www.correiobraziliense.com.br\/cbradar\/tres-exercicios-em-casa-que-fortalecem-a-barriga-e-melhoram-a-saude\/#primaryimage","url":"https:\/\/www.correiobraziliense.com.br\/cbradar\/wp-content\/uploads\/2025\/03\/exercicio_1741614949170.jpg","contentUrl":"https:\/\/www.correiobraziliense.com.br\/cbradar\/wp-content\/uploads\/2025\/03\/exercicio_1741614949170.jpg","width":1280,"height":720,"caption":"Exerc\u00edcio - Cr\u00e9ditos: depositphotos.com \/ undrey"},{"@type":"BreadcrumbList","@id":"https:\/\/www.correiobraziliense.com.br\/cbradar\/tres-exercicios-em-casa-que-fortalecem-a-barriga-e-melhoram-a-saude\/#breadcrumb","itemListElement":[{"@type":"ListItem","position":1,"name":"In\u00edcio","item":"https:\/\/www.correiobraziliense.com.br\/cbradar\/"},{"@type":"ListItem","position":2,"name":"Tr\u00eas exerc\u00edcios em casa que fortalecem a barriga e melhoram a sa\u00fade"}]},{"@type":"WebSite","@id":"https:\/\/www.correiobraziliense.com.br\/cbradar\/#website","url":"https:\/\/www.correiobraziliense.com.br\/cbradar\/","name":"Correio Braziliense - Radar","description":"Acompanhe as \u00faltimas not\u00edcias e fique bem informado sobre tudo o que acontece no Brasil e no mundo.","potentialAction":[{"@type":"SearchAction","target":{"@type":"EntryPoint","urlTemplate":"https:\/\/www.correiobraziliense.com.br\/cbradar\/?s={search_term_string}"},"query-input":{"@type":"PropertyValueSpecification","valueRequired":true,"valueName":"search_term_string"}}],"inLanguage":"pt-BR"},{"@type":"Person","@id":"https:\/\/www.correiobraziliense.com.br\/cbradar\/#\/schema\/person\/4cec7857301a9a1a2ef249893cd908d3","name":"Paulo Custodio","image":{"@type":"ImageObject","inLanguage":"pt-BR","@id":"https:\/\/www.correiobraziliense.com.br\/cbradar\/#\/schema\/person\/image\/","url":"https:\/\/secure.gravatar.com\/avatar\/bcd67168d1534e8fcf4f45c726a87cea?s=96&d=mm&r=g","contentUrl":"https:\/\/secure.gravatar.com\/avatar\/bcd67168d1534e8fcf4f45c726a87cea?s=96&d=mm&r=g","caption":"Paulo Custodio"},"sameAs":["https:\/\/www.correiobraziliense.com.br\/cbradar"],"url":"https:\/\/www.correiobraziliense.com.br\/cbradar\/author\/paulomyth\/"}]}},"_links":{"self":[{"href":"https:\/\/www.correiobraziliense.com.br\/cbradar\/wp-json\/wp\/v2\/posts\/100459","targetHints":{"allow":["GET"]}}],"collection":[{"href":"https:\/\/www.correiobraziliense.com.br\/cbradar\/wp-json\/wp\/v2\/posts"}],"about":[{"href":"https:\/\/www.correiobraziliense.com.br\/cbradar\/wp-json\/wp\/v2\/types\/post"}],"author":[{"embeddable":true,"href":"https:\/\/www.correiobraziliense.com.br\/cbradar\/wp-json\/wp\/v2\/users\/11"}],"replies":[{"embeddable":true,"href":"https:\/\/www.correiobraziliense.com.br\/cbradar\/wp-json\/wp\/v2\/comments?post=100459"}],"version-history":[{"count":1,"href":"https:\/\/www.correiobraziliense.com.br\/cbradar\/wp-json\/wp\/v2\/posts\/100459\/revisions"}],"predecessor-version":[{"id":100460,"href":"https:\/\/www.correiobraziliense.com.br\/cbradar\/wp-json\/wp\/v2\/posts\/100459\/revisions\/100460"}],"wp:featuredmedia":[{"embeddable":true,"href":"https:\/\/www.correiobraziliense.com.br\/cbradar\/wp-json\/wp\/v2\/media\/11122"}],"wp:attachment":[{"href":"https:\/\/www.correiobraziliense.com.br\/cbradar\/wp-json\/wp\/v2\/media?parent=100459"}],"wp:term":[{"taxonomy":"category","embeddable":true,"href":"https:\/\/www.correiobraziliense.com.br\/cbradar\/wp-json\/wp\/v2\/categories?post=100459"},{"taxonomy":"post_tag","embeddable":true,"href":"https:\/\/www.correiobraziliense.com.br\/cbradar\/wp-json\/wp\/v2\/post_tag?post=100459"}],"curies":[{"name":"wp","href":"https:\/\/api.w.org\/{rel}","templated":true}]}}