{"id":100479,"date":"2025-09-09T11:13:00","date_gmt":"2025-09-09T14:13:00","guid":{"rendered":"https:\/\/www.correiobraziliense.com.br\/cbradar\/?p=100479"},"modified":"2025-09-08T10:30:04","modified_gmt":"2025-09-08T13:30:04","slug":"os-sinais-que-revelam-inteligencia-acima-da-media-segundo-a-psicologia","status":"publish","type":"post","link":"https:\/\/www.correiobraziliense.com.br\/cbradar\/os-sinais-que-revelam-inteligencia-acima-da-media-segundo-a-psicologia\/","title":{"rendered":"Os sinais que revelam intelig\u00eancia acima da m\u00e9dia segundo a psicologia"},"content":{"rendered":"\n<p>Compreender <strong>sinais de intelig\u00eancia elevado<\/strong> pode ser um desafio, mas existem crit\u00e9rios claros que os <strong>psic\u00f3logos<\/strong> utilizam para identificar esses aspectos. Neste artigo, vamos explorar como voc\u00ea pode reconhecer essa caracter\u00edstica fascinante em pessoas ao seu redor.<\/p>\n\n\n\n<ul class=\"wp-block-list\">\n<li>Caracter\u00edsticas comportamentais comuns<\/li>\n\n\n\n<li>Diferen\u00e7as no processamento cognitivo<\/li>\n\n\n\n<li>Influ\u00eancia do ambiente e educa\u00e7\u00e3o<\/li>\n<\/ul>\n\n\n\n<h2 class=\"wp-block-heading\">Quais s\u00e3o os comportamentos de pessoas excepcionalmente inteligentes?<\/h2>\n\n\n\n<p>Pessoas com <strong>intelig\u00eancia acima da m\u00e9dia<\/strong> geralmente apresentam uma <strong>capacidade de resolu\u00e7\u00e3o de problemas<\/strong> r\u00e1pida e eficiente. Elas tamb\u00e9m tendem a ser <strong>curiosas<\/strong>, buscando continuamente novos conhecimentos.<\/p>\n\n\n\n<p>A <strong>senso de humor agu\u00e7ado<\/strong> muitas vezes \u00e9 um tra\u00e7o associado. Isso ocorre porque um humor refinado pode demonstrar a capacidade de perceber e interpretar sutilezas no ambiente.<\/p>\n\n\n\n<h2 class=\"wp-block-heading\">Como a cogni\u00e7\u00e3o superior se manifesta no dia a dia?<\/h2>\n\n\n\n<p>Indiv\u00edduos altamente inteligentes frequentemente processam informa\u00e7\u00f5es de forma mais profunda. Eles podem fazer conex\u00f5es entre conceitos aparentemente n\u00e3o relacionados.<\/p>\n\n\n\n<p>Por exemplo, ao ler um artigo cient\u00edfico, eles n\u00e3o apenas compreendem os dados, mas tamb\u00e9m questionam suas implica\u00e7\u00f5es mais amplas.<\/p>\n\n\n\n<figure class=\"wp-block-image size-large\"><img decoding=\"async\" width=\"1024\" height=\"576\" src=\"https:\/\/www.correiobraziliense.com.br\/cbradar\/wp-content\/uploads\/2025\/09\/pessoa-inteligente_1757338188684-1024x576.jpg\" alt=\"Os sinais que revelam intelig\u00eancia acima da m\u00e9dia segundo a psicologia\" class=\"wp-image-100486\" srcset=\"https:\/\/www.correiobraziliense.com.br\/cbradar\/wp-content\/uploads\/2025\/09\/pessoa-inteligente_1757338188684-1024x576.jpg 1024w, https:\/\/www.correiobraziliense.com.br\/cbradar\/wp-content\/uploads\/2025\/09\/pessoa-inteligente_1757338188684-300x169.jpg 300w, https:\/\/www.correiobraziliense.com.br\/cbradar\/wp-content\/uploads\/2025\/09\/pessoa-inteligente_1757338188684-768x432.jpg 768w, https:\/\/www.correiobraziliense.com.br\/cbradar\/wp-content\/uploads\/2025\/09\/pessoa-inteligente_1757338188684-750x422.jpg 750w, https:\/\/www.correiobraziliense.com.br\/cbradar\/wp-content\/uploads\/2025\/09\/pessoa-inteligente_1757338188684-1140x641.jpg 1140w, https:\/\/www.correiobraziliense.com.br\/cbradar\/wp-content\/uploads\/2025\/09\/pessoa-inteligente_1757338188684.jpg 1280w\" sizes=\"(max-width: 1024px) 100vw, 1024px\" \/><figcaption class=\"wp-element-caption\">pessoa inteligente. Cr\u00e9ditos: depositphotos.com \/ ArturVerkhovetskiy<\/figcaption><\/figure>\n\n\n\n<h2 class=\"wp-block-heading\">Sendo a educa\u00e7\u00e3o um fator determinante na intelig\u00eancia elevada?<\/h2>\n\n\n\n<p>A <strong>educa\u00e7\u00e3o de qualidade<\/strong> desempenha um papel crucial. No entanto, o ambiente em casa e a motiva\u00e7\u00e3o intr\u00ednseca tamb\u00e9m s\u00e3o essenciais.<\/p>\n\n\n\n<p>Pais engajados e recursos educacionais adequados podem impulsionar o desenvolvimento dessas habilidades.<\/p>\n\n\n\n<h2 class=\"wp-block-heading\">Por que \u00e9 importante reconhecer esses sinais?<\/h2>\n\n\n\n<p>Identificar pessoas com <strong>intelig\u00eancia elevada<\/strong> pode ser ben\u00e9fico para orient\u00e1-las em carreiras que maximizem seu potencial. Isso tamb\u00e9m ajuda a adaptar m\u00e9todos de ensino, tornando a aprendizagem mais eficiente.<\/p>\n\n\n\n<p><strong>Dica r\u00e1pida<\/strong>: Oferecer est\u00edmulos adequados pode enriquecer ainda mais a viv\u00eancia desses indiv\u00edduos.<\/p>\n\n\n\n<p>Leia tamb\u00e9m: <em><a href=\"https:\/\/www.correiobraziliense.com.br\/cbradar\/o-que-a-psicologia-diz-sobre-quem-evita-contato-visual-ao-conversar\/\" target=\"_blank\" rel=\"noreferrer noopener\">O que a psicologia diz sobre quem evita contato visual ao conversar<\/a><\/em><\/p>\n\n\n\n<h2 class=\"wp-block-heading\">Principais reflex\u00f5es sobre intelig\u00eancia extraordin\u00e1ria<\/h2>\n\n\n\n<ul class=\"wp-block-list\">\n<li>Comportamentos distintos podem indicar intelig\u00eancia al\u00e9m do comum.<\/li>\n\n\n\n<li>A educa\u00e7\u00e3o e o ambiente s\u00e3o fatores complementares no desenvolvimento intelectual.<\/li>\n\n\n\n<li>Reconhecer e nutrir essa intelig\u00eancia pode beneficiar tanto o indiv\u00edduo quanto a comunidade.<\/li>\n<\/ul>\n","protected":false},"excerpt":{"rendered":"<p>Entenda os sinais de intelig\u00eancia acima da m\u00e9dia e como identific\u00e1-los. Descubra fatores que a influenciam e por que isso \u00e9 importante.<\/p>\n","protected":false},"author":3,"featured_media":100482,"comment_status":"open","ping_status":"open","sticky":false,"template":"","format":"standard","meta":{"_yoast_wpseo_focuskw":"sinais intelig\u00eancia acima m\u00e9dia","_yoast_wpseo_title":"%%title%%","_yoast_wpseo_metadesc":"Entenda os sinais de intelig\u00eancia acima da m\u00e9dia e como identific\u00e1-los. Descubra fatores que a influenciam e por que isso \u00e9 importante.","jnews-multi-image_gallery":[],"jnews_single_post":{"format":"standard"},"jnews_primary_category":[],"jnews_social_meta":[],"jnews_override_counter":[],"footnotes":""},"categories":[112],"post_tag":[144,404],"class_list":["post-100479","post","type-post","status-publish","format-standard","has-post-thumbnail","hentry","category-curiosidades","tag-curiosidades","tag-psicologia"],"yoast_head":"<!-- This site is optimized with the Yoast SEO plugin v24.6 - https:\/\/yoast.com\/wordpress\/plugins\/seo\/ -->\n<title>Os sinais que revelam intelig\u00eancia acima da m\u00e9dia segundo a psicologia<\/title>\n<meta name=\"description\" content=\"Entenda os sinais de intelig\u00eancia acima da m\u00e9dia e como identific\u00e1-los. Descubra fatores que a influenciam e por que isso \u00e9 importante.\" \/>\n<meta name=\"robots\" content=\"index, follow, max-snippet:-1, max-image-preview:large, max-video-preview:-1\" \/>\n<link rel=\"canonical\" href=\"https:\/\/www.correiobraziliense.com.br\/cbradar\/os-sinais-que-revelam-inteligencia-acima-da-media-segundo-a-psicologia\/\" \/>\n<meta property=\"og:locale\" content=\"pt_BR\" \/>\n<meta property=\"og:type\" content=\"article\" \/>\n<meta property=\"og:title\" content=\"Os sinais que revelam intelig\u00eancia acima da m\u00e9dia segundo a psicologia\" \/>\n<meta property=\"og:description\" content=\"Entenda os sinais de intelig\u00eancia acima da m\u00e9dia e como identific\u00e1-los. Descubra fatores que a influenciam e por que isso \u00e9 importante.\" \/>\n<meta property=\"og:url\" content=\"https:\/\/www.correiobraziliense.com.br\/cbradar\/os-sinais-que-revelam-inteligencia-acima-da-media-segundo-a-psicologia\/\" \/>\n<meta property=\"og:site_name\" content=\"Correio Braziliense - Radar\" \/>\n<meta property=\"article:published_time\" content=\"2025-09-09T14:13:00+00:00\" \/>\n<meta property=\"og:image\" content=\"https:\/\/www.correiobraziliense.com.br\/cbradar\/wp-content\/uploads\/2025\/09\/pessoa-inteligente_1757338086006.jpg\" \/>\n\t<meta property=\"og:image:width\" content=\"1280\" \/>\n\t<meta property=\"og:image:height\" content=\"720\" \/>\n\t<meta property=\"og:image:type\" content=\"image\/jpeg\" \/>\n<meta name=\"author\" content=\"Larissa Carvalho\" \/>\n<meta name=\"twitter:card\" content=\"summary_large_image\" \/>\n<meta name=\"twitter:label1\" content=\"Escrito por\" \/>\n\t<meta name=\"twitter:data1\" content=\"Larissa Carvalho\" \/>\n\t<meta name=\"twitter:label2\" content=\"Est. tempo de leitura\" \/>\n\t<meta name=\"twitter:data2\" content=\"3 minutos\" \/>\n<!-- \/ Yoast SEO plugin. -->","yoast_head_json":{"title":"Os sinais que revelam intelig\u00eancia acima da m\u00e9dia segundo a psicologia","description":"Entenda os sinais de intelig\u00eancia acima da m\u00e9dia e como identific\u00e1-los. Descubra fatores que a influenciam e por que isso \u00e9 importante.","robots":{"index":"index","follow":"follow","max-snippet":"max-snippet:-1","max-image-preview":"max-image-preview:large","max-video-preview":"max-video-preview:-1"},"canonical":"https:\/\/www.correiobraziliense.com.br\/cbradar\/os-sinais-que-revelam-inteligencia-acima-da-media-segundo-a-psicologia\/","og_locale":"pt_BR","og_type":"article","og_title":"Os sinais que revelam intelig\u00eancia acima da m\u00e9dia segundo a psicologia","og_description":"Entenda os sinais de intelig\u00eancia acima da m\u00e9dia e como identific\u00e1-los. Descubra fatores que a influenciam e por que isso \u00e9 importante.","og_url":"https:\/\/www.correiobraziliense.com.br\/cbradar\/os-sinais-que-revelam-inteligencia-acima-da-media-segundo-a-psicologia\/","og_site_name":"Correio Braziliense - Radar","article_published_time":"2025-09-09T14:13:00+00:00","og_image":[{"width":1280,"height":720,"url":"https:\/\/www.correiobraziliense.com.br\/cbradar\/wp-content\/uploads\/2025\/09\/pessoa-inteligente_1757338086006.jpg","type":"image\/jpeg"}],"author":"Larissa Carvalho","twitter_card":"summary_large_image","twitter_misc":{"Escrito por":"Larissa Carvalho","Est. tempo de leitura":"3 minutos"},"schema":{"@context":"https:\/\/schema.org","@graph":[{"@type":"WebPage","@id":"https:\/\/www.correiobraziliense.com.br\/cbradar\/os-sinais-que-revelam-inteligencia-acima-da-media-segundo-a-psicologia\/","url":"https:\/\/www.correiobraziliense.com.br\/cbradar\/os-sinais-que-revelam-inteligencia-acima-da-media-segundo-a-psicologia\/","name":"Os sinais que revelam intelig\u00eancia acima da m\u00e9dia segundo a psicologia","isPartOf":{"@id":"https:\/\/www.correiobraziliense.com.br\/cbradar\/#website"},"primaryImageOfPage":{"@id":"https:\/\/www.correiobraziliense.com.br\/cbradar\/os-sinais-que-revelam-inteligencia-acima-da-media-segundo-a-psicologia\/#primaryimage"},"image":{"@id":"https:\/\/www.correiobraziliense.com.br\/cbradar\/os-sinais-que-revelam-inteligencia-acima-da-media-segundo-a-psicologia\/#primaryimage"},"thumbnailUrl":"https:\/\/www.correiobraziliense.com.br\/cbradar\/wp-content\/uploads\/2025\/09\/pessoa-inteligente_1757338086006.jpg","datePublished":"2025-09-09T14:13:00+00:00","author":{"@id":"https:\/\/www.correiobraziliense.com.br\/cbradar\/#\/schema\/person\/58422787644df994b53a19d3e56c1513"},"description":"Entenda os sinais de intelig\u00eancia acima da m\u00e9dia e como identific\u00e1-los. Descubra fatores que a influenciam e por que isso \u00e9 importante.","breadcrumb":{"@id":"https:\/\/www.correiobraziliense.com.br\/cbradar\/os-sinais-que-revelam-inteligencia-acima-da-media-segundo-a-psicologia\/#breadcrumb"},"inLanguage":"pt-BR","potentialAction":[{"@type":"ReadAction","target":["https:\/\/www.correiobraziliense.com.br\/cbradar\/os-sinais-que-revelam-inteligencia-acima-da-media-segundo-a-psicologia\/"]}]},{"@type":"ImageObject","inLanguage":"pt-BR","@id":"https:\/\/www.correiobraziliense.com.br\/cbradar\/os-sinais-que-revelam-inteligencia-acima-da-media-segundo-a-psicologia\/#primaryimage","url":"https:\/\/www.correiobraziliense.com.br\/cbradar\/wp-content\/uploads\/2025\/09\/pessoa-inteligente_1757338086006.jpg","contentUrl":"https:\/\/www.correiobraziliense.com.br\/cbradar\/wp-content\/uploads\/2025\/09\/pessoa-inteligente_1757338086006.jpg","width":1280,"height":720,"caption":"pessoa inteligente. Cr\u00e9ditos: depositphotos.com \/ Milkos"},{"@type":"BreadcrumbList","@id":"https:\/\/www.correiobraziliense.com.br\/cbradar\/os-sinais-que-revelam-inteligencia-acima-da-media-segundo-a-psicologia\/#breadcrumb","itemListElement":[{"@type":"ListItem","position":1,"name":"In\u00edcio","item":"https:\/\/www.correiobraziliense.com.br\/cbradar\/"},{"@type":"ListItem","position":2,"name":"Os sinais que revelam intelig\u00eancia acima da m\u00e9dia segundo a psicologia"}]},{"@type":"WebSite","@id":"https:\/\/www.correiobraziliense.com.br\/cbradar\/#website","url":"https:\/\/www.correiobraziliense.com.br\/cbradar\/","name":"Correio Braziliense - Radar","description":"Acompanhe as \u00faltimas not\u00edcias e fique bem informado sobre tudo o que acontece no Brasil e no mundo.","potentialAction":[{"@type":"SearchAction","target":{"@type":"EntryPoint","urlTemplate":"https:\/\/www.correiobraziliense.com.br\/cbradar\/?s={search_term_string}"},"query-input":{"@type":"PropertyValueSpecification","valueRequired":true,"valueName":"search_term_string"}}],"inLanguage":"pt-BR"},{"@type":"Person","@id":"https:\/\/www.correiobraziliense.com.br\/cbradar\/#\/schema\/person\/58422787644df994b53a19d3e56c1513","name":"Larissa Carvalho","image":{"@type":"ImageObject","inLanguage":"pt-BR","@id":"https:\/\/www.correiobraziliense.com.br\/cbradar\/#\/schema\/person\/image\/","url":"https:\/\/secure.gravatar.com\/avatar\/fe4f91a0de32b52a838d0d612abdc1aa?s=96&d=mm&r=g","contentUrl":"https:\/\/secure.gravatar.com\/avatar\/fe4f91a0de32b52a838d0d612abdc1aa?s=96&d=mm&r=g","caption":"Larissa Carvalho"},"url":"https:\/\/www.correiobraziliense.com.br\/cbradar\/author\/larissamyth\/"}]}},"_links":{"self":[{"href":"https:\/\/www.correiobraziliense.com.br\/cbradar\/wp-json\/wp\/v2\/posts\/100479","targetHints":{"allow":["GET"]}}],"collection":[{"href":"https:\/\/www.correiobraziliense.com.br\/cbradar\/wp-json\/wp\/v2\/posts"}],"about":[{"href":"https:\/\/www.correiobraziliense.com.br\/cbradar\/wp-json\/wp\/v2\/types\/post"}],"author":[{"embeddable":true,"href":"https:\/\/www.correiobraziliense.com.br\/cbradar\/wp-json\/wp\/v2\/users\/3"}],"replies":[{"embeddable":true,"href":"https:\/\/www.correiobraziliense.com.br\/cbradar\/wp-json\/wp\/v2\/comments?post=100479"}],"version-history":[{"count":2,"href":"https:\/\/www.correiobraziliense.com.br\/cbradar\/wp-json\/wp\/v2\/posts\/100479\/revisions"}],"predecessor-version":[{"id":100487,"href":"https:\/\/www.correiobraziliense.com.br\/cbradar\/wp-json\/wp\/v2\/posts\/100479\/revisions\/100487"}],"wp:featuredmedia":[{"embeddable":true,"href":"https:\/\/www.correiobraziliense.com.br\/cbradar\/wp-json\/wp\/v2\/media\/100482"}],"wp:attachment":[{"href":"https:\/\/www.correiobraziliense.com.br\/cbradar\/wp-json\/wp\/v2\/media?parent=100479"}],"wp:term":[{"taxonomy":"category","embeddable":true,"href":"https:\/\/www.correiobraziliense.com.br\/cbradar\/wp-json\/wp\/v2\/categories?post=100479"},{"taxonomy":"post_tag","embeddable":true,"href":"https:\/\/www.correiobraziliense.com.br\/cbradar\/wp-json\/wp\/v2\/post_tag?post=100479"}],"curies":[{"name":"wp","href":"https:\/\/api.w.org\/{rel}","templated":true}]}}