{"id":100625,"date":"2025-09-09T06:33:00","date_gmt":"2025-09-09T09:33:00","guid":{"rendered":"https:\/\/www.correiobraziliense.com.br\/cbradar\/?p=100625"},"modified":"2025-09-08T11:31:33","modified_gmt":"2025-09-08T14:31:33","slug":"o-que-acontece-com-a-pele-depois-que-voce-perde-muito-peso","status":"publish","type":"post","link":"https:\/\/www.correiobraziliense.com.br\/cbradar\/o-que-acontece-com-a-pele-depois-que-voce-perde-muito-peso\/","title":{"rendered":"O que acontece com a pele depois que voc\u00ea perde muito peso?"},"content":{"rendered":"\n<p>Perder peso pode trazer <strong>benef\u00edcios significativos para a sa\u00fade<\/strong>, mas tamb\u00e9m pode resultar em efeitos colaterais indesejados, como a pele fl\u00e1cida. Para muitos, enfrentar esse problema se torna uma nova jornada ap\u00f3s vencer o desafio do peso.<\/p>\n\n\n\n<ul class=\"wp-block-list\">\n<li><strong>Medica\u00e7\u00e3o e pele fl\u00e1cida:<\/strong> Como tratamentos modernos est\u00e3o aumentando a incid\u00eancia desse efeito.<\/li>\n\n\n\n<li><strong>Solu\u00e7\u00f5es cir\u00fargicas e n\u00e3o-cir\u00fargicas:<\/strong> Op\u00e7\u00f5es dispon\u00edveis para lidar com a pele sobrando.<\/li>\n\n\n\n<li><strong>Impacto emocional:<\/strong> Como a pele fl\u00e1cida pode afetar o bem-estar mental.<\/li>\n<\/ul>\n\n\n\n<h2 class=\"wp-block-heading\">Por que a pele fica fl\u00e1cida ap\u00f3s a perda de peso?<\/h2>\n\n\n\n<p>A <strong>perda de peso<\/strong> r\u00e1pida ou substancial reduz a camada de gordura entre a pele e os m\u00fasculos, criando um espa\u00e7o vazio. Especialistas afirmam que a flacidez \u00e9 resultado dessa mudan\u00e7a, particularmente quando a perda \u00e9 acentuada ou ocorre ap\u00f3s os 25 anos, quando os n\u00edveis de col\u00e1geno j\u00e1 diminuem naturalmente.<\/p>\n\n\n\n<h2 class=\"wp-block-heading\">Quais as solu\u00e7\u00f5es para a pele fl\u00e1cida?<\/h2>\n\n\n\n<p>Solu\u00e7\u00f5es eficazes incluem tanto <strong>tratamentos cir\u00fargicos<\/strong> quanto n\u00e3o-cir\u00fargicos. Procedimentos como liftings e abdominoplastias removem o excesso de pele e tensionam o que resta. No entanto, s\u00e3o caros e muitas vezes n\u00e3o cobertos por seguros.<\/p>\n\n\n\n<p>Para quem busca <strong>alternativas menos invasivas<\/strong>, terapias de ultrassom e radiofrequ\u00eancia podem oferecer melhorias. Elas estimulam a produ\u00e7\u00e3o de col\u00e1geno, mas t\u00eam efeitos limitados e precisam de manuten\u00e7\u00e3o regular.<\/p>\n\n\n\n<figure class=\"wp-block-image size-large\"><img decoding=\"async\" width=\"1024\" height=\"576\" src=\"https:\/\/www.correiobraziliense.com.br\/cbradar\/wp-content\/uploads\/2025\/09\/perda-de-peso_1757341869195-1024x576.jpg\" alt=\"O que acontece com a pele depois que voc\u00ea perde muito peso?\" class=\"wp-image-100630\" srcset=\"https:\/\/www.correiobraziliense.com.br\/cbradar\/wp-content\/uploads\/2025\/09\/perda-de-peso_1757341869195-1024x576.jpg 1024w, https:\/\/www.correiobraziliense.com.br\/cbradar\/wp-content\/uploads\/2025\/09\/perda-de-peso_1757341869195-300x169.jpg 300w, https:\/\/www.correiobraziliense.com.br\/cbradar\/wp-content\/uploads\/2025\/09\/perda-de-peso_1757341869195-768x432.jpg 768w, https:\/\/www.correiobraziliense.com.br\/cbradar\/wp-content\/uploads\/2025\/09\/perda-de-peso_1757341869195-750x422.jpg 750w, https:\/\/www.correiobraziliense.com.br\/cbradar\/wp-content\/uploads\/2025\/09\/perda-de-peso_1757341869195-1140x641.jpg 1140w, https:\/\/www.correiobraziliense.com.br\/cbradar\/wp-content\/uploads\/2025\/09\/perda-de-peso_1757341869195.jpg 1280w\" sizes=\"(max-width: 1024px) 100vw, 1024px\" \/><figcaption class=\"wp-element-caption\">perda de peso. Cr\u00e9ditos: depositphotos.com \/ stockasso<\/figcaption><\/figure>\n\n\n\n<h2 class=\"wp-block-heading\">A pele fl\u00e1cida afeta a sa\u00fade mental?<\/h2>\n\n\n\n<p>Ter pele fl\u00e1cida ap\u00f3s a perda de peso significativa pode causar desconforto emocional. Estudos revelam que isso frequentemente est\u00e1 associado a maiores \u00edndices de depress\u00e3o e insatisfa\u00e7\u00e3o com o pr\u00f3prio corpo, mesmo ap\u00f3s a conquista de um emagrecimento significativo.<\/p>\n\n\n\n<p><strong>Dica r\u00e1pida:<\/strong> Para alguns, a constru\u00e7\u00e3o muscular pode preencher espa\u00e7os deixados pela gordura, oferecendo uma alternativa natural para lidar com a flacidez.<\/p>\n\n\n\n<p>Leia tamb\u00e9m: <a href=\"https:\/\/www.correiobraziliense.com.br\/cbradar\/o-impacto-do-jejum-intermitente-na-energia-e-no-emagrecimento\/\" target=\"_blank\" rel=\"noreferrer noopener\">O impacto do jejum intermitente na energia e no emagrecimento<\/a><\/p>\n\n\n\n<h2 class=\"wp-block-heading\">Passos para melhorar a elasticidade da pele<\/h2>\n\n\n\n<ul class=\"wp-block-list\">\n<li><strong>Exerc\u00edcios de resist\u00eancia:<\/strong> Ajuda no desenvolvimento muscular e pode melhorar a apar\u00eancia da pele fl\u00e1cida.<\/li>\n\n\n\n<li><strong>Cremes e suplementos:<\/strong> Apesar de n\u00e3o serem uma solu\u00e7\u00e3o m\u00e1gica, podem oferecer benef\u00edcios tempor\u00e1rios de textura e hidrata\u00e7\u00e3o.<\/li>\n\n\n\n<li><strong>Consultas dermatol\u00f3gicas:<\/strong> Permitem explorar op\u00e7\u00f5es avan\u00e7adas adaptadas a cada caso espec\u00edfico.<\/li>\n<\/ul>\n\n\n\n<h2 class=\"wp-block-heading\">Considera\u00e7\u00f5es finais e reflex\u00e3o<\/h2>\n\n\n\n<ul class=\"wp-block-list\">\n<li>Medicamentos para perda de peso podem <strong>causar pele fl\u00e1cida<\/strong> mais frequentemente do que se imagina.<\/li>\n\n\n\n<li>Solu\u00e7\u00f5es para pele fl\u00e1cida s\u00e3o diversas, mas muitas vezes est\u00e3o fora do alcance financeiro de muitos.<\/li>\n\n\n\n<li>Abordagens que combinam exerc\u00edcios e cuidados com a pele podem oferecer algum al\u00edvio.<\/li>\n<\/ul>\n\n\n\n<p>\u00c9 essencial <strong>abordar a pele fl\u00e1cida<\/strong> como parte de um processo cont\u00ednuo de cuidado com o corpo e a mente, reconhecendo as conquistas j\u00e1 realizadas e buscando sempre equilibrar sa\u00fade f\u00edsica e emocional.<\/p>\n","protected":false},"excerpt":{"rendered":"<p>Guia completo sobre os desafios est\u00e9ticos e emocionais da pele fl\u00e1cida ap\u00f3s perda de peso. Conhe\u00e7a causas, solu\u00e7\u00f5es e dicas para melhorar a apar\u00eancia.<\/p>\n","protected":false},"author":3,"featured_media":100628,"comment_status":"open","ping_status":"open","sticky":false,"template":"","format":"standard","meta":{"jnews-multi-image_gallery":[],"jnews_single_post":{"format":"standard"},"jnews_primary_category":[],"jnews_social_meta":[],"jnews_override_counter":[],"footnotes":""},"categories":[112],"post_tag":[3559,144,367],"class_list":["post-100625","post","type-post","status-publish","format-standard","has-post-thumbnail","hentry","category-curiosidades","tag-corpo-humano","tag-curiosidades","tag-emagrecimento"],"yoast_head":"<!-- This site is optimized with the Yoast SEO plugin v24.6 - https:\/\/yoast.com\/wordpress\/plugins\/seo\/ -->\n<title>O que acontece com a pele depois que voc\u00ea perde muito peso?<\/title>\n<meta name=\"description\" content=\"Guia completo sobre os desafios est\u00e9ticos e emocionais da pele fl\u00e1cida ap\u00f3s perda de peso. Conhe\u00e7a causas, solu\u00e7\u00f5es e dicas para melhorar a apar\u00eancia.\" \/>\n<meta name=\"robots\" content=\"index, follow, max-snippet:-1, max-image-preview:large, max-video-preview:-1\" \/>\n<link rel=\"canonical\" href=\"https:\/\/www.correiobraziliense.com.br\/cbradar\/o-que-acontece-com-a-pele-depois-que-voce-perde-muito-peso\/\" \/>\n<meta property=\"og:locale\" content=\"pt_BR\" \/>\n<meta property=\"og:type\" content=\"article\" \/>\n<meta property=\"og:title\" content=\"O que acontece com a pele depois que voc\u00ea perde muito peso?\" \/>\n<meta property=\"og:description\" content=\"Guia completo sobre os desafios est\u00e9ticos e emocionais da pele fl\u00e1cida ap\u00f3s perda de peso. Conhe\u00e7a causas, solu\u00e7\u00f5es e dicas para melhorar a apar\u00eancia.\" \/>\n<meta property=\"og:url\" content=\"https:\/\/www.correiobraziliense.com.br\/cbradar\/o-que-acontece-com-a-pele-depois-que-voce-perde-muito-peso\/\" \/>\n<meta property=\"og:site_name\" content=\"Correio Braziliense - Radar\" \/>\n<meta property=\"article:published_time\" content=\"2025-09-09T09:33:00+00:00\" \/>\n<meta property=\"og:image\" content=\"https:\/\/www.correiobraziliense.com.br\/cbradar\/wp-content\/uploads\/2025\/09\/perda-de-peso_1757341792493.jpg\" \/>\n\t<meta property=\"og:image:width\" content=\"1280\" \/>\n\t<meta property=\"og:image:height\" content=\"720\" \/>\n\t<meta property=\"og:image:type\" content=\"image\/jpeg\" \/>\n<meta name=\"author\" content=\"Larissa Carvalho\" \/>\n<meta name=\"twitter:card\" content=\"summary_large_image\" \/>\n<meta name=\"twitter:label1\" content=\"Escrito por\" \/>\n\t<meta name=\"twitter:data1\" content=\"Larissa Carvalho\" \/>\n\t<meta name=\"twitter:label2\" content=\"Est. tempo de leitura\" \/>\n\t<meta name=\"twitter:data2\" content=\"3 minutos\" \/>\n<!-- \/ Yoast SEO plugin. -->","yoast_head_json":{"title":"O que acontece com a pele depois que voc\u00ea perde muito peso?","description":"Guia completo sobre os desafios est\u00e9ticos e emocionais da pele fl\u00e1cida ap\u00f3s perda de peso. Conhe\u00e7a causas, solu\u00e7\u00f5es e dicas para melhorar a apar\u00eancia.","robots":{"index":"index","follow":"follow","max-snippet":"max-snippet:-1","max-image-preview":"max-image-preview:large","max-video-preview":"max-video-preview:-1"},"canonical":"https:\/\/www.correiobraziliense.com.br\/cbradar\/o-que-acontece-com-a-pele-depois-que-voce-perde-muito-peso\/","og_locale":"pt_BR","og_type":"article","og_title":"O que acontece com a pele depois que voc\u00ea perde muito peso?","og_description":"Guia completo sobre os desafios est\u00e9ticos e emocionais da pele fl\u00e1cida ap\u00f3s perda de peso. Conhe\u00e7a causas, solu\u00e7\u00f5es e dicas para melhorar a apar\u00eancia.","og_url":"https:\/\/www.correiobraziliense.com.br\/cbradar\/o-que-acontece-com-a-pele-depois-que-voce-perde-muito-peso\/","og_site_name":"Correio Braziliense - Radar","article_published_time":"2025-09-09T09:33:00+00:00","og_image":[{"width":1280,"height":720,"url":"https:\/\/www.correiobraziliense.com.br\/cbradar\/wp-content\/uploads\/2025\/09\/perda-de-peso_1757341792493.jpg","type":"image\/jpeg"}],"author":"Larissa Carvalho","twitter_card":"summary_large_image","twitter_misc":{"Escrito por":"Larissa Carvalho","Est. tempo de leitura":"3 minutos"},"schema":{"@context":"https:\/\/schema.org","@graph":[{"@type":"WebPage","@id":"https:\/\/www.correiobraziliense.com.br\/cbradar\/o-que-acontece-com-a-pele-depois-que-voce-perde-muito-peso\/","url":"https:\/\/www.correiobraziliense.com.br\/cbradar\/o-que-acontece-com-a-pele-depois-que-voce-perde-muito-peso\/","name":"O que acontece com a pele depois que voc\u00ea perde muito peso?","isPartOf":{"@id":"https:\/\/www.correiobraziliense.com.br\/cbradar\/#website"},"primaryImageOfPage":{"@id":"https:\/\/www.correiobraziliense.com.br\/cbradar\/o-que-acontece-com-a-pele-depois-que-voce-perde-muito-peso\/#primaryimage"},"image":{"@id":"https:\/\/www.correiobraziliense.com.br\/cbradar\/o-que-acontece-com-a-pele-depois-que-voce-perde-muito-peso\/#primaryimage"},"thumbnailUrl":"https:\/\/www.correiobraziliense.com.br\/cbradar\/wp-content\/uploads\/2025\/09\/perda-de-peso_1757341792493.jpg","datePublished":"2025-09-09T09:33:00+00:00","author":{"@id":"https:\/\/www.correiobraziliense.com.br\/cbradar\/#\/schema\/person\/58422787644df994b53a19d3e56c1513"},"description":"Guia completo sobre os desafios est\u00e9ticos e emocionais da pele fl\u00e1cida ap\u00f3s perda de peso. Conhe\u00e7a causas, solu\u00e7\u00f5es e dicas para melhorar a apar\u00eancia.","breadcrumb":{"@id":"https:\/\/www.correiobraziliense.com.br\/cbradar\/o-que-acontece-com-a-pele-depois-que-voce-perde-muito-peso\/#breadcrumb"},"inLanguage":"pt-BR","potentialAction":[{"@type":"ReadAction","target":["https:\/\/www.correiobraziliense.com.br\/cbradar\/o-que-acontece-com-a-pele-depois-que-voce-perde-muito-peso\/"]}]},{"@type":"ImageObject","inLanguage":"pt-BR","@id":"https:\/\/www.correiobraziliense.com.br\/cbradar\/o-que-acontece-com-a-pele-depois-que-voce-perde-muito-peso\/#primaryimage","url":"https:\/\/www.correiobraziliense.com.br\/cbradar\/wp-content\/uploads\/2025\/09\/perda-de-peso_1757341792493.jpg","contentUrl":"https:\/\/www.correiobraziliense.com.br\/cbradar\/wp-content\/uploads\/2025\/09\/perda-de-peso_1757341792493.jpg","width":1280,"height":720,"caption":"perda de peso. Cr\u00e9ditos: depositphotos.com \/ AllaSerebrina"},{"@type":"BreadcrumbList","@id":"https:\/\/www.correiobraziliense.com.br\/cbradar\/o-que-acontece-com-a-pele-depois-que-voce-perde-muito-peso\/#breadcrumb","itemListElement":[{"@type":"ListItem","position":1,"name":"In\u00edcio","item":"https:\/\/www.correiobraziliense.com.br\/cbradar\/"},{"@type":"ListItem","position":2,"name":"O que acontece com a pele depois que voc\u00ea perde muito peso?"}]},{"@type":"WebSite","@id":"https:\/\/www.correiobraziliense.com.br\/cbradar\/#website","url":"https:\/\/www.correiobraziliense.com.br\/cbradar\/","name":"Correio Braziliense - Radar","description":"Acompanhe as \u00faltimas not\u00edcias e fique bem informado sobre tudo o que acontece no Brasil e no mundo.","potentialAction":[{"@type":"SearchAction","target":{"@type":"EntryPoint","urlTemplate":"https:\/\/www.correiobraziliense.com.br\/cbradar\/?s={search_term_string}"},"query-input":{"@type":"PropertyValueSpecification","valueRequired":true,"valueName":"search_term_string"}}],"inLanguage":"pt-BR"},{"@type":"Person","@id":"https:\/\/www.correiobraziliense.com.br\/cbradar\/#\/schema\/person\/58422787644df994b53a19d3e56c1513","name":"Larissa Carvalho","image":{"@type":"ImageObject","inLanguage":"pt-BR","@id":"https:\/\/www.correiobraziliense.com.br\/cbradar\/#\/schema\/person\/image\/","url":"https:\/\/secure.gravatar.com\/avatar\/fe4f91a0de32b52a838d0d612abdc1aa?s=96&d=mm&r=g","contentUrl":"https:\/\/secure.gravatar.com\/avatar\/fe4f91a0de32b52a838d0d612abdc1aa?s=96&d=mm&r=g","caption":"Larissa Carvalho"},"url":"https:\/\/www.correiobraziliense.com.br\/cbradar\/author\/larissamyth\/"}]}},"_links":{"self":[{"href":"https:\/\/www.correiobraziliense.com.br\/cbradar\/wp-json\/wp\/v2\/posts\/100625","targetHints":{"allow":["GET"]}}],"collection":[{"href":"https:\/\/www.correiobraziliense.com.br\/cbradar\/wp-json\/wp\/v2\/posts"}],"about":[{"href":"https:\/\/www.correiobraziliense.com.br\/cbradar\/wp-json\/wp\/v2\/types\/post"}],"author":[{"embeddable":true,"href":"https:\/\/www.correiobraziliense.com.br\/cbradar\/wp-json\/wp\/v2\/users\/3"}],"replies":[{"embeddable":true,"href":"https:\/\/www.correiobraziliense.com.br\/cbradar\/wp-json\/wp\/v2\/comments?post=100625"}],"version-history":[{"count":2,"href":"https:\/\/www.correiobraziliense.com.br\/cbradar\/wp-json\/wp\/v2\/posts\/100625\/revisions"}],"predecessor-version":[{"id":100631,"href":"https:\/\/www.correiobraziliense.com.br\/cbradar\/wp-json\/wp\/v2\/posts\/100625\/revisions\/100631"}],"wp:featuredmedia":[{"embeddable":true,"href":"https:\/\/www.correiobraziliense.com.br\/cbradar\/wp-json\/wp\/v2\/media\/100628"}],"wp:attachment":[{"href":"https:\/\/www.correiobraziliense.com.br\/cbradar\/wp-json\/wp\/v2\/media?parent=100625"}],"wp:term":[{"taxonomy":"category","embeddable":true,"href":"https:\/\/www.correiobraziliense.com.br\/cbradar\/wp-json\/wp\/v2\/categories?post=100625"},{"taxonomy":"post_tag","embeddable":true,"href":"https:\/\/www.correiobraziliense.com.br\/cbradar\/wp-json\/wp\/v2\/post_tag?post=100625"}],"curies":[{"name":"wp","href":"https:\/\/api.w.org\/{rel}","templated":true}]}}