{"id":100796,"date":"2025-09-10T09:53:00","date_gmt":"2025-09-10T12:53:00","guid":{"rendered":"https:\/\/www.correiobraziliense.com.br\/cbradar\/?p=100796"},"modified":"2025-09-08T15:58:49","modified_gmt":"2025-09-08T18:58:49","slug":"o-que-esse-suplemento-pode-fazer-com-seus-ossos","status":"publish","type":"post","link":"https:\/\/www.correiobraziliense.com.br\/cbradar\/o-que-esse-suplemento-pode-fazer-com-seus-ossos\/","title":{"rendered":"O que esse suplemento pode fazer com seus ossos?"},"content":{"rendered":"\n<p>A busca por ossos fortes e a preven\u00e7\u00e3o de condi\u00e7\u00f5es como a osteoporose s\u00e3o preocupa\u00e7\u00f5es de sa\u00fade fundamentais, especialmente com o avan\u00e7ar da idade. \u00c9 crucial e inegoci\u00e1vel afirmar desde o in\u00edcio: <strong>a sa\u00fade \u00f3ssea \u00e9 complexa e a decis\u00e3o de usar qualquer suplemento deve ser feita apenas sob orienta\u00e7\u00e3o e supervis\u00e3o de um m\u00e9dico.<\/strong> A base para ossos saud\u00e1veis reside em uma dieta equilibrada e na pr\u00e1tica regular de exerc\u00edcios.<\/p>\n\n\n\n<p>Dito isso, o nutriente mais famoso e fundamental para a estrutura \u00f3ssea \u00e9 o c\u00e1lcio, e sua forma de suplemento, como o carbonato de c\u00e1lcio, \u00e9 uma das mais acess\u00edveis. Este artigo ir\u00e1 explorar, de forma segura e baseada em evid\u00eancias, o papel do c\u00e1lcio, sua parceria indispens\u00e1vel com a vitamina D e por que a abordagem de &#8220;comida em primeiro lugar&#8221; \u00e9 sempre a mais recomendada por especialistas.<\/p>\n\n\n\n<h2 class=\"wp-block-heading\">Por que o c\u00e1lcio \u00e9 considerado o &#8220;bloco de constru\u00e7\u00e3o&#8221; fundamental dos ossos?<\/h2>\n\n\n<div class=\"wp-block-image\">\n<figure class=\"aligncenter size-large\"><img decoding=\"async\" width=\"1024\" height=\"576\" src=\"https:\/\/www.correiobraziliense.com.br\/cbradar\/wp-content\/uploads\/2025\/05\/osso-humano_1746705168873-1024x576.jpg\" alt=\"Como fortalecer os ossos com alimentos simples e exerc\u00edcios leves\" class=\"wp-image-34089\" srcset=\"https:\/\/www.correiobraziliense.com.br\/cbradar\/wp-content\/uploads\/2025\/05\/osso-humano_1746705168873-1024x576.jpg 1024w, https:\/\/www.correiobraziliense.com.br\/cbradar\/wp-content\/uploads\/2025\/05\/osso-humano_1746705168873-300x169.jpg 300w, https:\/\/www.correiobraziliense.com.br\/cbradar\/wp-content\/uploads\/2025\/05\/osso-humano_1746705168873-768x432.jpg 768w, https:\/\/www.correiobraziliense.com.br\/cbradar\/wp-content\/uploads\/2025\/05\/osso-humano_1746705168873-750x422.jpg 750w, https:\/\/www.correiobraziliense.com.br\/cbradar\/wp-content\/uploads\/2025\/05\/osso-humano_1746705168873-1140x641.jpg 1140w, https:\/\/www.correiobraziliense.com.br\/cbradar\/wp-content\/uploads\/2025\/05\/osso-humano_1746705168873.jpg 1280w\" sizes=\"(max-width: 1024px) 100vw, 1024px\" \/><figcaption class=\"wp-element-caption\">Corpo humano &#8211; Cr\u00e9ditos: depositphotos.com \/ Pixelchaos<\/figcaption><\/figure><\/div>\n\n\n<p>Cerca de 99% do c\u00e1lcio do nosso corpo est\u00e1 armazenado em nossos ossos e dentes. Ele funciona literalmente como os &#8220;tijolos&#8221; que conferem densidade, rigidez e for\u00e7a \u00e0 nossa estrutura esquel\u00e9tica. O corpo tamb\u00e9m utiliza o c\u00e1lcio para fun\u00e7\u00f5es vitais, como a contra\u00e7\u00e3o muscular e a transmiss\u00e3o de sinais nervosos.<\/p>\n\n\n\n<p>Nossos ossos atuam como um &#8220;banco&#8221; de c\u00e1lcio. Se a ingest\u00e3o de c\u00e1lcio atrav\u00e9s da dieta \u00e9 insuficiente para suprir as necessidades do corpo, ele &#8220;saca&#8221; o mineral dos ossos para manter as outras fun\u00e7\u00f5es em dia. Se esses saques se tornam cr\u00f4nicos, a densidade \u00f3ssea diminui progressivamente, levando \u00e0 osteopenia e, eventualmente, \u00e0 osteoporose.<\/p>\n\n\n\n<h2 class=\"wp-block-heading\">Qual o papel indispens\u00e1vel da vitamina D na sa\u00fade \u00f3ssea?<\/h2>\n\n\n\n<p>O c\u00e1lcio, por si s\u00f3, n\u00e3o consegue fazer seu trabalho de forma eficiente. Ele precisa de um parceiro crucial: a <strong>vitamina D<\/strong>. Pense na vitamina D como o &#8220;porteiro&#8221; que abre as portas do intestino para que o c\u00e1lcio seja absorvido para a corrente sangu\u00ednea.<\/p>\n\n\n\n<p>Conforme detalhado pelo <strong><a target=\"_blank\" rel=\"noreferrer noopener\" href=\"https:\/\/ods.od.nih.gov\/factsheets\/Calcium-HealthProfessional\/\">National Institutes of Health (NIH)<\/a><\/strong>, sem vitamina D suficiente, a absor\u00e7\u00e3o de c\u00e1lcio da dieta pode ser drasticamente reduzida. De nada adianta consumir alimentos ou suplementos ricos em c\u00e1lcio se n\u00e3o houver vitamina D adequada para permitir sua entrada no corpo. Por isso, a avalia\u00e7\u00e3o dos n\u00edveis de ambos os nutrientes \u00e9 fundamental.<\/p>\n\n\n\n<p>Leia tamb\u00e9m: <a href=\"https:\/\/www.correiobraziliense.com.br\/cbradar\/o-alimento-secreto-que-traz-muitos-beneficios-para-o-emagrecimento\" target=\"_blank\" rel=\"noreferrer noopener\">O alimento secreto que traz muitos benef\u00edcios para o emagrecimento<\/a><\/p>\n\n\n\n<h2 class=\"wp-block-heading\">A suplementa\u00e7\u00e3o de c\u00e1lcio \u00e9 necess\u00e1ria para todo mundo?<\/h2>\n\n\n\n<p>N\u00e3o. A recomenda\u00e7\u00e3o un\u00e2nime de especialistas e de grandes organiza\u00e7\u00f5es de sa\u00fade, como a <strong><a target=\"_blank\" rel=\"noreferrer noopener\" href=\"https:\/\/www.bonehealthandosteoporosis.org\/patients\/treatment\/calciumvitamin-d\/\">Bone Health and Osteoporosis Foundation<\/a><\/strong>, \u00e9 que as necessidades de c\u00e1lcio devem, preferencialmente, ser atendidas atrav\u00e9s da alimenta\u00e7\u00e3o. A suplementa\u00e7\u00e3o s\u00f3 \u00e9 indicada quando a meta di\u00e1ria n\u00e3o pode ser alcan\u00e7ada apenas com a dieta, ou em casos de defici\u00eancia diagnosticada.<\/p>\n\n\n\n<h3 class=\"wp-block-heading\">Fontes alimentares de c\u00e1lcio<\/h3>\n\n\n\n<ul class=\"wp-block-list\">\n<li><strong>Latic\u00ednios:<\/strong> Leite, iogurte e queijos s\u00e3o as fontes mais ricas e de mais f\u00e1cil absor\u00e7\u00e3o.<\/li>\n\n\n\n<li><strong>Vegetais de folhas verdes escuras:<\/strong> Couve, br\u00f3colis e espinafre (embora o espinafre contenha oxalatos que reduzem a absor\u00e7\u00e3o).<\/li>\n\n\n\n<li><strong>Sardinha e salm\u00e3o:<\/strong> Peixes enlatados consumidos com as espinhas moles s\u00e3o uma excelente fonte de c\u00e1lcio.<\/li>\n\n\n\n<li><strong>Alimentos fortificados:<\/strong> Muitos leites vegetais, sucos e tofus s\u00e3o enriquecidos com c\u00e1lcio.<\/li>\n<\/ul>\n\n\n<div class=\"wp-block-image\">\n<figure class=\"aligncenter size-large\"><img decoding=\"async\" width=\"1024\" height=\"576\" src=\"https:\/\/www.correiobraziliense.com.br\/cbradar\/wp-content\/uploads\/2025\/03\/calcio_1742217683243-1024x576.jpg\" alt=\"5 fun\u00e7\u00f5es do c\u00e1lcio que pouca gente conhece, mas s\u00e3o essenciais para sua qualidade de vida\" class=\"wp-image-13131\" srcset=\"https:\/\/www.correiobraziliense.com.br\/cbradar\/wp-content\/uploads\/2025\/03\/calcio_1742217683243-1024x576.jpg 1024w, https:\/\/www.correiobraziliense.com.br\/cbradar\/wp-content\/uploads\/2025\/03\/calcio_1742217683243-300x169.jpg 300w, https:\/\/www.correiobraziliense.com.br\/cbradar\/wp-content\/uploads\/2025\/03\/calcio_1742217683243-768x432.jpg 768w, https:\/\/www.correiobraziliense.com.br\/cbradar\/wp-content\/uploads\/2025\/03\/calcio_1742217683243-750x422.jpg 750w, https:\/\/www.correiobraziliense.com.br\/cbradar\/wp-content\/uploads\/2025\/03\/calcio_1742217683243-1140x641.jpg 1140w, https:\/\/www.correiobraziliense.com.br\/cbradar\/wp-content\/uploads\/2025\/03\/calcio_1742217683243.jpg 1280w\" sizes=\"(max-width: 1024px) 100vw, 1024px\" \/><figcaption class=\"wp-element-caption\">C\u00e1lcio &#8211; Cr\u00e9ditos: depositphotos.com \/ AntonMatyukha<\/figcaption><\/figure><\/div>\n\n\n<h2 class=\"wp-block-heading\">Quais os riscos do uso de suplementos de c\u00e1lcio sem orienta\u00e7\u00e3o?<\/h2>\n\n\n\n<p>A automedica\u00e7\u00e3o com suplementos de c\u00e1lcio pode ser perigosa. Ao contr\u00e1rio do que se pensa, &#8220;mais&#8221; n\u00e3o \u00e9 necessariamente &#8220;melhor&#8221;.<\/p>\n\n\n\n<ul class=\"wp-block-list\">\n<li><strong>Risco de C\u00e1lculos Renais:<\/strong> O excesso de c\u00e1lcio suplementar, especialmente quando n\u00e3o acompanhado de uma hidrata\u00e7\u00e3o adequada, tem sido associado a um maior risco de forma\u00e7\u00e3o de pedras nos rins em indiv\u00edduos predispostos.<\/li>\n\n\n\n<li><strong>Sa\u00fade Cardiovascular:<\/strong> Algumas pesquisas levantaram a preocupa\u00e7\u00e3o de que altas doses de c\u00e1lcio na forma de suplementos (mas n\u00e3o da alimenta\u00e7\u00e3o) poderiam estar associadas a um maior risco de calcifica\u00e7\u00e3o das art\u00e9rias e eventos cardiovasculares, embora a evid\u00eancia ainda seja debatida.<\/li>\n\n\n\n<li><strong>Problemas Digestivos:<\/strong> O carbonato de c\u00e1lcio, a forma mais comum e barata, pode causar constipa\u00e7\u00e3o e incha\u00e7o em algumas pessoas.<\/li>\n<\/ul>\n\n\n\n<p>Leia tamb\u00e9m: <a href=\"https:\/\/www.correiobraziliense.com.br\/cbradar\/exercicios-que-podem-ser-feitos-em-casa-para-fortalecer-os-biceps\" target=\"_blank\" rel=\"noreferrer noopener\">Exerc\u00edcios que podem ser feitos em casa para fortalecer os b\u00edceps<\/a><\/p>\n\n\n\n<h2 class=\"wp-block-heading\">Como garantir a sa\u00fade \u00f3ssea de forma segura e completa?<\/h2>\n\n\n\n<p>A sa\u00fade \u00f3ssea depende de uma estrat\u00e9gia de estilo de vida abrangente, e n\u00e3o de uma \u00fanica p\u00edlula. Os pilares s\u00e3o:<\/p>\n\n\n\n<ol start=\"1\" class=\"wp-block-list\">\n<li><strong>Dieta Adequada:<\/strong> Rica em c\u00e1lcio e outros minerais de fontes alimentares.<\/li>\n\n\n\n<li><strong>N\u00edveis Suficientes de Vitamina D:<\/strong> Obtida atrav\u00e9s da exposi\u00e7\u00e3o solar segura, de alimentos ou, se necess\u00e1rio, de suplementa\u00e7\u00e3o prescrita.<\/li>\n\n\n\n<li><strong>Exerc\u00edcios de Sustenta\u00e7\u00e3o de Peso:<\/strong> Atividades como caminhada, dan\u00e7a e treinamento de for\u00e7a sinalizam ao corpo para construir ossos mais fortes.<\/li>\n\n\n\n<li><strong>Ingest\u00e3o Adequada de Prote\u00edna:<\/strong> A prote\u00edna comp\u00f5e cerca de 50% do volume \u00f3sseo.<\/li>\n<\/ol>\n\n\n\n<p>A \u00fanica maneira segura de abordar a sa\u00fade dos seus ossos \u00e9 atrav\u00e9s de uma parceria com profissionais. Um <strong>m\u00e9dico<\/strong> pode avaliar seus fatores de risco, solicitar um exame de densitometria \u00f3ssea e, se necess\u00e1rio, prescrever a dose correta de suplementos. Um <strong>nutricionista<\/strong> pode ajudar a estruturar uma dieta que maximize a ingest\u00e3o de nutrientes essenciais para os seus ossos.<\/p>\n","protected":false},"excerpt":{"rendered":"<p>A busca por ossos fortes e a preven\u00e7\u00e3o de condi\u00e7\u00f5es como a osteoporose s\u00e3o preocupa\u00e7\u00f5es de sa\u00fade fundamentais, especialmente com o avan\u00e7ar da idade. \u00c9 crucial e inegoci\u00e1vel afirmar desde o in\u00edcio: a sa\u00fade \u00f3ssea \u00e9 complexa e a decis\u00e3o de usar qualquer suplemento deve ser feita apenas sob orienta\u00e7\u00e3o e supervis\u00e3o de um m\u00e9dico. [&hellip;]<\/p>\n","protected":false},"author":11,"featured_media":100797,"comment_status":"open","ping_status":"open","sticky":false,"template":"","format":"standard","meta":{"_yoast_wpseo_focuskw":"ossos","_yoast_wpseo_title":"","_yoast_wpseo_metadesc":"Um suplemento acess\u00edvel pode oferecer benef\u00edcios importantes para a sa\u00fade dos ossos e fortalecer o corpo de forma eficaz.","jnews-multi-image_gallery":[],"jnews_single_post":{"format":"standard"},"jnews_primary_category":[],"jnews_social_meta":[],"jnews_override_counter":[],"footnotes":""},"categories":[119],"tags":[7467,3110],"class_list":["post-100796","post","type-post","status-publish","format-standard","has-post-thumbnail","hentry","category-bem-estar","tag-exame","tag-ossos"],"yoast_head":"<!-- This site is optimized with the Yoast SEO plugin v24.6 - https:\/\/yoast.com\/wordpress\/plugins\/seo\/ -->\n<title>O que esse suplemento pode fazer com seus ossos? - Correio Braziliense - Radar<\/title>\n<meta name=\"description\" content=\"Um suplemento acess\u00edvel pode oferecer benef\u00edcios importantes para a sa\u00fade dos ossos e fortalecer o corpo de forma eficaz.\" \/>\n<meta name=\"robots\" content=\"index, follow, max-snippet:-1, max-image-preview:large, max-video-preview:-1\" \/>\n<link rel=\"canonical\" href=\"https:\/\/www.correiobraziliense.com.br\/cbradar\/o-que-esse-suplemento-pode-fazer-com-seus-ossos\/\" \/>\n<meta property=\"og:locale\" content=\"pt_BR\" \/>\n<meta property=\"og:type\" content=\"article\" \/>\n<meta property=\"og:title\" content=\"O que esse suplemento pode fazer com seus ossos? - Correio Braziliense - Radar\" \/>\n<meta property=\"og:description\" content=\"Um suplemento acess\u00edvel pode oferecer benef\u00edcios importantes para a sa\u00fade dos ossos e fortalecer o corpo de forma eficaz.\" \/>\n<meta property=\"og:url\" content=\"https:\/\/www.correiobraziliense.com.br\/cbradar\/o-que-esse-suplemento-pode-fazer-com-seus-ossos\/\" \/>\n<meta property=\"og:site_name\" content=\"Correio Braziliense - Radar\" \/>\n<meta property=\"article:published_time\" content=\"2025-09-10T12:53:00+00:00\" \/>\n<meta property=\"og:image\" content=\"https:\/\/www.correiobraziliense.com.br\/cbradar\/wp-content\/uploads\/2025\/09\/ossos_1757357662862.jpg\" \/>\n\t<meta property=\"og:image:width\" content=\"1280\" \/>\n\t<meta property=\"og:image:height\" content=\"720\" \/>\n\t<meta property=\"og:image:type\" content=\"image\/jpeg\" \/>\n<meta name=\"author\" content=\"Paulo Custodio\" \/>\n<meta name=\"twitter:card\" content=\"summary_large_image\" \/>\n<meta name=\"twitter:label1\" content=\"Escrito por\" \/>\n\t<meta name=\"twitter:data1\" content=\"Paulo Custodio\" \/>\n\t<meta name=\"twitter:label2\" content=\"Est. tempo de leitura\" \/>\n\t<meta name=\"twitter:data2\" content=\"6 minutos\" \/>\n<!-- \/ Yoast SEO plugin. -->","yoast_head_json":{"title":"O que esse suplemento pode fazer com seus ossos? - Correio Braziliense - Radar","description":"Um suplemento acess\u00edvel pode oferecer benef\u00edcios importantes para a sa\u00fade dos ossos e fortalecer o corpo de forma eficaz.","robots":{"index":"index","follow":"follow","max-snippet":"max-snippet:-1","max-image-preview":"max-image-preview:large","max-video-preview":"max-video-preview:-1"},"canonical":"https:\/\/www.correiobraziliense.com.br\/cbradar\/o-que-esse-suplemento-pode-fazer-com-seus-ossos\/","og_locale":"pt_BR","og_type":"article","og_title":"O que esse suplemento pode fazer com seus ossos? - Correio Braziliense - Radar","og_description":"Um suplemento acess\u00edvel pode oferecer benef\u00edcios importantes para a sa\u00fade dos ossos e fortalecer o corpo de forma eficaz.","og_url":"https:\/\/www.correiobraziliense.com.br\/cbradar\/o-que-esse-suplemento-pode-fazer-com-seus-ossos\/","og_site_name":"Correio Braziliense - Radar","article_published_time":"2025-09-10T12:53:00+00:00","og_image":[{"width":1280,"height":720,"url":"https:\/\/www.correiobraziliense.com.br\/cbradar\/wp-content\/uploads\/2025\/09\/ossos_1757357662862.jpg","type":"image\/jpeg"}],"author":"Paulo Custodio","twitter_card":"summary_large_image","twitter_misc":{"Escrito por":"Paulo Custodio","Est. tempo de leitura":"6 minutos"},"schema":{"@context":"https:\/\/schema.org","@graph":[{"@type":"WebPage","@id":"https:\/\/www.correiobraziliense.com.br\/cbradar\/o-que-esse-suplemento-pode-fazer-com-seus-ossos\/","url":"https:\/\/www.correiobraziliense.com.br\/cbradar\/o-que-esse-suplemento-pode-fazer-com-seus-ossos\/","name":"O que esse suplemento pode fazer com seus ossos? - Correio Braziliense - Radar","isPartOf":{"@id":"https:\/\/www.correiobraziliense.com.br\/cbradar\/#website"},"primaryImageOfPage":{"@id":"https:\/\/www.correiobraziliense.com.br\/cbradar\/o-que-esse-suplemento-pode-fazer-com-seus-ossos\/#primaryimage"},"image":{"@id":"https:\/\/www.correiobraziliense.com.br\/cbradar\/o-que-esse-suplemento-pode-fazer-com-seus-ossos\/#primaryimage"},"thumbnailUrl":"https:\/\/www.correiobraziliense.com.br\/cbradar\/wp-content\/uploads\/2025\/09\/ossos_1757357662862.jpg","datePublished":"2025-09-10T12:53:00+00:00","author":{"@id":"https:\/\/www.correiobraziliense.com.br\/cbradar\/#\/schema\/person\/4cec7857301a9a1a2ef249893cd908d3"},"description":"Um suplemento acess\u00edvel pode oferecer benef\u00edcios importantes para a sa\u00fade dos ossos e fortalecer o corpo de forma eficaz.","breadcrumb":{"@id":"https:\/\/www.correiobraziliense.com.br\/cbradar\/o-que-esse-suplemento-pode-fazer-com-seus-ossos\/#breadcrumb"},"inLanguage":"pt-BR","potentialAction":[{"@type":"ReadAction","target":["https:\/\/www.correiobraziliense.com.br\/cbradar\/o-que-esse-suplemento-pode-fazer-com-seus-ossos\/"]}]},{"@type":"ImageObject","inLanguage":"pt-BR","@id":"https:\/\/www.correiobraziliense.com.br\/cbradar\/o-que-esse-suplemento-pode-fazer-com-seus-ossos\/#primaryimage","url":"https:\/\/www.correiobraziliense.com.br\/cbradar\/wp-content\/uploads\/2025\/09\/ossos_1757357662862.jpg","contentUrl":"https:\/\/www.correiobraziliense.com.br\/cbradar\/wp-content\/uploads\/2025\/09\/ossos_1757357662862.jpg","width":1280,"height":720,"caption":"O mineral essencial para manter ossos fortes ap\u00f3s os 40 anos - Cr\u00e9ditos: depositphotos.com \/ IgorVetushko"},{"@type":"BreadcrumbList","@id":"https:\/\/www.correiobraziliense.com.br\/cbradar\/o-que-esse-suplemento-pode-fazer-com-seus-ossos\/#breadcrumb","itemListElement":[{"@type":"ListItem","position":1,"name":"In\u00edcio","item":"https:\/\/www.correiobraziliense.com.br\/cbradar\/"},{"@type":"ListItem","position":2,"name":"O que esse suplemento pode fazer com seus ossos?"}]},{"@type":"WebSite","@id":"https:\/\/www.correiobraziliense.com.br\/cbradar\/#website","url":"https:\/\/www.correiobraziliense.com.br\/cbradar\/","name":"Correio Braziliense - Radar","description":"Acompanhe as \u00faltimas not\u00edcias e fique bem informado sobre tudo o que acontece no Brasil e no mundo.","potentialAction":[{"@type":"SearchAction","target":{"@type":"EntryPoint","urlTemplate":"https:\/\/www.correiobraziliense.com.br\/cbradar\/?s={search_term_string}"},"query-input":{"@type":"PropertyValueSpecification","valueRequired":true,"valueName":"search_term_string"}}],"inLanguage":"pt-BR"},{"@type":"Person","@id":"https:\/\/www.correiobraziliense.com.br\/cbradar\/#\/schema\/person\/4cec7857301a9a1a2ef249893cd908d3","name":"Paulo Custodio","image":{"@type":"ImageObject","inLanguage":"pt-BR","@id":"https:\/\/www.correiobraziliense.com.br\/cbradar\/#\/schema\/person\/image\/","url":"https:\/\/secure.gravatar.com\/avatar\/bcd67168d1534e8fcf4f45c726a87cea?s=96&d=mm&r=g","contentUrl":"https:\/\/secure.gravatar.com\/avatar\/bcd67168d1534e8fcf4f45c726a87cea?s=96&d=mm&r=g","caption":"Paulo Custodio"},"sameAs":["https:\/\/www.correiobraziliense.com.br\/cbradar"],"url":"https:\/\/www.correiobraziliense.com.br\/cbradar\/author\/paulomyth\/"}]}},"_links":{"self":[{"href":"https:\/\/www.correiobraziliense.com.br\/cbradar\/wp-json\/wp\/v2\/posts\/100796","targetHints":{"allow":["GET"]}}],"collection":[{"href":"https:\/\/www.correiobraziliense.com.br\/cbradar\/wp-json\/wp\/v2\/posts"}],"about":[{"href":"https:\/\/www.correiobraziliense.com.br\/cbradar\/wp-json\/wp\/v2\/types\/post"}],"author":[{"embeddable":true,"href":"https:\/\/www.correiobraziliense.com.br\/cbradar\/wp-json\/wp\/v2\/users\/11"}],"replies":[{"embeddable":true,"href":"https:\/\/www.correiobraziliense.com.br\/cbradar\/wp-json\/wp\/v2\/comments?post=100796"}],"version-history":[{"count":1,"href":"https:\/\/www.correiobraziliense.com.br\/cbradar\/wp-json\/wp\/v2\/posts\/100796\/revisions"}],"predecessor-version":[{"id":100798,"href":"https:\/\/www.correiobraziliense.com.br\/cbradar\/wp-json\/wp\/v2\/posts\/100796\/revisions\/100798"}],"wp:featuredmedia":[{"embeddable":true,"href":"https:\/\/www.correiobraziliense.com.br\/cbradar\/wp-json\/wp\/v2\/media\/100797"}],"wp:attachment":[{"href":"https:\/\/www.correiobraziliense.com.br\/cbradar\/wp-json\/wp\/v2\/media?parent=100796"}],"wp:term":[{"taxonomy":"category","embeddable":true,"href":"https:\/\/www.correiobraziliense.com.br\/cbradar\/wp-json\/wp\/v2\/categories?post=100796"},{"taxonomy":"post_tag","embeddable":true,"href":"https:\/\/www.correiobraziliense.com.br\/cbradar\/wp-json\/wp\/v2\/tags?post=100796"}],"curies":[{"name":"wp","href":"https:\/\/api.w.org\/{rel}","templated":true}]}}