{"id":100816,"date":"2025-09-09T08:03:00","date_gmt":"2025-09-09T11:03:00","guid":{"rendered":"https:\/\/www.correiobraziliense.com.br\/cbradar\/?p=100816"},"modified":"2025-09-08T17:57:22","modified_gmt":"2025-09-08T20:57:22","slug":"o-alerta-de-saude-por-tras-da-morte-de-angela-ro-ro","status":"publish","type":"post","link":"https:\/\/www.correiobraziliense.com.br\/cbradar\/o-alerta-de-saude-por-tras-da-morte-de-angela-ro-ro\/","title":{"rendered":"O alerta de sa\u00fade por tr\u00e1s da morte de Angela Ro Ro"},"content":{"rendered":"\n<p>O mundo da m\u00fasica brasileira sofreu uma perda significativa com o falecimento da renomada cantora <strong>Angela Ro Ro<\/strong>. Aos 75 anos, Angela deixou um legado valioso que atravessa gera\u00e7\u00f5es. Ela estava internada devido a uma infec\u00e7\u00e3o pulmonar grave, condi\u00e7\u00e3o que acabou levando a complica\u00e7\u00f5es irrevers\u00edveis e, consequentemente, ao seu falecimento. Durante o per\u00edodo em que esteve hospitalizada, suas complica\u00e7\u00f5es respirat\u00f3rias resultaram em uma parada card\u00edaca, algo que ela n\u00e3o conseguiu superar.<\/p>\n\n\n\n<p>Angela Ro Ro foi uma artista que marcou a m\u00fasica brasileira com sua voz \u00fanica e poderosa presen\u00e7a de palco. Sua carreira abrangeu v\u00e1rias d\u00e9cadas, consolidando-a como uma das figuras mais respeitadas e queridas do cen\u00e1rio musical. Apesar da fragilidade crescente de sua <a href=\"https:\/\/www.gov.br\/saude\/pt-br\" target=\"_blank\" rel=\"noreferrer noopener\">sa\u00fade <\/a>nos \u00faltimos anos, sua paix\u00e3o e entrega \u00e0 m\u00fasica permaneciam evidentes.<\/p>\n\n\n\n<h2 class=\"wp-block-heading\">Quais s\u00e3o as causas comuns de infec\u00e7\u00f5es pulmonares?<\/h2>\n\n\n\n<p>Infec\u00e7\u00f5es pulmonares podem ser originadas por uma variedade de agentes pat\u00f3genos, incluindo v\u00edrus, fungos e bact\u00e9rias. Esses microrganismos invadem as vias respirat\u00f3rias, instalando-se e multiplicando-se nos pulm\u00f5es. Dependendo da localiza\u00e7\u00e3o e do impacto nos pulm\u00f5es, as infec\u00e7\u00f5es podem manifestar-se como pneumonia, bronquite ou at\u00e9 tuberculose. O cont\u00e1gio normalmente ocorre por meio de got\u00edculas respirat\u00f3rias, transmitidas por tosse ou espirro de indiv\u00edduos infectados. Outras causas podem incluir inala\u00e7\u00e3o de subst\u00e2ncias t\u00f3xicas ou a aspira\u00e7\u00e3o de alimentos.<\/p>\n\n\n\n<h2 class=\"wp-block-heading\">Como \u00e9 realizado o tratamento das infec\u00e7\u00f5es pulmonares?<\/h2>\n\n\n<div class=\"wp-block-image\">\n<figure class=\"aligncenter size-large\"><img decoding=\"async\" width=\"1024\" height=\"576\" src=\"https:\/\/www.correiobraziliense.com.br\/cbradar\/wp-content\/uploads\/2025\/09\/infeccao-pulmonar_1757364625469-1024x576.jpg\" alt=\"\" class=\"wp-image-100882\" srcset=\"https:\/\/www.correiobraziliense.com.br\/cbradar\/wp-content\/uploads\/2025\/09\/infeccao-pulmonar_1757364625469-1024x576.jpg 1024w, https:\/\/www.correiobraziliense.com.br\/cbradar\/wp-content\/uploads\/2025\/09\/infeccao-pulmonar_1757364625469-300x169.jpg 300w, https:\/\/www.correiobraziliense.com.br\/cbradar\/wp-content\/uploads\/2025\/09\/infeccao-pulmonar_1757364625469-768x432.jpg 768w, https:\/\/www.correiobraziliense.com.br\/cbradar\/wp-content\/uploads\/2025\/09\/infeccao-pulmonar_1757364625469-750x422.jpg 750w, https:\/\/www.correiobraziliense.com.br\/cbradar\/wp-content\/uploads\/2025\/09\/infeccao-pulmonar_1757364625469-1140x641.jpg 1140w, https:\/\/www.correiobraziliense.com.br\/cbradar\/wp-content\/uploads\/2025\/09\/infeccao-pulmonar_1757364625469.jpg 1280w\" sizes=\"(max-width: 1024px) 100vw, 1024px\" \/><figcaption class=\"wp-element-caption\">infec\u00e7\u00e3o pulmonar &#8211; Cr\u00e9ditos: depositphotos.com \/ Axel_Kock<\/figcaption><\/figure><\/div>\n\n\n<p>O tratamento das infec\u00e7\u00f5es pulmonares \u00e9 associado ao tipo de agente causador da infec\u00e7\u00e3o. Antibioticoterapia \u00e9 comum para infe\u00e7\u00f5es bacterianas, enquanto antivirais e antif\u00fangicos s\u00e3o usados para infec\u00e7\u00f5es virais e f\u00fangicas, respectivamente. No caso de infec\u00e7\u00f5es mais severas, como as que ocorrem em pacientes hospitalizados, tratamentos mais avan\u00e7ados e espec\u00edficos podem ser necess\u00e1rios. Quadros severos, como o de Angela, destacam a import\u00e2ncia de um diagn\u00f3stico preciso e de interven\u00e7\u00f5es r\u00e1pidas e adequadas.<\/p>\n\n\n\n<h2 class=\"wp-block-heading\">Por que os idosos s\u00e3o mais suscet\u00edveis a complica\u00e7\u00f5es respirat\u00f3rias?<\/h2>\n\n\n\n<p>A idade avan\u00e7ada torna as pessoas naturalmente mais vulner\u00e1veis a problemas respirat\u00f3rios. Mudan\u00e7as fisiol\u00f3gicas no pulm\u00e3o, como a rigidez da parede tor\u00e1cica e a diminui\u00e7\u00e3o na for\u00e7a dos m\u00fasculos respirat\u00f3rios, tornam a expans\u00e3o pulmonar menos eficiente. Estas mudan\u00e7as, combinadas com uma menor elasticidade do tecido pulmonar, tornam a respira\u00e7\u00e3o menos eficaz, aumentando a suscetibilidade a infec\u00e7\u00f5es pulmonares.<\/p>\n\n\n\n<h2 class=\"wp-block-heading\">Quais s\u00e3o as medidas preventivas para assegurar a sa\u00fade pulmonar?<\/h2>\n\n\n\n<p>Manter uma rotina de exerc\u00edcios f\u00edsicos e seguir uma dieta balanceada s\u00e3o aspectos essenciais para a sa\u00fade pulmonar. Al\u00e9m disso, evitar o tabagismo e garantir a vacina\u00e7\u00e3o em dia s\u00e3o medidas preventivas cruciais. Aplicar essas pr\u00e1ticas pode reduzir significativamente o risco de infec\u00e7\u00f5es pulmonares, mesmo em idosos. Finalmente, minimizar a exposi\u00e7\u00e3o \u00e0 polui\u00e7\u00e3o tamb\u00e9m contribui para pulm\u00f5es mais saud\u00e1veis.<\/p>\n\n\n\n<p>A m\u00fasica brasileira perde, assim, uma de suas vozes mais emblem\u00e1ticas. O legado de Angela Ro Ro, que ressoar\u00e1 para sempre nos cora\u00e7\u00f5es de seus admiradores, inspira a reflex\u00e3o sobre a import\u00e2ncia do cuidado com a sa\u00fade. Al\u00e9m de mobilizar <a href=\"https:\/\/www.correiobraziliense.com.br\/cbradar\/dr-baltazar-leao-neurocirurgiao-o-sintoma-mais-ignorado-que-pode-indicar-tumor-cerebral\/\" target=\"_blank\" rel=\"noreferrer noopener\">mem\u00f3rias <\/a>afetivas atrav\u00e9s de suas can\u00e7\u00f5es, sua partida refor\u00e7a a necessidade de promo\u00e7\u00e3o de pr\u00e1ticas saud\u00e1veis para melhorar a longevidade e a qualidade de vida.<\/p>\n\n\n<a href=\"https:\/\/www.instagram.com\/dra.annaluisabf\/\" target=\"_blank\" rel=\"noopener\" style=\"text-decoration: none; color: inherit;\">\n    <span style=\"display: inline-block; border: 1px solid #ccc; border-radius: 10px; padding: 15px; max-width: 550px; font-family: sans-serif; box-shadow: 0 2px 5px rgba(0,0,0,0.1); width: 100%;\">\n\n      <!-- T\u00edtulo -->\n      <span style=\"display: block; margin: 0 0 15px 0; font-weight: bold; color: #2c3e50; text-align: center;\">\n        Entre em contato:\n      <\/span>\n\n      <!-- Linha do perfil -->\n      <span style=\"display: flex; align-items: center; gap: 15px;\">\n        <img decoding=\"async\"\n          src=\"https:\/\/www.correiobraziliense.com.br\/cbradar\/wp-content\/uploads\/2025\/08\/dra_anna_luisa.jpeg\"\n          alt=\"Foto da Dra. Anna Lu\u00edsa\"\n          style=\"border-radius: 50%; width: 80px; height: 80px; object-fit: cover;\"\n        \/>\n        <span style=\"display: flex; flex-direction: column;\">\n          <span style=\"font-size: 18px; font-weight: 700; color: #2c3e50;\">Dra. Anna Lu\u00edsa Barbosa Fernandes<\/span>\n          <span style=\"color: #555;\">CRM-GO 33.271<\/span>\n        <\/span>\n      <\/span>\n\n      <!-- Redes -->\n      <span style=\"display: flex; align-items: center; gap: 10px; margin-top: 12px;\">\n        <img decoding=\"async\" src=\"https:\/\/cdn-icons-png.flaticon.com\/24\/1384\/1384063.png\" alt=\"Instagram\" width=\"24\" height=\"24\" \/>\n        <span style=\"text-decoration: underline; color: #2c3e50;\">@dra.annaluisabf<\/span>\n      <\/span>\n\n    <\/span>\n  <\/a>\n\n\n<p><\/p>\n","protected":false},"excerpt":{"rendered":"<p>O mundo da m\u00fasica brasileira sofreu uma perda significativa com o falecimento da renomada cantora Angela Ro Ro. Aos 75 anos, Angela deixou um legado valioso que atravessa gera\u00e7\u00f5es. Ela estava internada devido a uma infec\u00e7\u00e3o pulmonar grave, condi\u00e7\u00e3o que acabou levando a complica\u00e7\u00f5es irrevers\u00edveis e, consequentemente, ao seu falecimento. Durante o per\u00edodo em que [&hellip;]<\/p>\n","protected":false},"author":14,"featured_media":100865,"comment_status":"open","ping_status":"open","sticky":false,"template":"","format":"standard","meta":{"_yoast_wpseo_focuskw":"Angela Ro Ro","_yoast_wpseo_title":"","_yoast_wpseo_metadesc":"A perda de Angela Ro Ro aos 75 anos reacende o alerta sobre os perigos da infec\u00e7\u00e3o pulmonar em idosos. Entenda os riscos e como se prevenir","jnews-multi-image_gallery":[],"jnews_single_post":{"format":"standard"},"jnews_primary_category":[],"jnews_social_meta":[],"jnews_override_counter":[],"footnotes":""},"categories":[4404],"post_tag":[281,120,225,1318],"class_list":["post-100816","post","type-post","status-publish","format-standard","has-post-thumbnail","hentry","category-saude","tag-alimentacao","tag-bem-estar","tag-brasil","tag-saude-2"],"yoast_head":"<!-- This site is optimized with the Yoast SEO plugin v24.6 - https:\/\/yoast.com\/wordpress\/plugins\/seo\/ -->\n<title>O alerta de sa\u00fade por tr\u00e1s da morte de Angela Ro Ro - Correio Braziliense - Radar<\/title>\n<meta name=\"description\" content=\"A perda de Angela Ro Ro aos 75 anos reacende o alerta sobre os perigos da infec\u00e7\u00e3o pulmonar em idosos. Entenda os riscos e como se prevenir\" \/>\n<meta name=\"robots\" content=\"index, follow, max-snippet:-1, max-image-preview:large, max-video-preview:-1\" \/>\n<link rel=\"canonical\" href=\"https:\/\/www.correiobraziliense.com.br\/cbradar\/o-alerta-de-saude-por-tras-da-morte-de-angela-ro-ro\/\" \/>\n<meta property=\"og:locale\" content=\"pt_BR\" \/>\n<meta property=\"og:type\" content=\"article\" \/>\n<meta property=\"og:title\" content=\"O alerta de sa\u00fade por tr\u00e1s da morte de Angela Ro Ro - Correio Braziliense - Radar\" \/>\n<meta property=\"og:description\" content=\"A perda de Angela Ro Ro aos 75 anos reacende o alerta sobre os perigos da infec\u00e7\u00e3o pulmonar em idosos. Entenda os riscos e como se prevenir\" \/>\n<meta property=\"og:url\" content=\"https:\/\/www.correiobraziliense.com.br\/cbradar\/o-alerta-de-saude-por-tras-da-morte-de-angela-ro-ro\/\" \/>\n<meta property=\"og:site_name\" content=\"Correio Braziliense - Radar\" \/>\n<meta property=\"article:published_time\" content=\"2025-09-09T11:03:00+00:00\" \/>\n<meta name=\"author\" content=\"guilherme_saude\" \/>\n<meta name=\"twitter:card\" content=\"summary_large_image\" \/>\n<meta name=\"twitter:label1\" content=\"Escrito por\" \/>\n\t<meta name=\"twitter:data1\" content=\"guilherme_saude\" \/>\n\t<meta name=\"twitter:label2\" content=\"Est. tempo de leitura\" \/>\n\t<meta name=\"twitter:data2\" content=\"4 minutos\" \/>\n<!-- \/ Yoast SEO plugin. -->","yoast_head_json":{"title":"O alerta de sa\u00fade por tr\u00e1s da morte de Angela Ro Ro - Correio Braziliense - Radar","description":"A perda de Angela Ro Ro aos 75 anos reacende o alerta sobre os perigos da infec\u00e7\u00e3o pulmonar em idosos. Entenda os riscos e como se prevenir","robots":{"index":"index","follow":"follow","max-snippet":"max-snippet:-1","max-image-preview":"max-image-preview:large","max-video-preview":"max-video-preview:-1"},"canonical":"https:\/\/www.correiobraziliense.com.br\/cbradar\/o-alerta-de-saude-por-tras-da-morte-de-angela-ro-ro\/","og_locale":"pt_BR","og_type":"article","og_title":"O alerta de sa\u00fade por tr\u00e1s da morte de Angela Ro Ro - Correio Braziliense - Radar","og_description":"A perda de Angela Ro Ro aos 75 anos reacende o alerta sobre os perigos da infec\u00e7\u00e3o pulmonar em idosos. Entenda os riscos e como se prevenir","og_url":"https:\/\/www.correiobraziliense.com.br\/cbradar\/o-alerta-de-saude-por-tras-da-morte-de-angela-ro-ro\/","og_site_name":"Correio Braziliense - Radar","article_published_time":"2025-09-09T11:03:00+00:00","author":"guilherme_saude","twitter_card":"summary_large_image","twitter_misc":{"Escrito por":"guilherme_saude","Est. tempo de leitura":"4 minutos"},"schema":{"@context":"https:\/\/schema.org","@graph":[{"@type":"WebPage","@id":"https:\/\/www.correiobraziliense.com.br\/cbradar\/o-alerta-de-saude-por-tras-da-morte-de-angela-ro-ro\/","url":"https:\/\/www.correiobraziliense.com.br\/cbradar\/o-alerta-de-saude-por-tras-da-morte-de-angela-ro-ro\/","name":"O alerta de sa\u00fade por tr\u00e1s da morte de Angela Ro Ro - Correio Braziliense - Radar","isPartOf":{"@id":"https:\/\/www.correiobraziliense.com.br\/cbradar\/#website"},"primaryImageOfPage":{"@id":"https:\/\/www.correiobraziliense.com.br\/cbradar\/o-alerta-de-saude-por-tras-da-morte-de-angela-ro-ro\/#primaryimage"},"image":{"@id":"https:\/\/www.correiobraziliense.com.br\/cbradar\/o-alerta-de-saude-por-tras-da-morte-de-angela-ro-ro\/#primaryimage"},"thumbnailUrl":"https:\/\/www.correiobraziliense.com.br\/cbradar\/wp-content\/uploads\/2025\/09\/entretenimento-angelaroro-1712895312.avif","datePublished":"2025-09-09T11:03:00+00:00","author":{"@id":"https:\/\/www.correiobraziliense.com.br\/cbradar\/#\/schema\/person\/5aa4bf3c8fa699c267933611de12978b"},"description":"A perda de Angela Ro Ro aos 75 anos reacende o alerta sobre os perigos da infec\u00e7\u00e3o pulmonar em idosos. Entenda os riscos e como se prevenir","breadcrumb":{"@id":"https:\/\/www.correiobraziliense.com.br\/cbradar\/o-alerta-de-saude-por-tras-da-morte-de-angela-ro-ro\/#breadcrumb"},"inLanguage":"pt-BR","potentialAction":[{"@type":"ReadAction","target":["https:\/\/www.correiobraziliense.com.br\/cbradar\/o-alerta-de-saude-por-tras-da-morte-de-angela-ro-ro\/"]}]},{"@type":"ImageObject","inLanguage":"pt-BR","@id":"https:\/\/www.correiobraziliense.com.br\/cbradar\/o-alerta-de-saude-por-tras-da-morte-de-angela-ro-ro\/#primaryimage","url":"https:\/\/www.correiobraziliense.com.br\/cbradar\/wp-content\/uploads\/2025\/09\/entretenimento-angelaroro-1712895312.avif","contentUrl":"https:\/\/www.correiobraziliense.com.br\/cbradar\/wp-content\/uploads\/2025\/09\/entretenimento-angelaroro-1712895312.avif","width":1200,"height":837,"caption":"Angela Ro Ro - Foto: Eduardo Moraes\/Divulga\u00e7\u00e3o"},{"@type":"BreadcrumbList","@id":"https:\/\/www.correiobraziliense.com.br\/cbradar\/o-alerta-de-saude-por-tras-da-morte-de-angela-ro-ro\/#breadcrumb","itemListElement":[{"@type":"ListItem","position":1,"name":"In\u00edcio","item":"https:\/\/www.correiobraziliense.com.br\/cbradar\/"},{"@type":"ListItem","position":2,"name":"O alerta de sa\u00fade por tr\u00e1s da morte de Angela Ro Ro"}]},{"@type":"WebSite","@id":"https:\/\/www.correiobraziliense.com.br\/cbradar\/#website","url":"https:\/\/www.correiobraziliense.com.br\/cbradar\/","name":"Correio Braziliense - Radar","description":"Acompanhe as \u00faltimas not\u00edcias e fique bem informado sobre tudo o que acontece no Brasil e no mundo.","potentialAction":[{"@type":"SearchAction","target":{"@type":"EntryPoint","urlTemplate":"https:\/\/www.correiobraziliense.com.br\/cbradar\/?s={search_term_string}"},"query-input":{"@type":"PropertyValueSpecification","valueRequired":true,"valueName":"search_term_string"}}],"inLanguage":"pt-BR"},{"@type":"Person","@id":"https:\/\/www.correiobraziliense.com.br\/cbradar\/#\/schema\/person\/5aa4bf3c8fa699c267933611de12978b","name":"guilherme_saude","image":{"@type":"ImageObject","inLanguage":"pt-BR","@id":"https:\/\/www.correiobraziliense.com.br\/cbradar\/#\/schema\/person\/image\/","url":"https:\/\/secure.gravatar.com\/avatar\/df9adfb835d344bc0af109d41756253f?s=96&d=mm&r=g","contentUrl":"https:\/\/secure.gravatar.com\/avatar\/df9adfb835d344bc0af109d41756253f?s=96&d=mm&r=g","caption":"guilherme_saude"},"url":"https:\/\/www.correiobraziliense.com.br\/cbradar\/author\/guilherme_saude\/"}]}},"_links":{"self":[{"href":"https:\/\/www.correiobraziliense.com.br\/cbradar\/wp-json\/wp\/v2\/posts\/100816","targetHints":{"allow":["GET"]}}],"collection":[{"href":"https:\/\/www.correiobraziliense.com.br\/cbradar\/wp-json\/wp\/v2\/posts"}],"about":[{"href":"https:\/\/www.correiobraziliense.com.br\/cbradar\/wp-json\/wp\/v2\/types\/post"}],"author":[{"embeddable":true,"href":"https:\/\/www.correiobraziliense.com.br\/cbradar\/wp-json\/wp\/v2\/users\/14"}],"replies":[{"embeddable":true,"href":"https:\/\/www.correiobraziliense.com.br\/cbradar\/wp-json\/wp\/v2\/comments?post=100816"}],"version-history":[{"count":1,"href":"https:\/\/www.correiobraziliense.com.br\/cbradar\/wp-json\/wp\/v2\/posts\/100816\/revisions"}],"predecessor-version":[{"id":100890,"href":"https:\/\/www.correiobraziliense.com.br\/cbradar\/wp-json\/wp\/v2\/posts\/100816\/revisions\/100890"}],"wp:featuredmedia":[{"embeddable":true,"href":"https:\/\/www.correiobraziliense.com.br\/cbradar\/wp-json\/wp\/v2\/media\/100865"}],"wp:attachment":[{"href":"https:\/\/www.correiobraziliense.com.br\/cbradar\/wp-json\/wp\/v2\/media?parent=100816"}],"wp:term":[{"taxonomy":"category","embeddable":true,"href":"https:\/\/www.correiobraziliense.com.br\/cbradar\/wp-json\/wp\/v2\/categories?post=100816"},{"taxonomy":"post_tag","embeddable":true,"href":"https:\/\/www.correiobraziliense.com.br\/cbradar\/wp-json\/wp\/v2\/post_tag?post=100816"}],"curies":[{"name":"wp","href":"https:\/\/api.w.org\/{rel}","templated":true}]}}