{"id":100853,"date":"2025-09-09T10:03:00","date_gmt":"2025-09-09T13:03:00","guid":{"rendered":"https:\/\/www.correiobraziliense.com.br\/cbradar\/?p=100853"},"modified":"2025-09-08T17:26:13","modified_gmt":"2025-09-08T20:26:13","slug":"13-tipos-de-raiva-que-realmente-sao-boas-para-nos","status":"publish","type":"post","link":"https:\/\/www.correiobraziliense.com.br\/cbradar\/13-tipos-de-raiva-que-realmente-sao-boas-para-nos\/","title":{"rendered":"13 tipos de raiva que realmente s\u00e3o boas para n\u00f3s"},"content":{"rendered":"\n<p>Raiva muitas vezes recebe uma m\u00e1 reputa\u00e7\u00e3o, mas voc\u00ea sabia que ela nem sempre \u00e9 a vil\u00e3 em sua hist\u00f3ria emocional? Acredite ou n\u00e3o, <strong>a raiva<\/strong> pode ser ben\u00e9fica e at\u00e9 mesmo necess\u00e1ria em certas situa\u00e7\u00f5es. Ela pode impulsionar mudan\u00e7as, construir resili\u00eancia e trazer clareza para situa\u00e7\u00f5es complexas. Entender os diferentes tipos de raiva e como eles podem trabalhar a seu favor pode mudar sua perspectiva.<\/p>\n\n\n\n<ul class=\"wp-block-list\">\n<li>A <strong>raiva de defini\u00e7\u00e3o de limites<\/strong> ajuda a proteger seu espa\u00e7o pessoal.<\/li>\n\n\n\n<li>A <strong>raiva motivacional<\/strong> impulsiona mudan\u00e7as em momentos de insatisfa\u00e7\u00e3o.<\/li>\n\n\n\n<li>A <strong>raiva criativa<\/strong> pode ser canalizada para impulsionar a inova\u00e7\u00e3o.<\/li>\n<\/ul>\n\n\n\n<h2 class=\"wp-block-heading\">O que \u00e9 a raiva de defini\u00e7\u00e3o de limites?<\/h2>\n\n\n\n<p>A <strong>raiva de defini\u00e7\u00e3o de limites<\/strong> surge quando algu\u00e9m cruza um limite que voc\u00ea estabeleceu. Funciona como um mecanismo de defesa natural, alertando voc\u00ea sobre viola\u00e7\u00f5es e incitando uma a\u00e7\u00e3o. Segundo <strong>Dr. Leslie Becker-Phelps<\/strong>, reconhecer esse tipo de raiva pode ajudar voc\u00ea a expressar suas necessidades de maneira eficaz sem gerar conflitos desnecess\u00e1rios. Ao abra\u00e7ar essa raiva, \u00e9 poss\u00edvel estabelecer um equil\u00edbrio saud\u00e1vel entre si mesmo e os outros, promovendo respeito em seus relacionamentos.<\/p>\n\n\n\n<h2 class=\"wp-block-heading\">Como a raiva motivacional pode impulsionar mudan\u00e7as?<\/h2>\n\n\n\n<p>A <strong>raiva motivacional<\/strong> leva voc\u00ea \u00e0 a\u00e7\u00e3o, especialmente quando se sente preso ou insatisfeito. Ela canaliza suas frustra\u00e7\u00f5es em passos proativos, permitindo que voc\u00ea assuma o controle das circunst\u00e2ncias e estabele\u00e7a novos objetivos. Ao reconhecer a ra\u00edz dessa raiva, \u00e9 poss\u00edvel transform\u00e1-la em uma for\u00e7a para o <strong>autodesenvolvimento<\/strong> e <strong>aperfei\u00e7oamento<\/strong>.<\/p>\n\n\n\n<h2 class=\"wp-block-heading\">Raiva apaixonada pode ser ben\u00e9fica?<\/h2>\n\n\n\n<p>A <strong>raiva apaixonada<\/strong> surge quando voc\u00ea se importa profundamente com algo ou algu\u00e9m, frequentemente ligada a um senso de injusti\u00e7a. Segundo Dr. John Gottman, essas emo\u00e7\u00f5es intensas podem melhorar a comunica\u00e7\u00e3o e, se expressas de forma construtiva, aproximar ainda mais os casais. Essa intensidade pode conduzir a conversas significativas e solucionar ou melhorar relacionamentos.<\/p>\n\n\n\n<p>A <strong>raiva protetora<\/strong> \u00e9 ativada quando voc\u00ea percebe uma amea\u00e7a a algu\u00e9m que ama, levando a a\u00e7\u00f5es r\u00e1pidas e decisivas. Enquanto esse tipo de raiva pode, por vezes, resultar em atitudes impulsivas, tamb\u00e9m promove vigil\u00e2ncia e prontid\u00e3o, fortalecendo sua determina\u00e7\u00e3o em prover um ambiente seguro para seus entes queridos.<\/p>\n\n\n\n<h2 class=\"wp-block-heading\">Por que a raiva justa inspira a mudan\u00e7a social?<\/h2>\n\n\n\n<p>A <strong>raiva justa<\/strong> emerge frente a injusti\u00e7as e impulsiona a a\u00e7\u00e3o. Dr. Martin Luther King Jr. falou sobre como essa raiva pode incitar mudan\u00e7as sociais e elevar a moralidade da sociedade. \u00c9 uma for\u00e7a construtiva que impulsiona a defesa de causas relevantes e a luta por igualdade e humanidade.<\/p>\n\n\n\n<figure class=\"wp-block-image size-large\"><img decoding=\"async\" width=\"1024\" height=\"576\" src=\"https:\/\/www.correiobraziliense.com.br\/cbradar\/wp-content\/uploads\/2025\/09\/pessoa-com-raiva_1757363123013-1024x576.jpg\" alt=\"13 tipos de raiva que realmente s\u00e3o boas para n\u00f3s\" class=\"wp-image-100863\" srcset=\"https:\/\/www.correiobraziliense.com.br\/cbradar\/wp-content\/uploads\/2025\/09\/pessoa-com-raiva_1757363123013-1024x576.jpg 1024w, https:\/\/www.correiobraziliense.com.br\/cbradar\/wp-content\/uploads\/2025\/09\/pessoa-com-raiva_1757363123013-300x169.jpg 300w, https:\/\/www.correiobraziliense.com.br\/cbradar\/wp-content\/uploads\/2025\/09\/pessoa-com-raiva_1757363123013-768x432.jpg 768w, https:\/\/www.correiobraziliense.com.br\/cbradar\/wp-content\/uploads\/2025\/09\/pessoa-com-raiva_1757363123013-750x422.jpg 750w, https:\/\/www.correiobraziliense.com.br\/cbradar\/wp-content\/uploads\/2025\/09\/pessoa-com-raiva_1757363123013-1140x641.jpg 1140w, https:\/\/www.correiobraziliense.com.br\/cbradar\/wp-content\/uploads\/2025\/09\/pessoa-com-raiva_1757363123013.jpg 1280w\" sizes=\"(max-width: 1024px) 100vw, 1024px\" \/><figcaption class=\"wp-element-caption\">pessoa com raiva. Cr\u00e9ditos: depositphotos.com \/ VaDrobotBO<\/figcaption><\/figure>\n\n\n\n<h2 class=\"wp-block-heading\">Como a raiva autorreferencial promove o crescimento pessoal?<\/h2>\n\n\n\n<p>A <strong>raiva autorreferencial<\/strong>, geralmente dirigida para dentro, \u00e9 um sinal de que voc\u00ea reconhece a necessidade de crescimento pessoal. Essa raiva incita introspec\u00e7\u00e3o e autoaperfei\u00e7oamento, permitindo que voc\u00ea aprenda com seus erros e se comprometa a se tornar a melhor vers\u00e3o de si mesmo.<\/p>\n\n\n\n<h2 class=\"wp-block-heading\">Raiva criativa estimula a inova\u00e7\u00e3o?<\/h2>\n\n\n\n<p>A <strong>raiva criativa<\/strong> \u00e9 uma rea\u00e7\u00e3o emocional que estimula suas atividades art\u00edsticas ou inovadoras. De acordo com um estudo publicado no Journal of Personality and Social Psychology, esta raiva pode melhorar a performance cognitiva e as habilidades de resolu\u00e7\u00e3o de problemas, desafiando voc\u00ea a pensar fora da caixa e transformar emo\u00e7\u00f5es intensas em algo tang\u00edvel.<\/p>\n\n\n\n<h2 class=\"wp-block-heading\">Que pap\u00e9is a raiva restauradora pode desempenhar?<\/h2>\n\n\n\n<p>A <strong>raiva restauradora<\/strong> tem como objetivo consertar relacionamentos e tratar ressentimentos de maneira construtiva. Quando abordada de forma sensata, esta raiva pode ser uma ferramenta para reconcilia\u00e7\u00e3o e crescimento, aproximando-se de solu\u00e7\u00f5es ao inv\u00e9s de culpas.<\/p>\n\n\n\n<h2 class=\"wp-block-heading\">Como a raiva empoderadora fomenta a autodefesa?<\/h2>\n\n\n\n<p>A <strong>raiva empoderadora<\/strong> emerge quando voc\u00ea se sente marginalizado ou subestimado. \u00c9 a voz interna que se recusa a se calar, levando \u00e0 autodefesa e empoderamento, motivando-o a superar limita\u00e7\u00f5es e buscar o respeito e as oportunidades que merece.<\/p>\n\n\n\n<h2 class=\"wp-block-heading\">Qual \u00e9 o impacto da raiva adaptativa na supera\u00e7\u00e3o de desafios?<\/h2>\n\n\n\n<p>A <strong>raiva adaptativa<\/strong> auxilia na adapta\u00e7\u00e3o a circunst\u00e2ncias mut\u00e1veis e desafios inesperados, sinalizando a necessidade de flexibilidade e inova\u00e7\u00e3o. Ao abra\u00e7ar essa raiva, voc\u00ea transforma contratempos em degraus para o crescimento e o desenvolvimento.<\/p>\n\n\n\n<h2 class=\"wp-block-heading\">Raiva assertiva pode melhorar a comunica\u00e7\u00e3o?<\/h2>\n\n\n\n<p>A <strong>raiva assertiva<\/strong> caracteriza-se pela comunica\u00e7\u00e3o clara e pela confian\u00e7a para expressar suas necessidades. Permite que voc\u00ea articule seus sentimentos e fronteiras efetivamente, assegurando que sua voz seja ouvida e respeitada.<\/p>\n\n\n\n<h2 class=\"wp-block-heading\">Conclus\u00f5es e aprendizados<\/h2>\n\n\n\n<ul class=\"wp-block-list\">\n<li>A raiva, quando compreendida e utilizada construtivamente, pode ser uma aliada no crescimento pessoal e social.<\/li>\n\n\n\n<li>Cada tipo de raiva tem um papel espec\u00edfico, como motivar mudan\u00e7as ou proteger quem voc\u00ea ama.<\/li>\n\n\n\n<li>Transformar emo\u00e7\u00f5es intensas como a raiva pode levar ao autodesenvolvimento e a uma vida mais plena.<\/li>\n<\/ul>\n","protected":false},"excerpt":{"rendered":"<p>Descubra os diferentes tipos de raiva e seus impactos positivos no seu crescimento e relacionamentos.<\/p>\n","protected":false},"author":3,"featured_media":100855,"comment_status":"open","ping_status":"open","sticky":false,"template":"","format":"standard","meta":{"jnews-multi-image_gallery":[],"jnews_single_post":{"format":"standard"},"jnews_primary_category":[],"jnews_social_meta":[],"jnews_override_counter":[],"footnotes":""},"categories":[112],"post_tag":[144,404,5695],"class_list":["post-100853","post","type-post","status-publish","format-standard","has-post-thumbnail","hentry","category-curiosidades","tag-curiosidades","tag-psicologia","tag-raiva"],"yoast_head":"<!-- This site is optimized with the Yoast SEO plugin v24.6 - https:\/\/yoast.com\/wordpress\/plugins\/seo\/ -->\n<title>13 tipos de raiva que realmente s\u00e3o boas para n\u00f3s<\/title>\n<meta name=\"description\" content=\"Descubra os diferentes tipos de raiva e seus impactos positivos no seu crescimento e relacionamentos.\" \/>\n<meta name=\"robots\" content=\"index, follow, max-snippet:-1, max-image-preview:large, max-video-preview:-1\" \/>\n<link rel=\"canonical\" href=\"https:\/\/www.correiobraziliense.com.br\/cbradar\/13-tipos-de-raiva-que-realmente-sao-boas-para-nos\/\" \/>\n<meta property=\"og:locale\" content=\"pt_BR\" \/>\n<meta property=\"og:type\" content=\"article\" \/>\n<meta property=\"og:title\" content=\"13 tipos de raiva que realmente s\u00e3o boas para n\u00f3s\" \/>\n<meta property=\"og:description\" content=\"Descubra os diferentes tipos de raiva e seus impactos positivos no seu crescimento e relacionamentos.\" \/>\n<meta property=\"og:url\" content=\"https:\/\/www.correiobraziliense.com.br\/cbradar\/13-tipos-de-raiva-que-realmente-sao-boas-para-nos\/\" \/>\n<meta property=\"og:site_name\" content=\"Correio Braziliense - Radar\" \/>\n<meta property=\"article:published_time\" content=\"2025-09-09T13:03:00+00:00\" \/>\n<meta property=\"og:image\" content=\"https:\/\/www.correiobraziliense.com.br\/cbradar\/wp-content\/uploads\/2025\/09\/pessoa-com-raiva_1757362970324.jpg\" \/>\n\t<meta property=\"og:image:width\" content=\"1280\" \/>\n\t<meta property=\"og:image:height\" content=\"720\" \/>\n\t<meta property=\"og:image:type\" content=\"image\/jpeg\" \/>\n<meta name=\"author\" content=\"Larissa Carvalho\" \/>\n<meta name=\"twitter:card\" content=\"summary_large_image\" \/>\n<meta name=\"twitter:label1\" content=\"Escrito por\" \/>\n\t<meta name=\"twitter:data1\" content=\"Larissa Carvalho\" \/>\n\t<meta name=\"twitter:label2\" content=\"Est. tempo de leitura\" \/>\n\t<meta name=\"twitter:data2\" content=\"5 minutos\" \/>\n<!-- \/ Yoast SEO plugin. -->","yoast_head_json":{"title":"13 tipos de raiva que realmente s\u00e3o boas para n\u00f3s","description":"Descubra os diferentes tipos de raiva e seus impactos positivos no seu crescimento e relacionamentos.","robots":{"index":"index","follow":"follow","max-snippet":"max-snippet:-1","max-image-preview":"max-image-preview:large","max-video-preview":"max-video-preview:-1"},"canonical":"https:\/\/www.correiobraziliense.com.br\/cbradar\/13-tipos-de-raiva-que-realmente-sao-boas-para-nos\/","og_locale":"pt_BR","og_type":"article","og_title":"13 tipos de raiva que realmente s\u00e3o boas para n\u00f3s","og_description":"Descubra os diferentes tipos de raiva e seus impactos positivos no seu crescimento e relacionamentos.","og_url":"https:\/\/www.correiobraziliense.com.br\/cbradar\/13-tipos-de-raiva-que-realmente-sao-boas-para-nos\/","og_site_name":"Correio Braziliense - Radar","article_published_time":"2025-09-09T13:03:00+00:00","og_image":[{"width":1280,"height":720,"url":"https:\/\/www.correiobraziliense.com.br\/cbradar\/wp-content\/uploads\/2025\/09\/pessoa-com-raiva_1757362970324.jpg","type":"image\/jpeg"}],"author":"Larissa Carvalho","twitter_card":"summary_large_image","twitter_misc":{"Escrito por":"Larissa Carvalho","Est. tempo de leitura":"5 minutos"},"schema":{"@context":"https:\/\/schema.org","@graph":[{"@type":"WebPage","@id":"https:\/\/www.correiobraziliense.com.br\/cbradar\/13-tipos-de-raiva-que-realmente-sao-boas-para-nos\/","url":"https:\/\/www.correiobraziliense.com.br\/cbradar\/13-tipos-de-raiva-que-realmente-sao-boas-para-nos\/","name":"13 tipos de raiva que realmente s\u00e3o boas para n\u00f3s","isPartOf":{"@id":"https:\/\/www.correiobraziliense.com.br\/cbradar\/#website"},"primaryImageOfPage":{"@id":"https:\/\/www.correiobraziliense.com.br\/cbradar\/13-tipos-de-raiva-que-realmente-sao-boas-para-nos\/#primaryimage"},"image":{"@id":"https:\/\/www.correiobraziliense.com.br\/cbradar\/13-tipos-de-raiva-que-realmente-sao-boas-para-nos\/#primaryimage"},"thumbnailUrl":"https:\/\/www.correiobraziliense.com.br\/cbradar\/wp-content\/uploads\/2025\/09\/pessoa-com-raiva_1757362970324.jpg","datePublished":"2025-09-09T13:03:00+00:00","author":{"@id":"https:\/\/www.correiobraziliense.com.br\/cbradar\/#\/schema\/person\/58422787644df994b53a19d3e56c1513"},"description":"Descubra os diferentes tipos de raiva e seus impactos positivos no seu crescimento e relacionamentos.","breadcrumb":{"@id":"https:\/\/www.correiobraziliense.com.br\/cbradar\/13-tipos-de-raiva-que-realmente-sao-boas-para-nos\/#breadcrumb"},"inLanguage":"pt-BR","potentialAction":[{"@type":"ReadAction","target":["https:\/\/www.correiobraziliense.com.br\/cbradar\/13-tipos-de-raiva-que-realmente-sao-boas-para-nos\/"]}]},{"@type":"ImageObject","inLanguage":"pt-BR","@id":"https:\/\/www.correiobraziliense.com.br\/cbradar\/13-tipos-de-raiva-que-realmente-sao-boas-para-nos\/#primaryimage","url":"https:\/\/www.correiobraziliense.com.br\/cbradar\/wp-content\/uploads\/2025\/09\/pessoa-com-raiva_1757362970324.jpg","contentUrl":"https:\/\/www.correiobraziliense.com.br\/cbradar\/wp-content\/uploads\/2025\/09\/pessoa-com-raiva_1757362970324.jpg","width":1280,"height":720,"caption":"pessoa com raiva. Cr\u00e9ditos: depositphotos.com \/ TarasMalyarevich"},{"@type":"BreadcrumbList","@id":"https:\/\/www.correiobraziliense.com.br\/cbradar\/13-tipos-de-raiva-que-realmente-sao-boas-para-nos\/#breadcrumb","itemListElement":[{"@type":"ListItem","position":1,"name":"In\u00edcio","item":"https:\/\/www.correiobraziliense.com.br\/cbradar\/"},{"@type":"ListItem","position":2,"name":"13 tipos de raiva que realmente s\u00e3o boas para n\u00f3s"}]},{"@type":"WebSite","@id":"https:\/\/www.correiobraziliense.com.br\/cbradar\/#website","url":"https:\/\/www.correiobraziliense.com.br\/cbradar\/","name":"Correio Braziliense - Radar","description":"Acompanhe as \u00faltimas not\u00edcias e fique bem informado sobre tudo o que acontece no Brasil e no mundo.","potentialAction":[{"@type":"SearchAction","target":{"@type":"EntryPoint","urlTemplate":"https:\/\/www.correiobraziliense.com.br\/cbradar\/?s={search_term_string}"},"query-input":{"@type":"PropertyValueSpecification","valueRequired":true,"valueName":"search_term_string"}}],"inLanguage":"pt-BR"},{"@type":"Person","@id":"https:\/\/www.correiobraziliense.com.br\/cbradar\/#\/schema\/person\/58422787644df994b53a19d3e56c1513","name":"Larissa Carvalho","image":{"@type":"ImageObject","inLanguage":"pt-BR","@id":"https:\/\/www.correiobraziliense.com.br\/cbradar\/#\/schema\/person\/image\/","url":"https:\/\/secure.gravatar.com\/avatar\/fe4f91a0de32b52a838d0d612abdc1aa?s=96&d=mm&r=g","contentUrl":"https:\/\/secure.gravatar.com\/avatar\/fe4f91a0de32b52a838d0d612abdc1aa?s=96&d=mm&r=g","caption":"Larissa Carvalho"},"url":"https:\/\/www.correiobraziliense.com.br\/cbradar\/author\/larissamyth\/"}]}},"_links":{"self":[{"href":"https:\/\/www.correiobraziliense.com.br\/cbradar\/wp-json\/wp\/v2\/posts\/100853","targetHints":{"allow":["GET"]}}],"collection":[{"href":"https:\/\/www.correiobraziliense.com.br\/cbradar\/wp-json\/wp\/v2\/posts"}],"about":[{"href":"https:\/\/www.correiobraziliense.com.br\/cbradar\/wp-json\/wp\/v2\/types\/post"}],"author":[{"embeddable":true,"href":"https:\/\/www.correiobraziliense.com.br\/cbradar\/wp-json\/wp\/v2\/users\/3"}],"replies":[{"embeddable":true,"href":"https:\/\/www.correiobraziliense.com.br\/cbradar\/wp-json\/wp\/v2\/comments?post=100853"}],"version-history":[{"count":2,"href":"https:\/\/www.correiobraziliense.com.br\/cbradar\/wp-json\/wp\/v2\/posts\/100853\/revisions"}],"predecessor-version":[{"id":100864,"href":"https:\/\/www.correiobraziliense.com.br\/cbradar\/wp-json\/wp\/v2\/posts\/100853\/revisions\/100864"}],"wp:featuredmedia":[{"embeddable":true,"href":"https:\/\/www.correiobraziliense.com.br\/cbradar\/wp-json\/wp\/v2\/media\/100855"}],"wp:attachment":[{"href":"https:\/\/www.correiobraziliense.com.br\/cbradar\/wp-json\/wp\/v2\/media?parent=100853"}],"wp:term":[{"taxonomy":"category","embeddable":true,"href":"https:\/\/www.correiobraziliense.com.br\/cbradar\/wp-json\/wp\/v2\/categories?post=100853"},{"taxonomy":"post_tag","embeddable":true,"href":"https:\/\/www.correiobraziliense.com.br\/cbradar\/wp-json\/wp\/v2\/post_tag?post=100853"}],"curies":[{"name":"wp","href":"https:\/\/api.w.org\/{rel}","templated":true}]}}