{"id":10119,"date":"2025-03-10T18:50:00","date_gmt":"2025-03-10T21:50:00","guid":{"rendered":"https:\/\/www.correiobraziliense.com.br\/cbradar\/?p=10119"},"modified":"2025-03-07T03:56:58","modified_gmt":"2025-03-07T06:56:58","slug":"honor-lanca-fones-de-ouvido-que-fazem-traducao-com-uso-de-ia","status":"publish","type":"post","link":"https:\/\/www.correiobraziliense.com.br\/cbradar\/honor-lanca-fones-de-ouvido-que-fazem-traducao-com-uso-de-ia\/","title":{"rendered":"Honor lan\u00e7a fones de ouvido que fazem tradu\u00e7\u00e3o com uso de IA"},"content":{"rendered":"\n<p>A <strong>Honor<\/strong>, renomada fabricante de eletr\u00f4nicos, apresentou recentemente os novos fones de ouvido<strong> <a href=\"https:\/\/www.honor.com\/global\/audio\/honor-earbuds-open\/\" target=\"_blank\" rel=\"noreferrer noopener\">Honor Earbuds Open<\/a> <\/strong>durante o<strong> Mobile World Congress (MWC)<\/strong> <strong>2025<\/strong>, em <strong>Barcelona<\/strong>. Estes dispositivos destacam-se por integrar\u00a0<strong><a href=\"https:\/\/www.correiobraziliense.com.br\/cbradar\/youtube-vai-investir-em-ia-para-2025\/\" target=\"_blank\" rel=\"noreferrer noopener\">intelig\u00eancia artificial<\/a><\/strong>\u00a0para tradu\u00e7\u00e3o simult\u00e2nea, oferecendo uma solu\u00e7\u00e3o inovadora para comunica\u00e7\u00e3o em diferentes idiomas. Este recurso \u00e9 especialmente \u00fatil para viajantes e profissionais que precisam interagir com pessoas de diversas nacionalidades.<\/p>\n\n\n\n<p>Os <strong>Honor Earbuds Open<\/strong> s\u00e3o equipados com um circuito magn\u00e9tico de 16 mm e um algoritmo de graves virtuais, proporcionando uma experi\u00eancia sonora imersiva. Al\u00e9m disso, contam com<strong> Cancelamento Ativo de Ru\u00eddo (ANC) <\/strong>e <strong>Cancelamento de Ru\u00eddo Ambiental (ENC)<\/strong>, permitindo ao usu\u00e1rio escolher entre um \u00e1udio mais limpo ou um modo que minimiza as distra\u00e7\u00f5es em ambientes barulhentos.<\/p>\n\n\n\n<h2 class=\"wp-block-heading\"><strong>Quais s\u00e3o as especifica\u00e7\u00f5es t\u00e9cnicas dos Honor Earbuds Open?<\/strong><\/h2>\n\n\n\n<p>Os <strong>Honor Earbuds Open<\/strong> possuem especifica\u00e7\u00f5es t\u00e9cnicas impressionantes que garantem qualidade e conforto. Cada fone pesa apenas <strong>7,9g <\/strong>e mede <strong>4,92 x 3,95 x 1,56 cm<\/strong>, enquanto o estojo pesa <strong>52,5g<\/strong> e mede <strong>8,04 x 6,10 x 2,04 cm<\/strong>. Com conectividade<strong> Bluetooth 5.2 <\/strong>e resist\u00eancia \u00e0 \u00e1gua <strong>IP54<\/strong>, os fones s\u00e3o ideais para uso di\u00e1rio. A bateria oferece at\u00e9 42 horas de uso com o estojo, e at\u00e9 seis horas de uso cont\u00ednuo, dependendo das fun\u00e7\u00f5es ativadas.<\/p>\n\n\n\n<p>O design dos fones \u00e9 aberto, com fixa\u00e7\u00e3o via silicone hipoalerg\u00eanico e estrutura de mem\u00f3ria de forma, garantindo conforto e seguran\u00e7a durante o uso, mesmo em atividades intensas. O recurso&nbsp;<strong>Find Earbuds<\/strong>&nbsp;permite localizar fones perdidos atrav\u00e9s do celular pareado, adicionando praticidade ao dia a dia.<\/p>\n\n\n<div class=\"wp-block-image\">\n<figure class=\"aligncenter size-large\"><img decoding=\"async\" width=\"1024\" height=\"576\" src=\"https:\/\/www.correiobraziliense.com.br\/cbradar\/wp-content\/uploads\/2025\/03\/62122d-4-1-1024x576.png\" alt=\"\" class=\"wp-image-10160\" srcset=\"https:\/\/www.correiobraziliense.com.br\/cbradar\/wp-content\/uploads\/2025\/03\/62122d-4-1-1024x576.png 1024w, https:\/\/www.correiobraziliense.com.br\/cbradar\/wp-content\/uploads\/2025\/03\/62122d-4-1-300x169.png 300w, https:\/\/www.correiobraziliense.com.br\/cbradar\/wp-content\/uploads\/2025\/03\/62122d-4-1-768x432.png 768w, https:\/\/www.correiobraziliense.com.br\/cbradar\/wp-content\/uploads\/2025\/03\/62122d-4-1-1536x864.png 1536w, https:\/\/www.correiobraziliense.com.br\/cbradar\/wp-content\/uploads\/2025\/03\/62122d-4-1-2048x1152.png 2048w, https:\/\/www.correiobraziliense.com.br\/cbradar\/wp-content\/uploads\/2025\/03\/62122d-4-1-750x422.png 750w, https:\/\/www.correiobraziliense.com.br\/cbradar\/wp-content\/uploads\/2025\/03\/62122d-4-1-1140x641.png 1140w\" sizes=\"(max-width: 1024px) 100vw, 1024px\" \/><figcaption class=\"wp-element-caption\">Honor Earbuds Open \/\/ Reprodu\u00e7\u00e3o: Honor (Foto\/Divulga\u00e7\u00e3o)<\/figcaption><\/figure><\/div>\n\n\n<h2 class=\"wp-block-heading\"><strong>Como funciona a tradu\u00e7\u00e3o por IA nos Honor Earbuds Open?<\/strong><\/h2>\n\n\n\n<p>O recurso de tradu\u00e7\u00e3o por intelig\u00eancia artificial dos <strong>Honor Earbuds Open <\/strong>suporta 15 idiomas e opera em tempo real, sem necessidade de ativa\u00e7\u00e3o manual. O sistema oferece tr\u00eas modos de funcionamento:<\/p>\n\n\n\n<ul class=\"wp-block-list\">\n<li><strong>Modo Compartilhado:<\/strong>\u00a0Permite que duas pessoas conversem em idiomas diferentes, com tradu\u00e7\u00e3o realizada nos fones de cada participante.<\/li>\n\n\n\n<li><strong>Modo Exclusivo:<\/strong>\u00a0A tradu\u00e7\u00e3o de uma fala \u00e9 reproduzida nos alto-falantes do smartphone pareado.<\/li>\n\n\n\n<li><strong>Interpreta\u00e7\u00e3o Simult\u00e2nea:<\/strong>\u00a0Realiza tradu\u00e7\u00e3o em tempo real durante palestras ou aulas, sem interrup\u00e7\u00f5es.<\/li>\n<\/ul>\n\n\n\n<p>Os fones est\u00e3o dispon\u00edveis nas cores<strong> Polar Black<\/strong> e <strong>Polar Gold<\/strong>, oferecendo op\u00e7\u00f5es elegantes para os consumidores.<\/p>\n\n\n\n<h2 class=\"wp-block-heading\"><strong>A presen\u00e7a da Honor no Brasil<\/strong><\/h2>\n\n\n\n<p>Al\u00e9m dos fones de ouvido, a Honor apresentou outros produtos no <strong>MWC 2025,<\/strong> como o notebook <strong>Honor MagicBook Pro 14<\/strong>, o rel\u00f3gio inteligente <strong>Watch 5 Ultra <\/strong>e o tablet<strong> Pad V9.<\/strong> Estes lan\u00e7amentos fazem parte da estrat\u00e9gia <strong>Alpha Plan<\/strong>, que visa integrar intelig\u00eancia artificial em diversos produtos da marca.<\/p>\n\n\n\n<p>Em janeiro de <strong>2025<\/strong>, a Honor anunciou sua estreia oficial no <strong>Brasil<\/strong>, com a comercializa\u00e7\u00e3o de produtos atrav\u00e9s da<strong> DL Eletr\u00f4nicos<\/strong>, representante da <strong>Xiaomi <\/strong>no pa\u00eds. A marca j\u00e1 est\u00e1 presente em grandes varejistas, oferecendo smartwatches, notebooks, tablets e celulares para o mercado brasileiro.<\/p>\n","protected":false},"excerpt":{"rendered":"<p>A Honor, renomada fabricante de eletr\u00f4nicos, apresentou recentemente os novos fones de ouvido Honor Earbuds Open durante o Mobile World Congress (MWC) 2025, em Barcelona. Estes dispositivos destacam-se por integrar\u00a0intelig\u00eancia artificial\u00a0para tradu\u00e7\u00e3o simult\u00e2nea, oferecendo uma solu\u00e7\u00e3o inovadora para comunica\u00e7\u00e3o em diferentes idiomas. Este recurso \u00e9 especialmente \u00fatil para viajantes e profissionais que precisam interagir com [&hellip;]<\/p>\n","protected":false},"author":8,"featured_media":10161,"comment_status":"open","ping_status":"open","sticky":false,"template":"","format":"standard","meta":{"_yoast_wpseo_focuskw":"Honor","_yoast_wpseo_title":"","_yoast_wpseo_metadesc":"Honor lan\u00e7a fones de ouvido com tecnologia de IA para tradu\u00e7\u00e3o em tempo real, facilitando a comunica\u00e7\u00e3o em diversos idiomas.","jnews-multi-image_gallery":[],"jnews_single_post":{"format":"standard"},"jnews_primary_category":[],"jnews_social_meta":[],"jnews_override_counter":[],"footnotes":""},"categories":[115],"tags":[1635,1091,210],"class_list":["post-10119","post","type-post","status-publish","format-standard","has-post-thumbnail","hentry","category-tecnologia","tag-fones-de-ouvido","tag-honor","tag-inteligencia-artificial"],"yoast_head":"<!-- This site is optimized with the Yoast SEO plugin v24.6 - https:\/\/yoast.com\/wordpress\/plugins\/seo\/ -->\n<title>Honor lan\u00e7a fones de ouvido que fazem tradu\u00e7\u00e3o com uso de IA - Correio Braziliense - Radar<\/title>\n<meta name=\"description\" content=\"Honor lan\u00e7a fones de ouvido com tecnologia de IA para tradu\u00e7\u00e3o em tempo real, facilitando a comunica\u00e7\u00e3o em diversos idiomas.\" \/>\n<meta name=\"robots\" content=\"index, follow, max-snippet:-1, max-image-preview:large, max-video-preview:-1\" \/>\n<link rel=\"canonical\" href=\"https:\/\/www.correiobraziliense.com.br\/cbradar\/honor-lanca-fones-de-ouvido-que-fazem-traducao-com-uso-de-ia\/\" \/>\n<meta property=\"og:locale\" content=\"pt_BR\" \/>\n<meta property=\"og:type\" content=\"article\" \/>\n<meta property=\"og:title\" content=\"Honor lan\u00e7a fones de ouvido que fazem tradu\u00e7\u00e3o com uso de IA - Correio Braziliense - Radar\" \/>\n<meta property=\"og:description\" content=\"Honor lan\u00e7a fones de ouvido com tecnologia de IA para tradu\u00e7\u00e3o em tempo real, facilitando a comunica\u00e7\u00e3o em diversos idiomas.\" \/>\n<meta property=\"og:url\" content=\"https:\/\/www.correiobraziliense.com.br\/cbradar\/honor-lanca-fones-de-ouvido-que-fazem-traducao-com-uso-de-ia\/\" \/>\n<meta property=\"og:site_name\" content=\"Correio Braziliense - Radar\" \/>\n<meta property=\"article:published_time\" content=\"2025-03-10T21:50:00+00:00\" \/>\n<meta property=\"og:image\" content=\"https:\/\/www.correiobraziliense.com.br\/cbradar\/wp-content\/uploads\/2025\/03\/62122d-3.png\" \/>\n\t<meta property=\"og:image:width\" content=\"1280\" \/>\n\t<meta property=\"og:image:height\" content=\"720\" \/>\n\t<meta property=\"og:image:type\" content=\"image\/png\" \/>\n<meta name=\"author\" content=\"Maura Pereira\" \/>\n<meta name=\"twitter:card\" content=\"summary_large_image\" \/>\n<meta name=\"twitter:label1\" content=\"Escrito por\" \/>\n\t<meta name=\"twitter:data1\" content=\"Maura Pereira\" \/>\n\t<meta name=\"twitter:label2\" content=\"Est. tempo de leitura\" \/>\n\t<meta name=\"twitter:data2\" content=\"3 minutos\" \/>\n<!-- \/ Yoast SEO plugin. -->","yoast_head_json":{"title":"Honor lan\u00e7a fones de ouvido que fazem tradu\u00e7\u00e3o com uso de IA - Correio Braziliense - Radar","description":"Honor lan\u00e7a fones de ouvido com tecnologia de IA para tradu\u00e7\u00e3o em tempo real, facilitando a comunica\u00e7\u00e3o em diversos idiomas.","robots":{"index":"index","follow":"follow","max-snippet":"max-snippet:-1","max-image-preview":"max-image-preview:large","max-video-preview":"max-video-preview:-1"},"canonical":"https:\/\/www.correiobraziliense.com.br\/cbradar\/honor-lanca-fones-de-ouvido-que-fazem-traducao-com-uso-de-ia\/","og_locale":"pt_BR","og_type":"article","og_title":"Honor lan\u00e7a fones de ouvido que fazem tradu\u00e7\u00e3o com uso de IA - Correio Braziliense - Radar","og_description":"Honor lan\u00e7a fones de ouvido com tecnologia de IA para tradu\u00e7\u00e3o em tempo real, facilitando a comunica\u00e7\u00e3o em diversos idiomas.","og_url":"https:\/\/www.correiobraziliense.com.br\/cbradar\/honor-lanca-fones-de-ouvido-que-fazem-traducao-com-uso-de-ia\/","og_site_name":"Correio Braziliense - Radar","article_published_time":"2025-03-10T21:50:00+00:00","og_image":[{"width":1280,"height":720,"url":"https:\/\/www.correiobraziliense.com.br\/cbradar\/wp-content\/uploads\/2025\/03\/62122d-3.png","type":"image\/png"}],"author":"Maura Pereira","twitter_card":"summary_large_image","twitter_misc":{"Escrito por":"Maura Pereira","Est. tempo de leitura":"3 minutos"},"schema":{"@context":"https:\/\/schema.org","@graph":[{"@type":"WebPage","@id":"https:\/\/www.correiobraziliense.com.br\/cbradar\/honor-lanca-fones-de-ouvido-que-fazem-traducao-com-uso-de-ia\/","url":"https:\/\/www.correiobraziliense.com.br\/cbradar\/honor-lanca-fones-de-ouvido-que-fazem-traducao-com-uso-de-ia\/","name":"Honor lan\u00e7a fones de ouvido que fazem tradu\u00e7\u00e3o com uso de IA - Correio Braziliense - Radar","isPartOf":{"@id":"https:\/\/www.correiobraziliense.com.br\/cbradar\/#website"},"primaryImageOfPage":{"@id":"https:\/\/www.correiobraziliense.com.br\/cbradar\/honor-lanca-fones-de-ouvido-que-fazem-traducao-com-uso-de-ia\/#primaryimage"},"image":{"@id":"https:\/\/www.correiobraziliense.com.br\/cbradar\/honor-lanca-fones-de-ouvido-que-fazem-traducao-com-uso-de-ia\/#primaryimage"},"thumbnailUrl":"https:\/\/www.correiobraziliense.com.br\/cbradar\/wp-content\/uploads\/2025\/03\/62122d-3.png","datePublished":"2025-03-10T21:50:00+00:00","author":{"@id":"https:\/\/www.correiobraziliense.com.br\/cbradar\/#\/schema\/person\/4053c651a9bfc785afc6f4cbc9032fd3"},"description":"Honor lan\u00e7a fones de ouvido com tecnologia de IA para tradu\u00e7\u00e3o em tempo real, facilitando a comunica\u00e7\u00e3o em diversos idiomas.","breadcrumb":{"@id":"https:\/\/www.correiobraziliense.com.br\/cbradar\/honor-lanca-fones-de-ouvido-que-fazem-traducao-com-uso-de-ia\/#breadcrumb"},"inLanguage":"pt-BR","potentialAction":[{"@type":"ReadAction","target":["https:\/\/www.correiobraziliense.com.br\/cbradar\/honor-lanca-fones-de-ouvido-que-fazem-traducao-com-uso-de-ia\/"]}]},{"@type":"ImageObject","inLanguage":"pt-BR","@id":"https:\/\/www.correiobraziliense.com.br\/cbradar\/honor-lanca-fones-de-ouvido-que-fazem-traducao-com-uso-de-ia\/#primaryimage","url":"https:\/\/www.correiobraziliense.com.br\/cbradar\/wp-content\/uploads\/2025\/03\/62122d-3.png","contentUrl":"https:\/\/www.correiobraziliense.com.br\/cbradar\/wp-content\/uploads\/2025\/03\/62122d-3.png","width":1280,"height":720,"caption":"Honor Earbuds Open \/\/ Reprodu\u00e7\u00e3o: Honor (Foto\/Divulga\u00e7\u00e3o)"},{"@type":"BreadcrumbList","@id":"https:\/\/www.correiobraziliense.com.br\/cbradar\/honor-lanca-fones-de-ouvido-que-fazem-traducao-com-uso-de-ia\/#breadcrumb","itemListElement":[{"@type":"ListItem","position":1,"name":"In\u00edcio","item":"https:\/\/www.correiobraziliense.com.br\/cbradar\/"},{"@type":"ListItem","position":2,"name":"Honor lan\u00e7a fones de ouvido que fazem tradu\u00e7\u00e3o com uso de IA"}]},{"@type":"WebSite","@id":"https:\/\/www.correiobraziliense.com.br\/cbradar\/#website","url":"https:\/\/www.correiobraziliense.com.br\/cbradar\/","name":"Correio Braziliense - Radar","description":"Acompanhe as \u00faltimas not\u00edcias e fique bem informado sobre tudo o que acontece no Brasil e no mundo.","potentialAction":[{"@type":"SearchAction","target":{"@type":"EntryPoint","urlTemplate":"https:\/\/www.correiobraziliense.com.br\/cbradar\/?s={search_term_string}"},"query-input":{"@type":"PropertyValueSpecification","valueRequired":true,"valueName":"search_term_string"}}],"inLanguage":"pt-BR"},{"@type":"Person","@id":"https:\/\/www.correiobraziliense.com.br\/cbradar\/#\/schema\/person\/4053c651a9bfc785afc6f4cbc9032fd3","name":"Maura Pereira","image":{"@type":"ImageObject","inLanguage":"pt-BR","@id":"https:\/\/www.correiobraziliense.com.br\/cbradar\/#\/schema\/person\/image\/","url":"https:\/\/secure.gravatar.com\/avatar\/3effd6bdadfa447f15089c7f7144eaa6?s=96&d=mm&r=g","contentUrl":"https:\/\/secure.gravatar.com\/avatar\/3effd6bdadfa447f15089c7f7144eaa6?s=96&d=mm&r=g","caption":"Maura Pereira"},"sameAs":["https:\/\/www.correiobraziliense.com.br\/"],"url":"https:\/\/www.correiobraziliense.com.br\/cbradar\/author\/mauramyth\/"}]}},"_links":{"self":[{"href":"https:\/\/www.correiobraziliense.com.br\/cbradar\/wp-json\/wp\/v2\/posts\/10119","targetHints":{"allow":["GET"]}}],"collection":[{"href":"https:\/\/www.correiobraziliense.com.br\/cbradar\/wp-json\/wp\/v2\/posts"}],"about":[{"href":"https:\/\/www.correiobraziliense.com.br\/cbradar\/wp-json\/wp\/v2\/types\/post"}],"author":[{"embeddable":true,"href":"https:\/\/www.correiobraziliense.com.br\/cbradar\/wp-json\/wp\/v2\/users\/8"}],"replies":[{"embeddable":true,"href":"https:\/\/www.correiobraziliense.com.br\/cbradar\/wp-json\/wp\/v2\/comments?post=10119"}],"version-history":[{"count":6,"href":"https:\/\/www.correiobraziliense.com.br\/cbradar\/wp-json\/wp\/v2\/posts\/10119\/revisions"}],"predecessor-version":[{"id":10164,"href":"https:\/\/www.correiobraziliense.com.br\/cbradar\/wp-json\/wp\/v2\/posts\/10119\/revisions\/10164"}],"wp:featuredmedia":[{"embeddable":true,"href":"https:\/\/www.correiobraziliense.com.br\/cbradar\/wp-json\/wp\/v2\/media\/10161"}],"wp:attachment":[{"href":"https:\/\/www.correiobraziliense.com.br\/cbradar\/wp-json\/wp\/v2\/media?parent=10119"}],"wp:term":[{"taxonomy":"category","embeddable":true,"href":"https:\/\/www.correiobraziliense.com.br\/cbradar\/wp-json\/wp\/v2\/categories?post=10119"},{"taxonomy":"post_tag","embeddable":true,"href":"https:\/\/www.correiobraziliense.com.br\/cbradar\/wp-json\/wp\/v2\/tags?post=10119"}],"curies":[{"name":"wp","href":"https:\/\/api.w.org\/{rel}","templated":true}]}}