{"id":101671,"date":"2025-09-13T20:43:00","date_gmt":"2025-09-13T23:43:00","guid":{"rendered":"https:\/\/www.correiobraziliense.com.br\/cbradar\/?p=101671"},"modified":"2025-09-10T12:48:40","modified_gmt":"2025-09-10T15:48:40","slug":"a-falta-de-sono-pode-estar-afetando-sua-fome-sem-voce-perceber","status":"publish","type":"post","link":"https:\/\/www.correiobraziliense.com.br\/cbradar\/a-falta-de-sono-pode-estar-afetando-sua-fome-sem-voce-perceber\/","title":{"rendered":"A falta de sono pode estar afetando sua fome sem voc\u00ea perceber"},"content":{"rendered":"\n<p>A conex\u00e3o entre uma boa noite de sono e a manuten\u00e7\u00e3o de um peso saud\u00e1vel \u00e9 muito mais profunda do que simplesmente ter energia para se exercitar. \u00c9 crucial e inegoci\u00e1vel afirmar desde o in\u00edcio: <strong>a priva\u00e7\u00e3o cr\u00f4nica de sono e o ganho de peso associado s\u00e3o quest\u00f5es de sa\u00fade que exigem uma avalia\u00e7\u00e3o m\u00e9dica profissional.<\/strong> A ci\u00eancia tem demonstrado de forma conclusiva que a falta de sono reparador causa uma desordem hormonal que impacta diretamente nosso apetite e nossas escolhas alimentares.<\/p>\n\n\n\n<p>Este artigo ir\u00e1 explorar, de forma segura e baseada em evid\u00eancias, o que acontece com os horm\u00f4nios da fome quando n\u00e3o dormimos o suficiente e por que a qualidade do sono \u00e9 um pilar n\u00e3o negoci\u00e1vel para a sa\u00fade metab\u00f3lica.<\/p>\n\n\n\n<h2 class=\"wp-block-heading\">Qual a dupla de horm\u00f4nios que comanda o nosso apetite?<\/h2>\n\n\n<div class=\"wp-block-image\">\n<figure class=\"aligncenter size-large\"><img decoding=\"async\" width=\"1024\" height=\"576\" src=\"https:\/\/www.correiobraziliense.com.br\/cbradar\/wp-content\/uploads\/2025\/07\/comer_1753886012275-1024x576.jpg\" alt=\"A falta de sono pode estar afetando sua fome sem voc\u00ea perceber\" class=\"wp-image-77961\" srcset=\"https:\/\/www.correiobraziliense.com.br\/cbradar\/wp-content\/uploads\/2025\/07\/comer_1753886012275-1024x576.jpg 1024w, https:\/\/www.correiobraziliense.com.br\/cbradar\/wp-content\/uploads\/2025\/07\/comer_1753886012275-300x169.jpg 300w, https:\/\/www.correiobraziliense.com.br\/cbradar\/wp-content\/uploads\/2025\/07\/comer_1753886012275-768x432.jpg 768w, https:\/\/www.correiobraziliense.com.br\/cbradar\/wp-content\/uploads\/2025\/07\/comer_1753886012275-750x422.jpg 750w, https:\/\/www.correiobraziliense.com.br\/cbradar\/wp-content\/uploads\/2025\/07\/comer_1753886012275-1140x641.jpg 1140w, https:\/\/www.correiobraziliense.com.br\/cbradar\/wp-content\/uploads\/2025\/07\/comer_1753886012275.jpg 1280w\" sizes=\"(max-width: 1024px) 100vw, 1024px\" \/><figcaption class=\"wp-element-caption\">Uma mulher comendo em frente ao computador &#8211; Cr\u00e9ditos: depositphotos.com \/ diego_cervo<\/figcaption><\/figure><\/div>\n\n\n<p>O nosso apetite \u00e9 regulado por um balan\u00e7o delicado entre dois horm\u00f4nios principais que funcionam em oposi\u00e7\u00e3o, como uma gangorra: a grelina e a leptina.<\/p>\n\n\n\n<ul class=\"wp-block-list\">\n<li><strong>Grelina:<\/strong> Conhecida como o &#8220;horm\u00f4nio da fome&#8221;, \u00e9 produzida principalmente no est\u00f4mago. Seus n\u00edveis aumentam quando o est\u00f4mago est\u00e1 vazio, enviando um sinal poderoso ao c\u00e9rebro de que \u00e9 hora de comer.<\/li>\n\n\n\n<li><strong>Leptina:<\/strong> Conhecida como o &#8220;horm\u00f4nio da saciedade&#8221;, \u00e9 produzida pelas nossas c\u00e9lulas de gordura. Seus n\u00edveis aumentam quando estamos alimentados e com as reservas de energia cheias, enviando um sinal ao c\u00e9rebro de que estamos satisfeitos e podemos parar de comer.<\/li>\n<\/ul>\n\n\n\n<p>Em um corpo bem descansado, esses dois horm\u00f4nios trabalham em harmonia para manter o balan\u00e7o energ\u00e9tico.<\/p>\n\n\n\n<h2 class=\"wp-block-heading\">Como a priva\u00e7\u00e3o de sono quebra o equil\u00edbrio hormonal?<\/h2>\n\n\n<div class=\"wp-block-image\">\n<figure class=\"aligncenter size-large\"><img decoding=\"async\" width=\"1024\" height=\"576\" src=\"https:\/\/www.correiobraziliense.com.br\/cbradar\/wp-content\/uploads\/2025\/03\/dORMIR_1741920780054-1024x576.jpg\" alt=\"A falta de sono pode estar afetando sua fome sem voc\u00ea perceber\" class=\"wp-image-12417\" srcset=\"https:\/\/www.correiobraziliense.com.br\/cbradar\/wp-content\/uploads\/2025\/03\/dORMIR_1741920780054-1024x576.jpg 1024w, https:\/\/www.correiobraziliense.com.br\/cbradar\/wp-content\/uploads\/2025\/03\/dORMIR_1741920780054-300x169.jpg 300w, https:\/\/www.correiobraziliense.com.br\/cbradar\/wp-content\/uploads\/2025\/03\/dORMIR_1741920780054-768x432.jpg 768w, https:\/\/www.correiobraziliense.com.br\/cbradar\/wp-content\/uploads\/2025\/03\/dORMIR_1741920780054-750x422.jpg 750w, https:\/\/www.correiobraziliense.com.br\/cbradar\/wp-content\/uploads\/2025\/03\/dORMIR_1741920780054-1140x641.jpg 1140w, https:\/\/www.correiobraziliense.com.br\/cbradar\/wp-content\/uploads\/2025\/03\/dORMIR_1741920780054.jpg 1280w\" sizes=\"(max-width: 1024px) 100vw, 1024px\" \/><figcaption class=\"wp-element-caption\">Homem na cama &#8211; Cr\u00e9ditos: depositphotos.com \/ focuspocusltd<\/figcaption><\/figure><\/div>\n\n\n<p>A falta de sono causa um curto-circuito nesse sistema regulat\u00f3rio. In\u00fameros estudos, incluindo pesquisas de refer\u00eancia destacadas pelo <strong><a target=\"_blank\" rel=\"noreferrer noopener\" href=\"https:\/\/www.nhlbi.nih.gov\/health\/sleep-deprivation\/health-effects\">National Institutes of Health (NIH)<\/a><\/strong>, demonstraram de forma consistente que a priva\u00e7\u00e3o de sono provoca um desequil\u00edbrio hormonal duplo e prejudicial:<\/p>\n\n\n\n<ol start=\"1\" class=\"wp-block-list\">\n<li><strong>Aumento da Grelina:<\/strong> O corpo aumenta a produ\u00e7\u00e3o do horm\u00f4nio da fome.<\/li>\n\n\n\n<li><strong>Diminui\u00e7\u00e3o da Leptina:<\/strong> O corpo reduz a produ\u00e7\u00e3o do horm\u00f4nio da saciedade.<\/li>\n<\/ol>\n\n\n\n<p>O resultado dessa desregula\u00e7\u00e3o \u00e9 um &#8220;cen\u00e1rio metab\u00f3lico perfeito&#8221; para o ganho de peso: o c\u00e9rebro recebe um sinal mais forte para comer e, ao mesmo tempo, um sinal mais fraco de que est\u00e1 satisfeito. Isso leva a uma fome mais intensa e a uma dificuldade muito maior de se sentir saciado, mesmo ap\u00f3s uma refei\u00e7\u00e3o de tamanho normal.<\/p>\n\n\n\n<p>Leia tamb\u00e9m: <a href=\"https:\/\/www.correiobraziliense.com.br\/cbradar\/o-que-esse-suplemento-pode-fazer-com-seus-ossos\" target=\"_blank\" rel=\"noreferrer noopener\">O que esse suplemento pode fazer com seus ossos?<\/a><\/p>\n\n\n\n<h2 class=\"wp-block-heading\">O impacto da falta de sono vai al\u00e9m da fome e afeta o desejo por alimentos espec\u00edficos?<\/h2>\n\n\n\n<p>Sim. O efeito da priva\u00e7\u00e3o de sono n\u00e3o se limita aos horm\u00f4nios do apetite, mas tamb\u00e9m afeta diretamente as \u00e1reas de tomada de decis\u00e3o e de recompensa do c\u00e9rebro. A falta de sono prejudica a fun\u00e7\u00e3o do <strong>c\u00f3rtex pr\u00e9-frontal<\/strong>, a regi\u00e3o respons\u00e1vel pelo autocontrole, pelo planejamento e pelas escolhas racionais.<\/p>\n\n\n\n<p>Ao mesmo tempo, ela aumenta a reatividade da <strong>am\u00edgdala<\/strong>, o centro de recompensa do c\u00e9rebro. Essa combina\u00e7\u00e3o \u00e9 perigosa: a capacidade de resistir a impulsos diminui, enquanto o desejo por alimentos altamente palat\u00e1veis \u2014 ricos em a\u00e7\u00facar, gordura e sal \u2014 aumenta drasticamente. \u00c9 por isso que, ap\u00f3s uma noite mal dormida, a tend\u00eancia \u00e9 buscar &#8220;comfort food&#8221; e alimentos de alta densidade cal\u00f3rica, o que contribui ainda mais para o super\u00e1vit cal\u00f3rico.<\/p>\n\n\n\n<p>Leia tamb\u00e9m: <a href=\"https:\/\/www.correiobraziliense.com.br\/cbradar\/como-fortalecer-a-imunidade-durante-mudancas-de-estacao\" target=\"_blank\" rel=\"noreferrer noopener\">Como fortalecer a imunidade durante mudan\u00e7as de esta\u00e7\u00e3o?<\/a><\/p>\n\n\n\n<h2 class=\"wp-block-heading\">Apenas dormir mais pode ser uma estrat\u00e9gia para o controle de peso?<\/h2>\n\n\n\n<p>Embora n\u00e3o seja uma solu\u00e7\u00e3o m\u00e1gica, priorizar o sono \u00e9 uma das estrat\u00e9gias mais fundamentais e eficazes para apoiar a sa\u00fade metab\u00f3lica e o controle de peso. Um sono de qualidade e com dura\u00e7\u00e3o adequada (de 7 a 9 horas para a maioria dos adultos, segundo o <strong><a href=\"https:\/\/www.cdc.gov\/sleep\/about\/?CDC_AAref_Val=https:\/\/www.cdc.gov\/sleep\/about_sleep\/how_much_sleep.html\" target=\"_blank\" rel=\"noreferrer noopener\">Centers for Disease Control and Prevention (CDC)<\/a><\/strong>) ajuda a:<\/p>\n\n\n\n<ul class=\"wp-block-list\">\n<li>Restaurar o equil\u00edbrio natural entre a grelina e a leptina.<\/li>\n\n\n\n<li>Melhorar a sensibilidade \u00e0 insulina, reduzindo o risco de diabetes tipo 2.<\/li>\n\n\n\n<li>Fortalecer o c\u00f3rtex pr\u00e9-frontal, melhorando o autocontrole alimentar.<\/li>\n\n\n\n<li>Reduzir os n\u00edveis de cortisol, o horm\u00f4nio do estresse, que est\u00e1 associado ao ac\u00famulo de gordura abdominal.<\/li>\n<\/ul>\n\n\n\n<h2 class=\"wp-block-heading\">Quando a dificuldade para dormir exige uma avalia\u00e7\u00e3o profissional?<\/h2>\n\n\n\n<p>A priva\u00e7\u00e3o de sono n\u00e3o \u00e9 apenas uma quest\u00e3o de for\u00e7a de vontade. Se voc\u00ea tem dificuldades cr\u00f4nicas para adormecer, acorda frequentemente ou n\u00e3o se sente descansado mesmo ap\u00f3s uma noite completa de sono, isso pode ser um sinal de um dist\u00farbio do sono subjacente, como a ins\u00f4nia ou a apneia do sono.<\/p>\n\n\n\n<p>Essas s\u00e3o condi\u00e7\u00f5es m\u00e9dicas que exigem tratamento. A consulta com um <strong>m\u00e9dico<\/strong> ou um <strong>especialista em sono<\/strong> \u00e9 indispens\u00e1vel para um diagn\u00f3stico correto. Com base nisso, um <strong>nutricionista<\/strong> pode auxiliar na cria\u00e7\u00e3o de um plano alimentar que apoie tanto a regula\u00e7\u00e3o hormonal quanto a qualidade do seu sono.<\/p>\n","protected":false},"excerpt":{"rendered":"<p>A conex\u00e3o entre uma boa noite de sono e a manuten\u00e7\u00e3o de um peso saud\u00e1vel \u00e9 muito mais profunda do que simplesmente ter energia para se exercitar. \u00c9 crucial e inegoci\u00e1vel afirmar desde o in\u00edcio: a priva\u00e7\u00e3o cr\u00f4nica de sono e o ganho de peso associado s\u00e3o quest\u00f5es de sa\u00fade que exigem uma avalia\u00e7\u00e3o m\u00e9dica [&hellip;]<\/p>\n","protected":false},"author":11,"featured_media":70500,"comment_status":"open","ping_status":"open","sticky":false,"template":"","format":"standard","meta":{"_yoast_wpseo_focuskw":"sono","_yoast_wpseo_title":"","_yoast_wpseo_metadesc":"A falta de sono pode afetar a fome e influenciar h\u00e1bitos alimentares sem que voc\u00ea perceba, impactando a sa\u00fade geral.","jnews-multi-image_gallery":[],"jnews_single_post":{"format":"standard"},"jnews_primary_category":[],"jnews_social_meta":[],"jnews_override_counter":[],"footnotes":""},"categories":[119],"post_tag":[281,1318,1313],"class_list":["post-101671","post","type-post","status-publish","format-standard","has-post-thumbnail","hentry","category-bem-estar","tag-alimentacao","tag-saude-2","tag-sono"],"yoast_head":"<!-- This site is optimized with the Yoast SEO plugin v24.6 - https:\/\/yoast.com\/wordpress\/plugins\/seo\/ -->\n<title>A falta de sono pode estar afetando sua fome sem voc\u00ea perceber - Correio Braziliense - Radar<\/title>\n<meta name=\"description\" content=\"A falta de sono pode afetar a fome e influenciar h\u00e1bitos alimentares sem que voc\u00ea perceba, impactando a sa\u00fade geral.\" \/>\n<meta name=\"robots\" content=\"index, follow, max-snippet:-1, max-image-preview:large, max-video-preview:-1\" \/>\n<link rel=\"canonical\" href=\"https:\/\/www.correiobraziliense.com.br\/cbradar\/a-falta-de-sono-pode-estar-afetando-sua-fome-sem-voce-perceber\/\" \/>\n<meta property=\"og:locale\" content=\"pt_BR\" \/>\n<meta property=\"og:type\" content=\"article\" \/>\n<meta property=\"og:title\" content=\"A falta de sono pode estar afetando sua fome sem voc\u00ea perceber - Correio Braziliense - Radar\" \/>\n<meta property=\"og:description\" content=\"A falta de sono pode afetar a fome e influenciar h\u00e1bitos alimentares sem que voc\u00ea perceba, impactando a sa\u00fade geral.\" \/>\n<meta property=\"og:url\" content=\"https:\/\/www.correiobraziliense.com.br\/cbradar\/a-falta-de-sono-pode-estar-afetando-sua-fome-sem-voce-perceber\/\" \/>\n<meta property=\"og:site_name\" content=\"Correio Braziliense - Radar\" \/>\n<meta property=\"article:published_time\" content=\"2025-09-13T23:43:00+00:00\" \/>\n<meta property=\"og:image\" content=\"https:\/\/www.correiobraziliense.com.br\/cbradar\/wp-content\/uploads\/2025\/07\/dormir_1752596051636.jpg\" \/>\n\t<meta property=\"og:image:width\" content=\"1280\" \/>\n\t<meta property=\"og:image:height\" content=\"720\" \/>\n\t<meta property=\"og:image:type\" content=\"image\/jpeg\" \/>\n<meta name=\"author\" content=\"Paulo Custodio\" \/>\n<meta name=\"twitter:card\" content=\"summary_large_image\" \/>\n<meta name=\"twitter:label1\" content=\"Escrito por\" \/>\n\t<meta name=\"twitter:data1\" content=\"Paulo Custodio\" \/>\n\t<meta name=\"twitter:label2\" content=\"Est. tempo de leitura\" \/>\n\t<meta name=\"twitter:data2\" content=\"5 minutos\" \/>\n<!-- \/ Yoast SEO plugin. -->","yoast_head_json":{"title":"A falta de sono pode estar afetando sua fome sem voc\u00ea perceber - Correio Braziliense - Radar","description":"A falta de sono pode afetar a fome e influenciar h\u00e1bitos alimentares sem que voc\u00ea perceba, impactando a sa\u00fade geral.","robots":{"index":"index","follow":"follow","max-snippet":"max-snippet:-1","max-image-preview":"max-image-preview:large","max-video-preview":"max-video-preview:-1"},"canonical":"https:\/\/www.correiobraziliense.com.br\/cbradar\/a-falta-de-sono-pode-estar-afetando-sua-fome-sem-voce-perceber\/","og_locale":"pt_BR","og_type":"article","og_title":"A falta de sono pode estar afetando sua fome sem voc\u00ea perceber - Correio Braziliense - Radar","og_description":"A falta de sono pode afetar a fome e influenciar h\u00e1bitos alimentares sem que voc\u00ea perceba, impactando a sa\u00fade geral.","og_url":"https:\/\/www.correiobraziliense.com.br\/cbradar\/a-falta-de-sono-pode-estar-afetando-sua-fome-sem-voce-perceber\/","og_site_name":"Correio Braziliense - Radar","article_published_time":"2025-09-13T23:43:00+00:00","og_image":[{"width":1280,"height":720,"url":"https:\/\/www.correiobraziliense.com.br\/cbradar\/wp-content\/uploads\/2025\/07\/dormir_1752596051636.jpg","type":"image\/jpeg"}],"author":"Paulo Custodio","twitter_card":"summary_large_image","twitter_misc":{"Escrito por":"Paulo Custodio","Est. tempo de leitura":"5 minutos"},"schema":{"@context":"https:\/\/schema.org","@graph":[{"@type":"WebPage","@id":"https:\/\/www.correiobraziliense.com.br\/cbradar\/a-falta-de-sono-pode-estar-afetando-sua-fome-sem-voce-perceber\/","url":"https:\/\/www.correiobraziliense.com.br\/cbradar\/a-falta-de-sono-pode-estar-afetando-sua-fome-sem-voce-perceber\/","name":"A falta de sono pode estar afetando sua fome sem voc\u00ea perceber - Correio Braziliense - Radar","isPartOf":{"@id":"https:\/\/www.correiobraziliense.com.br\/cbradar\/#website"},"primaryImageOfPage":{"@id":"https:\/\/www.correiobraziliense.com.br\/cbradar\/a-falta-de-sono-pode-estar-afetando-sua-fome-sem-voce-perceber\/#primaryimage"},"image":{"@id":"https:\/\/www.correiobraziliense.com.br\/cbradar\/a-falta-de-sono-pode-estar-afetando-sua-fome-sem-voce-perceber\/#primaryimage"},"thumbnailUrl":"https:\/\/www.correiobraziliense.com.br\/cbradar\/wp-content\/uploads\/2025\/07\/dormir_1752596051636.jpg","datePublished":"2025-09-13T23:43:00+00:00","author":{"@id":"https:\/\/www.correiobraziliense.com.br\/cbradar\/#\/schema\/person\/4cec7857301a9a1a2ef249893cd908d3"},"description":"A falta de sono pode afetar a fome e influenciar h\u00e1bitos alimentares sem que voc\u00ea perceba, impactando a sa\u00fade geral.","breadcrumb":{"@id":"https:\/\/www.correiobraziliense.com.br\/cbradar\/a-falta-de-sono-pode-estar-afetando-sua-fome-sem-voce-perceber\/#breadcrumb"},"inLanguage":"pt-BR","potentialAction":[{"@type":"ReadAction","target":["https:\/\/www.correiobraziliense.com.br\/cbradar\/a-falta-de-sono-pode-estar-afetando-sua-fome-sem-voce-perceber\/"]}]},{"@type":"ImageObject","inLanguage":"pt-BR","@id":"https:\/\/www.correiobraziliense.com.br\/cbradar\/a-falta-de-sono-pode-estar-afetando-sua-fome-sem-voce-perceber\/#primaryimage","url":"https:\/\/www.correiobraziliense.com.br\/cbradar\/wp-content\/uploads\/2025\/07\/dormir_1752596051636.jpg","contentUrl":"https:\/\/www.correiobraziliense.com.br\/cbradar\/wp-content\/uploads\/2025\/07\/dormir_1752596051636.jpg","width":1280,"height":720,"caption":"Homem tentando dormir - Cr\u00e9ditos: depositphotos.com \/ Milkos"},{"@type":"BreadcrumbList","@id":"https:\/\/www.correiobraziliense.com.br\/cbradar\/a-falta-de-sono-pode-estar-afetando-sua-fome-sem-voce-perceber\/#breadcrumb","itemListElement":[{"@type":"ListItem","position":1,"name":"In\u00edcio","item":"https:\/\/www.correiobraziliense.com.br\/cbradar\/"},{"@type":"ListItem","position":2,"name":"A falta de sono pode estar afetando sua fome sem voc\u00ea perceber"}]},{"@type":"WebSite","@id":"https:\/\/www.correiobraziliense.com.br\/cbradar\/#website","url":"https:\/\/www.correiobraziliense.com.br\/cbradar\/","name":"Correio Braziliense - Radar","description":"Acompanhe as \u00faltimas not\u00edcias e fique bem informado sobre tudo o que acontece no Brasil e no mundo.","potentialAction":[{"@type":"SearchAction","target":{"@type":"EntryPoint","urlTemplate":"https:\/\/www.correiobraziliense.com.br\/cbradar\/?s={search_term_string}"},"query-input":{"@type":"PropertyValueSpecification","valueRequired":true,"valueName":"search_term_string"}}],"inLanguage":"pt-BR"},{"@type":"Person","@id":"https:\/\/www.correiobraziliense.com.br\/cbradar\/#\/schema\/person\/4cec7857301a9a1a2ef249893cd908d3","name":"Paulo Custodio","image":{"@type":"ImageObject","inLanguage":"pt-BR","@id":"https:\/\/www.correiobraziliense.com.br\/cbradar\/#\/schema\/person\/image\/","url":"https:\/\/secure.gravatar.com\/avatar\/bcd67168d1534e8fcf4f45c726a87cea?s=96&d=mm&r=g","contentUrl":"https:\/\/secure.gravatar.com\/avatar\/bcd67168d1534e8fcf4f45c726a87cea?s=96&d=mm&r=g","caption":"Paulo Custodio"},"sameAs":["https:\/\/www.correiobraziliense.com.br\/cbradar"],"url":"https:\/\/www.correiobraziliense.com.br\/cbradar\/author\/paulomyth\/"}]}},"_links":{"self":[{"href":"https:\/\/www.correiobraziliense.com.br\/cbradar\/wp-json\/wp\/v2\/posts\/101671","targetHints":{"allow":["GET"]}}],"collection":[{"href":"https:\/\/www.correiobraziliense.com.br\/cbradar\/wp-json\/wp\/v2\/posts"}],"about":[{"href":"https:\/\/www.correiobraziliense.com.br\/cbradar\/wp-json\/wp\/v2\/types\/post"}],"author":[{"embeddable":true,"href":"https:\/\/www.correiobraziliense.com.br\/cbradar\/wp-json\/wp\/v2\/users\/11"}],"replies":[{"embeddable":true,"href":"https:\/\/www.correiobraziliense.com.br\/cbradar\/wp-json\/wp\/v2\/comments?post=101671"}],"version-history":[{"count":1,"href":"https:\/\/www.correiobraziliense.com.br\/cbradar\/wp-json\/wp\/v2\/posts\/101671\/revisions"}],"predecessor-version":[{"id":101672,"href":"https:\/\/www.correiobraziliense.com.br\/cbradar\/wp-json\/wp\/v2\/posts\/101671\/revisions\/101672"}],"wp:featuredmedia":[{"embeddable":true,"href":"https:\/\/www.correiobraziliense.com.br\/cbradar\/wp-json\/wp\/v2\/media\/70500"}],"wp:attachment":[{"href":"https:\/\/www.correiobraziliense.com.br\/cbradar\/wp-json\/wp\/v2\/media?parent=101671"}],"wp:term":[{"taxonomy":"category","embeddable":true,"href":"https:\/\/www.correiobraziliense.com.br\/cbradar\/wp-json\/wp\/v2\/categories?post=101671"},{"taxonomy":"post_tag","embeddable":true,"href":"https:\/\/www.correiobraziliense.com.br\/cbradar\/wp-json\/wp\/v2\/post_tag?post=101671"}],"curies":[{"name":"wp","href":"https:\/\/api.w.org\/{rel}","templated":true}]}}